{"id":314016,"date":"2020-08-28T15:42:27","date_gmt":"2020-08-28T14:42:27","guid":{"rendered":"http:\/\/kapitalis.com\/tunisie\/?p=314016"},"modified":"2020-08-28T15:42:36","modified_gmt":"2020-08-28T14:42:36","slug":"connectunisia-role-de-la-diaspora-dans-la-relance-de-leconomie-tunisienne","status":"publish","type":"post","link":"https:\/\/kapitalis.com\/tunisie\/2020\/08\/28\/connectunisia-role-de-la-diaspora-dans-la-relance-de-leconomie-tunisienne\/","title":{"rendered":"ConnecTunisia : R\u00f4le de la diaspora dans la relance de l\u2019\u00e9conomie tunisienne"},"content":{"rendered":"\n<figure class=\"wp-block-image size-large\"><img decoding=\"async\" src=\"http:\/\/kapitalis.com\/tunisie\/wp-content\/uploads\/2020\/08\/ConnecTunisia-1.jpg\" alt=\"\" class=\"wp-image-314017\"\/><\/figure>\n\n\n\n<p><strong><em>\u00abDiaspora talk #2\u00a0: L\u2019impact de la Covid-19 sur l\u2019\u00e9conomie tunisienne et le r\u00f4le que jouera la diaspora durant cette p\u00e9riode critique\u00bb, est une conf\u00e9rence virtuelle organis\u00e9e le mercredi 26 ao\u00fbt 2020 par TCE Enterprise, jeune entreprise innovante en entrepreneuriat et en leadership, dans le cadre de son projet ConnecTunisia, mouvement visant la mobilisation et l\u2019engagement des professionnels tunisiens r\u00e9sidents \u00e0 l\u2019\u00e9tranger.<\/em><\/strong><\/p>\n\n\n\n<!--more-->\n\n\n\n<p>Le webinaire a r\u00e9uni des experts-pan\u00e9listes pour \u00e9valuer la situation \u00e9conomique en Tunisie en p\u00e9riode post-Covid-19 et proposer les mesures ad\u00e9quates favorisant la participation de la diaspora tunisienne au d\u00e9veloppement de la communaut\u00e9 locale.<\/p>\n\n\n\n<p>L\u2019analyse de l\u2019\u00e9tat des lieux de la situation \u00e9conomique de la Tunisie en post-Covid-19 pr\u00e9sente une situation aust\u00e8rement critique \u00e0 cause d\u2019une instabilit\u00e9 politique et d\u2019un terrain \u00e9conomiquement fragile m\u00eame avant la pand\u00e9mie. Il n\u2019est pas alors surprenant que les cons\u00e9quences redoutables de la crise soient aggrav\u00e9es par les mesures infructueuses de l\u2019\u00c9tat. \u00ab<em>On est en train de prendre des mesures qui ont un impact \u00e0 moyen terme pour un probl\u00e8me qui est urgent \u00e0 court terme<\/em>\u00bb, a affirm\u00e9 Eymen Erraies, expert en \u00e9conomie.<\/p>\n\n\n\n<p>La situation \u00e9conomique alarmante face \u00e0 la Covid-19 impose effectivement la r\u00e9vision des priorit\u00e9s sectorielles, surtout avec la baisse du taux des investissements \u00e9trangers. Tous les indicateurs macro\u00e9conomiques indiquent que seulement 60% des investissements annonc\u00e9s en 2019 seront concr\u00e9tis\u00e9s et qu\u2019une baisse d\u2019environ 14,2% des flux des investissements est enregistr\u00e9e pour le premier semestre 2020 compar\u00e9 \u00e0 celui de 2019.<\/p>\n\n\n\n<p>Abdelbasset Ghanmi, directeur g\u00e9n\u00e9ral de Fipa Tunisia, a soulign\u00e9, dans ce cadre, que m\u00eame si la r\u00e9gression des investissements directs \u00e9trangers continue \u00e0 peser lourd sur l\u2019\u00e9conomie tunisienne en ce premier semestre de l\u2019ann\u00e9e 2020, cette derni\u00e8re pr\u00e9sentait des signes positives avec la r\u00e9alisation de 353 op\u00e9rations d\u2019investissement permettant la cr\u00e9ation de 4.569 nouveaux postes d\u2019emplois.<\/p>\n\n\n\n<p>Par ailleurs, M. Ghanmi a rajout\u00e9 que ce temps de crise pourrait apporter des opportunit\u00e9s si l\u2019\u00c9tat se positionne avec un plan de relance et une approche agressive faisant appel \u00e0 sa diaspora. \u00ab<em>On doit intensifier notre coop\u00e9ration avec les TRE notamment les comp\u00e9tences tunisiennes qui travaillent dans des grandes multinationales qui vont nous aider \u00e0 influencer et \u00e0 positionner notre Tunisie comme un site attractif pour l\u2019investissement<\/em>\u00bb, a-t-il dit. Mais n\u2019est-ce pas lui et ses services qui doivent faire preuve d\u2019esprit d\u2019initiative et d\u2019inventivit\u00e9 pour positionner la Tunisie dans la Tunisie post-Covid-19&nbsp;?<\/p>\n\n\n\n<p><strong>Quelles mesures seront alors favorables \u00e0 l\u2019engagement de la diaspora et \u00e0 l\u2019attraction des investissements&nbsp;?<\/strong><\/p>\n\n\n\n<p>Le branding de la Tunisie est l\u2019un des points mis en exergue. Beligh Ben Soltane, pr\u00e9sident de la TIA, a insist\u00e9 sur la n\u00e9cessit\u00e9 de reconstruire l\u2019image de la Tunisie, et ce avec la contribution directe de la diaspora tunisienne. \u00ab<em>On a des comp\u00e9tences et des ressources humaines introuvables \u00e0 l&rsquo;\u00e9chelle internationale ce qui s&rsquo;est confirm\u00e9 pendant le confinement. Il faut capitaliser l\u00e0-dessus car c\u2019est l\u00e0 o\u00f9 la perception est atteinte<\/em>\u00bb. M. Ben Soltane a \u00e9galement encha\u00een\u00e9 avec plusieurs propositions : d\u00e9veloppement de services et de produits financiers avec des taux d\u2019int\u00e9r\u00eats relativement bas par rapport aux pays d\u2019accueil; construction de r\u00e9seaux solides gr\u00e2ce \u00e0 des \u00e9changes actifs des deux sens; cr\u00e9ation d\u2019une base de donn\u00e9es interactive partag\u00e9e avec tout le monde; et mise en place d\u2019une strat\u00e9gie nationale de d\u00e9veloppement impliquant directement la diaspora.<\/p>\n\n\n\n<p>En outre, M. Ghanmi a mis l\u2019accent sur l\u2019importance de la communication afin de pr\u00e9senter les avantages comp\u00e9titifs de la Tunisie et de cr\u00e9er des synergies de collaboration pour attirer un plus grand nombre d&rsquo;investisseurs, tout en veillant \u00e0 pr\u00e9server les investissements d\u00e9j\u00e0 existants en Tunisie. Ceci dit, une structure de coordination et de m\u00e9diation orient\u00e9e vers la diaspora associant pouvoirs publics et secteur priv\u00e9 est bien n\u00e9cessaire.<\/p>\n\n\n\n<p>Enfin, un clin d\u2019\u0153il sur des exemples \u00e0 suivre \u00e0 l\u2019instar des Iles Maurice, l\u2019\u00c9thiopie et d\u2019autres pays africains, a \u00e9t\u00e9 pr\u00e9sent\u00e9 par M. Erraies o\u00f9 il a soulign\u00e9 l\u2019importance de s\u2019inspirer des bonnes pratiques observ\u00e9es \u00e0 l\u2019\u00e9chelle internationale.<\/p>\n\n\n\n<p><strong><em>Source<\/em><\/strong>\u00a0: communiqu\u00e9. \u00a0<\/p>\n","protected":false},"excerpt":{"rendered":"<p>\u00abDiaspora talk #2\u00a0: L\u2019impact de la Covid-19 sur l\u2019\u00e9conomie tunisienne et le r\u00f4le que jouera la diaspora durant cette p\u00e9riode critique\u00bb, est une conf\u00e9rence virtuelle organis\u00e9e le mercredi 26 ao\u00fbt 2020 par TCE Enterprise, jeune entreprise innovante en entrepreneuriat et en leadership, dans le cadre de son projet ConnecTunisia, mouvement visant la mobilisation et l\u2019engagement&#8230;<\/p>\n","protected":false},"author":8,"featured_media":314017,"comment_status":"open","ping_status":"open","sticky":false,"template":"","format":"standard","meta":{"footnotes":""},"categories":[995,2433],"tags":[82235,81748,75291,39140,303,82234,77224],"class_list":["post-314016","post","type-post","status-publish","format-standard","has-post-thumbnail","hentry","category-economie","category-tunisie","tag-abdelbasset-ghanmi","tag-connectunisia","tag-covid-19","tag-diaspora-tunisienne","tag-economie-tunisienne","tag-eymen-erraies","tag-fipa-tunisia-2"],"yoast_head":"<!-- This site is optimized with the Yoast SEO plugin v26.6 - https:\/\/yoast.com\/wordpress\/plugins\/seo\/ -->\n<title>ConnecTunisia : R\u00f4le de la diaspora dans la relance de l\u2019\u00e9conomie tunisienne - Kapitalis<\/title>\n<meta name=\"robots\" content=\"index, follow, max-snippet:-1, max-image-preview:large, max-video-preview:-1\" \/>\n<link rel=\"canonical\" href=\"https:\/\/kapitalis.com\/tunisie\/2020\/08\/28\/connectunisia-role-de-la-diaspora-dans-la-relance-de-leconomie-tunisienne\/\" \/>\n<meta property=\"og:locale\" content=\"fr_FR\" \/>\n<meta property=\"og:type\" content=\"article\" \/>\n<meta property=\"og:title\" content=\"ConnecTunisia : R\u00f4le de la diaspora dans la relance de l\u2019\u00e9conomie tunisienne - Kapitalis\" \/>\n<meta property=\"og:description\" content=\"\u00abDiaspora talk #2\u00a0: L\u2019impact de la Covid-19 sur l\u2019\u00e9conomie tunisienne et le r\u00f4le que jouera la diaspora durant cette p\u00e9riode critique\u00bb, est une conf\u00e9rence virtuelle organis\u00e9e le mercredi 26 ao\u00fbt 2020 par TCE Enterprise, jeune entreprise innovante en entrepreneuriat et en leadership, dans le cadre de son projet ConnecTunisia, mouvement visant la mobilisation et l\u2019engagement...\" \/>\n<meta property=\"og:url\" content=\"https:\/\/kapitalis.com\/tunisie\/2020\/08\/28\/connectunisia-role-de-la-diaspora-dans-la-relance-de-leconomie-tunisienne\/\" \/>\n<meta property=\"og:site_name\" content=\"Kapitalis\" \/>\n<meta property=\"article:publisher\" content=\"https:\/\/www.facebook.com\/KapitalisInfo\/\" \/>\n<meta property=\"article:published_time\" content=\"2020-08-28T14:42:27+00:00\" \/>\n<meta property=\"article:modified_time\" content=\"2020-08-28T14:42:36+00:00\" \/>\n<meta property=\"og:image\" content=\"https:\/\/kapitalis.com\/tunisie\/wp-content\/uploads\/2022\/05\/kapitalis-logo-fb.png\" \/>\n\t<meta property=\"og:image:width\" content=\"1200\" \/>\n\t<meta property=\"og:image:height\" content=\"630\" \/>\n\t<meta property=\"og:image:type\" content=\"image\/png\" \/>\n<meta name=\"author\" content=\"webmaster kapitalis\" \/>\n<meta name=\"twitter:card\" content=\"summary_large_image\" \/>\n<meta name=\"twitter:creator\" content=\"@KapitalisInfo\" \/>\n<meta name=\"twitter:site\" content=\"@KapitalisInfo\" \/>\n<meta name=\"twitter:label1\" content=\"\u00c9crit par\" \/>\n\t<meta name=\"twitter:data1\" content=\"webmaster kapitalis\" \/>\n\t<meta name=\"twitter:label2\" content=\"Dur\u00e9e de lecture estim\u00e9e\" \/>\n\t<meta name=\"twitter:data2\" content=\"4 minutes\" \/>\n<script type=\"application\/ld+json\" class=\"yoast-schema-graph\">{\"@context\":\"https:\/\/schema.org\",\"@graph\":[{\"@type\":\"Article\",\"@id\":\"https:\/\/kapitalis.com\/tunisie\/2020\/08\/28\/connectunisia-role-de-la-diaspora-dans-la-relance-de-leconomie-tunisienne\/#article\",\"isPartOf\":{\"@id\":\"https:\/\/kapitalis.com\/tunisie\/2020\/08\/28\/connectunisia-role-de-la-diaspora-dans-la-relance-de-leconomie-tunisienne\/\"},\"author\":{\"name\":\"webmaster kapitalis\",\"@id\":\"https:\/\/kapitalis.com\/tunisie\/#\/schema\/person\/d71f33a9ca44f7bad4698210b480c8e9\"},\"headline\":\"ConnecTunisia : R\u00f4le de la diaspora dans la relance de l\u2019\u00e9conomie tunisienne\",\"datePublished\":\"2020-08-28T14:42:27+00:00\",\"dateModified\":\"2020-08-28T14:42:36+00:00\",\"mainEntityOfPage\":{\"@id\":\"https:\/\/kapitalis.com\/tunisie\/2020\/08\/28\/connectunisia-role-de-la-diaspora-dans-la-relance-de-leconomie-tunisienne\/\"},\"wordCount\":736,\"commentCount\":1,\"publisher\":{\"@id\":\"https:\/\/kapitalis.com\/tunisie\/#organization\"},\"image\":{\"@id\":\"https:\/\/kapitalis.com\/tunisie\/2020\/08\/28\/connectunisia-role-de-la-diaspora-dans-la-relance-de-leconomie-tunisienne\/#primaryimage\"},\"thumbnailUrl\":\"\",\"keywords\":[\"Abdelbasset Ghanmi\",\"ConnecTunisia\",\"Covid-19\",\"diaspora tunisienne\",\"\u00e9conomie tunisienne\",\"Eymen Erraies\",\"FIPA Tunisia\"],\"articleSection\":[\"ECONOMIE\",\"Tunisie\"],\"inLanguage\":\"fr-FR\",\"potentialAction\":[{\"@type\":\"CommentAction\",\"name\":\"Comment\",\"target\":[\"https:\/\/kapitalis.com\/tunisie\/2020\/08\/28\/connectunisia-role-de-la-diaspora-dans-la-relance-de-leconomie-tunisienne\/#respond\"]}]},{\"@type\":\"WebPage\",\"@id\":\"https:\/\/kapitalis.com\/tunisie\/2020\/08\/28\/connectunisia-role-de-la-diaspora-dans-la-relance-de-leconomie-tunisienne\/\",\"url\":\"https:\/\/kapitalis.com\/tunisie\/2020\/08\/28\/connectunisia-role-de-la-diaspora-dans-la-relance-de-leconomie-tunisienne\/\",\"name\":\"ConnecTunisia : R\u00f4le de la diaspora dans la relance de l\u2019\u00e9conomie tunisienne - Kapitalis\",\"isPartOf\":{\"@id\":\"https:\/\/kapitalis.com\/tunisie\/#website\"},\"primaryImageOfPage\":{\"@id\":\"https:\/\/kapitalis.com\/tunisie\/2020\/08\/28\/connectunisia-role-de-la-diaspora-dans-la-relance-de-leconomie-tunisienne\/#primaryimage\"},\"image\":{\"@id\":\"https:\/\/kapitalis.com\/tunisie\/2020\/08\/28\/connectunisia-role-de-la-diaspora-dans-la-relance-de-leconomie-tunisienne\/#primaryimage\"},\"thumbnailUrl\":\"\",\"datePublished\":\"2020-08-28T14:42:27+00:00\",\"dateModified\":\"2020-08-28T14:42:36+00:00\",\"breadcrumb\":{\"@id\":\"https:\/\/kapitalis.com\/tunisie\/2020\/08\/28\/connectunisia-role-de-la-diaspora-dans-la-relance-de-leconomie-tunisienne\/#breadcrumb\"},\"inLanguage\":\"fr-FR\",\"potentialAction\":[{\"@type\":\"ReadAction\",\"target\":[\"https:\/\/kapitalis.com\/tunisie\/2020\/08\/28\/connectunisia-role-de-la-diaspora-dans-la-relance-de-leconomie-tunisienne\/\"]}]},{\"@type\":\"ImageObject\",\"inLanguage\":\"fr-FR\",\"@id\":\"https:\/\/kapitalis.com\/tunisie\/2020\/08\/28\/connectunisia-role-de-la-diaspora-dans-la-relance-de-leconomie-tunisienne\/#primaryimage\",\"url\":\"\",\"contentUrl\":\"\"},{\"@type\":\"BreadcrumbList\",\"@id\":\"https:\/\/kapitalis.com\/tunisie\/2020\/08\/28\/connectunisia-role-de-la-diaspora-dans-la-relance-de-leconomie-tunisienne\/#breadcrumb\",\"itemListElement\":[{\"@type\":\"ListItem\",\"position\":1,\"name\":\"Accueil\",\"item\":\"https:\/\/kapitalis.com\/tunisie\/\"},{\"@type\":\"ListItem\",\"position\":2,\"name\":\"ConnecTunisia : R\u00f4le de la diaspora dans la relance de l\u2019\u00e9conomie tunisienne\"}]},{\"@type\":\"WebSite\",\"@id\":\"https:\/\/kapitalis.com\/tunisie\/#website\",\"url\":\"https:\/\/kapitalis.com\/tunisie\/\",\"name\":\"Kapitalis\",\"description\":\"L&#039;actualit\u00e9 en Tunisie et dans le monde\",\"publisher\":{\"@id\":\"https:\/\/kapitalis.com\/tunisie\/#organization\"},\"potentialAction\":[{\"@type\":\"SearchAction\",\"target\":{\"@type\":\"EntryPoint\",\"urlTemplate\":\"https:\/\/kapitalis.com\/tunisie\/?s={search_term_string}\"},\"query-input\":{\"@type\":\"PropertyValueSpecification\",\"valueRequired\":true,\"valueName\":\"search_term_string\"}}],\"inLanguage\":\"fr-FR\"},{\"@type\":\"Organization\",\"@id\":\"https:\/\/kapitalis.com\/tunisie\/#organization\",\"name\":\"Kapitalis\",\"url\":\"https:\/\/kapitalis.com\/tunisie\/\",\"logo\":{\"@type\":\"ImageObject\",\"inLanguage\":\"fr-FR\",\"@id\":\"https:\/\/kapitalis.com\/tunisie\/#\/schema\/logo\/image\/\",\"url\":\"https:\/\/kapitalis.com\/tunisie\/wp-content\/uploads\/2022\/05\/Kapitalis-big-size.png\",\"contentUrl\":\"https:\/\/kapitalis.com\/tunisie\/wp-content\/uploads\/2022\/05\/Kapitalis-big-size.png\",\"width\":5000,\"height\":1500,\"caption\":\"Kapitalis\"},\"image\":{\"@id\":\"https:\/\/kapitalis.com\/tunisie\/#\/schema\/logo\/image\/\"},\"sameAs\":[\"https:\/\/www.facebook.com\/KapitalisInfo\/\",\"https:\/\/x.com\/KapitalisInfo\",\"https:\/\/www.youtube.com\/channel\/UC-yDYrHyfFBWWZaOw3FPg9Q\"]},{\"@type\":\"Person\",\"@id\":\"https:\/\/kapitalis.com\/tunisie\/#\/schema\/person\/d71f33a9ca44f7bad4698210b480c8e9\",\"name\":\"webmaster kapitalis\",\"url\":\"https:\/\/kapitalis.com\/tunisie\/author\/webmaster-kapitalis\/\"}]}<\/script>\n<!-- \/ Yoast SEO plugin. -->","yoast_head_json":{"title":"ConnecTunisia : R\u00f4le de la diaspora dans la relance de l\u2019\u00e9conomie tunisienne - Kapitalis","robots":{"index":"index","follow":"follow","max-snippet":"max-snippet:-1","max-image-preview":"max-image-preview:large","max-video-preview":"max-video-preview:-1"},"canonical":"https:\/\/kapitalis.com\/tunisie\/2020\/08\/28\/connectunisia-role-de-la-diaspora-dans-la-relance-de-leconomie-tunisienne\/","og_locale":"fr_FR","og_type":"article","og_title":"ConnecTunisia : R\u00f4le de la diaspora dans la relance de l\u2019\u00e9conomie tunisienne - Kapitalis","og_description":"\u00abDiaspora talk #2\u00a0: L\u2019impact de la Covid-19 sur l\u2019\u00e9conomie tunisienne et le r\u00f4le que jouera la diaspora durant cette p\u00e9riode critique\u00bb, est une conf\u00e9rence virtuelle organis\u00e9e le mercredi 26 ao\u00fbt 2020 par TCE Enterprise, jeune entreprise innovante en entrepreneuriat et en leadership, dans le cadre de son projet ConnecTunisia, mouvement visant la mobilisation et l\u2019engagement...","og_url":"https:\/\/kapitalis.com\/tunisie\/2020\/08\/28\/connectunisia-role-de-la-diaspora-dans-la-relance-de-leconomie-tunisienne\/","og_site_name":"Kapitalis","article_publisher":"https:\/\/www.facebook.com\/KapitalisInfo\/","article_published_time":"2020-08-28T14:42:27+00:00","article_modified_time":"2020-08-28T14:42:36+00:00","og_image":[{"width":1200,"height":630,"url":"https:\/\/kapitalis.com\/tunisie\/wp-content\/uploads\/2022\/05\/kapitalis-logo-fb.png","type":"image\/png"}],"author":"webmaster kapitalis","twitter_card":"summary_large_image","twitter_creator":"@KapitalisInfo","twitter_site":"@KapitalisInfo","twitter_misc":{"\u00c9crit par":"webmaster kapitalis","Dur\u00e9e de lecture estim\u00e9e":"4 minutes"},"schema":{"@context":"https:\/\/schema.org","@graph":[{"@type":"Article","@id":"https:\/\/kapitalis.com\/tunisie\/2020\/08\/28\/connectunisia-role-de-la-diaspora-dans-la-relance-de-leconomie-tunisienne\/#article","isPartOf":{"@id":"https:\/\/kapitalis.com\/tunisie\/2020\/08\/28\/connectunisia-role-de-la-diaspora-dans-la-relance-de-leconomie-tunisienne\/"},"author":{"name":"webmaster kapitalis","@id":"https:\/\/kapitalis.com\/tunisie\/#\/schema\/person\/d71f33a9ca44f7bad4698210b480c8e9"},"headline":"ConnecTunisia : R\u00f4le de la diaspora dans la relance de l\u2019\u00e9conomie tunisienne","datePublished":"2020-08-28T14:42:27+00:00","dateModified":"2020-08-28T14:42:36+00:00","mainEntityOfPage":{"@id":"https:\/\/kapitalis.com\/tunisie\/2020\/08\/28\/connectunisia-role-de-la-diaspora-dans-la-relance-de-leconomie-tunisienne\/"},"wordCount":736,"commentCount":1,"publisher":{"@id":"https:\/\/kapitalis.com\/tunisie\/#organization"},"image":{"@id":"https:\/\/kapitalis.com\/tunisie\/2020\/08\/28\/connectunisia-role-de-la-diaspora-dans-la-relance-de-leconomie-tunisienne\/#primaryimage"},"thumbnailUrl":"","keywords":["Abdelbasset Ghanmi","ConnecTunisia","Covid-19","diaspora tunisienne","\u00e9conomie tunisienne","Eymen Erraies","FIPA Tunisia"],"articleSection":["ECONOMIE","Tunisie"],"inLanguage":"fr-FR","potentialAction":[{"@type":"CommentAction","name":"Comment","target":["https:\/\/kapitalis.com\/tunisie\/2020\/08\/28\/connectunisia-role-de-la-diaspora-dans-la-relance-de-leconomie-tunisienne\/#respond"]}]},{"@type":"WebPage","@id":"https:\/\/kapitalis.com\/tunisie\/2020\/08\/28\/connectunisia-role-de-la-diaspora-dans-la-relance-de-leconomie-tunisienne\/","url":"https:\/\/kapitalis.com\/tunisie\/2020\/08\/28\/connectunisia-role-de-la-diaspora-dans-la-relance-de-leconomie-tunisienne\/","name":"ConnecTunisia : R\u00f4le de la diaspora dans la relance de l\u2019\u00e9conomie tunisienne - Kapitalis","isPartOf":{"@id":"https:\/\/kapitalis.com\/tunisie\/#website"},"primaryImageOfPage":{"@id":"https:\/\/kapitalis.com\/tunisie\/2020\/08\/28\/connectunisia-role-de-la-diaspora-dans-la-relance-de-leconomie-tunisienne\/#primaryimage"},"image":{"@id":"https:\/\/kapitalis.com\/tunisie\/2020\/08\/28\/connectunisia-role-de-la-diaspora-dans-la-relance-de-leconomie-tunisienne\/#primaryimage"},"thumbnailUrl":"","datePublished":"2020-08-28T14:42:27+00:00","dateModified":"2020-08-28T14:42:36+00:00","breadcrumb":{"@id":"https:\/\/kapitalis.com\/tunisie\/2020\/08\/28\/connectunisia-role-de-la-diaspora-dans-la-relance-de-leconomie-tunisienne\/#breadcrumb"},"inLanguage":"fr-FR","potentialAction":[{"@type":"ReadAction","target":["https:\/\/kapitalis.com\/tunisie\/2020\/08\/28\/connectunisia-role-de-la-diaspora-dans-la-relance-de-leconomie-tunisienne\/"]}]},{"@type":"ImageObject","inLanguage":"fr-FR","@id":"https:\/\/kapitalis.com\/tunisie\/2020\/08\/28\/connectunisia-role-de-la-diaspora-dans-la-relance-de-leconomie-tunisienne\/#primaryimage","url":"","contentUrl":""},{"@type":"BreadcrumbList","@id":"https:\/\/kapitalis.com\/tunisie\/2020\/08\/28\/connectunisia-role-de-la-diaspora-dans-la-relance-de-leconomie-tunisienne\/#breadcrumb","itemListElement":[{"@type":"ListItem","position":1,"name":"Accueil","item":"https:\/\/kapitalis.com\/tunisie\/"},{"@type":"ListItem","position":2,"name":"ConnecTunisia : R\u00f4le de la diaspora dans la relance de l\u2019\u00e9conomie tunisienne"}]},{"@type":"WebSite","@id":"https:\/\/kapitalis.com\/tunisie\/#website","url":"https:\/\/kapitalis.com\/tunisie\/","name":"Kapitalis","description":"L&#039;actualit\u00e9 en Tunisie et dans le monde","publisher":{"@id":"https:\/\/kapitalis.com\/tunisie\/#organization"},"potentialAction":[{"@type":"SearchAction","target":{"@type":"EntryPoint","urlTemplate":"https:\/\/kapitalis.com\/tunisie\/?s={search_term_string}"},"query-input":{"@type":"PropertyValueSpecification","valueRequired":true,"valueName":"search_term_string"}}],"inLanguage":"fr-FR"},{"@type":"Organization","@id":"https:\/\/kapitalis.com\/tunisie\/#organization","name":"Kapitalis","url":"https:\/\/kapitalis.com\/tunisie\/","logo":{"@type":"ImageObject","inLanguage":"fr-FR","@id":"https:\/\/kapitalis.com\/tunisie\/#\/schema\/logo\/image\/","url":"https:\/\/kapitalis.com\/tunisie\/wp-content\/uploads\/2022\/05\/Kapitalis-big-size.png","contentUrl":"https:\/\/kapitalis.com\/tunisie\/wp-content\/uploads\/2022\/05\/Kapitalis-big-size.png","width":5000,"height":1500,"caption":"Kapitalis"},"image":{"@id":"https:\/\/kapitalis.com\/tunisie\/#\/schema\/logo\/image\/"},"sameAs":["https:\/\/www.facebook.com\/KapitalisInfo\/","https:\/\/x.com\/KapitalisInfo","https:\/\/www.youtube.com\/channel\/UC-yDYrHyfFBWWZaOw3FPg9Q"]},{"@type":"Person","@id":"https:\/\/kapitalis.com\/tunisie\/#\/schema\/person\/d71f33a9ca44f7bad4698210b480c8e9","name":"webmaster kapitalis","url":"https:\/\/kapitalis.com\/tunisie\/author\/webmaster-kapitalis\/"}]}},"_links":{"self":[{"href":"https:\/\/kapitalis.com\/tunisie\/wp-json\/wp\/v2\/posts\/314016","targetHints":{"allow":["GET"]}}],"collection":[{"href":"https:\/\/kapitalis.com\/tunisie\/wp-json\/wp\/v2\/posts"}],"about":[{"href":"https:\/\/kapitalis.com\/tunisie\/wp-json\/wp\/v2\/types\/post"}],"author":[{"embeddable":true,"href":"https:\/\/kapitalis.com\/tunisie\/wp-json\/wp\/v2\/users\/8"}],"replies":[{"embeddable":true,"href":"https:\/\/kapitalis.com\/tunisie\/wp-json\/wp\/v2\/comments?post=314016"}],"version-history":[{"count":0,"href":"https:\/\/kapitalis.com\/tunisie\/wp-json\/wp\/v2\/posts\/314016\/revisions"}],"wp:featuredmedia":[{"embeddable":true,"href":"https:\/\/kapitalis.com\/tunisie\/wp-json\/wp\/v2\/media\/314017"}],"wp:attachment":[{"href":"https:\/\/kapitalis.com\/tunisie\/wp-json\/wp\/v2\/media?parent=314016"}],"wp:term":[{"taxonomy":"category","embeddable":true,"href":"https:\/\/kapitalis.com\/tunisie\/wp-json\/wp\/v2\/categories?post=314016"},{"taxonomy":"post_tag","embeddable":true,"href":"https:\/\/kapitalis.com\/tunisie\/wp-json\/wp\/v2\/tags?post=314016"}],"curies":[{"name":"wp","href":"https:\/\/api.w.org\/{rel}","templated":true}]}}