{"id":314091,"date":"2020-08-29T10:19:41","date_gmt":"2020-08-29T09:19:41","guid":{"rendered":"http:\/\/kapitalis.com\/tunisie\/?p=314091"},"modified":"2020-08-29T13:31:19","modified_gmt":"2020-08-29T12:31:19","slug":"fritures-sur-la-ligne-entre-kais-saied-et-hichem-mechichi","status":"publish","type":"post","link":"https:\/\/kapitalis.com\/tunisie\/2020\/08\/29\/fritures-sur-la-ligne-entre-kais-saied-et-hichem-mechichi\/","title":{"rendered":"Fritures sur la ligne entre Ka\u00efs Sa\u00efed et Hichem Mechichi"},"content":{"rendered":"\n<figure class=\"wp-block-image size-large\"><img decoding=\"async\" src=\"http:\/\/kapitalis.com\/tunisie\/wp-content\/uploads\/2020\/07\/Hichem-Mechichi-Kais-Sa\u00efed.jpg\" alt=\"\" class=\"wp-image-310101\"\/><\/figure>\n\n\n\n<p><strong><em>Ka\u00efs Sa\u00efed aurait refus\u00e9, hier, vendredi 28 ao\u00fbt 2020, de recevoir Hichem Mechichi. L\u2019information n\u2019a pu \u00eatre v\u00e9rifi\u00e9e aupr\u00e8s d\u2019une source officielle mais elle est confirm\u00e9e par les r\u00e9cents cafouillages qui traduisent un malaise dans les relations entre le pr\u00e9sident de la r\u00e9publique et le chef de gouvernement d\u00e9sign\u00e9, sur un fond de crise g\u00e9n\u00e9ralis\u00e9e.<\/em><\/strong> <\/p>\n\n\n\n<p>Par <strong>Ridha Kefi<\/strong><\/p>\n\n\n\n<!--more-->\n\n\n\n<div class=\"wp-block-image\"><figure class=\"alignleft size-large\"><img decoding=\"async\" src=\"http:\/\/kapitalis.com\/tunisie\/wp-content\/uploads\/2019\/03\/Ridha-Kefi.jpg\" alt=\"\" class=\"wp-image-203122\"\/><\/figure><\/div>\n\n\n\n<p>Ces cafouillages ont concern\u00e9, surtout, les ministres propos\u00e9s pour les d\u00e9partements de l\u2019Equipement, de la Culture et de l\u2019Int\u00e9rieur, qui ne semblent pas b\u00e9n\u00e9ficier de l\u2019accord des deux hommes.<\/p>\n\n\n\n<p>Des signes aussi montrent une volont\u00e9 du chef de l\u2019Etat de g\u00e9rer lui-m\u00eame directement la formation du nouveau gouvernement et de marginaliser, par l\u00e0 m\u00eame, le chef de gouvernement d\u00e9sign\u00e9, ainsi r\u00e9duit au r\u00f4le de factotum, ce qui en dit long sur l\u2019avenir que Sa\u00efed r\u00e9serve \u00e0 Mechichi, celui d\u2019un Premier ministre charg\u00e9 d\u2019ex\u00e9cuter les volont\u00e9s pr\u00e9sidentielles, r\u00f4le qu\u2019il y a quelques ann\u00e9es deux des pr\u00e9d\u00e9cesseurs de ce dernier, Habib Essid et Youssef Chahed, avaient refus\u00e9 de jouer vis-\u00e0-vis d\u2019un hyper-pr\u00e9sident, Feu B\u00e9ji Ca\u00efd Essebsi en l\u2019occurrence.<\/p>\n\n\n\n<h3 class=\"wp-block-heading\">L&rsquo;\u00e9nigmatique Ka\u00efs Sa\u00efed et le taiseux Hichem Mechichi<\/h3>\n\n\n\n<p>On sait que le pr\u00e9sident Sa\u00efed a une folle envie de changer le syst\u00e8me politique issu de la Constitution de 2014, qui r\u00e9duit les pr\u00e9rogatives du pr\u00e9sident de la r\u00e9publique, accorde une tr\u00e8s forte pr\u00e9pond\u00e9rance aux partis, mais au lieu de faire des propositions de loi en ce sens qu\u2019il soumet \u00e0 l\u2019examen et au vote de l\u2019Assembl\u00e9e, il multiplie les d\u00e9cisions intempestives visant \u00e0 \u00e9largir son champ d\u2019intervention au point de se substituer, de fait, au ministre des Affaires \u00e9trang\u00e8res et au chef de gouvernement d\u00e9sign\u00e9, dans une volont\u00e9 \u00e9vidente de pr\u00e9sidentialiser un syst\u00e8me cens\u00e9 \u00eatre parlementaire.<\/p>\n\n\n\n<p>Un diplomate en poste \u00e0 Tunis nous disait cette semaine : <em>\u00abNous n\u2019avons plus aujourd\u2019hui en Tunisie qu\u2019un seul interlocuteur, le pr\u00e9sident Sa\u00efed\u00bb<\/em>. Et une telle remarque, dans son esprit, est loin d\u2019\u00eatre l\u2019expression d\u2019une satisfaction et encore moins d\u2019un \u00e9loge. Car avec un gouvernement de gestion des affaires courantes, d\u00e9mobilis\u00e9 et d\u00e9j\u00e0 sur le d\u00e9part, un autre attendant encore d\u2019avoir la confiance de l\u2019Assembl\u00e9e, et de moins en moins assur\u00e9 de l\u2019avoir, cette sacr\u00e9e confiance, et un minist\u00e8re des Affaires \u00e9trang\u00e8res sans titulaire officiel et g\u00e9r\u00e9 par int\u00e9rim, les chefs des repr\u00e9sentations diplomatiques accr\u00e9dit\u00e9s \u00e0 Tunis ont parfois du mal, eux aussi, \u00e0 s\u2019y retrouver et ne savent plus \u00e0 qui s\u2019adresser pour faire avancer les dossiers de coop\u00e9ration en suspens, sachant que certains de ces dossiers n\u2019attendent plus et requi\u00e8rent une r\u00e9action rapide de la part des autorit\u00e9s tunisienne.<\/p>\n\n\n\n<h3 class=\"wp-block-heading\">Des raisons de s\u2019inqui\u00e9ter \u00e0 l\u2019approche d\u2019une rentr\u00e9e mouvement\u00e9e<\/h3>\n\n\n\n<p>Dans ce contexte pesant, et alors que le pays fait face \u00e0 une grave crise \u00e9conomique, traduite par une r\u00e9cession pouvant atteindre -7% \u00e0 la fin de l\u2019ann\u00e9e, aggrav\u00e9e par la crise sanitaire de la pand\u00e9mie de la Covid-19, et la crise sociale d\u2019El-Kamour, \u00e0 Tataouine, o\u00f9 la production de p\u00e9trole et de gaz est l\u2019arr\u00eat depuis le 16 juillet dernier, sans que le pr\u00e9sident de la r\u00e9publique ou le chef de gouvernement de gestion des Affaires courantes r\u00e9agissent, sans parler de la tragi-com\u00e9die provoqu\u00e9e par le limogeage de Chawki Tabib, pr\u00e9sident de l\u2019Instance nationale de lutte contre la corruption (Inlucc) qui refuse de c\u00e9der la place \u00e0 son successeur, ces cafouillages auxquels nous assistons depuis la d\u00e9mission d\u2019Elyes Fakhhakh sont de tr\u00e8s mauvais augure et nous donnent de bonnes raisons de s\u2019inqui\u00e9ter, \u00e0 l\u2019approche d\u2019une rentr\u00e9e que l\u2019on annonce particuli\u00e8rement mouvement\u00e9e.<\/p>\n","protected":false},"excerpt":{"rendered":"<p>Ka\u00efs Sa\u00efed aurait refus\u00e9, hier, vendredi 28 ao\u00fbt 2020, de recevoir Hichem Mechichi. L\u2019information n\u2019a pu \u00eatre v\u00e9rifi\u00e9e aupr\u00e8s d\u2019une source officielle mais elle est confirm\u00e9e par les r\u00e9cents cafouillages qui traduisent un malaise dans les relations entre le pr\u00e9sident de la r\u00e9publique et le chef de gouvernement d\u00e9sign\u00e9, sur un fond de crise g\u00e9n\u00e9ralis\u00e9e&#8230;.<\/p>\n","protected":false},"author":8,"featured_media":0,"comment_status":"open","ping_status":"open","sticky":false,"template":"","format":"standard","meta":{"footnotes":""},"categories":[992,997,2433],"tags":[1108,8495,30512,82243,435,74899,79627,11246],"class_list":["post-314091","post","type-post","status-publish","format-standard","hentry","category-a-la-une","category-politique","category-tunisie","tag-beji-caid-essebsi","tag-chawki-tabib","tag-el-kamour","tag-elyes-fakhhakh","tag-habib-essid","tag-hichem-mechichi","tag-kais-saied","tag-youssef-chahed"],"yoast_head":"<!-- This site is optimized with the Yoast SEO plugin v26.6 - https:\/\/yoast.com\/wordpress\/plugins\/seo\/ -->\n<title>Fritures sur la ligne entre Ka\u00efs Sa\u00efed et Hichem Mechichi - Kapitalis<\/title>\n<meta name=\"robots\" content=\"index, follow, max-snippet:-1, max-image-preview:large, max-video-preview:-1\" \/>\n<link rel=\"canonical\" href=\"https:\/\/kapitalis.com\/tunisie\/2020\/08\/29\/fritures-sur-la-ligne-entre-kais-saied-et-hichem-mechichi\/\" \/>\n<meta property=\"og:locale\" content=\"fr_FR\" \/>\n<meta property=\"og:type\" content=\"article\" \/>\n<meta property=\"og:title\" content=\"Fritures sur la ligne entre Ka\u00efs Sa\u00efed et Hichem Mechichi - Kapitalis\" \/>\n<meta property=\"og:description\" content=\"Ka\u00efs Sa\u00efed aurait refus\u00e9, hier, vendredi 28 ao\u00fbt 2020, de recevoir Hichem Mechichi. L\u2019information n\u2019a pu \u00eatre v\u00e9rifi\u00e9e aupr\u00e8s d\u2019une source officielle mais elle est confirm\u00e9e par les r\u00e9cents cafouillages qui traduisent un malaise dans les relations entre le pr\u00e9sident de la r\u00e9publique et le chef de gouvernement d\u00e9sign\u00e9, sur un fond de crise g\u00e9n\u00e9ralis\u00e9e....\" \/>\n<meta property=\"og:url\" content=\"https:\/\/kapitalis.com\/tunisie\/2020\/08\/29\/fritures-sur-la-ligne-entre-kais-saied-et-hichem-mechichi\/\" \/>\n<meta property=\"og:site_name\" content=\"Kapitalis\" \/>\n<meta property=\"article:publisher\" content=\"https:\/\/www.facebook.com\/KapitalisInfo\/\" \/>\n<meta property=\"article:published_time\" content=\"2020-08-29T09:19:41+00:00\" \/>\n<meta property=\"article:modified_time\" content=\"2020-08-29T12:31:19+00:00\" \/>\n<meta property=\"og:image\" content=\"http:\/\/kapitalis.com\/tunisie\/wp-content\/uploads\/2019\/03\/Ridha-Kefi.jpg\" \/>\n<meta name=\"author\" content=\"webmaster kapitalis\" \/>\n<meta name=\"twitter:card\" content=\"summary_large_image\" \/>\n<meta name=\"twitter:creator\" content=\"@KapitalisInfo\" \/>\n<meta name=\"twitter:site\" content=\"@KapitalisInfo\" \/>\n<meta name=\"twitter:label1\" content=\"\u00c9crit par\" \/>\n\t<meta name=\"twitter:data1\" content=\"webmaster kapitalis\" \/>\n\t<meta name=\"twitter:label2\" content=\"Dur\u00e9e de lecture estim\u00e9e\" \/>\n\t<meta name=\"twitter:data2\" content=\"3 minutes\" \/>\n<script type=\"application\/ld+json\" class=\"yoast-schema-graph\">{\"@context\":\"https:\/\/schema.org\",\"@graph\":[{\"@type\":\"Article\",\"@id\":\"https:\/\/kapitalis.com\/tunisie\/2020\/08\/29\/fritures-sur-la-ligne-entre-kais-saied-et-hichem-mechichi\/#article\",\"isPartOf\":{\"@id\":\"https:\/\/kapitalis.com\/tunisie\/2020\/08\/29\/fritures-sur-la-ligne-entre-kais-saied-et-hichem-mechichi\/\"},\"author\":{\"name\":\"webmaster kapitalis\",\"@id\":\"https:\/\/kapitalis.com\/tunisie\/#\/schema\/person\/d71f33a9ca44f7bad4698210b480c8e9\"},\"headline\":\"Fritures sur la ligne entre Ka\u00efs Sa\u00efed et Hichem Mechichi\",\"datePublished\":\"2020-08-29T09:19:41+00:00\",\"dateModified\":\"2020-08-29T12:31:19+00:00\",\"mainEntityOfPage\":{\"@id\":\"https:\/\/kapitalis.com\/tunisie\/2020\/08\/29\/fritures-sur-la-ligne-entre-kais-saied-et-hichem-mechichi\/\"},\"wordCount\":705,\"commentCount\":1,\"publisher\":{\"@id\":\"https:\/\/kapitalis.com\/tunisie\/#organization\"},\"image\":{\"@id\":\"https:\/\/kapitalis.com\/tunisie\/2020\/08\/29\/fritures-sur-la-ligne-entre-kais-saied-et-hichem-mechichi\/#primaryimage\"},\"thumbnailUrl\":\"http:\/\/kapitalis.com\/tunisie\/wp-content\/uploads\/2019\/03\/Ridha-Kefi.jpg\",\"keywords\":[\"B\u00e9ji Ca\u00efd Essebsi\",\"Chawki Tabib\",\"El-Kamour\",\"Elyes Fakhhakh\",\"Habib Essid\",\"Hichem Mechichi\",\"\u064fKa\u00efs Sa\u00efed\",\"Youssef Chahed\"],\"articleSection\":[\"A LA UNE\",\"POLITIQUE\",\"Tunisie\"],\"inLanguage\":\"fr-FR\",\"potentialAction\":[{\"@type\":\"CommentAction\",\"name\":\"Comment\",\"target\":[\"https:\/\/kapitalis.com\/tunisie\/2020\/08\/29\/fritures-sur-la-ligne-entre-kais-saied-et-hichem-mechichi\/#respond\"]}]},{\"@type\":\"WebPage\",\"@id\":\"https:\/\/kapitalis.com\/tunisie\/2020\/08\/29\/fritures-sur-la-ligne-entre-kais-saied-et-hichem-mechichi\/\",\"url\":\"https:\/\/kapitalis.com\/tunisie\/2020\/08\/29\/fritures-sur-la-ligne-entre-kais-saied-et-hichem-mechichi\/\",\"name\":\"Fritures sur la ligne entre Ka\u00efs Sa\u00efed et Hichem Mechichi - Kapitalis\",\"isPartOf\":{\"@id\":\"https:\/\/kapitalis.com\/tunisie\/#website\"},\"primaryImageOfPage\":{\"@id\":\"https:\/\/kapitalis.com\/tunisie\/2020\/08\/29\/fritures-sur-la-ligne-entre-kais-saied-et-hichem-mechichi\/#primaryimage\"},\"image\":{\"@id\":\"https:\/\/kapitalis.com\/tunisie\/2020\/08\/29\/fritures-sur-la-ligne-entre-kais-saied-et-hichem-mechichi\/#primaryimage\"},\"thumbnailUrl\":\"http:\/\/kapitalis.com\/tunisie\/wp-content\/uploads\/2019\/03\/Ridha-Kefi.jpg\",\"datePublished\":\"2020-08-29T09:19:41+00:00\",\"dateModified\":\"2020-08-29T12:31:19+00:00\",\"breadcrumb\":{\"@id\":\"https:\/\/kapitalis.com\/tunisie\/2020\/08\/29\/fritures-sur-la-ligne-entre-kais-saied-et-hichem-mechichi\/#breadcrumb\"},\"inLanguage\":\"fr-FR\",\"potentialAction\":[{\"@type\":\"ReadAction\",\"target\":[\"https:\/\/kapitalis.com\/tunisie\/2020\/08\/29\/fritures-sur-la-ligne-entre-kais-saied-et-hichem-mechichi\/\"]}]},{\"@type\":\"ImageObject\",\"inLanguage\":\"fr-FR\",\"@id\":\"https:\/\/kapitalis.com\/tunisie\/2020\/08\/29\/fritures-sur-la-ligne-entre-kais-saied-et-hichem-mechichi\/#primaryimage\",\"url\":\"\",\"contentUrl\":\"\"},{\"@type\":\"BreadcrumbList\",\"@id\":\"https:\/\/kapitalis.com\/tunisie\/2020\/08\/29\/fritures-sur-la-ligne-entre-kais-saied-et-hichem-mechichi\/#breadcrumb\",\"itemListElement\":[{\"@type\":\"ListItem\",\"position\":1,\"name\":\"Accueil\",\"item\":\"https:\/\/kapitalis.com\/tunisie\/\"},{\"@type\":\"ListItem\",\"position\":2,\"name\":\"Fritures sur la ligne entre Ka\u00efs Sa\u00efed et Hichem Mechichi\"}]},{\"@type\":\"WebSite\",\"@id\":\"https:\/\/kapitalis.com\/tunisie\/#website\",\"url\":\"https:\/\/kapitalis.com\/tunisie\/\",\"name\":\"Kapitalis\",\"description\":\"L&#039;actualit\u00e9 en Tunisie et dans le monde\",\"publisher\":{\"@id\":\"https:\/\/kapitalis.com\/tunisie\/#organization\"},\"potentialAction\":[{\"@type\":\"SearchAction\",\"target\":{\"@type\":\"EntryPoint\",\"urlTemplate\":\"https:\/\/kapitalis.com\/tunisie\/?s={search_term_string}\"},\"query-input\":{\"@type\":\"PropertyValueSpecification\",\"valueRequired\":true,\"valueName\":\"search_term_string\"}}],\"inLanguage\":\"fr-FR\"},{\"@type\":\"Organization\",\"@id\":\"https:\/\/kapitalis.com\/tunisie\/#organization\",\"name\":\"Kapitalis\",\"url\":\"https:\/\/kapitalis.com\/tunisie\/\",\"logo\":{\"@type\":\"ImageObject\",\"inLanguage\":\"fr-FR\",\"@id\":\"https:\/\/kapitalis.com\/tunisie\/#\/schema\/logo\/image\/\",\"url\":\"https:\/\/kapitalis.com\/tunisie\/wp-content\/uploads\/2022\/05\/Kapitalis-big-size.png\",\"contentUrl\":\"https:\/\/kapitalis.com\/tunisie\/wp-content\/uploads\/2022\/05\/Kapitalis-big-size.png\",\"width\":5000,\"height\":1500,\"caption\":\"Kapitalis\"},\"image\":{\"@id\":\"https:\/\/kapitalis.com\/tunisie\/#\/schema\/logo\/image\/\"},\"sameAs\":[\"https:\/\/www.facebook.com\/KapitalisInfo\/\",\"https:\/\/x.com\/KapitalisInfo\",\"https:\/\/www.youtube.com\/channel\/UC-yDYrHyfFBWWZaOw3FPg9Q\"]},{\"@type\":\"Person\",\"@id\":\"https:\/\/kapitalis.com\/tunisie\/#\/schema\/person\/d71f33a9ca44f7bad4698210b480c8e9\",\"name\":\"webmaster kapitalis\",\"url\":\"https:\/\/kapitalis.com\/tunisie\/author\/webmaster-kapitalis\/\"}]}<\/script>\n<!-- \/ Yoast SEO plugin. -->","yoast_head_json":{"title":"Fritures sur la ligne entre Ka\u00efs Sa\u00efed et Hichem Mechichi - Kapitalis","robots":{"index":"index","follow":"follow","max-snippet":"max-snippet:-1","max-image-preview":"max-image-preview:large","max-video-preview":"max-video-preview:-1"},"canonical":"https:\/\/kapitalis.com\/tunisie\/2020\/08\/29\/fritures-sur-la-ligne-entre-kais-saied-et-hichem-mechichi\/","og_locale":"fr_FR","og_type":"article","og_title":"Fritures sur la ligne entre Ka\u00efs Sa\u00efed et Hichem Mechichi - Kapitalis","og_description":"Ka\u00efs Sa\u00efed aurait refus\u00e9, hier, vendredi 28 ao\u00fbt 2020, de recevoir Hichem Mechichi. L\u2019information n\u2019a pu \u00eatre v\u00e9rifi\u00e9e aupr\u00e8s d\u2019une source officielle mais elle est confirm\u00e9e par les r\u00e9cents cafouillages qui traduisent un malaise dans les relations entre le pr\u00e9sident de la r\u00e9publique et le chef de gouvernement d\u00e9sign\u00e9, sur un fond de crise g\u00e9n\u00e9ralis\u00e9e....","og_url":"https:\/\/kapitalis.com\/tunisie\/2020\/08\/29\/fritures-sur-la-ligne-entre-kais-saied-et-hichem-mechichi\/","og_site_name":"Kapitalis","article_publisher":"https:\/\/www.facebook.com\/KapitalisInfo\/","article_published_time":"2020-08-29T09:19:41+00:00","article_modified_time":"2020-08-29T12:31:19+00:00","og_image":[{"url":"http:\/\/kapitalis.com\/tunisie\/wp-content\/uploads\/2019\/03\/Ridha-Kefi.jpg","type":"","width":"","height":""}],"author":"webmaster kapitalis","twitter_card":"summary_large_image","twitter_creator":"@KapitalisInfo","twitter_site":"@KapitalisInfo","twitter_misc":{"\u00c9crit par":"webmaster kapitalis","Dur\u00e9e de lecture estim\u00e9e":"3 minutes"},"schema":{"@context":"https:\/\/schema.org","@graph":[{"@type":"Article","@id":"https:\/\/kapitalis.com\/tunisie\/2020\/08\/29\/fritures-sur-la-ligne-entre-kais-saied-et-hichem-mechichi\/#article","isPartOf":{"@id":"https:\/\/kapitalis.com\/tunisie\/2020\/08\/29\/fritures-sur-la-ligne-entre-kais-saied-et-hichem-mechichi\/"},"author":{"name":"webmaster kapitalis","@id":"https:\/\/kapitalis.com\/tunisie\/#\/schema\/person\/d71f33a9ca44f7bad4698210b480c8e9"},"headline":"Fritures sur la ligne entre Ka\u00efs Sa\u00efed et Hichem Mechichi","datePublished":"2020-08-29T09:19:41+00:00","dateModified":"2020-08-29T12:31:19+00:00","mainEntityOfPage":{"@id":"https:\/\/kapitalis.com\/tunisie\/2020\/08\/29\/fritures-sur-la-ligne-entre-kais-saied-et-hichem-mechichi\/"},"wordCount":705,"commentCount":1,"publisher":{"@id":"https:\/\/kapitalis.com\/tunisie\/#organization"},"image":{"@id":"https:\/\/kapitalis.com\/tunisie\/2020\/08\/29\/fritures-sur-la-ligne-entre-kais-saied-et-hichem-mechichi\/#primaryimage"},"thumbnailUrl":"http:\/\/kapitalis.com\/tunisie\/wp-content\/uploads\/2019\/03\/Ridha-Kefi.jpg","keywords":["B\u00e9ji Ca\u00efd Essebsi","Chawki Tabib","El-Kamour","Elyes Fakhhakh","Habib Essid","Hichem Mechichi","\u064fKa\u00efs Sa\u00efed","Youssef Chahed"],"articleSection":["A LA UNE","POLITIQUE","Tunisie"],"inLanguage":"fr-FR","potentialAction":[{"@type":"CommentAction","name":"Comment","target":["https:\/\/kapitalis.com\/tunisie\/2020\/08\/29\/fritures-sur-la-ligne-entre-kais-saied-et-hichem-mechichi\/#respond"]}]},{"@type":"WebPage","@id":"https:\/\/kapitalis.com\/tunisie\/2020\/08\/29\/fritures-sur-la-ligne-entre-kais-saied-et-hichem-mechichi\/","url":"https:\/\/kapitalis.com\/tunisie\/2020\/08\/29\/fritures-sur-la-ligne-entre-kais-saied-et-hichem-mechichi\/","name":"Fritures sur la ligne entre Ka\u00efs Sa\u00efed et Hichem Mechichi - Kapitalis","isPartOf":{"@id":"https:\/\/kapitalis.com\/tunisie\/#website"},"primaryImageOfPage":{"@id":"https:\/\/kapitalis.com\/tunisie\/2020\/08\/29\/fritures-sur-la-ligne-entre-kais-saied-et-hichem-mechichi\/#primaryimage"},"image":{"@id":"https:\/\/kapitalis.com\/tunisie\/2020\/08\/29\/fritures-sur-la-ligne-entre-kais-saied-et-hichem-mechichi\/#primaryimage"},"thumbnailUrl":"http:\/\/kapitalis.com\/tunisie\/wp-content\/uploads\/2019\/03\/Ridha-Kefi.jpg","datePublished":"2020-08-29T09:19:41+00:00","dateModified":"2020-08-29T12:31:19+00:00","breadcrumb":{"@id":"https:\/\/kapitalis.com\/tunisie\/2020\/08\/29\/fritures-sur-la-ligne-entre-kais-saied-et-hichem-mechichi\/#breadcrumb"},"inLanguage":"fr-FR","potentialAction":[{"@type":"ReadAction","target":["https:\/\/kapitalis.com\/tunisie\/2020\/08\/29\/fritures-sur-la-ligne-entre-kais-saied-et-hichem-mechichi\/"]}]},{"@type":"ImageObject","inLanguage":"fr-FR","@id":"https:\/\/kapitalis.com\/tunisie\/2020\/08\/29\/fritures-sur-la-ligne-entre-kais-saied-et-hichem-mechichi\/#primaryimage","url":"","contentUrl":""},{"@type":"BreadcrumbList","@id":"https:\/\/kapitalis.com\/tunisie\/2020\/08\/29\/fritures-sur-la-ligne-entre-kais-saied-et-hichem-mechichi\/#breadcrumb","itemListElement":[{"@type":"ListItem","position":1,"name":"Accueil","item":"https:\/\/kapitalis.com\/tunisie\/"},{"@type":"ListItem","position":2,"name":"Fritures sur la ligne entre Ka\u00efs Sa\u00efed et Hichem Mechichi"}]},{"@type":"WebSite","@id":"https:\/\/kapitalis.com\/tunisie\/#website","url":"https:\/\/kapitalis.com\/tunisie\/","name":"Kapitalis","description":"L&#039;actualit\u00e9 en Tunisie et dans le monde","publisher":{"@id":"https:\/\/kapitalis.com\/tunisie\/#organization"},"potentialAction":[{"@type":"SearchAction","target":{"@type":"EntryPoint","urlTemplate":"https:\/\/kapitalis.com\/tunisie\/?s={search_term_string}"},"query-input":{"@type":"PropertyValueSpecification","valueRequired":true,"valueName":"search_term_string"}}],"inLanguage":"fr-FR"},{"@type":"Organization","@id":"https:\/\/kapitalis.com\/tunisie\/#organization","name":"Kapitalis","url":"https:\/\/kapitalis.com\/tunisie\/","logo":{"@type":"ImageObject","inLanguage":"fr-FR","@id":"https:\/\/kapitalis.com\/tunisie\/#\/schema\/logo\/image\/","url":"https:\/\/kapitalis.com\/tunisie\/wp-content\/uploads\/2022\/05\/Kapitalis-big-size.png","contentUrl":"https:\/\/kapitalis.com\/tunisie\/wp-content\/uploads\/2022\/05\/Kapitalis-big-size.png","width":5000,"height":1500,"caption":"Kapitalis"},"image":{"@id":"https:\/\/kapitalis.com\/tunisie\/#\/schema\/logo\/image\/"},"sameAs":["https:\/\/www.facebook.com\/KapitalisInfo\/","https:\/\/x.com\/KapitalisInfo","https:\/\/www.youtube.com\/channel\/UC-yDYrHyfFBWWZaOw3FPg9Q"]},{"@type":"Person","@id":"https:\/\/kapitalis.com\/tunisie\/#\/schema\/person\/d71f33a9ca44f7bad4698210b480c8e9","name":"webmaster kapitalis","url":"https:\/\/kapitalis.com\/tunisie\/author\/webmaster-kapitalis\/"}]}},"_links":{"self":[{"href":"https:\/\/kapitalis.com\/tunisie\/wp-json\/wp\/v2\/posts\/314091","targetHints":{"allow":["GET"]}}],"collection":[{"href":"https:\/\/kapitalis.com\/tunisie\/wp-json\/wp\/v2\/posts"}],"about":[{"href":"https:\/\/kapitalis.com\/tunisie\/wp-json\/wp\/v2\/types\/post"}],"author":[{"embeddable":true,"href":"https:\/\/kapitalis.com\/tunisie\/wp-json\/wp\/v2\/users\/8"}],"replies":[{"embeddable":true,"href":"https:\/\/kapitalis.com\/tunisie\/wp-json\/wp\/v2\/comments?post=314091"}],"version-history":[{"count":0,"href":"https:\/\/kapitalis.com\/tunisie\/wp-json\/wp\/v2\/posts\/314091\/revisions"}],"wp:attachment":[{"href":"https:\/\/kapitalis.com\/tunisie\/wp-json\/wp\/v2\/media?parent=314091"}],"wp:term":[{"taxonomy":"category","embeddable":true,"href":"https:\/\/kapitalis.com\/tunisie\/wp-json\/wp\/v2\/categories?post=314091"},{"taxonomy":"post_tag","embeddable":true,"href":"https:\/\/kapitalis.com\/tunisie\/wp-json\/wp\/v2\/tags?post=314091"}],"curies":[{"name":"wp","href":"https:\/\/api.w.org\/{rel}","templated":true}]}}