{"id":314184,"date":"2020-08-30T10:33:54","date_gmt":"2020-08-30T09:33:54","guid":{"rendered":"http:\/\/kapitalis.com\/tunisie\/?p=314184"},"modified":"2020-08-30T10:34:03","modified_gmt":"2020-08-30T09:34:03","slug":"le-poeme-du-dimanche-said-le-fou-de-rafiq-sabir","status":"publish","type":"post","link":"https:\/\/kapitalis.com\/tunisie\/2020\/08\/30\/le-poeme-du-dimanche-said-le-fou-de-rafiq-sabir\/","title":{"rendered":"Le po\u00e8me du dimanche: \u2018\u2018Sa\u00efd le fou\u2019\u2019 de Rafiq Sabir"},"content":{"rendered":"\n<figure class=\"wp-block-image size-large\"><img decoding=\"async\" src=\"http:\/\/kapitalis.com\/tunisie\/wp-content\/uploads\/2020\/08\/Rafiq-Sabir.jpg\" alt=\"\" class=\"wp-image-314185\"\/><\/figure>\n\n\n\n<p><strong><em>Rafiq Sabir est un po\u00e8te kurde irakien contemporain. Il est n\u00e9 \u00e0 Qaladz\u00ea, une ville de 74.000 habitants dans la r\u00e9gion du <\/em><\/strong><em>Kurdistan irakien,<\/em><strong><em> au nord de Souleimaniye, pr\u00e8s de la fronti\u00e8re iranienne. Qaladze signifie \u00abCh\u00e2teau des deux rivi\u00e8res\u00bb compos\u00e9 \u00e0 partir des mots kurdes Qala = ch\u00e2teau, dw = deux et ze = rivi\u00e8re. Au sud-ouest de la ville, il y a une petite colline entre deux rivi\u00e8res.<\/em><\/strong><\/p>\n\n\n\n<!--more-->\n\n\n\n<p>En 1974, il a obtenu un baccalaur\u00e9at \u00e8s arts de l\u2019Universit\u00e9 de Bagdad. Il a d\u00e9m\u00e9nag\u00e9 en Su\u00e8de en 1989. Il \u00e9crit dans le dialecte sorani qui est l\u2019un des trois dialectes kurdes parl\u00e9 par une grande partie des Kurdes d\u2019Irak et d\u2019Iran. Il appartient \u00e0 la g\u00e9n\u00e9ration post-Abdullah Goran de modernistes de la po\u00e9sie kurde, Abdallah Guran est consid\u00e9r\u00e9 comme le p\u00e8re de la litt\u00e9rature kurde moderne.<\/p>\n\n\n\n<p><em>Quelle douleur<br>T\u2019a conduit<br>vers ce triste temps<br>ces branches emm\u00eal\u00e9es<br>cet amour<br>et le rivage de cette nuit \u00e9ternelle ?<\/em><\/p>\n\n\n\n<p><em>Quelle douleur a charg\u00e9 tes \u00e9paules<br>de cette montagne de solitude et de vagues?<\/em><\/p>\n\n\n\n<p><em>Quelle douleur<br>T\u2019a fait choisir un territoire<br>de rocs<br>de neige et de braises ?<\/em><\/p>\n\n\n\n<p><em>Ne me fais pas \u00e9couter cette m\u00e9lodie<br>je ne veux pas conna\u00eetre d\u2019autres stupeurs<br>je ne veux pas que l\u2019odeur du cimeti\u00e8re<br>me r\u00e9duise en fum\u00e9e<\/em><\/p>\n\n\n\n<p><em>Je ne veux pas vivre une grande errance<br>sur les sentiers de la nuit et de l\u2019exil<\/em><\/p>\n\n\n\n<p><em>Ensemble nous sommes redevenus un jour des enfants<br>nous avons courus derri\u00e8re les papillon du cr\u00e9puscule<\/em><\/p>\n\n\n\n<p><em>\u00c0 l\u2019horizon de l\u2019horizon<br>nous avons fait rouler les blocs de nuage<br>\u00e0 travers les branches<br>Et dans l\u2019ombre de ce mur<br>nous regardions l\u2019univers<\/em><\/p>\n\n\n\n<p><em>Lorsque nous sommes revenus chez nous<br>dans l\u2019obscurit\u00e9 de la brume<br>les r\u00e9verb\u00e8res de la ville t\u2019ont souvent \u00e9gar\u00e9<br>je t\u2019ai alors cherch\u00e9 dans la fosse de cet univers<br>qui est trop petit pour moi.<\/em><\/p>\n\n\n\n<p><em>Ne me fais plus \u00e9couter cette m\u00e9lodie<br>L\u2019amour m\u2019a habitu\u00e9 au d\u00e9sert et \u00e0 la montagne<br>Il m\u2019a r\u00e9duit \u00e0 une l\u00e9gende<br>\u00e0 une pierre, \u00e0 une poign\u00e9e de terre<br>il m\u2019a offert \u00e0 la foudre et \u00e0 la pluie<br>il m\u2019a couvert de silence et de rocs<br>dans les tunnels et les vall\u00e9es du n\u00e9ant<br>il m\u2019a cach\u00e9.<\/em><\/p>\n","protected":false},"excerpt":{"rendered":"<p>Rafiq Sabir est un po\u00e8te kurde irakien contemporain. Il est n\u00e9 \u00e0 Qaladz\u00ea, une ville de 74.000 habitants dans la r\u00e9gion du Kurdistan irakien, au nord de Souleimaniye, pr\u00e8s de la fronti\u00e8re iranienne. Qaladze signifie \u00abCh\u00e2teau des deux rivi\u00e8res\u00bb compos\u00e9 \u00e0 partir des mots kurdes Qala = ch\u00e2teau, dw = deux et ze = rivi\u00e8re&#8230;.<\/p>\n","protected":false},"author":8,"featured_media":314185,"comment_status":"open","ping_status":"open","sticky":false,"template":"","format":"standard","meta":{"footnotes":""},"categories":[992,994],"tags":[82264,82266,82263,82267,82262,82265],"class_list":["post-314184","post","type-post","status-publish","format-standard","has-post-thumbnail","hentry","category-a-la-une","category-culture","tag-abdulla-goran","tag-kurdistan-irakien","tag-poete-kurde","tag-qaladze","tag-rafiq-sabir","tag-souleimaniye"],"yoast_head":"<!-- This site is optimized with the Yoast SEO plugin v26.6 - https:\/\/yoast.com\/wordpress\/plugins\/seo\/ -->\n<title>Le po\u00e8me du dimanche: \u2018\u2018Sa\u00efd le fou\u2019\u2019 de Rafiq Sabir - Kapitalis<\/title>\n<meta name=\"robots\" content=\"index, follow, max-snippet:-1, max-image-preview:large, max-video-preview:-1\" \/>\n<link rel=\"canonical\" href=\"https:\/\/kapitalis.com\/tunisie\/2020\/08\/30\/le-poeme-du-dimanche-said-le-fou-de-rafiq-sabir\/\" \/>\n<meta property=\"og:locale\" content=\"fr_FR\" \/>\n<meta property=\"og:type\" content=\"article\" \/>\n<meta property=\"og:title\" content=\"Le po\u00e8me du dimanche: \u2018\u2018Sa\u00efd le fou\u2019\u2019 de Rafiq Sabir - Kapitalis\" \/>\n<meta property=\"og:description\" content=\"Rafiq Sabir est un po\u00e8te kurde irakien contemporain. Il est n\u00e9 \u00e0 Qaladz\u00ea, une ville de 74.000 habitants dans la r\u00e9gion du Kurdistan irakien, au nord de Souleimaniye, pr\u00e8s de la fronti\u00e8re iranienne. Qaladze signifie \u00abCh\u00e2teau des deux rivi\u00e8res\u00bb compos\u00e9 \u00e0 partir des mots kurdes Qala = ch\u00e2teau, dw = deux et ze = rivi\u00e8re....\" \/>\n<meta property=\"og:url\" content=\"https:\/\/kapitalis.com\/tunisie\/2020\/08\/30\/le-poeme-du-dimanche-said-le-fou-de-rafiq-sabir\/\" \/>\n<meta property=\"og:site_name\" content=\"Kapitalis\" \/>\n<meta property=\"article:publisher\" content=\"https:\/\/www.facebook.com\/KapitalisInfo\/\" \/>\n<meta property=\"article:published_time\" content=\"2020-08-30T09:33:54+00:00\" \/>\n<meta property=\"article:modified_time\" content=\"2020-08-30T09:34:03+00:00\" \/>\n<meta property=\"og:image\" content=\"https:\/\/kapitalis.com\/tunisie\/wp-content\/uploads\/2022\/05\/kapitalis-logo-fb.png\" \/>\n\t<meta property=\"og:image:width\" content=\"1200\" \/>\n\t<meta property=\"og:image:height\" content=\"630\" \/>\n\t<meta property=\"og:image:type\" content=\"image\/png\" \/>\n<meta name=\"author\" content=\"webmaster kapitalis\" \/>\n<meta name=\"twitter:card\" content=\"summary_large_image\" \/>\n<meta name=\"twitter:creator\" content=\"@KapitalisInfo\" \/>\n<meta name=\"twitter:site\" content=\"@KapitalisInfo\" \/>\n<meta name=\"twitter:label1\" content=\"\u00c9crit par\" \/>\n\t<meta name=\"twitter:data1\" content=\"webmaster kapitalis\" \/>\n\t<meta name=\"twitter:label2\" content=\"Dur\u00e9e de lecture estim\u00e9e\" \/>\n\t<meta name=\"twitter:data2\" content=\"2 minutes\" \/>\n<script type=\"application\/ld+json\" class=\"yoast-schema-graph\">{\"@context\":\"https:\/\/schema.org\",\"@graph\":[{\"@type\":\"Article\",\"@id\":\"https:\/\/kapitalis.com\/tunisie\/2020\/08\/30\/le-poeme-du-dimanche-said-le-fou-de-rafiq-sabir\/#article\",\"isPartOf\":{\"@id\":\"https:\/\/kapitalis.com\/tunisie\/2020\/08\/30\/le-poeme-du-dimanche-said-le-fou-de-rafiq-sabir\/\"},\"author\":{\"name\":\"webmaster kapitalis\",\"@id\":\"https:\/\/kapitalis.com\/tunisie\/#\/schema\/person\/d71f33a9ca44f7bad4698210b480c8e9\"},\"headline\":\"Le po\u00e8me du dimanche: \u2018\u2018Sa\u00efd le fou\u2019\u2019 de Rafiq Sabir\",\"datePublished\":\"2020-08-30T09:33:54+00:00\",\"dateModified\":\"2020-08-30T09:34:03+00:00\",\"mainEntityOfPage\":{\"@id\":\"https:\/\/kapitalis.com\/tunisie\/2020\/08\/30\/le-poeme-du-dimanche-said-le-fou-de-rafiq-sabir\/\"},\"wordCount\":391,\"commentCount\":2,\"publisher\":{\"@id\":\"https:\/\/kapitalis.com\/tunisie\/#organization\"},\"image\":{\"@id\":\"https:\/\/kapitalis.com\/tunisie\/2020\/08\/30\/le-poeme-du-dimanche-said-le-fou-de-rafiq-sabir\/#primaryimage\"},\"thumbnailUrl\":\"\",\"keywords\":[\"Abdulla Goran\",\"Kurdistan irakien\",\"po\u00e8te kurde\",\"Qaladz\u00ea\",\"Rafiq Sabir\",\"Souleimaniye\"],\"articleSection\":[\"A LA UNE\",\"CULTURE\"],\"inLanguage\":\"fr-FR\",\"potentialAction\":[{\"@type\":\"CommentAction\",\"name\":\"Comment\",\"target\":[\"https:\/\/kapitalis.com\/tunisie\/2020\/08\/30\/le-poeme-du-dimanche-said-le-fou-de-rafiq-sabir\/#respond\"]}]},{\"@type\":\"WebPage\",\"@id\":\"https:\/\/kapitalis.com\/tunisie\/2020\/08\/30\/le-poeme-du-dimanche-said-le-fou-de-rafiq-sabir\/\",\"url\":\"https:\/\/kapitalis.com\/tunisie\/2020\/08\/30\/le-poeme-du-dimanche-said-le-fou-de-rafiq-sabir\/\",\"name\":\"Le po\u00e8me du dimanche: \u2018\u2018Sa\u00efd le fou\u2019\u2019 de Rafiq Sabir - Kapitalis\",\"isPartOf\":{\"@id\":\"https:\/\/kapitalis.com\/tunisie\/#website\"},\"primaryImageOfPage\":{\"@id\":\"https:\/\/kapitalis.com\/tunisie\/2020\/08\/30\/le-poeme-du-dimanche-said-le-fou-de-rafiq-sabir\/#primaryimage\"},\"image\":{\"@id\":\"https:\/\/kapitalis.com\/tunisie\/2020\/08\/30\/le-poeme-du-dimanche-said-le-fou-de-rafiq-sabir\/#primaryimage\"},\"thumbnailUrl\":\"\",\"datePublished\":\"2020-08-30T09:33:54+00:00\",\"dateModified\":\"2020-08-30T09:34:03+00:00\",\"breadcrumb\":{\"@id\":\"https:\/\/kapitalis.com\/tunisie\/2020\/08\/30\/le-poeme-du-dimanche-said-le-fou-de-rafiq-sabir\/#breadcrumb\"},\"inLanguage\":\"fr-FR\",\"potentialAction\":[{\"@type\":\"ReadAction\",\"target\":[\"https:\/\/kapitalis.com\/tunisie\/2020\/08\/30\/le-poeme-du-dimanche-said-le-fou-de-rafiq-sabir\/\"]}]},{\"@type\":\"ImageObject\",\"inLanguage\":\"fr-FR\",\"@id\":\"https:\/\/kapitalis.com\/tunisie\/2020\/08\/30\/le-poeme-du-dimanche-said-le-fou-de-rafiq-sabir\/#primaryimage\",\"url\":\"\",\"contentUrl\":\"\"},{\"@type\":\"BreadcrumbList\",\"@id\":\"https:\/\/kapitalis.com\/tunisie\/2020\/08\/30\/le-poeme-du-dimanche-said-le-fou-de-rafiq-sabir\/#breadcrumb\",\"itemListElement\":[{\"@type\":\"ListItem\",\"position\":1,\"name\":\"Accueil\",\"item\":\"https:\/\/kapitalis.com\/tunisie\/\"},{\"@type\":\"ListItem\",\"position\":2,\"name\":\"Le po\u00e8me du dimanche: \u2018\u2018Sa\u00efd le fou\u2019\u2019 de Rafiq Sabir\"}]},{\"@type\":\"WebSite\",\"@id\":\"https:\/\/kapitalis.com\/tunisie\/#website\",\"url\":\"https:\/\/kapitalis.com\/tunisie\/\",\"name\":\"Kapitalis\",\"description\":\"L&#039;actualit\u00e9 en Tunisie et dans le monde\",\"publisher\":{\"@id\":\"https:\/\/kapitalis.com\/tunisie\/#organization\"},\"potentialAction\":[{\"@type\":\"SearchAction\",\"target\":{\"@type\":\"EntryPoint\",\"urlTemplate\":\"https:\/\/kapitalis.com\/tunisie\/?s={search_term_string}\"},\"query-input\":{\"@type\":\"PropertyValueSpecification\",\"valueRequired\":true,\"valueName\":\"search_term_string\"}}],\"inLanguage\":\"fr-FR\"},{\"@type\":\"Organization\",\"@id\":\"https:\/\/kapitalis.com\/tunisie\/#organization\",\"name\":\"Kapitalis\",\"url\":\"https:\/\/kapitalis.com\/tunisie\/\",\"logo\":{\"@type\":\"ImageObject\",\"inLanguage\":\"fr-FR\",\"@id\":\"https:\/\/kapitalis.com\/tunisie\/#\/schema\/logo\/image\/\",\"url\":\"https:\/\/kapitalis.com\/tunisie\/wp-content\/uploads\/2022\/05\/Kapitalis-big-size.png\",\"contentUrl\":\"https:\/\/kapitalis.com\/tunisie\/wp-content\/uploads\/2022\/05\/Kapitalis-big-size.png\",\"width\":5000,\"height\":1500,\"caption\":\"Kapitalis\"},\"image\":{\"@id\":\"https:\/\/kapitalis.com\/tunisie\/#\/schema\/logo\/image\/\"},\"sameAs\":[\"https:\/\/www.facebook.com\/KapitalisInfo\/\",\"https:\/\/x.com\/KapitalisInfo\",\"https:\/\/www.youtube.com\/channel\/UC-yDYrHyfFBWWZaOw3FPg9Q\"]},{\"@type\":\"Person\",\"@id\":\"https:\/\/kapitalis.com\/tunisie\/#\/schema\/person\/d71f33a9ca44f7bad4698210b480c8e9\",\"name\":\"webmaster kapitalis\",\"url\":\"https:\/\/kapitalis.com\/tunisie\/author\/webmaster-kapitalis\/\"}]}<\/script>\n<!-- \/ Yoast SEO plugin. -->","yoast_head_json":{"title":"Le po\u00e8me du dimanche: \u2018\u2018Sa\u00efd le fou\u2019\u2019 de Rafiq Sabir - Kapitalis","robots":{"index":"index","follow":"follow","max-snippet":"max-snippet:-1","max-image-preview":"max-image-preview:large","max-video-preview":"max-video-preview:-1"},"canonical":"https:\/\/kapitalis.com\/tunisie\/2020\/08\/30\/le-poeme-du-dimanche-said-le-fou-de-rafiq-sabir\/","og_locale":"fr_FR","og_type":"article","og_title":"Le po\u00e8me du dimanche: \u2018\u2018Sa\u00efd le fou\u2019\u2019 de Rafiq Sabir - Kapitalis","og_description":"Rafiq Sabir est un po\u00e8te kurde irakien contemporain. Il est n\u00e9 \u00e0 Qaladz\u00ea, une ville de 74.000 habitants dans la r\u00e9gion du Kurdistan irakien, au nord de Souleimaniye, pr\u00e8s de la fronti\u00e8re iranienne. Qaladze signifie \u00abCh\u00e2teau des deux rivi\u00e8res\u00bb compos\u00e9 \u00e0 partir des mots kurdes Qala = ch\u00e2teau, dw = deux et ze = rivi\u00e8re....","og_url":"https:\/\/kapitalis.com\/tunisie\/2020\/08\/30\/le-poeme-du-dimanche-said-le-fou-de-rafiq-sabir\/","og_site_name":"Kapitalis","article_publisher":"https:\/\/www.facebook.com\/KapitalisInfo\/","article_published_time":"2020-08-30T09:33:54+00:00","article_modified_time":"2020-08-30T09:34:03+00:00","og_image":[{"width":1200,"height":630,"url":"https:\/\/kapitalis.com\/tunisie\/wp-content\/uploads\/2022\/05\/kapitalis-logo-fb.png","type":"image\/png"}],"author":"webmaster kapitalis","twitter_card":"summary_large_image","twitter_creator":"@KapitalisInfo","twitter_site":"@KapitalisInfo","twitter_misc":{"\u00c9crit par":"webmaster kapitalis","Dur\u00e9e de lecture estim\u00e9e":"2 minutes"},"schema":{"@context":"https:\/\/schema.org","@graph":[{"@type":"Article","@id":"https:\/\/kapitalis.com\/tunisie\/2020\/08\/30\/le-poeme-du-dimanche-said-le-fou-de-rafiq-sabir\/#article","isPartOf":{"@id":"https:\/\/kapitalis.com\/tunisie\/2020\/08\/30\/le-poeme-du-dimanche-said-le-fou-de-rafiq-sabir\/"},"author":{"name":"webmaster kapitalis","@id":"https:\/\/kapitalis.com\/tunisie\/#\/schema\/person\/d71f33a9ca44f7bad4698210b480c8e9"},"headline":"Le po\u00e8me du dimanche: \u2018\u2018Sa\u00efd le fou\u2019\u2019 de Rafiq Sabir","datePublished":"2020-08-30T09:33:54+00:00","dateModified":"2020-08-30T09:34:03+00:00","mainEntityOfPage":{"@id":"https:\/\/kapitalis.com\/tunisie\/2020\/08\/30\/le-poeme-du-dimanche-said-le-fou-de-rafiq-sabir\/"},"wordCount":391,"commentCount":2,"publisher":{"@id":"https:\/\/kapitalis.com\/tunisie\/#organization"},"image":{"@id":"https:\/\/kapitalis.com\/tunisie\/2020\/08\/30\/le-poeme-du-dimanche-said-le-fou-de-rafiq-sabir\/#primaryimage"},"thumbnailUrl":"","keywords":["Abdulla Goran","Kurdistan irakien","po\u00e8te kurde","Qaladz\u00ea","Rafiq Sabir","Souleimaniye"],"articleSection":["A LA UNE","CULTURE"],"inLanguage":"fr-FR","potentialAction":[{"@type":"CommentAction","name":"Comment","target":["https:\/\/kapitalis.com\/tunisie\/2020\/08\/30\/le-poeme-du-dimanche-said-le-fou-de-rafiq-sabir\/#respond"]}]},{"@type":"WebPage","@id":"https:\/\/kapitalis.com\/tunisie\/2020\/08\/30\/le-poeme-du-dimanche-said-le-fou-de-rafiq-sabir\/","url":"https:\/\/kapitalis.com\/tunisie\/2020\/08\/30\/le-poeme-du-dimanche-said-le-fou-de-rafiq-sabir\/","name":"Le po\u00e8me du dimanche: \u2018\u2018Sa\u00efd le fou\u2019\u2019 de Rafiq Sabir - Kapitalis","isPartOf":{"@id":"https:\/\/kapitalis.com\/tunisie\/#website"},"primaryImageOfPage":{"@id":"https:\/\/kapitalis.com\/tunisie\/2020\/08\/30\/le-poeme-du-dimanche-said-le-fou-de-rafiq-sabir\/#primaryimage"},"image":{"@id":"https:\/\/kapitalis.com\/tunisie\/2020\/08\/30\/le-poeme-du-dimanche-said-le-fou-de-rafiq-sabir\/#primaryimage"},"thumbnailUrl":"","datePublished":"2020-08-30T09:33:54+00:00","dateModified":"2020-08-30T09:34:03+00:00","breadcrumb":{"@id":"https:\/\/kapitalis.com\/tunisie\/2020\/08\/30\/le-poeme-du-dimanche-said-le-fou-de-rafiq-sabir\/#breadcrumb"},"inLanguage":"fr-FR","potentialAction":[{"@type":"ReadAction","target":["https:\/\/kapitalis.com\/tunisie\/2020\/08\/30\/le-poeme-du-dimanche-said-le-fou-de-rafiq-sabir\/"]}]},{"@type":"ImageObject","inLanguage":"fr-FR","@id":"https:\/\/kapitalis.com\/tunisie\/2020\/08\/30\/le-poeme-du-dimanche-said-le-fou-de-rafiq-sabir\/#primaryimage","url":"","contentUrl":""},{"@type":"BreadcrumbList","@id":"https:\/\/kapitalis.com\/tunisie\/2020\/08\/30\/le-poeme-du-dimanche-said-le-fou-de-rafiq-sabir\/#breadcrumb","itemListElement":[{"@type":"ListItem","position":1,"name":"Accueil","item":"https:\/\/kapitalis.com\/tunisie\/"},{"@type":"ListItem","position":2,"name":"Le po\u00e8me du dimanche: \u2018\u2018Sa\u00efd le fou\u2019\u2019 de Rafiq Sabir"}]},{"@type":"WebSite","@id":"https:\/\/kapitalis.com\/tunisie\/#website","url":"https:\/\/kapitalis.com\/tunisie\/","name":"Kapitalis","description":"L&#039;actualit\u00e9 en Tunisie et dans le monde","publisher":{"@id":"https:\/\/kapitalis.com\/tunisie\/#organization"},"potentialAction":[{"@type":"SearchAction","target":{"@type":"EntryPoint","urlTemplate":"https:\/\/kapitalis.com\/tunisie\/?s={search_term_string}"},"query-input":{"@type":"PropertyValueSpecification","valueRequired":true,"valueName":"search_term_string"}}],"inLanguage":"fr-FR"},{"@type":"Organization","@id":"https:\/\/kapitalis.com\/tunisie\/#organization","name":"Kapitalis","url":"https:\/\/kapitalis.com\/tunisie\/","logo":{"@type":"ImageObject","inLanguage":"fr-FR","@id":"https:\/\/kapitalis.com\/tunisie\/#\/schema\/logo\/image\/","url":"https:\/\/kapitalis.com\/tunisie\/wp-content\/uploads\/2022\/05\/Kapitalis-big-size.png","contentUrl":"https:\/\/kapitalis.com\/tunisie\/wp-content\/uploads\/2022\/05\/Kapitalis-big-size.png","width":5000,"height":1500,"caption":"Kapitalis"},"image":{"@id":"https:\/\/kapitalis.com\/tunisie\/#\/schema\/logo\/image\/"},"sameAs":["https:\/\/www.facebook.com\/KapitalisInfo\/","https:\/\/x.com\/KapitalisInfo","https:\/\/www.youtube.com\/channel\/UC-yDYrHyfFBWWZaOw3FPg9Q"]},{"@type":"Person","@id":"https:\/\/kapitalis.com\/tunisie\/#\/schema\/person\/d71f33a9ca44f7bad4698210b480c8e9","name":"webmaster kapitalis","url":"https:\/\/kapitalis.com\/tunisie\/author\/webmaster-kapitalis\/"}]}},"_links":{"self":[{"href":"https:\/\/kapitalis.com\/tunisie\/wp-json\/wp\/v2\/posts\/314184","targetHints":{"allow":["GET"]}}],"collection":[{"href":"https:\/\/kapitalis.com\/tunisie\/wp-json\/wp\/v2\/posts"}],"about":[{"href":"https:\/\/kapitalis.com\/tunisie\/wp-json\/wp\/v2\/types\/post"}],"author":[{"embeddable":true,"href":"https:\/\/kapitalis.com\/tunisie\/wp-json\/wp\/v2\/users\/8"}],"replies":[{"embeddable":true,"href":"https:\/\/kapitalis.com\/tunisie\/wp-json\/wp\/v2\/comments?post=314184"}],"version-history":[{"count":0,"href":"https:\/\/kapitalis.com\/tunisie\/wp-json\/wp\/v2\/posts\/314184\/revisions"}],"wp:featuredmedia":[{"embeddable":true,"href":"https:\/\/kapitalis.com\/tunisie\/wp-json\/wp\/v2\/media\/314185"}],"wp:attachment":[{"href":"https:\/\/kapitalis.com\/tunisie\/wp-json\/wp\/v2\/media?parent=314184"}],"wp:term":[{"taxonomy":"category","embeddable":true,"href":"https:\/\/kapitalis.com\/tunisie\/wp-json\/wp\/v2\/categories?post=314184"},{"taxonomy":"post_tag","embeddable":true,"href":"https:\/\/kapitalis.com\/tunisie\/wp-json\/wp\/v2\/tags?post=314184"}],"curies":[{"name":"wp","href":"https:\/\/api.w.org\/{rel}","templated":true}]}}