{"id":314256,"date":"2020-08-31T11:36:06","date_gmt":"2020-08-31T10:36:06","guid":{"rendered":"http:\/\/kapitalis.com\/tunisie\/?p=314256"},"modified":"2020-09-01T06:47:10","modified_gmt":"2020-09-01T05:47:10","slug":"la-pleniere-de-vote-de-confiance-au-gouvernement-mechichi-ne-doit-pas-depasser-4-heures","status":"publish","type":"post","link":"https:\/\/kapitalis.com\/tunisie\/2020\/08\/31\/la-pleniere-de-vote-de-confiance-au-gouvernement-mechichi-ne-doit-pas-depasser-4-heures\/","title":{"rendered":"La pl\u00e9ni\u00e8re de vote de confiance au gouvernement Mechichi ne doit pas d\u00e9passer 4 heures"},"content":{"rendered":"\n<figure class=\"wp-block-image size-large\"><img decoding=\"async\" src=\"http:\/\/kapitalis.com\/tunisie\/wp-content\/uploads\/2019\/10\/Assembl\u00e9e-ARP.jpg\" alt=\"\" class=\"wp-image-246072\"\/><\/figure>\n\n\n\n<p><strong><em>La pl\u00e9ni\u00e8re consacr\u00e9e au vote de confiance au gouvernement Hichem Mechichi est pr\u00e9vue pour demain, mardi 1er septembre 2020. Afin d\u2019am\u00e9liorer l\u2019image de marque tr\u00e8s d\u00e9grad\u00e9e de l\u2019Assembl\u00e9e des repr\u00e9sentants du peuple (ARP), la s\u00e9ance ne doit pas d\u00e9passer 4 heures de temps, comme cela se fait dans les d\u00e9mocraties dignes de ce nom. C\u2019est possible mais est-ce trop demander \u00e0 ces chers d\u00e9put\u00e9s de parler peu et bien ?<\/em><\/strong><\/p>\n\n\n\n<p>Par <strong>Abdelmajid Mselmi<\/strong> *<\/p>\n\n\n\n<!--more-->\n\n\n\n<div class=\"wp-block-image\"><figure class=\"alignleft size-large\"><img decoding=\"async\" src=\"http:\/\/kapitalis.com\/tunisie\/wp-content\/uploads\/2019\/12\/Abdelmajid-Mselmi.jpg\" alt=\"\" class=\"wp-image-265008\"\/><\/figure><\/div>\n\n\n\n<p>L\u2019image du parlement tunisien est de plus en plus ternie \u00e0 tel point que beaucoup de Tunisiens souhaitent sa dissolution pure et simple.<\/p>\n\n\n\n<p>Certes, des courants populistes (notamment celui favorable au pr\u00e9sident Kais Saied) et des courants anti-d\u00e9mocratiques, tel que le Parti destourien libre (PDL), ne cessent d\u2019attaquer et de d\u00e9nigrer la d\u00e9mocratie tunisienne et son organe le plus important qui est le parlement.<\/p>\n\n\n\n<p>Mais d\u2019autre part, les comportements des d\u00e9put\u00e9s ne peuvent que les discr\u00e9diter. Les disputes, la violence verbale, la non-pertinence des interventions sous la coupole, l\u2019absent\u00e9isme\u2026 nuisent beaucoup \u00e0 l\u2019image de marque de l\u2019instance l\u00e9gislative.<\/p>\n\n\n\n<p>Dans ce cadre, les pl\u00e9ni\u00e8res pour le vote de confiance aux nouveaux gouvernements, et Dieu sait qu\u2019ils se succ\u00e8dent \u00e0 un rythme effr\u00e9n\u00e9, sont devenues un vrai calvaire pour les Tunisiens.<\/p>\n\n\n\n<p>Demain, mardi 1er septembre 2020, on assistera a la 3e pl\u00e9ni\u00e8re de vote de confiance depuis le d\u00e9but de l\u2019ann\u00e9e 2020.<\/p>\n\n\n\n<p>Les Tunisiens sont d\u00e9go\u00fbtes de ces s\u00e9ances qui durent jusqu\u2019\u00e0 l\u2019aube de la jurn\u00e9e suivante, du nombre pl\u00e9thorique des d\u00e9put\u00e9s qui prennent la parole souvent pour dire des stupidit\u00e9s et juste pour passer \u00e0 la t\u00e9l\u00e9vision, des discours longs, creux et impertinents qui tournent souvent au bavardage\u2026 et apr\u00e8s on se pose la question: pourquoi le parlement est-il ha\u00ef par les citoyens, qui, dans les sondages d\u2019opinion, placent l\u2019instance l\u00e9gislative et les partis politiques tr\u00e8s haut dans le classement de l\u2019impopularit\u00e9 et de la d\u00e9testation.<\/p>\n\n\n\n<p>La pl\u00e9ni\u00e8re du 1er septembre peut-\u00eatre une occasion pour am\u00e9liorer l image de marque du parlement en veillant \u00e0 ce qu\u2019elle ne d\u00e9passe pas 4 heures de temps: 30 minutes pour le discours du chef de gouvernement d\u00e9sign\u00e9, 2 heures et 30 minutes pour des 20 interventions de 7 minutes des repr\u00e9sentants des groupes parlementaires et 30 minutes pour les r\u00e9ponses du chef de gouvernement d\u00e9sign\u00e9. Les 30 minutes restantes seront r\u00e9serv\u00e9es aux points d\u2019ordre, car il y en aura sans doute. a 14 heures tapante, la s\u00e9ance peut \u00eatre cl\u00f4tur\u00e9 par le vote des d\u00e9put\u00e9s.<\/p>\n\n\n\n<p>Rappelons l\u2019adage tunisien repris dans une belle chanson de notre diva Naama : <em>\u00abSi la parole est d\u2019argent le silence est d\u2019or\u00bb.<\/em><\/p>\n\n\n\n<p><em>* M\u00e9decin, membre de Tahya Tounes. <\/em><\/p>\n\n\n\n<h4 class=\"wp-block-heading\"><em>Articles du m\u00eame auteur dans Kapitalis : <\/em><\/h4>\n\n\n\n<figure class=\"wp-block-embed-wordpress wp-block-embed is-type-wp-embed is-provider-kapitalis\"><div class=\"wp-block-embed__wrapper\">\n<blockquote class=\"wp-embedded-content\" data-secret=\"qUBikiBqt0\"><a href=\"https:\/\/kapitalis.com\/tunisie\/2020\/04\/05\/dans-la-guerre-contre-le-covid-19-la-tunisie-a-besoin-de-tous-ses-soldats-en-blouses-blanches\/\">Dans la guerre contre le Covid-19, la Tunisie a besoin de tous ses soldats en blouses blanches<\/a><\/blockquote><iframe loading=\"lazy\" class=\"wp-embedded-content\" sandbox=\"allow-scripts\" security=\"restricted\" style=\"position: absolute; clip: rect(1px, 1px, 1px, 1px);\" title=\"\u00ab\u00a0Dans la guerre contre le Covid-19, la Tunisie a besoin de tous ses soldats en blouses blanches\u00a0\u00bb &#8212; Kapitalis\" src=\"https:\/\/kapitalis.com\/tunisie\/2020\/04\/05\/dans-la-guerre-contre-le-covid-19-la-tunisie-a-besoin-de-tous-ses-soldats-en-blouses-blanches\/embed\/#?secret=Vav6pDjCU9#?secret=qUBikiBqt0\" data-secret=\"qUBikiBqt0\" width=\"600\" height=\"338\" frameborder=\"0\" marginwidth=\"0\" marginheight=\"0\" scrolling=\"no\"><\/iframe>\n<\/div><\/figure>\n\n\n\n<figure class=\"wp-block-embed-wordpress wp-block-embed is-type-wp-embed is-provider-kapitalis\"><div class=\"wp-block-embed__wrapper\">\n<blockquote class=\"wp-embedded-content\" data-secret=\"p8NKlligxa\"><a href=\"https:\/\/kapitalis.com\/tunisie\/2020\/03\/23\/pour-vaincre-le-covid-19-testons-massivement-et-administrons-la-chloroquine\/\">Pour vaincre le Covid-19, testons massivement et administrons la chloroquine!<\/a><\/blockquote><iframe loading=\"lazy\" class=\"wp-embedded-content\" sandbox=\"allow-scripts\" security=\"restricted\" style=\"position: absolute; clip: rect(1px, 1px, 1px, 1px);\" title=\"\u00ab\u00a0Pour vaincre le Covid-19, testons massivement et administrons la chloroquine!\u00a0\u00bb &#8212; Kapitalis\" src=\"https:\/\/kapitalis.com\/tunisie\/2020\/03\/23\/pour-vaincre-le-covid-19-testons-massivement-et-administrons-la-chloroquine\/embed\/#?secret=Qxs1JG6d8A#?secret=p8NKlligxa\" data-secret=\"p8NKlligxa\" width=\"600\" height=\"338\" frameborder=\"0\" marginwidth=\"0\" marginheight=\"0\" scrolling=\"no\"><\/iframe>\n<\/div><\/figure>\n\n\n\n<figure class=\"wp-block-embed-wordpress wp-block-embed is-type-wp-embed is-provider-kapitalis\"><div class=\"wp-block-embed__wrapper\">\n<blockquote class=\"wp-embedded-content\" data-secret=\"iXhJ5FNRX6\"><a href=\"https:\/\/kapitalis.com\/tunisie\/2020\/02\/28\/youssef-chahed-sort-par-la-grande-porte\/\">Youssef Chahed  sort par la grande porte<\/a><\/blockquote><iframe loading=\"lazy\" class=\"wp-embedded-content\" sandbox=\"allow-scripts\" security=\"restricted\" style=\"position: absolute; clip: rect(1px, 1px, 1px, 1px);\" title=\"\u00ab\u00a0Youssef Chahed  sort par la grande porte\u00a0\u00bb &#8212; Kapitalis\" src=\"https:\/\/kapitalis.com\/tunisie\/2020\/02\/28\/youssef-chahed-sort-par-la-grande-porte\/embed\/#?secret=zYgC8C0kKg#?secret=iXhJ5FNRX6\" data-secret=\"iXhJ5FNRX6\" width=\"600\" height=\"338\" frameborder=\"0\" marginwidth=\"0\" marginheight=\"0\" scrolling=\"no\"><\/iframe>\n<\/div><\/figure>\n","protected":false},"excerpt":{"rendered":"<p>La pl\u00e9ni\u00e8re consacr\u00e9e au vote de confiance au gouvernement Hichem Mechichi est pr\u00e9vue pour demain, mardi 1er septembre 2020. Afin d\u2019am\u00e9liorer l\u2019image de marque tr\u00e8s d\u00e9grad\u00e9e de l\u2019Assembl\u00e9e des repr\u00e9sentants du peuple (ARP), la s\u00e9ance ne doit pas d\u00e9passer 4 heures de temps, comme cela se fait dans les d\u00e9mocraties dignes de ce nom. C\u2019est&#8230;<\/p>\n","protected":false},"author":8,"featured_media":0,"comment_status":"open","ping_status":"open","sticky":false,"template":"","format":"standard","meta":{"footnotes":""},"categories":[992,997,1000,2433],"tags":[4638,81393,12190],"class_list":["post-314256","post","type-post","status-publish","format-standard","hentry","category-a-la-une","category-politique","category-tribune","category-tunisie","tag-assemblee-des-representants-du-peuple","tag-gouvernement-mechichi","tag-vote-de-confiance"],"yoast_head":"<!-- This site is optimized with the Yoast SEO plugin v26.6 - https:\/\/yoast.com\/wordpress\/plugins\/seo\/ -->\n<title>La pl\u00e9ni\u00e8re de vote de confiance au gouvernement Mechichi ne doit pas d\u00e9passer 4 heures - Kapitalis<\/title>\n<meta name=\"robots\" content=\"index, follow, max-snippet:-1, max-image-preview:large, max-video-preview:-1\" \/>\n<link rel=\"canonical\" href=\"https:\/\/kapitalis.com\/tunisie\/2020\/08\/31\/la-pleniere-de-vote-de-confiance-au-gouvernement-mechichi-ne-doit-pas-depasser-4-heures\/\" \/>\n<meta property=\"og:locale\" content=\"fr_FR\" \/>\n<meta property=\"og:type\" content=\"article\" \/>\n<meta property=\"og:title\" content=\"La pl\u00e9ni\u00e8re de vote de confiance au gouvernement Mechichi ne doit pas d\u00e9passer 4 heures - Kapitalis\" \/>\n<meta property=\"og:description\" content=\"La pl\u00e9ni\u00e8re consacr\u00e9e au vote de confiance au gouvernement Hichem Mechichi est pr\u00e9vue pour demain, mardi 1er septembre 2020. Afin d\u2019am\u00e9liorer l\u2019image de marque tr\u00e8s d\u00e9grad\u00e9e de l\u2019Assembl\u00e9e des repr\u00e9sentants du peuple (ARP), la s\u00e9ance ne doit pas d\u00e9passer 4 heures de temps, comme cela se fait dans les d\u00e9mocraties dignes de ce nom. C\u2019est...\" \/>\n<meta property=\"og:url\" content=\"https:\/\/kapitalis.com\/tunisie\/2020\/08\/31\/la-pleniere-de-vote-de-confiance-au-gouvernement-mechichi-ne-doit-pas-depasser-4-heures\/\" \/>\n<meta property=\"og:site_name\" content=\"Kapitalis\" \/>\n<meta property=\"article:publisher\" content=\"https:\/\/www.facebook.com\/KapitalisInfo\/\" \/>\n<meta property=\"article:published_time\" content=\"2020-08-31T10:36:06+00:00\" \/>\n<meta property=\"article:modified_time\" content=\"2020-09-01T05:47:10+00:00\" \/>\n<meta property=\"og:image\" content=\"http:\/\/kapitalis.com\/tunisie\/wp-content\/uploads\/2019\/12\/Abdelmajid-Mselmi.jpg\" \/>\n<meta name=\"author\" content=\"webmaster kapitalis\" \/>\n<meta name=\"twitter:card\" content=\"summary_large_image\" \/>\n<meta name=\"twitter:creator\" content=\"@KapitalisInfo\" \/>\n<meta name=\"twitter:site\" content=\"@KapitalisInfo\" \/>\n<meta name=\"twitter:label1\" content=\"\u00c9crit par\" \/>\n\t<meta name=\"twitter:data1\" content=\"webmaster kapitalis\" \/>\n\t<meta name=\"twitter:label2\" content=\"Dur\u00e9e de lecture estim\u00e9e\" \/>\n\t<meta name=\"twitter:data2\" content=\"3 minutes\" \/>\n<script type=\"application\/ld+json\" class=\"yoast-schema-graph\">{\"@context\":\"https:\/\/schema.org\",\"@graph\":[{\"@type\":\"Article\",\"@id\":\"https:\/\/kapitalis.com\/tunisie\/2020\/08\/31\/la-pleniere-de-vote-de-confiance-au-gouvernement-mechichi-ne-doit-pas-depasser-4-heures\/#article\",\"isPartOf\":{\"@id\":\"https:\/\/kapitalis.com\/tunisie\/2020\/08\/31\/la-pleniere-de-vote-de-confiance-au-gouvernement-mechichi-ne-doit-pas-depasser-4-heures\/\"},\"author\":{\"name\":\"webmaster kapitalis\",\"@id\":\"https:\/\/kapitalis.com\/tunisie\/#\/schema\/person\/d71f33a9ca44f7bad4698210b480c8e9\"},\"headline\":\"La pl\u00e9ni\u00e8re de vote de confiance au gouvernement Mechichi ne doit pas d\u00e9passer 4 heures\",\"datePublished\":\"2020-08-31T10:36:06+00:00\",\"dateModified\":\"2020-09-01T05:47:10+00:00\",\"mainEntityOfPage\":{\"@id\":\"https:\/\/kapitalis.com\/tunisie\/2020\/08\/31\/la-pleniere-de-vote-de-confiance-au-gouvernement-mechichi-ne-doit-pas-depasser-4-heures\/\"},\"wordCount\":534,\"commentCount\":2,\"publisher\":{\"@id\":\"https:\/\/kapitalis.com\/tunisie\/#organization\"},\"image\":{\"@id\":\"https:\/\/kapitalis.com\/tunisie\/2020\/08\/31\/la-pleniere-de-vote-de-confiance-au-gouvernement-mechichi-ne-doit-pas-depasser-4-heures\/#primaryimage\"},\"thumbnailUrl\":\"http:\/\/kapitalis.com\/tunisie\/wp-content\/uploads\/2019\/12\/Abdelmajid-Mselmi.jpg\",\"keywords\":[\"Assembl\u00e9e des repr\u00e9sentants du peuple\",\"Gouvernement Mechichi\",\"vote de confiance\"],\"articleSection\":[\"A LA UNE\",\"POLITIQUE\",\"TRIBUNE\",\"Tunisie\"],\"inLanguage\":\"fr-FR\",\"potentialAction\":[{\"@type\":\"CommentAction\",\"name\":\"Comment\",\"target\":[\"https:\/\/kapitalis.com\/tunisie\/2020\/08\/31\/la-pleniere-de-vote-de-confiance-au-gouvernement-mechichi-ne-doit-pas-depasser-4-heures\/#respond\"]}]},{\"@type\":\"WebPage\",\"@id\":\"https:\/\/kapitalis.com\/tunisie\/2020\/08\/31\/la-pleniere-de-vote-de-confiance-au-gouvernement-mechichi-ne-doit-pas-depasser-4-heures\/\",\"url\":\"https:\/\/kapitalis.com\/tunisie\/2020\/08\/31\/la-pleniere-de-vote-de-confiance-au-gouvernement-mechichi-ne-doit-pas-depasser-4-heures\/\",\"name\":\"La pl\u00e9ni\u00e8re de vote de confiance au gouvernement Mechichi ne doit pas d\u00e9passer 4 heures - Kapitalis\",\"isPartOf\":{\"@id\":\"https:\/\/kapitalis.com\/tunisie\/#website\"},\"primaryImageOfPage\":{\"@id\":\"https:\/\/kapitalis.com\/tunisie\/2020\/08\/31\/la-pleniere-de-vote-de-confiance-au-gouvernement-mechichi-ne-doit-pas-depasser-4-heures\/#primaryimage\"},\"image\":{\"@id\":\"https:\/\/kapitalis.com\/tunisie\/2020\/08\/31\/la-pleniere-de-vote-de-confiance-au-gouvernement-mechichi-ne-doit-pas-depasser-4-heures\/#primaryimage\"},\"thumbnailUrl\":\"http:\/\/kapitalis.com\/tunisie\/wp-content\/uploads\/2019\/12\/Abdelmajid-Mselmi.jpg\",\"datePublished\":\"2020-08-31T10:36:06+00:00\",\"dateModified\":\"2020-09-01T05:47:10+00:00\",\"breadcrumb\":{\"@id\":\"https:\/\/kapitalis.com\/tunisie\/2020\/08\/31\/la-pleniere-de-vote-de-confiance-au-gouvernement-mechichi-ne-doit-pas-depasser-4-heures\/#breadcrumb\"},\"inLanguage\":\"fr-FR\",\"potentialAction\":[{\"@type\":\"ReadAction\",\"target\":[\"https:\/\/kapitalis.com\/tunisie\/2020\/08\/31\/la-pleniere-de-vote-de-confiance-au-gouvernement-mechichi-ne-doit-pas-depasser-4-heures\/\"]}]},{\"@type\":\"ImageObject\",\"inLanguage\":\"fr-FR\",\"@id\":\"https:\/\/kapitalis.com\/tunisie\/2020\/08\/31\/la-pleniere-de-vote-de-confiance-au-gouvernement-mechichi-ne-doit-pas-depasser-4-heures\/#primaryimage\",\"url\":\"\",\"contentUrl\":\"\"},{\"@type\":\"BreadcrumbList\",\"@id\":\"https:\/\/kapitalis.com\/tunisie\/2020\/08\/31\/la-pleniere-de-vote-de-confiance-au-gouvernement-mechichi-ne-doit-pas-depasser-4-heures\/#breadcrumb\",\"itemListElement\":[{\"@type\":\"ListItem\",\"position\":1,\"name\":\"Accueil\",\"item\":\"https:\/\/kapitalis.com\/tunisie\/\"},{\"@type\":\"ListItem\",\"position\":2,\"name\":\"La pl\u00e9ni\u00e8re de vote de confiance au gouvernement Mechichi ne doit pas d\u00e9passer 4 heures\"}]},{\"@type\":\"WebSite\",\"@id\":\"https:\/\/kapitalis.com\/tunisie\/#website\",\"url\":\"https:\/\/kapitalis.com\/tunisie\/\",\"name\":\"Kapitalis\",\"description\":\"L&#039;actualit\u00e9 en Tunisie et dans le monde\",\"publisher\":{\"@id\":\"https:\/\/kapitalis.com\/tunisie\/#organization\"},\"potentialAction\":[{\"@type\":\"SearchAction\",\"target\":{\"@type\":\"EntryPoint\",\"urlTemplate\":\"https:\/\/kapitalis.com\/tunisie\/?s={search_term_string}\"},\"query-input\":{\"@type\":\"PropertyValueSpecification\",\"valueRequired\":true,\"valueName\":\"search_term_string\"}}],\"inLanguage\":\"fr-FR\"},{\"@type\":\"Organization\",\"@id\":\"https:\/\/kapitalis.com\/tunisie\/#organization\",\"name\":\"Kapitalis\",\"url\":\"https:\/\/kapitalis.com\/tunisie\/\",\"logo\":{\"@type\":\"ImageObject\",\"inLanguage\":\"fr-FR\",\"@id\":\"https:\/\/kapitalis.com\/tunisie\/#\/schema\/logo\/image\/\",\"url\":\"https:\/\/kapitalis.com\/tunisie\/wp-content\/uploads\/2022\/05\/Kapitalis-big-size.png\",\"contentUrl\":\"https:\/\/kapitalis.com\/tunisie\/wp-content\/uploads\/2022\/05\/Kapitalis-big-size.png\",\"width\":5000,\"height\":1500,\"caption\":\"Kapitalis\"},\"image\":{\"@id\":\"https:\/\/kapitalis.com\/tunisie\/#\/schema\/logo\/image\/\"},\"sameAs\":[\"https:\/\/www.facebook.com\/KapitalisInfo\/\",\"https:\/\/x.com\/KapitalisInfo\",\"https:\/\/www.youtube.com\/channel\/UC-yDYrHyfFBWWZaOw3FPg9Q\"]},{\"@type\":\"Person\",\"@id\":\"https:\/\/kapitalis.com\/tunisie\/#\/schema\/person\/d71f33a9ca44f7bad4698210b480c8e9\",\"name\":\"webmaster kapitalis\",\"url\":\"https:\/\/kapitalis.com\/tunisie\/author\/webmaster-kapitalis\/\"}]}<\/script>\n<!-- \/ Yoast SEO plugin. -->","yoast_head_json":{"title":"La pl\u00e9ni\u00e8re de vote de confiance au gouvernement Mechichi ne doit pas d\u00e9passer 4 heures - Kapitalis","robots":{"index":"index","follow":"follow","max-snippet":"max-snippet:-1","max-image-preview":"max-image-preview:large","max-video-preview":"max-video-preview:-1"},"canonical":"https:\/\/kapitalis.com\/tunisie\/2020\/08\/31\/la-pleniere-de-vote-de-confiance-au-gouvernement-mechichi-ne-doit-pas-depasser-4-heures\/","og_locale":"fr_FR","og_type":"article","og_title":"La pl\u00e9ni\u00e8re de vote de confiance au gouvernement Mechichi ne doit pas d\u00e9passer 4 heures - Kapitalis","og_description":"La pl\u00e9ni\u00e8re consacr\u00e9e au vote de confiance au gouvernement Hichem Mechichi est pr\u00e9vue pour demain, mardi 1er septembre 2020. Afin d\u2019am\u00e9liorer l\u2019image de marque tr\u00e8s d\u00e9grad\u00e9e de l\u2019Assembl\u00e9e des repr\u00e9sentants du peuple (ARP), la s\u00e9ance ne doit pas d\u00e9passer 4 heures de temps, comme cela se fait dans les d\u00e9mocraties dignes de ce nom. C\u2019est...","og_url":"https:\/\/kapitalis.com\/tunisie\/2020\/08\/31\/la-pleniere-de-vote-de-confiance-au-gouvernement-mechichi-ne-doit-pas-depasser-4-heures\/","og_site_name":"Kapitalis","article_publisher":"https:\/\/www.facebook.com\/KapitalisInfo\/","article_published_time":"2020-08-31T10:36:06+00:00","article_modified_time":"2020-09-01T05:47:10+00:00","og_image":[{"url":"http:\/\/kapitalis.com\/tunisie\/wp-content\/uploads\/2019\/12\/Abdelmajid-Mselmi.jpg","type":"","width":"","height":""}],"author":"webmaster kapitalis","twitter_card":"summary_large_image","twitter_creator":"@KapitalisInfo","twitter_site":"@KapitalisInfo","twitter_misc":{"\u00c9crit par":"webmaster kapitalis","Dur\u00e9e de lecture estim\u00e9e":"3 minutes"},"schema":{"@context":"https:\/\/schema.org","@graph":[{"@type":"Article","@id":"https:\/\/kapitalis.com\/tunisie\/2020\/08\/31\/la-pleniere-de-vote-de-confiance-au-gouvernement-mechichi-ne-doit-pas-depasser-4-heures\/#article","isPartOf":{"@id":"https:\/\/kapitalis.com\/tunisie\/2020\/08\/31\/la-pleniere-de-vote-de-confiance-au-gouvernement-mechichi-ne-doit-pas-depasser-4-heures\/"},"author":{"name":"webmaster kapitalis","@id":"https:\/\/kapitalis.com\/tunisie\/#\/schema\/person\/d71f33a9ca44f7bad4698210b480c8e9"},"headline":"La pl\u00e9ni\u00e8re de vote de confiance au gouvernement Mechichi ne doit pas d\u00e9passer 4 heures","datePublished":"2020-08-31T10:36:06+00:00","dateModified":"2020-09-01T05:47:10+00:00","mainEntityOfPage":{"@id":"https:\/\/kapitalis.com\/tunisie\/2020\/08\/31\/la-pleniere-de-vote-de-confiance-au-gouvernement-mechichi-ne-doit-pas-depasser-4-heures\/"},"wordCount":534,"commentCount":2,"publisher":{"@id":"https:\/\/kapitalis.com\/tunisie\/#organization"},"image":{"@id":"https:\/\/kapitalis.com\/tunisie\/2020\/08\/31\/la-pleniere-de-vote-de-confiance-au-gouvernement-mechichi-ne-doit-pas-depasser-4-heures\/#primaryimage"},"thumbnailUrl":"http:\/\/kapitalis.com\/tunisie\/wp-content\/uploads\/2019\/12\/Abdelmajid-Mselmi.jpg","keywords":["Assembl\u00e9e des repr\u00e9sentants du peuple","Gouvernement Mechichi","vote de confiance"],"articleSection":["A LA UNE","POLITIQUE","TRIBUNE","Tunisie"],"inLanguage":"fr-FR","potentialAction":[{"@type":"CommentAction","name":"Comment","target":["https:\/\/kapitalis.com\/tunisie\/2020\/08\/31\/la-pleniere-de-vote-de-confiance-au-gouvernement-mechichi-ne-doit-pas-depasser-4-heures\/#respond"]}]},{"@type":"WebPage","@id":"https:\/\/kapitalis.com\/tunisie\/2020\/08\/31\/la-pleniere-de-vote-de-confiance-au-gouvernement-mechichi-ne-doit-pas-depasser-4-heures\/","url":"https:\/\/kapitalis.com\/tunisie\/2020\/08\/31\/la-pleniere-de-vote-de-confiance-au-gouvernement-mechichi-ne-doit-pas-depasser-4-heures\/","name":"La pl\u00e9ni\u00e8re de vote de confiance au gouvernement Mechichi ne doit pas d\u00e9passer 4 heures - Kapitalis","isPartOf":{"@id":"https:\/\/kapitalis.com\/tunisie\/#website"},"primaryImageOfPage":{"@id":"https:\/\/kapitalis.com\/tunisie\/2020\/08\/31\/la-pleniere-de-vote-de-confiance-au-gouvernement-mechichi-ne-doit-pas-depasser-4-heures\/#primaryimage"},"image":{"@id":"https:\/\/kapitalis.com\/tunisie\/2020\/08\/31\/la-pleniere-de-vote-de-confiance-au-gouvernement-mechichi-ne-doit-pas-depasser-4-heures\/#primaryimage"},"thumbnailUrl":"http:\/\/kapitalis.com\/tunisie\/wp-content\/uploads\/2019\/12\/Abdelmajid-Mselmi.jpg","datePublished":"2020-08-31T10:36:06+00:00","dateModified":"2020-09-01T05:47:10+00:00","breadcrumb":{"@id":"https:\/\/kapitalis.com\/tunisie\/2020\/08\/31\/la-pleniere-de-vote-de-confiance-au-gouvernement-mechichi-ne-doit-pas-depasser-4-heures\/#breadcrumb"},"inLanguage":"fr-FR","potentialAction":[{"@type":"ReadAction","target":["https:\/\/kapitalis.com\/tunisie\/2020\/08\/31\/la-pleniere-de-vote-de-confiance-au-gouvernement-mechichi-ne-doit-pas-depasser-4-heures\/"]}]},{"@type":"ImageObject","inLanguage":"fr-FR","@id":"https:\/\/kapitalis.com\/tunisie\/2020\/08\/31\/la-pleniere-de-vote-de-confiance-au-gouvernement-mechichi-ne-doit-pas-depasser-4-heures\/#primaryimage","url":"","contentUrl":""},{"@type":"BreadcrumbList","@id":"https:\/\/kapitalis.com\/tunisie\/2020\/08\/31\/la-pleniere-de-vote-de-confiance-au-gouvernement-mechichi-ne-doit-pas-depasser-4-heures\/#breadcrumb","itemListElement":[{"@type":"ListItem","position":1,"name":"Accueil","item":"https:\/\/kapitalis.com\/tunisie\/"},{"@type":"ListItem","position":2,"name":"La pl\u00e9ni\u00e8re de vote de confiance au gouvernement Mechichi ne doit pas d\u00e9passer 4 heures"}]},{"@type":"WebSite","@id":"https:\/\/kapitalis.com\/tunisie\/#website","url":"https:\/\/kapitalis.com\/tunisie\/","name":"Kapitalis","description":"L&#039;actualit\u00e9 en Tunisie et dans le monde","publisher":{"@id":"https:\/\/kapitalis.com\/tunisie\/#organization"},"potentialAction":[{"@type":"SearchAction","target":{"@type":"EntryPoint","urlTemplate":"https:\/\/kapitalis.com\/tunisie\/?s={search_term_string}"},"query-input":{"@type":"PropertyValueSpecification","valueRequired":true,"valueName":"search_term_string"}}],"inLanguage":"fr-FR"},{"@type":"Organization","@id":"https:\/\/kapitalis.com\/tunisie\/#organization","name":"Kapitalis","url":"https:\/\/kapitalis.com\/tunisie\/","logo":{"@type":"ImageObject","inLanguage":"fr-FR","@id":"https:\/\/kapitalis.com\/tunisie\/#\/schema\/logo\/image\/","url":"https:\/\/kapitalis.com\/tunisie\/wp-content\/uploads\/2022\/05\/Kapitalis-big-size.png","contentUrl":"https:\/\/kapitalis.com\/tunisie\/wp-content\/uploads\/2022\/05\/Kapitalis-big-size.png","width":5000,"height":1500,"caption":"Kapitalis"},"image":{"@id":"https:\/\/kapitalis.com\/tunisie\/#\/schema\/logo\/image\/"},"sameAs":["https:\/\/www.facebook.com\/KapitalisInfo\/","https:\/\/x.com\/KapitalisInfo","https:\/\/www.youtube.com\/channel\/UC-yDYrHyfFBWWZaOw3FPg9Q"]},{"@type":"Person","@id":"https:\/\/kapitalis.com\/tunisie\/#\/schema\/person\/d71f33a9ca44f7bad4698210b480c8e9","name":"webmaster kapitalis","url":"https:\/\/kapitalis.com\/tunisie\/author\/webmaster-kapitalis\/"}]}},"_links":{"self":[{"href":"https:\/\/kapitalis.com\/tunisie\/wp-json\/wp\/v2\/posts\/314256","targetHints":{"allow":["GET"]}}],"collection":[{"href":"https:\/\/kapitalis.com\/tunisie\/wp-json\/wp\/v2\/posts"}],"about":[{"href":"https:\/\/kapitalis.com\/tunisie\/wp-json\/wp\/v2\/types\/post"}],"author":[{"embeddable":true,"href":"https:\/\/kapitalis.com\/tunisie\/wp-json\/wp\/v2\/users\/8"}],"replies":[{"embeddable":true,"href":"https:\/\/kapitalis.com\/tunisie\/wp-json\/wp\/v2\/comments?post=314256"}],"version-history":[{"count":0,"href":"https:\/\/kapitalis.com\/tunisie\/wp-json\/wp\/v2\/posts\/314256\/revisions"}],"wp:attachment":[{"href":"https:\/\/kapitalis.com\/tunisie\/wp-json\/wp\/v2\/media?parent=314256"}],"wp:term":[{"taxonomy":"category","embeddable":true,"href":"https:\/\/kapitalis.com\/tunisie\/wp-json\/wp\/v2\/categories?post=314256"},{"taxonomy":"post_tag","embeddable":true,"href":"https:\/\/kapitalis.com\/tunisie\/wp-json\/wp\/v2\/tags?post=314256"}],"curies":[{"name":"wp","href":"https:\/\/api.w.org\/{rel}","templated":true}]}}