{"id":314266,"date":"2020-08-31T12:11:30","date_gmt":"2020-08-31T11:11:30","guid":{"rendered":"http:\/\/kapitalis.com\/tunisie\/?p=314266"},"modified":"2020-09-01T06:48:40","modified_gmt":"2020-09-01T05:48:40","slug":"kairouan-un-jeune-homme-se-donne-la-mort-involontairement","status":"publish","type":"post","link":"https:\/\/kapitalis.com\/tunisie\/2020\/08\/31\/kairouan-un-jeune-homme-se-donne-la-mort-involontairement\/","title":{"rendered":"Kairouan : Un jeune homme se donne la mort involontairement"},"content":{"rendered":"\n<figure class=\"wp-block-image size-large\"><img decoding=\"async\" src=\"http:\/\/kapitalis.com\/tunisie\/wp-content\/uploads\/2020\/03\/d\u00e9c\u00e8s.jpg\" alt=\"\" class=\"wp-image-289246\"\/><\/figure>\n\n\n\n<p><strong><em>&nbsp;La d\u00e9l\u00e9gation de Chebika (gouvernorat de Kairouan) a connu un triste drame hier, dimanche 30 ao\u00fbt 2020, lorsque l&rsquo;un de ses habitants s&rsquo;est donn\u00e9 la mort&#8230; involontairement.<\/em><\/strong><\/p>\n\n\n\n<!--more-->\n\n\n\n<p>Parti chasser, le jeune homme aurait appuy\u00e9 sur la d\u00e9tente alors que son son fusil \u00e9tait dans la mauvaise direction&#8230; la sienne. Et la balle lui a malheureusement \u00e9t\u00e9 fatale.<\/p>\n\n\n\n<p>Les unit\u00e9s de la Garde nationale ont, par ailleurs, \u00e9t\u00e9 d\u00e9p\u00each\u00e9es sur le lieu du drame, accompagn\u00e9es par le repr\u00e9sentant du minist\u00e8re public pr\u00e8s le tribunal de premi\u00e8re instance de Kairouan afin d\u2019\u00e9tablir leur constat, rapporte Mosa\u00efque FM.<\/p>\n\n\n\n<p class=\"has-text-align-right\"><strong>C. B. Y.<\/strong><\/p>\n","protected":false},"excerpt":{"rendered":"<p>&nbsp;La d\u00e9l\u00e9gation de Chebika (gouvernorat de Kairouan) a connu un triste drame hier, dimanche 30 ao\u00fbt 2020, lorsque l&rsquo;un de ses habitants s&rsquo;est donn\u00e9 la mort&#8230; involontairement.<\/p>\n","protected":false},"author":24,"featured_media":0,"comment_status":"open","ping_status":"open","sticky":false,"template":"","format":"standard","meta":{"footnotes":""},"categories":[998,2433],"tags":[8589,64557],"class_list":["post-314266","post","type-post","status-publish","format-standard","hentry","category-societe","category-tunisie","tag-chebika","tag-kairouan"],"yoast_head":"<!-- This site is optimized with the Yoast SEO plugin v26.6 - https:\/\/yoast.com\/wordpress\/plugins\/seo\/ -->\n<title>Kairouan : Un jeune homme se donne la mort involontairement - Kapitalis<\/title>\n<meta name=\"robots\" content=\"index, follow, max-snippet:-1, max-image-preview:large, max-video-preview:-1\" \/>\n<link rel=\"canonical\" href=\"https:\/\/kapitalis.com\/tunisie\/2020\/08\/31\/kairouan-un-jeune-homme-se-donne-la-mort-involontairement\/\" \/>\n<meta property=\"og:locale\" content=\"fr_FR\" \/>\n<meta property=\"og:type\" content=\"article\" \/>\n<meta property=\"og:title\" content=\"Kairouan : Un jeune homme se donne la mort involontairement - Kapitalis\" \/>\n<meta property=\"og:description\" content=\"&nbsp;La d\u00e9l\u00e9gation de Chebika (gouvernorat de Kairouan) a connu un triste drame hier, dimanche 30 ao\u00fbt 2020, lorsque l&rsquo;un de ses habitants s&rsquo;est donn\u00e9 la mort&#8230; involontairement.\" \/>\n<meta property=\"og:url\" content=\"https:\/\/kapitalis.com\/tunisie\/2020\/08\/31\/kairouan-un-jeune-homme-se-donne-la-mort-involontairement\/\" \/>\n<meta property=\"og:site_name\" content=\"Kapitalis\" \/>\n<meta property=\"article:publisher\" content=\"https:\/\/www.facebook.com\/KapitalisInfo\/\" \/>\n<meta property=\"article:published_time\" content=\"2020-08-31T11:11:30+00:00\" \/>\n<meta property=\"article:modified_time\" content=\"2020-09-01T05:48:40+00:00\" \/>\n<meta property=\"og:image\" content=\"https:\/\/kapitalis.com\/tunisie\/wp-content\/uploads\/2022\/05\/kapitalis-logo-fb.png\" \/>\n\t<meta property=\"og:image:width\" content=\"1200\" \/>\n\t<meta property=\"og:image:height\" content=\"630\" \/>\n\t<meta property=\"og:image:type\" content=\"image\/png\" \/>\n<meta name=\"author\" content=\"Cherif Benyounes\" \/>\n<meta name=\"twitter:card\" content=\"summary_large_image\" \/>\n<meta name=\"twitter:creator\" content=\"@KapitalisInfo\" \/>\n<meta name=\"twitter:site\" content=\"@KapitalisInfo\" \/>\n<meta name=\"twitter:label1\" content=\"\u00c9crit par\" \/>\n\t<meta name=\"twitter:data1\" content=\"Cherif Benyounes\" \/>\n\t<meta name=\"twitter:label2\" content=\"Dur\u00e9e de lecture estim\u00e9e\" \/>\n\t<meta name=\"twitter:data2\" content=\"1 minute\" \/>\n<script type=\"application\/ld+json\" class=\"yoast-schema-graph\">{\"@context\":\"https:\/\/schema.org\",\"@graph\":[{\"@type\":\"Article\",\"@id\":\"https:\/\/kapitalis.com\/tunisie\/2020\/08\/31\/kairouan-un-jeune-homme-se-donne-la-mort-involontairement\/#article\",\"isPartOf\":{\"@id\":\"https:\/\/kapitalis.com\/tunisie\/2020\/08\/31\/kairouan-un-jeune-homme-se-donne-la-mort-involontairement\/\"},\"author\":{\"name\":\"Cherif Benyounes\",\"@id\":\"https:\/\/kapitalis.com\/tunisie\/#\/schema\/person\/b35b8d631961131107263178aeb8019e\"},\"headline\":\"Kairouan : Un jeune homme se donne la mort involontairement\",\"datePublished\":\"2020-08-31T11:11:30+00:00\",\"dateModified\":\"2020-09-01T05:48:40+00:00\",\"mainEntityOfPage\":{\"@id\":\"https:\/\/kapitalis.com\/tunisie\/2020\/08\/31\/kairouan-un-jeune-homme-se-donne-la-mort-involontairement\/\"},\"wordCount\":121,\"commentCount\":1,\"publisher\":{\"@id\":\"https:\/\/kapitalis.com\/tunisie\/#organization\"},\"keywords\":[\"Chebika\",\"Kairouan\"],\"articleSection\":[\"SOCIETE\",\"Tunisie\"],\"inLanguage\":\"fr-FR\",\"potentialAction\":[{\"@type\":\"CommentAction\",\"name\":\"Comment\",\"target\":[\"https:\/\/kapitalis.com\/tunisie\/2020\/08\/31\/kairouan-un-jeune-homme-se-donne-la-mort-involontairement\/#respond\"]}]},{\"@type\":\"WebPage\",\"@id\":\"https:\/\/kapitalis.com\/tunisie\/2020\/08\/31\/kairouan-un-jeune-homme-se-donne-la-mort-involontairement\/\",\"url\":\"https:\/\/kapitalis.com\/tunisie\/2020\/08\/31\/kairouan-un-jeune-homme-se-donne-la-mort-involontairement\/\",\"name\":\"Kairouan : Un jeune homme se donne la mort involontairement - Kapitalis\",\"isPartOf\":{\"@id\":\"https:\/\/kapitalis.com\/tunisie\/#website\"},\"datePublished\":\"2020-08-31T11:11:30+00:00\",\"dateModified\":\"2020-09-01T05:48:40+00:00\",\"breadcrumb\":{\"@id\":\"https:\/\/kapitalis.com\/tunisie\/2020\/08\/31\/kairouan-un-jeune-homme-se-donne-la-mort-involontairement\/#breadcrumb\"},\"inLanguage\":\"fr-FR\",\"potentialAction\":[{\"@type\":\"ReadAction\",\"target\":[\"https:\/\/kapitalis.com\/tunisie\/2020\/08\/31\/kairouan-un-jeune-homme-se-donne-la-mort-involontairement\/\"]}]},{\"@type\":\"BreadcrumbList\",\"@id\":\"https:\/\/kapitalis.com\/tunisie\/2020\/08\/31\/kairouan-un-jeune-homme-se-donne-la-mort-involontairement\/#breadcrumb\",\"itemListElement\":[{\"@type\":\"ListItem\",\"position\":1,\"name\":\"Accueil\",\"item\":\"https:\/\/kapitalis.com\/tunisie\/\"},{\"@type\":\"ListItem\",\"position\":2,\"name\":\"Kairouan : Un jeune homme se donne la mort involontairement\"}]},{\"@type\":\"WebSite\",\"@id\":\"https:\/\/kapitalis.com\/tunisie\/#website\",\"url\":\"https:\/\/kapitalis.com\/tunisie\/\",\"name\":\"Kapitalis\",\"description\":\"L&#039;actualit\u00e9 en Tunisie et dans le monde\",\"publisher\":{\"@id\":\"https:\/\/kapitalis.com\/tunisie\/#organization\"},\"potentialAction\":[{\"@type\":\"SearchAction\",\"target\":{\"@type\":\"EntryPoint\",\"urlTemplate\":\"https:\/\/kapitalis.com\/tunisie\/?s={search_term_string}\"},\"query-input\":{\"@type\":\"PropertyValueSpecification\",\"valueRequired\":true,\"valueName\":\"search_term_string\"}}],\"inLanguage\":\"fr-FR\"},{\"@type\":\"Organization\",\"@id\":\"https:\/\/kapitalis.com\/tunisie\/#organization\",\"name\":\"Kapitalis\",\"url\":\"https:\/\/kapitalis.com\/tunisie\/\",\"logo\":{\"@type\":\"ImageObject\",\"inLanguage\":\"fr-FR\",\"@id\":\"https:\/\/kapitalis.com\/tunisie\/#\/schema\/logo\/image\/\",\"url\":\"https:\/\/kapitalis.com\/tunisie\/wp-content\/uploads\/2022\/05\/Kapitalis-big-size.png\",\"contentUrl\":\"https:\/\/kapitalis.com\/tunisie\/wp-content\/uploads\/2022\/05\/Kapitalis-big-size.png\",\"width\":5000,\"height\":1500,\"caption\":\"Kapitalis\"},\"image\":{\"@id\":\"https:\/\/kapitalis.com\/tunisie\/#\/schema\/logo\/image\/\"},\"sameAs\":[\"https:\/\/www.facebook.com\/KapitalisInfo\/\",\"https:\/\/x.com\/KapitalisInfo\",\"https:\/\/www.youtube.com\/channel\/UC-yDYrHyfFBWWZaOw3FPg9Q\"]},{\"@type\":\"Person\",\"@id\":\"https:\/\/kapitalis.com\/tunisie\/#\/schema\/person\/b35b8d631961131107263178aeb8019e\",\"name\":\"Cherif Benyounes\",\"url\":\"https:\/\/kapitalis.com\/tunisie\/author\/cherif\/\"}]}<\/script>\n<!-- \/ Yoast SEO plugin. -->","yoast_head_json":{"title":"Kairouan : Un jeune homme se donne la mort involontairement - Kapitalis","robots":{"index":"index","follow":"follow","max-snippet":"max-snippet:-1","max-image-preview":"max-image-preview:large","max-video-preview":"max-video-preview:-1"},"canonical":"https:\/\/kapitalis.com\/tunisie\/2020\/08\/31\/kairouan-un-jeune-homme-se-donne-la-mort-involontairement\/","og_locale":"fr_FR","og_type":"article","og_title":"Kairouan : Un jeune homme se donne la mort involontairement - Kapitalis","og_description":"&nbsp;La d\u00e9l\u00e9gation de Chebika (gouvernorat de Kairouan) a connu un triste drame hier, dimanche 30 ao\u00fbt 2020, lorsque l&rsquo;un de ses habitants s&rsquo;est donn\u00e9 la mort&#8230; involontairement.","og_url":"https:\/\/kapitalis.com\/tunisie\/2020\/08\/31\/kairouan-un-jeune-homme-se-donne-la-mort-involontairement\/","og_site_name":"Kapitalis","article_publisher":"https:\/\/www.facebook.com\/KapitalisInfo\/","article_published_time":"2020-08-31T11:11:30+00:00","article_modified_time":"2020-09-01T05:48:40+00:00","og_image":[{"width":1200,"height":630,"url":"https:\/\/kapitalis.com\/tunisie\/wp-content\/uploads\/2022\/05\/kapitalis-logo-fb.png","type":"image\/png"}],"author":"Cherif Benyounes","twitter_card":"summary_large_image","twitter_creator":"@KapitalisInfo","twitter_site":"@KapitalisInfo","twitter_misc":{"\u00c9crit par":"Cherif Benyounes","Dur\u00e9e de lecture estim\u00e9e":"1 minute"},"schema":{"@context":"https:\/\/schema.org","@graph":[{"@type":"Article","@id":"https:\/\/kapitalis.com\/tunisie\/2020\/08\/31\/kairouan-un-jeune-homme-se-donne-la-mort-involontairement\/#article","isPartOf":{"@id":"https:\/\/kapitalis.com\/tunisie\/2020\/08\/31\/kairouan-un-jeune-homme-se-donne-la-mort-involontairement\/"},"author":{"name":"Cherif Benyounes","@id":"https:\/\/kapitalis.com\/tunisie\/#\/schema\/person\/b35b8d631961131107263178aeb8019e"},"headline":"Kairouan : Un jeune homme se donne la mort involontairement","datePublished":"2020-08-31T11:11:30+00:00","dateModified":"2020-09-01T05:48:40+00:00","mainEntityOfPage":{"@id":"https:\/\/kapitalis.com\/tunisie\/2020\/08\/31\/kairouan-un-jeune-homme-se-donne-la-mort-involontairement\/"},"wordCount":121,"commentCount":1,"publisher":{"@id":"https:\/\/kapitalis.com\/tunisie\/#organization"},"keywords":["Chebika","Kairouan"],"articleSection":["SOCIETE","Tunisie"],"inLanguage":"fr-FR","potentialAction":[{"@type":"CommentAction","name":"Comment","target":["https:\/\/kapitalis.com\/tunisie\/2020\/08\/31\/kairouan-un-jeune-homme-se-donne-la-mort-involontairement\/#respond"]}]},{"@type":"WebPage","@id":"https:\/\/kapitalis.com\/tunisie\/2020\/08\/31\/kairouan-un-jeune-homme-se-donne-la-mort-involontairement\/","url":"https:\/\/kapitalis.com\/tunisie\/2020\/08\/31\/kairouan-un-jeune-homme-se-donne-la-mort-involontairement\/","name":"Kairouan : Un jeune homme se donne la mort involontairement - Kapitalis","isPartOf":{"@id":"https:\/\/kapitalis.com\/tunisie\/#website"},"datePublished":"2020-08-31T11:11:30+00:00","dateModified":"2020-09-01T05:48:40+00:00","breadcrumb":{"@id":"https:\/\/kapitalis.com\/tunisie\/2020\/08\/31\/kairouan-un-jeune-homme-se-donne-la-mort-involontairement\/#breadcrumb"},"inLanguage":"fr-FR","potentialAction":[{"@type":"ReadAction","target":["https:\/\/kapitalis.com\/tunisie\/2020\/08\/31\/kairouan-un-jeune-homme-se-donne-la-mort-involontairement\/"]}]},{"@type":"BreadcrumbList","@id":"https:\/\/kapitalis.com\/tunisie\/2020\/08\/31\/kairouan-un-jeune-homme-se-donne-la-mort-involontairement\/#breadcrumb","itemListElement":[{"@type":"ListItem","position":1,"name":"Accueil","item":"https:\/\/kapitalis.com\/tunisie\/"},{"@type":"ListItem","position":2,"name":"Kairouan : Un jeune homme se donne la mort involontairement"}]},{"@type":"WebSite","@id":"https:\/\/kapitalis.com\/tunisie\/#website","url":"https:\/\/kapitalis.com\/tunisie\/","name":"Kapitalis","description":"L&#039;actualit\u00e9 en Tunisie et dans le monde","publisher":{"@id":"https:\/\/kapitalis.com\/tunisie\/#organization"},"potentialAction":[{"@type":"SearchAction","target":{"@type":"EntryPoint","urlTemplate":"https:\/\/kapitalis.com\/tunisie\/?s={search_term_string}"},"query-input":{"@type":"PropertyValueSpecification","valueRequired":true,"valueName":"search_term_string"}}],"inLanguage":"fr-FR"},{"@type":"Organization","@id":"https:\/\/kapitalis.com\/tunisie\/#organization","name":"Kapitalis","url":"https:\/\/kapitalis.com\/tunisie\/","logo":{"@type":"ImageObject","inLanguage":"fr-FR","@id":"https:\/\/kapitalis.com\/tunisie\/#\/schema\/logo\/image\/","url":"https:\/\/kapitalis.com\/tunisie\/wp-content\/uploads\/2022\/05\/Kapitalis-big-size.png","contentUrl":"https:\/\/kapitalis.com\/tunisie\/wp-content\/uploads\/2022\/05\/Kapitalis-big-size.png","width":5000,"height":1500,"caption":"Kapitalis"},"image":{"@id":"https:\/\/kapitalis.com\/tunisie\/#\/schema\/logo\/image\/"},"sameAs":["https:\/\/www.facebook.com\/KapitalisInfo\/","https:\/\/x.com\/KapitalisInfo","https:\/\/www.youtube.com\/channel\/UC-yDYrHyfFBWWZaOw3FPg9Q"]},{"@type":"Person","@id":"https:\/\/kapitalis.com\/tunisie\/#\/schema\/person\/b35b8d631961131107263178aeb8019e","name":"Cherif Benyounes","url":"https:\/\/kapitalis.com\/tunisie\/author\/cherif\/"}]}},"_links":{"self":[{"href":"https:\/\/kapitalis.com\/tunisie\/wp-json\/wp\/v2\/posts\/314266","targetHints":{"allow":["GET"]}}],"collection":[{"href":"https:\/\/kapitalis.com\/tunisie\/wp-json\/wp\/v2\/posts"}],"about":[{"href":"https:\/\/kapitalis.com\/tunisie\/wp-json\/wp\/v2\/types\/post"}],"author":[{"embeddable":true,"href":"https:\/\/kapitalis.com\/tunisie\/wp-json\/wp\/v2\/users\/24"}],"replies":[{"embeddable":true,"href":"https:\/\/kapitalis.com\/tunisie\/wp-json\/wp\/v2\/comments?post=314266"}],"version-history":[{"count":0,"href":"https:\/\/kapitalis.com\/tunisie\/wp-json\/wp\/v2\/posts\/314266\/revisions"}],"wp:attachment":[{"href":"https:\/\/kapitalis.com\/tunisie\/wp-json\/wp\/v2\/media?parent=314266"}],"wp:term":[{"taxonomy":"category","embeddable":true,"href":"https:\/\/kapitalis.com\/tunisie\/wp-json\/wp\/v2\/categories?post=314266"},{"taxonomy":"post_tag","embeddable":true,"href":"https:\/\/kapitalis.com\/tunisie\/wp-json\/wp\/v2\/tags?post=314266"}],"curies":[{"name":"wp","href":"https:\/\/api.w.org\/{rel}","templated":true}]}}