{"id":314388,"date":"2020-08-31T19:05:07","date_gmt":"2020-08-31T18:05:07","guid":{"rendered":"http:\/\/kapitalis.com\/tunisie\/?p=314388"},"modified":"2020-09-01T07:04:34","modified_gmt":"2020-09-01T06:04:34","slug":"le-ministere-de-la-sante-met-fin-a-la-rumeur-sur-la-destitution-de-nissaf-ben-alaya-de-ses-fonctions","status":"publish","type":"post","link":"https:\/\/kapitalis.com\/tunisie\/2020\/08\/31\/le-ministere-de-la-sante-met-fin-a-la-rumeur-sur-la-destitution-de-nissaf-ben-alaya-de-ses-fonctions\/","title":{"rendered":"Le minist\u00e8re de la Sant\u00e9 met fin \u00e0 la rumeur sur la destitution de Nissaf Ben Alaya de ses fonctions"},"content":{"rendered":"\n<figure class=\"wp-block-image size-large\"><img decoding=\"async\" src=\"http:\/\/kapitalis.com\/tunisie\/wp-content\/uploads\/2020\/03\/nissaf-ben-alaya.jpg\" alt=\"\" class=\"wp-image-289007\"\/><\/figure>\n\n\n\n<p><em><strong>\u00abLe Comit\u00e9 scientifique de lutte contre le coronavirus a \u00e9t\u00e9 cr\u00e9\u00e9 par un d\u00e9cret gouvernemental du 5 mars 2020, qui en pr\u00e9cise la composition et les fonctions, et il est pr\u00e9sid\u00e9 par le ministre de la Sant\u00e9\u00bb, indique un communiqu\u00e9 du minist\u00e8re de la Sant\u00e9, publi\u00e9 cet apr\u00e8s-midi, lundi 31 ao\u00fbt 2020, mettant ainsi fin \u00e0 la rumeur qui circule depuis quelques jours, pr\u00e9tendant que Nissaf Ben Alaya a \u00e9t\u00e9 d\u00e9mise de ses fonctions de pr\u00e9sidente dudit Comit\u00e9.<\/strong><\/em><\/p>\n\n\n\n<!--more-->\n\n\n\n<p>Le minist\u00e8re a \u00e9galement rappel\u00e9 qu&rsquo;\u00e0 sa cr\u00e9ation, aucune fonction ou titre particuliers n&rsquo;avaient \u00e9t\u00e9 donn\u00e9s aux membres du Comit\u00e9 scientifique et qu&rsquo;un cadre de la direction des soins de sant\u00e9 de base \u00e9tait charg\u00e9 de la r\u00e9daction des comptes rendus de ses r\u00e9unions.<\/p>\n\n\n\n<p>\u00ab<em>Le 24 ao\u00fbt 2020, le ministre de la Sant\u00e9 par int\u00e9rim Mohamed Habib Kchaou a rendu une nouvelle d\u00e9cision, en renfor\u00e7ant le Comit\u00e9 scientifique par trois membres : le doyen des m\u00e9decins, un sp\u00e9cialiste en sociologie et un sp\u00e9cialiste en anthropologie<\/em>\u00bb, pr\u00e9cise encore le communiqu\u00e9, en ajoutant qu&rsquo;un rapporteur et un porte-parole officiels ont \u00e9galement \u00e9t\u00e9 d\u00e9sign\u00e9s, \u00ab<em>postes qui n&rsquo;existaient pas lors de la cr\u00e9ation du comit\u00e9 en mars dernier\u00bb.<\/em><\/p>\n\n\n\n<p>On notera que la rumeur sur le limogeage de Nissaf Ben Alaya, pr\u00e9sent\u00e9e par certains m\u00e9dias comme pr\u00e9sidente dudit Conseil, a pris de l&rsquo;ampleur apr\u00e8s la parution avant-hier d&rsquo;un article au journal <em>\u00abSawt Echa\u00e2b\u00bb<\/em>, indiquant que la concern\u00e9e a affirm\u00e9 lors d&rsquo;une interview avoir \u00e9t\u00e9 destitu\u00e9e, par le ministre de la Sant\u00e9 par int\u00e9rim.<\/p>\n\n\n\n<p>Certains activistes et politiciens, \u00e0 l&rsquo;instar de Riadh Chaibi et Skander Rekik, avaient diffus\u00e9 cette rumeur, plus t\u00f4t la semaine derni\u00e8re, en affirmant que la pr\u00e9sidence de la r\u00e9publique, et plus exactement<strong>, <\/strong>Nadia Akacha, directrice du cabinet pr\u00e9sidentiel,<strong> <\/strong>\u00e9tait \u00ab<em>derri\u00e8re ce limogeage et qu&rsquo;ils s&rsquo;agissait de r\u00e8glements de comptes politiques\u00bb. <\/em><\/p>\n\n\n\n<p>Le charg\u00e9 de communication aupr\u00e8s du minist\u00e8re de la Sant\u00e9, Chokri Nafti, avait pourtant d\u00e9menti, jeudi dernier, cette rumeur dans plusieurs d\u00e9clarations m\u00e9diatiques&#8230;<\/p>\n\n\n\n<p class=\"has-text-align-right\"><strong>Y. N.<\/strong><\/p>\n","protected":false},"excerpt":{"rendered":"<p>\u00abLe Comit\u00e9 scientifique de lutte contre le coronavirus a \u00e9t\u00e9 cr\u00e9\u00e9 par un d\u00e9cret gouvernemental du 5 mars 2020, qui en pr\u00e9cise la composition et les fonctions, et il est pr\u00e9sid\u00e9 par le ministre de la Sant\u00e9\u00bb, indique un communiqu\u00e9 du minist\u00e8re de la Sant\u00e9, publi\u00e9 cet apr\u00e8s-midi, lundi 31 ao\u00fbt 2020, mettant ainsi fin&#8230;<\/p>\n","protected":false},"author":6,"featured_media":0,"comment_status":"open","ping_status":"open","sticky":false,"template":"","format":"standard","meta":{"footnotes":""},"categories":[998,2433],"tags":[77783,73060,9176,82290],"class_list":["post-314388","post","type-post","status-publish","format-standard","hentry","category-societe","category-tunisie","tag-comite-scientifique","tag-coronavirus","tag-ministre-sante","tag-nissaf-ben-alaya-coronavirus"],"yoast_head":"<!-- This site is optimized with the Yoast SEO plugin v26.6 - https:\/\/yoast.com\/wordpress\/plugins\/seo\/ -->\n<title>Le minist\u00e8re de la Sant\u00e9 met fin \u00e0 la rumeur sur la destitution de Nissaf Ben Alaya de ses fonctions - Kapitalis<\/title>\n<meta name=\"robots\" content=\"index, follow, max-snippet:-1, max-image-preview:large, max-video-preview:-1\" \/>\n<link rel=\"canonical\" href=\"https:\/\/kapitalis.com\/tunisie\/2020\/08\/31\/le-ministere-de-la-sante-met-fin-a-la-rumeur-sur-la-destitution-de-nissaf-ben-alaya-de-ses-fonctions\/\" \/>\n<meta property=\"og:locale\" content=\"fr_FR\" \/>\n<meta property=\"og:type\" content=\"article\" \/>\n<meta property=\"og:title\" content=\"Le minist\u00e8re de la Sant\u00e9 met fin \u00e0 la rumeur sur la destitution de Nissaf Ben Alaya de ses fonctions - Kapitalis\" \/>\n<meta property=\"og:description\" content=\"\u00abLe Comit\u00e9 scientifique de lutte contre le coronavirus a \u00e9t\u00e9 cr\u00e9\u00e9 par un d\u00e9cret gouvernemental du 5 mars 2020, qui en pr\u00e9cise la composition et les fonctions, et il est pr\u00e9sid\u00e9 par le ministre de la Sant\u00e9\u00bb, indique un communiqu\u00e9 du minist\u00e8re de la Sant\u00e9, publi\u00e9 cet apr\u00e8s-midi, lundi 31 ao\u00fbt 2020, mettant ainsi fin...\" \/>\n<meta property=\"og:url\" content=\"https:\/\/kapitalis.com\/tunisie\/2020\/08\/31\/le-ministere-de-la-sante-met-fin-a-la-rumeur-sur-la-destitution-de-nissaf-ben-alaya-de-ses-fonctions\/\" \/>\n<meta property=\"og:site_name\" content=\"Kapitalis\" \/>\n<meta property=\"article:publisher\" content=\"https:\/\/www.facebook.com\/KapitalisInfo\/\" \/>\n<meta property=\"article:published_time\" content=\"2020-08-31T18:05:07+00:00\" \/>\n<meta property=\"article:modified_time\" content=\"2020-09-01T06:04:34+00:00\" \/>\n<meta property=\"og:image\" content=\"http:\/\/kapitalis.com\/tunisie\/wp-content\/uploads\/2020\/03\/nissaf-ben-alaya.jpg\" \/>\n<meta name=\"author\" content=\"Yusra NY\" \/>\n<meta name=\"twitter:card\" content=\"summary_large_image\" \/>\n<meta name=\"twitter:creator\" content=\"@KapitalisInfo\" \/>\n<meta name=\"twitter:site\" content=\"@KapitalisInfo\" \/>\n<meta name=\"twitter:label1\" content=\"\u00c9crit par\" \/>\n\t<meta name=\"twitter:data1\" content=\"Yusra NY\" \/>\n\t<meta name=\"twitter:label2\" content=\"Dur\u00e9e de lecture estim\u00e9e\" \/>\n\t<meta name=\"twitter:data2\" content=\"2 minutes\" \/>\n<script type=\"application\/ld+json\" class=\"yoast-schema-graph\">{\"@context\":\"https:\/\/schema.org\",\"@graph\":[{\"@type\":\"Article\",\"@id\":\"https:\/\/kapitalis.com\/tunisie\/2020\/08\/31\/le-ministere-de-la-sante-met-fin-a-la-rumeur-sur-la-destitution-de-nissaf-ben-alaya-de-ses-fonctions\/#article\",\"isPartOf\":{\"@id\":\"https:\/\/kapitalis.com\/tunisie\/2020\/08\/31\/le-ministere-de-la-sante-met-fin-a-la-rumeur-sur-la-destitution-de-nissaf-ben-alaya-de-ses-fonctions\/\"},\"author\":{\"name\":\"Yusra NY\",\"@id\":\"https:\/\/kapitalis.com\/tunisie\/#\/schema\/person\/74bbde0154d49d790a92aaeac5bc01d5\"},\"headline\":\"Le minist\u00e8re de la Sant\u00e9 met fin \u00e0 la rumeur sur la destitution de Nissaf Ben Alaya de ses fonctions\",\"datePublished\":\"2020-08-31T18:05:07+00:00\",\"dateModified\":\"2020-09-01T06:04:34+00:00\",\"mainEntityOfPage\":{\"@id\":\"https:\/\/kapitalis.com\/tunisie\/2020\/08\/31\/le-ministere-de-la-sante-met-fin-a-la-rumeur-sur-la-destitution-de-nissaf-ben-alaya-de-ses-fonctions\/\"},\"wordCount\":378,\"commentCount\":1,\"publisher\":{\"@id\":\"https:\/\/kapitalis.com\/tunisie\/#organization\"},\"image\":{\"@id\":\"https:\/\/kapitalis.com\/tunisie\/2020\/08\/31\/le-ministere-de-la-sante-met-fin-a-la-rumeur-sur-la-destitution-de-nissaf-ben-alaya-de-ses-fonctions\/#primaryimage\"},\"thumbnailUrl\":\"http:\/\/kapitalis.com\/tunisie\/wp-content\/uploads\/2020\/03\/nissaf-ben-alaya.jpg\",\"keywords\":[\"comit\u00e9 scientifique\",\"Coronavirus\",\"ministre Sant\u00e9\",\"Nissaf Ben Alaya; coronavirus\"],\"articleSection\":[\"SOCIETE\",\"Tunisie\"],\"inLanguage\":\"fr-FR\",\"potentialAction\":[{\"@type\":\"CommentAction\",\"name\":\"Comment\",\"target\":[\"https:\/\/kapitalis.com\/tunisie\/2020\/08\/31\/le-ministere-de-la-sante-met-fin-a-la-rumeur-sur-la-destitution-de-nissaf-ben-alaya-de-ses-fonctions\/#respond\"]}]},{\"@type\":\"WebPage\",\"@id\":\"https:\/\/kapitalis.com\/tunisie\/2020\/08\/31\/le-ministere-de-la-sante-met-fin-a-la-rumeur-sur-la-destitution-de-nissaf-ben-alaya-de-ses-fonctions\/\",\"url\":\"https:\/\/kapitalis.com\/tunisie\/2020\/08\/31\/le-ministere-de-la-sante-met-fin-a-la-rumeur-sur-la-destitution-de-nissaf-ben-alaya-de-ses-fonctions\/\",\"name\":\"Le minist\u00e8re de la Sant\u00e9 met fin \u00e0 la rumeur sur la destitution de Nissaf Ben Alaya de ses fonctions - Kapitalis\",\"isPartOf\":{\"@id\":\"https:\/\/kapitalis.com\/tunisie\/#website\"},\"primaryImageOfPage\":{\"@id\":\"https:\/\/kapitalis.com\/tunisie\/2020\/08\/31\/le-ministere-de-la-sante-met-fin-a-la-rumeur-sur-la-destitution-de-nissaf-ben-alaya-de-ses-fonctions\/#primaryimage\"},\"image\":{\"@id\":\"https:\/\/kapitalis.com\/tunisie\/2020\/08\/31\/le-ministere-de-la-sante-met-fin-a-la-rumeur-sur-la-destitution-de-nissaf-ben-alaya-de-ses-fonctions\/#primaryimage\"},\"thumbnailUrl\":\"http:\/\/kapitalis.com\/tunisie\/wp-content\/uploads\/2020\/03\/nissaf-ben-alaya.jpg\",\"datePublished\":\"2020-08-31T18:05:07+00:00\",\"dateModified\":\"2020-09-01T06:04:34+00:00\",\"breadcrumb\":{\"@id\":\"https:\/\/kapitalis.com\/tunisie\/2020\/08\/31\/le-ministere-de-la-sante-met-fin-a-la-rumeur-sur-la-destitution-de-nissaf-ben-alaya-de-ses-fonctions\/#breadcrumb\"},\"inLanguage\":\"fr-FR\",\"potentialAction\":[{\"@type\":\"ReadAction\",\"target\":[\"https:\/\/kapitalis.com\/tunisie\/2020\/08\/31\/le-ministere-de-la-sante-met-fin-a-la-rumeur-sur-la-destitution-de-nissaf-ben-alaya-de-ses-fonctions\/\"]}]},{\"@type\":\"ImageObject\",\"inLanguage\":\"fr-FR\",\"@id\":\"https:\/\/kapitalis.com\/tunisie\/2020\/08\/31\/le-ministere-de-la-sante-met-fin-a-la-rumeur-sur-la-destitution-de-nissaf-ben-alaya-de-ses-fonctions\/#primaryimage\",\"url\":\"\",\"contentUrl\":\"\"},{\"@type\":\"BreadcrumbList\",\"@id\":\"https:\/\/kapitalis.com\/tunisie\/2020\/08\/31\/le-ministere-de-la-sante-met-fin-a-la-rumeur-sur-la-destitution-de-nissaf-ben-alaya-de-ses-fonctions\/#breadcrumb\",\"itemListElement\":[{\"@type\":\"ListItem\",\"position\":1,\"name\":\"Accueil\",\"item\":\"https:\/\/kapitalis.com\/tunisie\/\"},{\"@type\":\"ListItem\",\"position\":2,\"name\":\"Le minist\u00e8re de la Sant\u00e9 met fin \u00e0 la rumeur sur la destitution de Nissaf Ben Alaya de ses fonctions\"}]},{\"@type\":\"WebSite\",\"@id\":\"https:\/\/kapitalis.com\/tunisie\/#website\",\"url\":\"https:\/\/kapitalis.com\/tunisie\/\",\"name\":\"Kapitalis\",\"description\":\"L&#039;actualit\u00e9 en Tunisie et dans le monde\",\"publisher\":{\"@id\":\"https:\/\/kapitalis.com\/tunisie\/#organization\"},\"potentialAction\":[{\"@type\":\"SearchAction\",\"target\":{\"@type\":\"EntryPoint\",\"urlTemplate\":\"https:\/\/kapitalis.com\/tunisie\/?s={search_term_string}\"},\"query-input\":{\"@type\":\"PropertyValueSpecification\",\"valueRequired\":true,\"valueName\":\"search_term_string\"}}],\"inLanguage\":\"fr-FR\"},{\"@type\":\"Organization\",\"@id\":\"https:\/\/kapitalis.com\/tunisie\/#organization\",\"name\":\"Kapitalis\",\"url\":\"https:\/\/kapitalis.com\/tunisie\/\",\"logo\":{\"@type\":\"ImageObject\",\"inLanguage\":\"fr-FR\",\"@id\":\"https:\/\/kapitalis.com\/tunisie\/#\/schema\/logo\/image\/\",\"url\":\"https:\/\/kapitalis.com\/tunisie\/wp-content\/uploads\/2022\/05\/Kapitalis-big-size.png\",\"contentUrl\":\"https:\/\/kapitalis.com\/tunisie\/wp-content\/uploads\/2022\/05\/Kapitalis-big-size.png\",\"width\":5000,\"height\":1500,\"caption\":\"Kapitalis\"},\"image\":{\"@id\":\"https:\/\/kapitalis.com\/tunisie\/#\/schema\/logo\/image\/\"},\"sameAs\":[\"https:\/\/www.facebook.com\/KapitalisInfo\/\",\"https:\/\/x.com\/KapitalisInfo\",\"https:\/\/www.youtube.com\/channel\/UC-yDYrHyfFBWWZaOw3FPg9Q\"]},{\"@type\":\"Person\",\"@id\":\"https:\/\/kapitalis.com\/tunisie\/#\/schema\/person\/74bbde0154d49d790a92aaeac5bc01d5\",\"name\":\"Yusra NY\",\"url\":\"https:\/\/kapitalis.com\/tunisie\/author\/yuza_adam\/\"}]}<\/script>\n<!-- \/ Yoast SEO plugin. -->","yoast_head_json":{"title":"Le minist\u00e8re de la Sant\u00e9 met fin \u00e0 la rumeur sur la destitution de Nissaf Ben Alaya de ses fonctions - Kapitalis","robots":{"index":"index","follow":"follow","max-snippet":"max-snippet:-1","max-image-preview":"max-image-preview:large","max-video-preview":"max-video-preview:-1"},"canonical":"https:\/\/kapitalis.com\/tunisie\/2020\/08\/31\/le-ministere-de-la-sante-met-fin-a-la-rumeur-sur-la-destitution-de-nissaf-ben-alaya-de-ses-fonctions\/","og_locale":"fr_FR","og_type":"article","og_title":"Le minist\u00e8re de la Sant\u00e9 met fin \u00e0 la rumeur sur la destitution de Nissaf Ben Alaya de ses fonctions - Kapitalis","og_description":"\u00abLe Comit\u00e9 scientifique de lutte contre le coronavirus a \u00e9t\u00e9 cr\u00e9\u00e9 par un d\u00e9cret gouvernemental du 5 mars 2020, qui en pr\u00e9cise la composition et les fonctions, et il est pr\u00e9sid\u00e9 par le ministre de la Sant\u00e9\u00bb, indique un communiqu\u00e9 du minist\u00e8re de la Sant\u00e9, publi\u00e9 cet apr\u00e8s-midi, lundi 31 ao\u00fbt 2020, mettant ainsi fin...","og_url":"https:\/\/kapitalis.com\/tunisie\/2020\/08\/31\/le-ministere-de-la-sante-met-fin-a-la-rumeur-sur-la-destitution-de-nissaf-ben-alaya-de-ses-fonctions\/","og_site_name":"Kapitalis","article_publisher":"https:\/\/www.facebook.com\/KapitalisInfo\/","article_published_time":"2020-08-31T18:05:07+00:00","article_modified_time":"2020-09-01T06:04:34+00:00","og_image":[{"url":"http:\/\/kapitalis.com\/tunisie\/wp-content\/uploads\/2020\/03\/nissaf-ben-alaya.jpg","type":"","width":"","height":""}],"author":"Yusra NY","twitter_card":"summary_large_image","twitter_creator":"@KapitalisInfo","twitter_site":"@KapitalisInfo","twitter_misc":{"\u00c9crit par":"Yusra NY","Dur\u00e9e de lecture estim\u00e9e":"2 minutes"},"schema":{"@context":"https:\/\/schema.org","@graph":[{"@type":"Article","@id":"https:\/\/kapitalis.com\/tunisie\/2020\/08\/31\/le-ministere-de-la-sante-met-fin-a-la-rumeur-sur-la-destitution-de-nissaf-ben-alaya-de-ses-fonctions\/#article","isPartOf":{"@id":"https:\/\/kapitalis.com\/tunisie\/2020\/08\/31\/le-ministere-de-la-sante-met-fin-a-la-rumeur-sur-la-destitution-de-nissaf-ben-alaya-de-ses-fonctions\/"},"author":{"name":"Yusra NY","@id":"https:\/\/kapitalis.com\/tunisie\/#\/schema\/person\/74bbde0154d49d790a92aaeac5bc01d5"},"headline":"Le minist\u00e8re de la Sant\u00e9 met fin \u00e0 la rumeur sur la destitution de Nissaf Ben Alaya de ses fonctions","datePublished":"2020-08-31T18:05:07+00:00","dateModified":"2020-09-01T06:04:34+00:00","mainEntityOfPage":{"@id":"https:\/\/kapitalis.com\/tunisie\/2020\/08\/31\/le-ministere-de-la-sante-met-fin-a-la-rumeur-sur-la-destitution-de-nissaf-ben-alaya-de-ses-fonctions\/"},"wordCount":378,"commentCount":1,"publisher":{"@id":"https:\/\/kapitalis.com\/tunisie\/#organization"},"image":{"@id":"https:\/\/kapitalis.com\/tunisie\/2020\/08\/31\/le-ministere-de-la-sante-met-fin-a-la-rumeur-sur-la-destitution-de-nissaf-ben-alaya-de-ses-fonctions\/#primaryimage"},"thumbnailUrl":"http:\/\/kapitalis.com\/tunisie\/wp-content\/uploads\/2020\/03\/nissaf-ben-alaya.jpg","keywords":["comit\u00e9 scientifique","Coronavirus","ministre Sant\u00e9","Nissaf Ben Alaya; coronavirus"],"articleSection":["SOCIETE","Tunisie"],"inLanguage":"fr-FR","potentialAction":[{"@type":"CommentAction","name":"Comment","target":["https:\/\/kapitalis.com\/tunisie\/2020\/08\/31\/le-ministere-de-la-sante-met-fin-a-la-rumeur-sur-la-destitution-de-nissaf-ben-alaya-de-ses-fonctions\/#respond"]}]},{"@type":"WebPage","@id":"https:\/\/kapitalis.com\/tunisie\/2020\/08\/31\/le-ministere-de-la-sante-met-fin-a-la-rumeur-sur-la-destitution-de-nissaf-ben-alaya-de-ses-fonctions\/","url":"https:\/\/kapitalis.com\/tunisie\/2020\/08\/31\/le-ministere-de-la-sante-met-fin-a-la-rumeur-sur-la-destitution-de-nissaf-ben-alaya-de-ses-fonctions\/","name":"Le minist\u00e8re de la Sant\u00e9 met fin \u00e0 la rumeur sur la destitution de Nissaf Ben Alaya de ses fonctions - Kapitalis","isPartOf":{"@id":"https:\/\/kapitalis.com\/tunisie\/#website"},"primaryImageOfPage":{"@id":"https:\/\/kapitalis.com\/tunisie\/2020\/08\/31\/le-ministere-de-la-sante-met-fin-a-la-rumeur-sur-la-destitution-de-nissaf-ben-alaya-de-ses-fonctions\/#primaryimage"},"image":{"@id":"https:\/\/kapitalis.com\/tunisie\/2020\/08\/31\/le-ministere-de-la-sante-met-fin-a-la-rumeur-sur-la-destitution-de-nissaf-ben-alaya-de-ses-fonctions\/#primaryimage"},"thumbnailUrl":"http:\/\/kapitalis.com\/tunisie\/wp-content\/uploads\/2020\/03\/nissaf-ben-alaya.jpg","datePublished":"2020-08-31T18:05:07+00:00","dateModified":"2020-09-01T06:04:34+00:00","breadcrumb":{"@id":"https:\/\/kapitalis.com\/tunisie\/2020\/08\/31\/le-ministere-de-la-sante-met-fin-a-la-rumeur-sur-la-destitution-de-nissaf-ben-alaya-de-ses-fonctions\/#breadcrumb"},"inLanguage":"fr-FR","potentialAction":[{"@type":"ReadAction","target":["https:\/\/kapitalis.com\/tunisie\/2020\/08\/31\/le-ministere-de-la-sante-met-fin-a-la-rumeur-sur-la-destitution-de-nissaf-ben-alaya-de-ses-fonctions\/"]}]},{"@type":"ImageObject","inLanguage":"fr-FR","@id":"https:\/\/kapitalis.com\/tunisie\/2020\/08\/31\/le-ministere-de-la-sante-met-fin-a-la-rumeur-sur-la-destitution-de-nissaf-ben-alaya-de-ses-fonctions\/#primaryimage","url":"","contentUrl":""},{"@type":"BreadcrumbList","@id":"https:\/\/kapitalis.com\/tunisie\/2020\/08\/31\/le-ministere-de-la-sante-met-fin-a-la-rumeur-sur-la-destitution-de-nissaf-ben-alaya-de-ses-fonctions\/#breadcrumb","itemListElement":[{"@type":"ListItem","position":1,"name":"Accueil","item":"https:\/\/kapitalis.com\/tunisie\/"},{"@type":"ListItem","position":2,"name":"Le minist\u00e8re de la Sant\u00e9 met fin \u00e0 la rumeur sur la destitution de Nissaf Ben Alaya de ses fonctions"}]},{"@type":"WebSite","@id":"https:\/\/kapitalis.com\/tunisie\/#website","url":"https:\/\/kapitalis.com\/tunisie\/","name":"Kapitalis","description":"L&#039;actualit\u00e9 en Tunisie et dans le monde","publisher":{"@id":"https:\/\/kapitalis.com\/tunisie\/#organization"},"potentialAction":[{"@type":"SearchAction","target":{"@type":"EntryPoint","urlTemplate":"https:\/\/kapitalis.com\/tunisie\/?s={search_term_string}"},"query-input":{"@type":"PropertyValueSpecification","valueRequired":true,"valueName":"search_term_string"}}],"inLanguage":"fr-FR"},{"@type":"Organization","@id":"https:\/\/kapitalis.com\/tunisie\/#organization","name":"Kapitalis","url":"https:\/\/kapitalis.com\/tunisie\/","logo":{"@type":"ImageObject","inLanguage":"fr-FR","@id":"https:\/\/kapitalis.com\/tunisie\/#\/schema\/logo\/image\/","url":"https:\/\/kapitalis.com\/tunisie\/wp-content\/uploads\/2022\/05\/Kapitalis-big-size.png","contentUrl":"https:\/\/kapitalis.com\/tunisie\/wp-content\/uploads\/2022\/05\/Kapitalis-big-size.png","width":5000,"height":1500,"caption":"Kapitalis"},"image":{"@id":"https:\/\/kapitalis.com\/tunisie\/#\/schema\/logo\/image\/"},"sameAs":["https:\/\/www.facebook.com\/KapitalisInfo\/","https:\/\/x.com\/KapitalisInfo","https:\/\/www.youtube.com\/channel\/UC-yDYrHyfFBWWZaOw3FPg9Q"]},{"@type":"Person","@id":"https:\/\/kapitalis.com\/tunisie\/#\/schema\/person\/74bbde0154d49d790a92aaeac5bc01d5","name":"Yusra NY","url":"https:\/\/kapitalis.com\/tunisie\/author\/yuza_adam\/"}]}},"_links":{"self":[{"href":"https:\/\/kapitalis.com\/tunisie\/wp-json\/wp\/v2\/posts\/314388","targetHints":{"allow":["GET"]}}],"collection":[{"href":"https:\/\/kapitalis.com\/tunisie\/wp-json\/wp\/v2\/posts"}],"about":[{"href":"https:\/\/kapitalis.com\/tunisie\/wp-json\/wp\/v2\/types\/post"}],"author":[{"embeddable":true,"href":"https:\/\/kapitalis.com\/tunisie\/wp-json\/wp\/v2\/users\/6"}],"replies":[{"embeddable":true,"href":"https:\/\/kapitalis.com\/tunisie\/wp-json\/wp\/v2\/comments?post=314388"}],"version-history":[{"count":0,"href":"https:\/\/kapitalis.com\/tunisie\/wp-json\/wp\/v2\/posts\/314388\/revisions"}],"wp:attachment":[{"href":"https:\/\/kapitalis.com\/tunisie\/wp-json\/wp\/v2\/media?parent=314388"}],"wp:term":[{"taxonomy":"category","embeddable":true,"href":"https:\/\/kapitalis.com\/tunisie\/wp-json\/wp\/v2\/categories?post=314388"},{"taxonomy":"post_tag","embeddable":true,"href":"https:\/\/kapitalis.com\/tunisie\/wp-json\/wp\/v2\/tags?post=314388"}],"curies":[{"name":"wp","href":"https:\/\/api.w.org\/{rel}","templated":true}]}}