{"id":314486,"date":"2020-09-01T16:07:31","date_gmt":"2020-09-01T15:07:31","guid":{"rendered":"http:\/\/kapitalis.com\/tunisie\/?p=314486"},"modified":"2020-09-01T16:08:00","modified_gmt":"2020-09-01T15:08:00","slug":"notre-demain-un-poeme-pour-rendre-hommage-aux-victimes-de-la-covid-19-et-pour-vaincre-le-desespoir","status":"publish","type":"post","link":"https:\/\/kapitalis.com\/tunisie\/2020\/09\/01\/notre-demain-un-poeme-pour-rendre-hommage-aux-victimes-de-la-covid-19-et-pour-vaincre-le-desespoir\/","title":{"rendered":"\u00abNotre demain\u00bb : un po\u00e8me pour rendre hommage aux victimes de la Covid-19 et pour vaincre le d\u00e9sespoir"},"content":{"rendered":"\n<div class=\"wp-block-image\"><figure class=\"aligncenter size-large\"><img decoding=\"async\" src=\"http:\/\/kapitalis.com\/tunisie\/wp-content\/uploads\/2020\/09\/Untitled-2-1.jpg\" alt=\"\" class=\"wp-image-314491\"\/><\/figure><\/div>\n\n\n\n<p><strong><em>Accompagn\u00e9 des sublimes photographies de Yann Arthus-Bertrand, \u00abNotre demain\u00bb, beau po\u00e8me de l\u2019\u00e9crivain Tawfiq Belfadel rend hommage aux victimes de la Covid-19 et lance un message d\u2019espoir pour un lendemain meilleur.<\/em><\/strong><\/p>\n\n\n\n<!--more-->\n\n\n\n<p>Le jeune \u00e9crivain et chroniqueur alg\u00e9rien d\u2019expression fran\u00e7aise Tawfiq Belfadel vient de publier un nouveau po\u00e8me intitul\u00e9 \u00ab<em>Notre demain<\/em>\u00bb o\u00f9 il a souhait\u00e9 rendre hommage aux victimes du coronavirus Covid-19 dont le nombre continue d\u2019augmenter, mais aussi au corps soignant qu\u2019il aime appeler \u00ab<em>l\u2019arm\u00e9e blanche<\/em>\u00bb.<\/p>\n\n\n\n<p>Le po\u00e8me est sorti sous forme d\u2019une vid\u00e9o de cinq minutes en acc\u00e8s libre sur Youtube, c\u2019est le r\u00e9sultat d\u2019une collaboration in\u00e9dite entre artistes de diff\u00e9rentes disciplines.<\/p>\n\n\n\n<p>Lu en langue fran\u00e7aise par l\u2019auteure-compositrice et interpr\u00e8te fran\u00e7aise Christina Goh et simultan\u00e9ment traduit en arabe et en anglais, la vid\u00e9o offre \u00e0 voir une s\u00e9rie de photographies sublimes sign\u00e9es le grand photographe, reporter, r\u00e9alisateur et \u00e9cologiste fran\u00e7ais Yann Arthus-Bertrand, accompagn\u00e9es par la musique du compositeur de musiques de film fran\u00e7ais Armand Amar.<\/p>\n\n\n\n<p>Les pand\u00e9mies ont depuis toujours inspir\u00e9 un grand nombre d\u2019artistes et d\u2019\u00e9crivains \u00e0 travers le monde; certaines \u0153uvres sont devenues de grands classiques intemporels, \u00e0 l\u2019instar de \u00ab<em>La peste<\/em>\u00bb (1947) d\u2019Albert Camus ou de \u00ab<em>L\u2019amour au temps du chol\u00e9ra<\/em>\u00bb (1985) de Gabriel Garcia Marquez.<\/p>\n\n\n\n<p>La Covid-19, qui\u00a0a boulevers\u00e9 l\u2019humanit\u00e9 enti\u00e8re en cette ann\u00e9e 2020, a aussi \u00e9t\u00e9 (et continue de l\u2019\u00eatre) une source in\u00e9puisable d\u2019inspiration pour des \u00e9crivains, des peintres, des cin\u00e9astes, des musiciens\u2026 pour t\u00e9moigner de leurs angoisses, de leur col\u00e8re, de leur aspiration \u00e0 un monde meilleur \u2026<\/p>\n\n\n\n<p>A travers son po\u00e8me, Tawfiq Belfadel souhaite avant tout lancer un message d\u2019espoir car \u00ab<em>le d\u00e9sespoir tue plus que la maladie<\/em>\u00bb, dit-il, appelant l\u2019humanit\u00e9 \u00e0 se relever et \u00e0 en tirer une morale \u00ab<em>pour \u00eatre plus fort et plus sage demain<\/em>\u00bb.<\/p>\n\n\n\n<p><a href=\"https:\/\/www.youtube.com\/watch?v=9GOmWNfFvbI\">Lien pour la vid\u00e9o<\/a><\/p>\n\n\n\n<p class=\"has-text-align-right\"><strong>Fawz Ben Ali<\/strong><\/p>\n","protected":false},"excerpt":{"rendered":"<p>Accompagn\u00e9 des sublimes photographies de Yann Arthus-Bertrand, \u00abNotre demain\u00bb, beau po\u00e8me de l\u2019\u00e9crivain Tawfiq Belfadel rend hommage aux victimes de la Covid-19 et lance un message d\u2019espoir pour un lendemain meilleur.<\/p>\n","protected":false},"author":26,"featured_media":314487,"comment_status":"open","ping_status":"open","sticky":false,"template":"","format":"standard","meta":{"footnotes":""},"categories":[994,2433],"tags":[82295,82299,726,82294,82296],"class_list":["post-314486","post","type-post","status-publish","format-standard","has-post-thumbnail","hentry","category-culture","category-tunisie","tag-ecrivain-algerien","tag-les-pandemies-dans-la-litterature","tag-poesie","tag-tawfiq-belfadel","tag-yann-arthus-bertrand"],"yoast_head":"<!-- This site is optimized with the Yoast SEO plugin v26.6 - https:\/\/yoast.com\/wordpress\/plugins\/seo\/ -->\n<title>\u00abNotre demain\u00bb : un po\u00e8me pour rendre hommage aux victimes de la Covid-19 et pour vaincre le d\u00e9sespoir - Kapitalis<\/title>\n<meta name=\"robots\" content=\"index, follow, max-snippet:-1, max-image-preview:large, max-video-preview:-1\" \/>\n<link rel=\"canonical\" href=\"https:\/\/kapitalis.com\/tunisie\/2020\/09\/01\/notre-demain-un-poeme-pour-rendre-hommage-aux-victimes-de-la-covid-19-et-pour-vaincre-le-desespoir\/\" \/>\n<meta property=\"og:locale\" content=\"fr_FR\" \/>\n<meta property=\"og:type\" content=\"article\" \/>\n<meta property=\"og:title\" content=\"\u00abNotre demain\u00bb : un po\u00e8me pour rendre hommage aux victimes de la Covid-19 et pour vaincre le d\u00e9sespoir - Kapitalis\" \/>\n<meta property=\"og:description\" content=\"Accompagn\u00e9 des sublimes photographies de Yann Arthus-Bertrand, \u00abNotre demain\u00bb, beau po\u00e8me de l\u2019\u00e9crivain Tawfiq Belfadel rend hommage aux victimes de la Covid-19 et lance un message d\u2019espoir pour un lendemain meilleur.\" \/>\n<meta property=\"og:url\" content=\"https:\/\/kapitalis.com\/tunisie\/2020\/09\/01\/notre-demain-un-poeme-pour-rendre-hommage-aux-victimes-de-la-covid-19-et-pour-vaincre-le-desespoir\/\" \/>\n<meta property=\"og:site_name\" content=\"Kapitalis\" \/>\n<meta property=\"article:publisher\" content=\"https:\/\/www.facebook.com\/KapitalisInfo\/\" \/>\n<meta property=\"article:published_time\" content=\"2020-09-01T15:07:31+00:00\" \/>\n<meta property=\"article:modified_time\" content=\"2020-09-01T15:08:00+00:00\" \/>\n<meta property=\"og:image\" content=\"https:\/\/kapitalis.com\/tunisie\/wp-content\/uploads\/2022\/05\/kapitalis-logo-fb.png\" \/>\n\t<meta property=\"og:image:width\" content=\"1200\" \/>\n\t<meta property=\"og:image:height\" content=\"630\" \/>\n\t<meta property=\"og:image:type\" content=\"image\/png\" \/>\n<meta name=\"author\" content=\"Fawz BenAli\" \/>\n<meta name=\"twitter:card\" content=\"summary_large_image\" \/>\n<meta name=\"twitter:creator\" content=\"@KapitalisInfo\" \/>\n<meta name=\"twitter:site\" content=\"@KapitalisInfo\" \/>\n<meta name=\"twitter:label1\" content=\"\u00c9crit par\" \/>\n\t<meta name=\"twitter:data1\" content=\"Fawz BenAli\" \/>\n\t<meta name=\"twitter:label2\" content=\"Dur\u00e9e de lecture estim\u00e9e\" \/>\n\t<meta name=\"twitter:data2\" content=\"2 minutes\" \/>\n<script type=\"application\/ld+json\" class=\"yoast-schema-graph\">{\"@context\":\"https:\/\/schema.org\",\"@graph\":[{\"@type\":\"Article\",\"@id\":\"https:\/\/kapitalis.com\/tunisie\/2020\/09\/01\/notre-demain-un-poeme-pour-rendre-hommage-aux-victimes-de-la-covid-19-et-pour-vaincre-le-desespoir\/#article\",\"isPartOf\":{\"@id\":\"https:\/\/kapitalis.com\/tunisie\/2020\/09\/01\/notre-demain-un-poeme-pour-rendre-hommage-aux-victimes-de-la-covid-19-et-pour-vaincre-le-desespoir\/\"},\"author\":{\"name\":\"Fawz BenAli\",\"@id\":\"https:\/\/kapitalis.com\/tunisie\/#\/schema\/person\/73a5ecc1f6ae540c6ed91342eadca948\"},\"headline\":\"\u00abNotre demain\u00bb : un po\u00e8me pour rendre hommage aux victimes de la Covid-19 et pour vaincre le d\u00e9sespoir\",\"datePublished\":\"2020-09-01T15:07:31+00:00\",\"dateModified\":\"2020-09-01T15:08:00+00:00\",\"mainEntityOfPage\":{\"@id\":\"https:\/\/kapitalis.com\/tunisie\/2020\/09\/01\/notre-demain-un-poeme-pour-rendre-hommage-aux-victimes-de-la-covid-19-et-pour-vaincre-le-desespoir\/\"},\"wordCount\":357,\"commentCount\":0,\"publisher\":{\"@id\":\"https:\/\/kapitalis.com\/tunisie\/#organization\"},\"image\":{\"@id\":\"https:\/\/kapitalis.com\/tunisie\/2020\/09\/01\/notre-demain-un-poeme-pour-rendre-hommage-aux-victimes-de-la-covid-19-et-pour-vaincre-le-desespoir\/#primaryimage\"},\"thumbnailUrl\":\"\",\"keywords\":[\"\u00e9crivain alg\u00e9rien\",\"les pand\u00e9mies dans la litt\u00e9rature\",\"po\u00e9sie\",\"Tawfiq Belfadel\",\"Yann Arthus Bertrand\"],\"articleSection\":[\"CULTURE\",\"Tunisie\"],\"inLanguage\":\"fr-FR\",\"potentialAction\":[{\"@type\":\"CommentAction\",\"name\":\"Comment\",\"target\":[\"https:\/\/kapitalis.com\/tunisie\/2020\/09\/01\/notre-demain-un-poeme-pour-rendre-hommage-aux-victimes-de-la-covid-19-et-pour-vaincre-le-desespoir\/#respond\"]}]},{\"@type\":\"WebPage\",\"@id\":\"https:\/\/kapitalis.com\/tunisie\/2020\/09\/01\/notre-demain-un-poeme-pour-rendre-hommage-aux-victimes-de-la-covid-19-et-pour-vaincre-le-desespoir\/\",\"url\":\"https:\/\/kapitalis.com\/tunisie\/2020\/09\/01\/notre-demain-un-poeme-pour-rendre-hommage-aux-victimes-de-la-covid-19-et-pour-vaincre-le-desespoir\/\",\"name\":\"\u00abNotre demain\u00bb : un po\u00e8me pour rendre hommage aux victimes de la Covid-19 et pour vaincre le d\u00e9sespoir - Kapitalis\",\"isPartOf\":{\"@id\":\"https:\/\/kapitalis.com\/tunisie\/#website\"},\"primaryImageOfPage\":{\"@id\":\"https:\/\/kapitalis.com\/tunisie\/2020\/09\/01\/notre-demain-un-poeme-pour-rendre-hommage-aux-victimes-de-la-covid-19-et-pour-vaincre-le-desespoir\/#primaryimage\"},\"image\":{\"@id\":\"https:\/\/kapitalis.com\/tunisie\/2020\/09\/01\/notre-demain-un-poeme-pour-rendre-hommage-aux-victimes-de-la-covid-19-et-pour-vaincre-le-desespoir\/#primaryimage\"},\"thumbnailUrl\":\"\",\"datePublished\":\"2020-09-01T15:07:31+00:00\",\"dateModified\":\"2020-09-01T15:08:00+00:00\",\"breadcrumb\":{\"@id\":\"https:\/\/kapitalis.com\/tunisie\/2020\/09\/01\/notre-demain-un-poeme-pour-rendre-hommage-aux-victimes-de-la-covid-19-et-pour-vaincre-le-desespoir\/#breadcrumb\"},\"inLanguage\":\"fr-FR\",\"potentialAction\":[{\"@type\":\"ReadAction\",\"target\":[\"https:\/\/kapitalis.com\/tunisie\/2020\/09\/01\/notre-demain-un-poeme-pour-rendre-hommage-aux-victimes-de-la-covid-19-et-pour-vaincre-le-desespoir\/\"]}]},{\"@type\":\"ImageObject\",\"inLanguage\":\"fr-FR\",\"@id\":\"https:\/\/kapitalis.com\/tunisie\/2020\/09\/01\/notre-demain-un-poeme-pour-rendre-hommage-aux-victimes-de-la-covid-19-et-pour-vaincre-le-desespoir\/#primaryimage\",\"url\":\"\",\"contentUrl\":\"\"},{\"@type\":\"BreadcrumbList\",\"@id\":\"https:\/\/kapitalis.com\/tunisie\/2020\/09\/01\/notre-demain-un-poeme-pour-rendre-hommage-aux-victimes-de-la-covid-19-et-pour-vaincre-le-desespoir\/#breadcrumb\",\"itemListElement\":[{\"@type\":\"ListItem\",\"position\":1,\"name\":\"Accueil\",\"item\":\"https:\/\/kapitalis.com\/tunisie\/\"},{\"@type\":\"ListItem\",\"position\":2,\"name\":\"\u00abNotre demain\u00bb : un po\u00e8me pour rendre hommage aux victimes de la Covid-19 et pour vaincre le d\u00e9sespoir\"}]},{\"@type\":\"WebSite\",\"@id\":\"https:\/\/kapitalis.com\/tunisie\/#website\",\"url\":\"https:\/\/kapitalis.com\/tunisie\/\",\"name\":\"Kapitalis\",\"description\":\"L&#039;actualit\u00e9 en Tunisie et dans le monde\",\"publisher\":{\"@id\":\"https:\/\/kapitalis.com\/tunisie\/#organization\"},\"potentialAction\":[{\"@type\":\"SearchAction\",\"target\":{\"@type\":\"EntryPoint\",\"urlTemplate\":\"https:\/\/kapitalis.com\/tunisie\/?s={search_term_string}\"},\"query-input\":{\"@type\":\"PropertyValueSpecification\",\"valueRequired\":true,\"valueName\":\"search_term_string\"}}],\"inLanguage\":\"fr-FR\"},{\"@type\":\"Organization\",\"@id\":\"https:\/\/kapitalis.com\/tunisie\/#organization\",\"name\":\"Kapitalis\",\"url\":\"https:\/\/kapitalis.com\/tunisie\/\",\"logo\":{\"@type\":\"ImageObject\",\"inLanguage\":\"fr-FR\",\"@id\":\"https:\/\/kapitalis.com\/tunisie\/#\/schema\/logo\/image\/\",\"url\":\"https:\/\/kapitalis.com\/tunisie\/wp-content\/uploads\/2022\/05\/Kapitalis-big-size.png\",\"contentUrl\":\"https:\/\/kapitalis.com\/tunisie\/wp-content\/uploads\/2022\/05\/Kapitalis-big-size.png\",\"width\":5000,\"height\":1500,\"caption\":\"Kapitalis\"},\"image\":{\"@id\":\"https:\/\/kapitalis.com\/tunisie\/#\/schema\/logo\/image\/\"},\"sameAs\":[\"https:\/\/www.facebook.com\/KapitalisInfo\/\",\"https:\/\/x.com\/KapitalisInfo\",\"https:\/\/www.youtube.com\/channel\/UC-yDYrHyfFBWWZaOw3FPg9Q\"]},{\"@type\":\"Person\",\"@id\":\"https:\/\/kapitalis.com\/tunisie\/#\/schema\/person\/73a5ecc1f6ae540c6ed91342eadca948\",\"name\":\"Fawz BenAli\",\"url\":\"https:\/\/kapitalis.com\/tunisie\/author\/fawz\/\"}]}<\/script>\n<!-- \/ Yoast SEO plugin. -->","yoast_head_json":{"title":"\u00abNotre demain\u00bb : un po\u00e8me pour rendre hommage aux victimes de la Covid-19 et pour vaincre le d\u00e9sespoir - Kapitalis","robots":{"index":"index","follow":"follow","max-snippet":"max-snippet:-1","max-image-preview":"max-image-preview:large","max-video-preview":"max-video-preview:-1"},"canonical":"https:\/\/kapitalis.com\/tunisie\/2020\/09\/01\/notre-demain-un-poeme-pour-rendre-hommage-aux-victimes-de-la-covid-19-et-pour-vaincre-le-desespoir\/","og_locale":"fr_FR","og_type":"article","og_title":"\u00abNotre demain\u00bb : un po\u00e8me pour rendre hommage aux victimes de la Covid-19 et pour vaincre le d\u00e9sespoir - Kapitalis","og_description":"Accompagn\u00e9 des sublimes photographies de Yann Arthus-Bertrand, \u00abNotre demain\u00bb, beau po\u00e8me de l\u2019\u00e9crivain Tawfiq Belfadel rend hommage aux victimes de la Covid-19 et lance un message d\u2019espoir pour un lendemain meilleur.","og_url":"https:\/\/kapitalis.com\/tunisie\/2020\/09\/01\/notre-demain-un-poeme-pour-rendre-hommage-aux-victimes-de-la-covid-19-et-pour-vaincre-le-desespoir\/","og_site_name":"Kapitalis","article_publisher":"https:\/\/www.facebook.com\/KapitalisInfo\/","article_published_time":"2020-09-01T15:07:31+00:00","article_modified_time":"2020-09-01T15:08:00+00:00","og_image":[{"width":1200,"height":630,"url":"https:\/\/kapitalis.com\/tunisie\/wp-content\/uploads\/2022\/05\/kapitalis-logo-fb.png","type":"image\/png"}],"author":"Fawz BenAli","twitter_card":"summary_large_image","twitter_creator":"@KapitalisInfo","twitter_site":"@KapitalisInfo","twitter_misc":{"\u00c9crit par":"Fawz BenAli","Dur\u00e9e de lecture estim\u00e9e":"2 minutes"},"schema":{"@context":"https:\/\/schema.org","@graph":[{"@type":"Article","@id":"https:\/\/kapitalis.com\/tunisie\/2020\/09\/01\/notre-demain-un-poeme-pour-rendre-hommage-aux-victimes-de-la-covid-19-et-pour-vaincre-le-desespoir\/#article","isPartOf":{"@id":"https:\/\/kapitalis.com\/tunisie\/2020\/09\/01\/notre-demain-un-poeme-pour-rendre-hommage-aux-victimes-de-la-covid-19-et-pour-vaincre-le-desespoir\/"},"author":{"name":"Fawz BenAli","@id":"https:\/\/kapitalis.com\/tunisie\/#\/schema\/person\/73a5ecc1f6ae540c6ed91342eadca948"},"headline":"\u00abNotre demain\u00bb : un po\u00e8me pour rendre hommage aux victimes de la Covid-19 et pour vaincre le d\u00e9sespoir","datePublished":"2020-09-01T15:07:31+00:00","dateModified":"2020-09-01T15:08:00+00:00","mainEntityOfPage":{"@id":"https:\/\/kapitalis.com\/tunisie\/2020\/09\/01\/notre-demain-un-poeme-pour-rendre-hommage-aux-victimes-de-la-covid-19-et-pour-vaincre-le-desespoir\/"},"wordCount":357,"commentCount":0,"publisher":{"@id":"https:\/\/kapitalis.com\/tunisie\/#organization"},"image":{"@id":"https:\/\/kapitalis.com\/tunisie\/2020\/09\/01\/notre-demain-un-poeme-pour-rendre-hommage-aux-victimes-de-la-covid-19-et-pour-vaincre-le-desespoir\/#primaryimage"},"thumbnailUrl":"","keywords":["\u00e9crivain alg\u00e9rien","les pand\u00e9mies dans la litt\u00e9rature","po\u00e9sie","Tawfiq Belfadel","Yann Arthus Bertrand"],"articleSection":["CULTURE","Tunisie"],"inLanguage":"fr-FR","potentialAction":[{"@type":"CommentAction","name":"Comment","target":["https:\/\/kapitalis.com\/tunisie\/2020\/09\/01\/notre-demain-un-poeme-pour-rendre-hommage-aux-victimes-de-la-covid-19-et-pour-vaincre-le-desespoir\/#respond"]}]},{"@type":"WebPage","@id":"https:\/\/kapitalis.com\/tunisie\/2020\/09\/01\/notre-demain-un-poeme-pour-rendre-hommage-aux-victimes-de-la-covid-19-et-pour-vaincre-le-desespoir\/","url":"https:\/\/kapitalis.com\/tunisie\/2020\/09\/01\/notre-demain-un-poeme-pour-rendre-hommage-aux-victimes-de-la-covid-19-et-pour-vaincre-le-desespoir\/","name":"\u00abNotre demain\u00bb : un po\u00e8me pour rendre hommage aux victimes de la Covid-19 et pour vaincre le d\u00e9sespoir - Kapitalis","isPartOf":{"@id":"https:\/\/kapitalis.com\/tunisie\/#website"},"primaryImageOfPage":{"@id":"https:\/\/kapitalis.com\/tunisie\/2020\/09\/01\/notre-demain-un-poeme-pour-rendre-hommage-aux-victimes-de-la-covid-19-et-pour-vaincre-le-desespoir\/#primaryimage"},"image":{"@id":"https:\/\/kapitalis.com\/tunisie\/2020\/09\/01\/notre-demain-un-poeme-pour-rendre-hommage-aux-victimes-de-la-covid-19-et-pour-vaincre-le-desespoir\/#primaryimage"},"thumbnailUrl":"","datePublished":"2020-09-01T15:07:31+00:00","dateModified":"2020-09-01T15:08:00+00:00","breadcrumb":{"@id":"https:\/\/kapitalis.com\/tunisie\/2020\/09\/01\/notre-demain-un-poeme-pour-rendre-hommage-aux-victimes-de-la-covid-19-et-pour-vaincre-le-desespoir\/#breadcrumb"},"inLanguage":"fr-FR","potentialAction":[{"@type":"ReadAction","target":["https:\/\/kapitalis.com\/tunisie\/2020\/09\/01\/notre-demain-un-poeme-pour-rendre-hommage-aux-victimes-de-la-covid-19-et-pour-vaincre-le-desespoir\/"]}]},{"@type":"ImageObject","inLanguage":"fr-FR","@id":"https:\/\/kapitalis.com\/tunisie\/2020\/09\/01\/notre-demain-un-poeme-pour-rendre-hommage-aux-victimes-de-la-covid-19-et-pour-vaincre-le-desespoir\/#primaryimage","url":"","contentUrl":""},{"@type":"BreadcrumbList","@id":"https:\/\/kapitalis.com\/tunisie\/2020\/09\/01\/notre-demain-un-poeme-pour-rendre-hommage-aux-victimes-de-la-covid-19-et-pour-vaincre-le-desespoir\/#breadcrumb","itemListElement":[{"@type":"ListItem","position":1,"name":"Accueil","item":"https:\/\/kapitalis.com\/tunisie\/"},{"@type":"ListItem","position":2,"name":"\u00abNotre demain\u00bb : un po\u00e8me pour rendre hommage aux victimes de la Covid-19 et pour vaincre le d\u00e9sespoir"}]},{"@type":"WebSite","@id":"https:\/\/kapitalis.com\/tunisie\/#website","url":"https:\/\/kapitalis.com\/tunisie\/","name":"Kapitalis","description":"L&#039;actualit\u00e9 en Tunisie et dans le monde","publisher":{"@id":"https:\/\/kapitalis.com\/tunisie\/#organization"},"potentialAction":[{"@type":"SearchAction","target":{"@type":"EntryPoint","urlTemplate":"https:\/\/kapitalis.com\/tunisie\/?s={search_term_string}"},"query-input":{"@type":"PropertyValueSpecification","valueRequired":true,"valueName":"search_term_string"}}],"inLanguage":"fr-FR"},{"@type":"Organization","@id":"https:\/\/kapitalis.com\/tunisie\/#organization","name":"Kapitalis","url":"https:\/\/kapitalis.com\/tunisie\/","logo":{"@type":"ImageObject","inLanguage":"fr-FR","@id":"https:\/\/kapitalis.com\/tunisie\/#\/schema\/logo\/image\/","url":"https:\/\/kapitalis.com\/tunisie\/wp-content\/uploads\/2022\/05\/Kapitalis-big-size.png","contentUrl":"https:\/\/kapitalis.com\/tunisie\/wp-content\/uploads\/2022\/05\/Kapitalis-big-size.png","width":5000,"height":1500,"caption":"Kapitalis"},"image":{"@id":"https:\/\/kapitalis.com\/tunisie\/#\/schema\/logo\/image\/"},"sameAs":["https:\/\/www.facebook.com\/KapitalisInfo\/","https:\/\/x.com\/KapitalisInfo","https:\/\/www.youtube.com\/channel\/UC-yDYrHyfFBWWZaOw3FPg9Q"]},{"@type":"Person","@id":"https:\/\/kapitalis.com\/tunisie\/#\/schema\/person\/73a5ecc1f6ae540c6ed91342eadca948","name":"Fawz BenAli","url":"https:\/\/kapitalis.com\/tunisie\/author\/fawz\/"}]}},"_links":{"self":[{"href":"https:\/\/kapitalis.com\/tunisie\/wp-json\/wp\/v2\/posts\/314486","targetHints":{"allow":["GET"]}}],"collection":[{"href":"https:\/\/kapitalis.com\/tunisie\/wp-json\/wp\/v2\/posts"}],"about":[{"href":"https:\/\/kapitalis.com\/tunisie\/wp-json\/wp\/v2\/types\/post"}],"author":[{"embeddable":true,"href":"https:\/\/kapitalis.com\/tunisie\/wp-json\/wp\/v2\/users\/26"}],"replies":[{"embeddable":true,"href":"https:\/\/kapitalis.com\/tunisie\/wp-json\/wp\/v2\/comments?post=314486"}],"version-history":[{"count":0,"href":"https:\/\/kapitalis.com\/tunisie\/wp-json\/wp\/v2\/posts\/314486\/revisions"}],"wp:featuredmedia":[{"embeddable":true,"href":"https:\/\/kapitalis.com\/tunisie\/wp-json\/wp\/v2\/media\/314487"}],"wp:attachment":[{"href":"https:\/\/kapitalis.com\/tunisie\/wp-json\/wp\/v2\/media?parent=314486"}],"wp:term":[{"taxonomy":"category","embeddable":true,"href":"https:\/\/kapitalis.com\/tunisie\/wp-json\/wp\/v2\/categories?post=314486"},{"taxonomy":"post_tag","embeddable":true,"href":"https:\/\/kapitalis.com\/tunisie\/wp-json\/wp\/v2\/tags?post=314486"}],"curies":[{"name":"wp","href":"https:\/\/api.w.org\/{rel}","templated":true}]}}