{"id":314497,"date":"2020-09-01T12:11:11","date_gmt":"2020-09-01T11:11:11","guid":{"rendered":"http:\/\/kapitalis.com\/tunisie\/?p=314497"},"modified":"2020-09-01T12:11:15","modified_gmt":"2020-09-01T11:11:15","slug":"hichem-mechichi-le-discours-de-la-methode","status":"publish","type":"post","link":"https:\/\/kapitalis.com\/tunisie\/2020\/09\/01\/hichem-mechichi-le-discours-de-la-methode\/","title":{"rendered":"Hichem Mechichi : Le discours de la m\u00e9thode"},"content":{"rendered":"\n<figure class=\"wp-block-image size-large\"><img decoding=\"async\" src=\"http:\/\/kapitalis.com\/tunisie\/wp-content\/uploads\/2020\/09\/Hichem-Mechichi-Assemblee.jpg\" alt=\"\" class=\"wp-image-314498\"\/><\/figure>\n\n\n\n<p><strong><em>Apr\u00e8s avoir bross\u00e9 un tableau assez sombre de la situation g\u00e9n\u00e9rale en Tunisie, que d\u2019ailleurs tout le monde conna\u00eet, Hichem Mechichi a expliqu\u00e9 que c\u2019est la raison pour laquelle il a veill\u00e9 \u00e0 ce que son \u00e9quipe gouvernementale \u00absoit compos\u00e9e de comp\u00e9tences capables de r\u00e9alisations effectives et rapides et de trouver des solutions pratiques aux diff\u00e9rents probl\u00e8mes\u00bb. Traduire : les politiques ont fait perdre beaucoup de temps et d\u2019opportunit\u00e9s aux pays.<\/em><\/strong><\/p>\n\n\n\n<p>Par <strong>Imed Bahri<\/strong><\/p>\n\n\n\n<!--more-->\n\n\n\n<p>S\u2019adressant, aujourd\u2019hui, mardi 1er septembre 2020, aux membres de l\u2019Assembl\u00e9e des repr\u00e9sentants du peuple (ARP), dont il sollicite la confiance pour son gouvernement, M. Mechichi a assur\u00e9 que son gouvernement <em>\u00absera effectivement un gouvernement d\u2019action et de r\u00e9alisations adoptant une approche sp\u00e9cifique qui donne la priorit\u00e9 \u00e0 l\u2019efficacit\u00e9\u00bb<\/em>, dans ce qui ressemble \u00e0 un \u00e9loge de la technicit\u00e9 et de la technocratie. En d\u2019autres termes, l\u2019administration publique \u00e9tant aujourd\u2019hui aux commandes, vous allez voir ce que vous allez voir !<\/p>\n\n\n\n<h3 class=\"wp-block-heading\">Une nouvelle approche pour arr\u00eater l\u2019h\u00e9morragie<\/h3>\n\n\n\n<p>Quelle est cette approche sp\u00e9cifique qu\u2019on nous promet qui va r\u00e9volutionner la gestion des affaires du pays ? L\u00e0 aussi M. Mechichi s\u2019est r\u00e9fugi\u00e9 dans les g\u00e9n\u00e9ralit\u00e9s pour ne pas dire les mots creux et les vagues promesses. <em>\u00abC\u2019est une approche fond\u00e9e sur le sens de l\u2019audace dans l\u2019impulsion des changements et la recherche des solutions non habituelles et innovantes en puisant dans les moyens disponibles\u00bb,<\/em> dira-t-il. Et d\u2019ajouter : <em>\u00abNotre d\u00e9fi r\u00e9side dans une meilleure exploitation des ressources et une plus grande efficacit\u00e9 au niveau des interventions et des d\u00e9penses publiques pour arr\u00eater l\u2019h\u00e9morragie\u00bb.<\/em><\/p>\n\n\n\n<p>Comment assurer une meilleure exploitation des ressources par une r\u00e9duction des d\u00e9penses publiques ? M. Mechichi promet de trouver une <em>\u00abm\u00e9thode consensuelle pour r\u00e9partir les charges en attendant l\u2019am\u00e9lioration de la situation, tout en renfor\u00e7ant la souverainet\u00e9 nationale et en garantissant la s\u00e9curit\u00e9 \u00e9nerg\u00e9tique, hydraulique et alimentaire\u00bb <\/em><\/p>\n\n\n\n<p>C\u2019est l\u00e0 tout un programme qui ne saurait \u00eatre r\u00e9alis\u00e9 sans une politique d\u2019aust\u00e9rit\u00e9 et d\u2019augmentation (\u00e9quitable) des charges fiscales, d\u2019autant que, comme le pr\u00e9cise le chef de gouvernement d\u00e9sign\u00e9, <em>\u00abl\u2019arr\u00eat de l\u2019h\u00e9morragie enregistr\u00e9e au niveau des finances publiques et des grands \u00e9quilibres macro-\u00e9conomiques sera la priorit\u00e9 absolue pour notre travail \u00e0 court terme, alors que la mise en route de programmes visant \u00e0 am\u00e9liorer progressivement les conditions \u00e9conomiques et sociales et concr\u00e9tiser les grandes r\u00e9formes sera parmi nos priorit\u00e9s \u00e0 moyen et long termes.\u00bb<\/em><\/p>\n\n\n\n<h3 class=\"wp-block-heading\">Rien de vraiment nouveau sous le soleil de Tunisie<\/h3>\n\n\n\n<p>Certes, mais les solutions pr\u00e9conis\u00e9es \u00e0 cet effet ne sont pas nouvelles et ont comme un go\u00fbt de d\u00e9j\u00e0 vu : les m\u00eames rem\u00e8des solennellement d\u00e9clam\u00e9s par les pr\u00e9c\u00e9dents gouvernements mais jamais vraiment mis en application, en tout cas pas avec la fermet\u00e9 et la rigueur requises, eu \u00e9gard les pesanteurs, les r\u00e9sistances et m\u00eame les pressions des lobbies d\u2019int\u00e9r\u00eats, fortement repr\u00e9sent\u00e9s au sein de l\u2019Assembl\u00e9e, et qui sont uniquement soucieux de pr\u00e9server leurs gains et privil\u00e8ges dans un pays au bord de la faillite.<\/p>\n\n\n\n<figure class=\"wp-block-embed-wordpress wp-block-embed is-type-wp-embed is-provider-kapitalis\"><div class=\"wp-block-embed__wrapper\">\n<blockquote class=\"wp-embedded-content\" data-secret=\"QomdwOKcaZ\"><a href=\"https:\/\/kapitalis.com\/tunisie\/2020\/09\/01\/les-5-priorites-du-prochain-gouvernement-selon-hichem-mechichi\/\">Les 5 priorit\u00e9s du prochain gouvernement, selon Hichem Mechichi<\/a><\/blockquote><iframe loading=\"lazy\" class=\"wp-embedded-content\" sandbox=\"allow-scripts\" security=\"restricted\" style=\"position: absolute; clip: rect(1px, 1px, 1px, 1px);\" title=\"\u00ab\u00a0Les 5 priorit\u00e9s du prochain gouvernement, selon Hichem Mechichi\u00a0\u00bb &#8212; Kapitalis\" src=\"https:\/\/kapitalis.com\/tunisie\/2020\/09\/01\/les-5-priorites-du-prochain-gouvernement-selon-hichem-mechichi\/embed\/#?secret=5qw1OwbXEs#?secret=QomdwOKcaZ\" data-secret=\"QomdwOKcaZ\" width=\"600\" height=\"338\" frameborder=\"0\" marginwidth=\"0\" marginheight=\"0\" scrolling=\"no\"><\/iframe>\n<\/div><\/figure>\n","protected":false},"excerpt":{"rendered":"<p>Apr\u00e8s avoir bross\u00e9 un tableau assez sombre de la situation g\u00e9n\u00e9rale en Tunisie, que d\u2019ailleurs tout le monde conna\u00eet, Hichem Mechichi a expliqu\u00e9 que c\u2019est la raison pour laquelle il a veill\u00e9 \u00e0 ce que son \u00e9quipe gouvernementale \u00absoit compos\u00e9e de comp\u00e9tences capables de r\u00e9alisations effectives et rapides et de trouver des solutions pratiques aux&#8230;<\/p>\n","protected":false},"author":8,"featured_media":314498,"comment_status":"open","ping_status":"open","sticky":false,"template":"","format":"standard","meta":{"footnotes":""},"categories":[992,997,2433],"tags":[4638,74899],"class_list":["post-314497","post","type-post","status-publish","format-standard","has-post-thumbnail","hentry","category-a-la-une","category-politique","category-tunisie","tag-assemblee-des-representants-du-peuple","tag-hichem-mechichi"],"yoast_head":"<!-- This site is optimized with the Yoast SEO plugin v26.6 - https:\/\/yoast.com\/wordpress\/plugins\/seo\/ -->\n<title>Hichem Mechichi : Le discours de la m\u00e9thode - Kapitalis<\/title>\n<meta name=\"robots\" content=\"index, follow, max-snippet:-1, max-image-preview:large, max-video-preview:-1\" \/>\n<link rel=\"canonical\" href=\"https:\/\/kapitalis.com\/tunisie\/2020\/09\/01\/hichem-mechichi-le-discours-de-la-methode\/\" \/>\n<meta property=\"og:locale\" content=\"fr_FR\" \/>\n<meta property=\"og:type\" content=\"article\" \/>\n<meta property=\"og:title\" content=\"Hichem Mechichi : Le discours de la m\u00e9thode - Kapitalis\" \/>\n<meta property=\"og:description\" content=\"Apr\u00e8s avoir bross\u00e9 un tableau assez sombre de la situation g\u00e9n\u00e9rale en Tunisie, que d\u2019ailleurs tout le monde conna\u00eet, Hichem Mechichi a expliqu\u00e9 que c\u2019est la raison pour laquelle il a veill\u00e9 \u00e0 ce que son \u00e9quipe gouvernementale \u00absoit compos\u00e9e de comp\u00e9tences capables de r\u00e9alisations effectives et rapides et de trouver des solutions pratiques aux...\" \/>\n<meta property=\"og:url\" content=\"https:\/\/kapitalis.com\/tunisie\/2020\/09\/01\/hichem-mechichi-le-discours-de-la-methode\/\" \/>\n<meta property=\"og:site_name\" content=\"Kapitalis\" \/>\n<meta property=\"article:publisher\" content=\"https:\/\/www.facebook.com\/KapitalisInfo\/\" \/>\n<meta property=\"article:published_time\" content=\"2020-09-01T11:11:11+00:00\" \/>\n<meta property=\"article:modified_time\" content=\"2020-09-01T11:11:15+00:00\" \/>\n<meta property=\"og:image\" content=\"https:\/\/kapitalis.com\/tunisie\/wp-content\/uploads\/2022\/05\/kapitalis-logo-fb.png\" \/>\n\t<meta property=\"og:image:width\" content=\"1200\" \/>\n\t<meta property=\"og:image:height\" content=\"630\" \/>\n\t<meta property=\"og:image:type\" content=\"image\/png\" \/>\n<meta name=\"author\" content=\"webmaster kapitalis\" \/>\n<meta name=\"twitter:card\" content=\"summary_large_image\" \/>\n<meta name=\"twitter:creator\" content=\"@KapitalisInfo\" \/>\n<meta name=\"twitter:site\" content=\"@KapitalisInfo\" \/>\n<meta name=\"twitter:label1\" content=\"\u00c9crit par\" \/>\n\t<meta name=\"twitter:data1\" content=\"webmaster kapitalis\" \/>\n\t<meta name=\"twitter:label2\" content=\"Dur\u00e9e de lecture estim\u00e9e\" \/>\n\t<meta name=\"twitter:data2\" content=\"3 minutes\" \/>\n<script type=\"application\/ld+json\" class=\"yoast-schema-graph\">{\"@context\":\"https:\/\/schema.org\",\"@graph\":[{\"@type\":\"Article\",\"@id\":\"https:\/\/kapitalis.com\/tunisie\/2020\/09\/01\/hichem-mechichi-le-discours-de-la-methode\/#article\",\"isPartOf\":{\"@id\":\"https:\/\/kapitalis.com\/tunisie\/2020\/09\/01\/hichem-mechichi-le-discours-de-la-methode\/\"},\"author\":{\"name\":\"webmaster kapitalis\",\"@id\":\"https:\/\/kapitalis.com\/tunisie\/#\/schema\/person\/d71f33a9ca44f7bad4698210b480c8e9\"},\"headline\":\"Hichem Mechichi : Le discours de la m\u00e9thode\",\"datePublished\":\"2020-09-01T11:11:11+00:00\",\"dateModified\":\"2020-09-01T11:11:15+00:00\",\"mainEntityOfPage\":{\"@id\":\"https:\/\/kapitalis.com\/tunisie\/2020\/09\/01\/hichem-mechichi-le-discours-de-la-methode\/\"},\"wordCount\":576,\"commentCount\":0,\"publisher\":{\"@id\":\"https:\/\/kapitalis.com\/tunisie\/#organization\"},\"image\":{\"@id\":\"https:\/\/kapitalis.com\/tunisie\/2020\/09\/01\/hichem-mechichi-le-discours-de-la-methode\/#primaryimage\"},\"thumbnailUrl\":\"\",\"keywords\":[\"Assembl\u00e9e des repr\u00e9sentants du peuple\",\"Hichem Mechichi\"],\"articleSection\":[\"A LA UNE\",\"POLITIQUE\",\"Tunisie\"],\"inLanguage\":\"fr-FR\",\"potentialAction\":[{\"@type\":\"CommentAction\",\"name\":\"Comment\",\"target\":[\"https:\/\/kapitalis.com\/tunisie\/2020\/09\/01\/hichem-mechichi-le-discours-de-la-methode\/#respond\"]}]},{\"@type\":\"WebPage\",\"@id\":\"https:\/\/kapitalis.com\/tunisie\/2020\/09\/01\/hichem-mechichi-le-discours-de-la-methode\/\",\"url\":\"https:\/\/kapitalis.com\/tunisie\/2020\/09\/01\/hichem-mechichi-le-discours-de-la-methode\/\",\"name\":\"Hichem Mechichi : Le discours de la m\u00e9thode - Kapitalis\",\"isPartOf\":{\"@id\":\"https:\/\/kapitalis.com\/tunisie\/#website\"},\"primaryImageOfPage\":{\"@id\":\"https:\/\/kapitalis.com\/tunisie\/2020\/09\/01\/hichem-mechichi-le-discours-de-la-methode\/#primaryimage\"},\"image\":{\"@id\":\"https:\/\/kapitalis.com\/tunisie\/2020\/09\/01\/hichem-mechichi-le-discours-de-la-methode\/#primaryimage\"},\"thumbnailUrl\":\"\",\"datePublished\":\"2020-09-01T11:11:11+00:00\",\"dateModified\":\"2020-09-01T11:11:15+00:00\",\"breadcrumb\":{\"@id\":\"https:\/\/kapitalis.com\/tunisie\/2020\/09\/01\/hichem-mechichi-le-discours-de-la-methode\/#breadcrumb\"},\"inLanguage\":\"fr-FR\",\"potentialAction\":[{\"@type\":\"ReadAction\",\"target\":[\"https:\/\/kapitalis.com\/tunisie\/2020\/09\/01\/hichem-mechichi-le-discours-de-la-methode\/\"]}]},{\"@type\":\"ImageObject\",\"inLanguage\":\"fr-FR\",\"@id\":\"https:\/\/kapitalis.com\/tunisie\/2020\/09\/01\/hichem-mechichi-le-discours-de-la-methode\/#primaryimage\",\"url\":\"\",\"contentUrl\":\"\"},{\"@type\":\"BreadcrumbList\",\"@id\":\"https:\/\/kapitalis.com\/tunisie\/2020\/09\/01\/hichem-mechichi-le-discours-de-la-methode\/#breadcrumb\",\"itemListElement\":[{\"@type\":\"ListItem\",\"position\":1,\"name\":\"Accueil\",\"item\":\"https:\/\/kapitalis.com\/tunisie\/\"},{\"@type\":\"ListItem\",\"position\":2,\"name\":\"Hichem Mechichi : Le discours de la m\u00e9thode\"}]},{\"@type\":\"WebSite\",\"@id\":\"https:\/\/kapitalis.com\/tunisie\/#website\",\"url\":\"https:\/\/kapitalis.com\/tunisie\/\",\"name\":\"Kapitalis\",\"description\":\"L&#039;actualit\u00e9 en Tunisie et dans le monde\",\"publisher\":{\"@id\":\"https:\/\/kapitalis.com\/tunisie\/#organization\"},\"potentialAction\":[{\"@type\":\"SearchAction\",\"target\":{\"@type\":\"EntryPoint\",\"urlTemplate\":\"https:\/\/kapitalis.com\/tunisie\/?s={search_term_string}\"},\"query-input\":{\"@type\":\"PropertyValueSpecification\",\"valueRequired\":true,\"valueName\":\"search_term_string\"}}],\"inLanguage\":\"fr-FR\"},{\"@type\":\"Organization\",\"@id\":\"https:\/\/kapitalis.com\/tunisie\/#organization\",\"name\":\"Kapitalis\",\"url\":\"https:\/\/kapitalis.com\/tunisie\/\",\"logo\":{\"@type\":\"ImageObject\",\"inLanguage\":\"fr-FR\",\"@id\":\"https:\/\/kapitalis.com\/tunisie\/#\/schema\/logo\/image\/\",\"url\":\"https:\/\/kapitalis.com\/tunisie\/wp-content\/uploads\/2022\/05\/Kapitalis-big-size.png\",\"contentUrl\":\"https:\/\/kapitalis.com\/tunisie\/wp-content\/uploads\/2022\/05\/Kapitalis-big-size.png\",\"width\":5000,\"height\":1500,\"caption\":\"Kapitalis\"},\"image\":{\"@id\":\"https:\/\/kapitalis.com\/tunisie\/#\/schema\/logo\/image\/\"},\"sameAs\":[\"https:\/\/www.facebook.com\/KapitalisInfo\/\",\"https:\/\/x.com\/KapitalisInfo\",\"https:\/\/www.youtube.com\/channel\/UC-yDYrHyfFBWWZaOw3FPg9Q\"]},{\"@type\":\"Person\",\"@id\":\"https:\/\/kapitalis.com\/tunisie\/#\/schema\/person\/d71f33a9ca44f7bad4698210b480c8e9\",\"name\":\"webmaster kapitalis\",\"url\":\"https:\/\/kapitalis.com\/tunisie\/author\/webmaster-kapitalis\/\"}]}<\/script>\n<!-- \/ Yoast SEO plugin. -->","yoast_head_json":{"title":"Hichem Mechichi : Le discours de la m\u00e9thode - Kapitalis","robots":{"index":"index","follow":"follow","max-snippet":"max-snippet:-1","max-image-preview":"max-image-preview:large","max-video-preview":"max-video-preview:-1"},"canonical":"https:\/\/kapitalis.com\/tunisie\/2020\/09\/01\/hichem-mechichi-le-discours-de-la-methode\/","og_locale":"fr_FR","og_type":"article","og_title":"Hichem Mechichi : Le discours de la m\u00e9thode - Kapitalis","og_description":"Apr\u00e8s avoir bross\u00e9 un tableau assez sombre de la situation g\u00e9n\u00e9rale en Tunisie, que d\u2019ailleurs tout le monde conna\u00eet, Hichem Mechichi a expliqu\u00e9 que c\u2019est la raison pour laquelle il a veill\u00e9 \u00e0 ce que son \u00e9quipe gouvernementale \u00absoit compos\u00e9e de comp\u00e9tences capables de r\u00e9alisations effectives et rapides et de trouver des solutions pratiques aux...","og_url":"https:\/\/kapitalis.com\/tunisie\/2020\/09\/01\/hichem-mechichi-le-discours-de-la-methode\/","og_site_name":"Kapitalis","article_publisher":"https:\/\/www.facebook.com\/KapitalisInfo\/","article_published_time":"2020-09-01T11:11:11+00:00","article_modified_time":"2020-09-01T11:11:15+00:00","og_image":[{"width":1200,"height":630,"url":"https:\/\/kapitalis.com\/tunisie\/wp-content\/uploads\/2022\/05\/kapitalis-logo-fb.png","type":"image\/png"}],"author":"webmaster kapitalis","twitter_card":"summary_large_image","twitter_creator":"@KapitalisInfo","twitter_site":"@KapitalisInfo","twitter_misc":{"\u00c9crit par":"webmaster kapitalis","Dur\u00e9e de lecture estim\u00e9e":"3 minutes"},"schema":{"@context":"https:\/\/schema.org","@graph":[{"@type":"Article","@id":"https:\/\/kapitalis.com\/tunisie\/2020\/09\/01\/hichem-mechichi-le-discours-de-la-methode\/#article","isPartOf":{"@id":"https:\/\/kapitalis.com\/tunisie\/2020\/09\/01\/hichem-mechichi-le-discours-de-la-methode\/"},"author":{"name":"webmaster kapitalis","@id":"https:\/\/kapitalis.com\/tunisie\/#\/schema\/person\/d71f33a9ca44f7bad4698210b480c8e9"},"headline":"Hichem Mechichi : Le discours de la m\u00e9thode","datePublished":"2020-09-01T11:11:11+00:00","dateModified":"2020-09-01T11:11:15+00:00","mainEntityOfPage":{"@id":"https:\/\/kapitalis.com\/tunisie\/2020\/09\/01\/hichem-mechichi-le-discours-de-la-methode\/"},"wordCount":576,"commentCount":0,"publisher":{"@id":"https:\/\/kapitalis.com\/tunisie\/#organization"},"image":{"@id":"https:\/\/kapitalis.com\/tunisie\/2020\/09\/01\/hichem-mechichi-le-discours-de-la-methode\/#primaryimage"},"thumbnailUrl":"","keywords":["Assembl\u00e9e des repr\u00e9sentants du peuple","Hichem Mechichi"],"articleSection":["A LA UNE","POLITIQUE","Tunisie"],"inLanguage":"fr-FR","potentialAction":[{"@type":"CommentAction","name":"Comment","target":["https:\/\/kapitalis.com\/tunisie\/2020\/09\/01\/hichem-mechichi-le-discours-de-la-methode\/#respond"]}]},{"@type":"WebPage","@id":"https:\/\/kapitalis.com\/tunisie\/2020\/09\/01\/hichem-mechichi-le-discours-de-la-methode\/","url":"https:\/\/kapitalis.com\/tunisie\/2020\/09\/01\/hichem-mechichi-le-discours-de-la-methode\/","name":"Hichem Mechichi : Le discours de la m\u00e9thode - Kapitalis","isPartOf":{"@id":"https:\/\/kapitalis.com\/tunisie\/#website"},"primaryImageOfPage":{"@id":"https:\/\/kapitalis.com\/tunisie\/2020\/09\/01\/hichem-mechichi-le-discours-de-la-methode\/#primaryimage"},"image":{"@id":"https:\/\/kapitalis.com\/tunisie\/2020\/09\/01\/hichem-mechichi-le-discours-de-la-methode\/#primaryimage"},"thumbnailUrl":"","datePublished":"2020-09-01T11:11:11+00:00","dateModified":"2020-09-01T11:11:15+00:00","breadcrumb":{"@id":"https:\/\/kapitalis.com\/tunisie\/2020\/09\/01\/hichem-mechichi-le-discours-de-la-methode\/#breadcrumb"},"inLanguage":"fr-FR","potentialAction":[{"@type":"ReadAction","target":["https:\/\/kapitalis.com\/tunisie\/2020\/09\/01\/hichem-mechichi-le-discours-de-la-methode\/"]}]},{"@type":"ImageObject","inLanguage":"fr-FR","@id":"https:\/\/kapitalis.com\/tunisie\/2020\/09\/01\/hichem-mechichi-le-discours-de-la-methode\/#primaryimage","url":"","contentUrl":""},{"@type":"BreadcrumbList","@id":"https:\/\/kapitalis.com\/tunisie\/2020\/09\/01\/hichem-mechichi-le-discours-de-la-methode\/#breadcrumb","itemListElement":[{"@type":"ListItem","position":1,"name":"Accueil","item":"https:\/\/kapitalis.com\/tunisie\/"},{"@type":"ListItem","position":2,"name":"Hichem Mechichi : Le discours de la m\u00e9thode"}]},{"@type":"WebSite","@id":"https:\/\/kapitalis.com\/tunisie\/#website","url":"https:\/\/kapitalis.com\/tunisie\/","name":"Kapitalis","description":"L&#039;actualit\u00e9 en Tunisie et dans le monde","publisher":{"@id":"https:\/\/kapitalis.com\/tunisie\/#organization"},"potentialAction":[{"@type":"SearchAction","target":{"@type":"EntryPoint","urlTemplate":"https:\/\/kapitalis.com\/tunisie\/?s={search_term_string}"},"query-input":{"@type":"PropertyValueSpecification","valueRequired":true,"valueName":"search_term_string"}}],"inLanguage":"fr-FR"},{"@type":"Organization","@id":"https:\/\/kapitalis.com\/tunisie\/#organization","name":"Kapitalis","url":"https:\/\/kapitalis.com\/tunisie\/","logo":{"@type":"ImageObject","inLanguage":"fr-FR","@id":"https:\/\/kapitalis.com\/tunisie\/#\/schema\/logo\/image\/","url":"https:\/\/kapitalis.com\/tunisie\/wp-content\/uploads\/2022\/05\/Kapitalis-big-size.png","contentUrl":"https:\/\/kapitalis.com\/tunisie\/wp-content\/uploads\/2022\/05\/Kapitalis-big-size.png","width":5000,"height":1500,"caption":"Kapitalis"},"image":{"@id":"https:\/\/kapitalis.com\/tunisie\/#\/schema\/logo\/image\/"},"sameAs":["https:\/\/www.facebook.com\/KapitalisInfo\/","https:\/\/x.com\/KapitalisInfo","https:\/\/www.youtube.com\/channel\/UC-yDYrHyfFBWWZaOw3FPg9Q"]},{"@type":"Person","@id":"https:\/\/kapitalis.com\/tunisie\/#\/schema\/person\/d71f33a9ca44f7bad4698210b480c8e9","name":"webmaster kapitalis","url":"https:\/\/kapitalis.com\/tunisie\/author\/webmaster-kapitalis\/"}]}},"_links":{"self":[{"href":"https:\/\/kapitalis.com\/tunisie\/wp-json\/wp\/v2\/posts\/314497","targetHints":{"allow":["GET"]}}],"collection":[{"href":"https:\/\/kapitalis.com\/tunisie\/wp-json\/wp\/v2\/posts"}],"about":[{"href":"https:\/\/kapitalis.com\/tunisie\/wp-json\/wp\/v2\/types\/post"}],"author":[{"embeddable":true,"href":"https:\/\/kapitalis.com\/tunisie\/wp-json\/wp\/v2\/users\/8"}],"replies":[{"embeddable":true,"href":"https:\/\/kapitalis.com\/tunisie\/wp-json\/wp\/v2\/comments?post=314497"}],"version-history":[{"count":0,"href":"https:\/\/kapitalis.com\/tunisie\/wp-json\/wp\/v2\/posts\/314497\/revisions"}],"wp:featuredmedia":[{"embeddable":true,"href":"https:\/\/kapitalis.com\/tunisie\/wp-json\/wp\/v2\/media\/314498"}],"wp:attachment":[{"href":"https:\/\/kapitalis.com\/tunisie\/wp-json\/wp\/v2\/media?parent=314497"}],"wp:term":[{"taxonomy":"category","embeddable":true,"href":"https:\/\/kapitalis.com\/tunisie\/wp-json\/wp\/v2\/categories?post=314497"},{"taxonomy":"post_tag","embeddable":true,"href":"https:\/\/kapitalis.com\/tunisie\/wp-json\/wp\/v2\/tags?post=314497"}],"curies":[{"name":"wp","href":"https:\/\/api.w.org\/{rel}","templated":true}]}}