{"id":314528,"date":"2020-09-01T15:20:16","date_gmt":"2020-09-01T14:20:16","guid":{"rendered":"http:\/\/kapitalis.com\/tunisie\/?p=314528"},"modified":"2020-09-01T16:22:33","modified_gmt":"2020-09-01T15:22:33","slug":"saied-a-t-il-demande-aux-partis-de-faire-chuter-le-gouvernement-mechichi-samia-abbou-donne-sa-version","status":"publish","type":"post","link":"https:\/\/kapitalis.com\/tunisie\/2020\/09\/01\/saied-a-t-il-demande-aux-partis-de-faire-chuter-le-gouvernement-mechichi-samia-abbou-donne-sa-version\/","title":{"rendered":"Sa\u00efed a-t-il demand\u00e9 aux partis de faire chuter le gouvernement Mechichi ? Samia Abbou donne sa version"},"content":{"rendered":"\n<figure class=\"wp-block-image size-large\"><img decoding=\"async\" src=\"http:\/\/kapitalis.com\/tunisie\/wp-content\/uploads\/2018\/07\/Samia-Abbou.jpg\" alt=\"\" class=\"wp-image-167011\"\/><\/figure>\n\n\n\n<p><strong><em>Le diff\u00e9rend entre Hichem Mechichi, chef du gouvernement d\u00e9sign\u00e9, et Ka\u00efs Sa\u00efed, pr\u00e9sident de la r\u00e9publique l&rsquo;ayant lui-m\u00eame nomm\u00e9, fait de plus en plus de bruit dans la sc\u00e8ne politique et m\u00e9diatique tunisienne, au point que Nabil Karoui a d\u00e9clar\u00e9 hier que le chef de l&rsquo;Etat avait demand\u00e9 aux partis de faire chuter le nouveau gouvernement, en s&rsquo;engageant, en contrepartie, \u00e0 ne pas dissoudre le Parlement. Chose que Samia Abbou a confirm\u00e9 aujourd&rsquo;hui&#8230; \u00e0 moiti\u00e9.<\/em><\/strong><\/p>\n\n\n\n<!--more-->\n\n\n\n<p>Interview\u00e9e par Mosa\u00efque FM, la d\u00e9put\u00e9e d&rsquo;Attayar a indiqu\u00e9 que Ka\u00efs Sa\u00efed a laiss\u00e9 entendre indirectement cette id\u00e9e, hier, lundi 31 ao\u00fbt 2020, lors de sa rencontre avec les repr\u00e9sentants des partis politiques de la coalition gouvernementale initiale du gouvernement Fakhfakh (Ennahdha, Attayar, Echa\u00e2b et Tahya Tounes). <\/p>\n\n\n\n<p>Sa\u00efed s&rsquo;est bel et bien engag\u00e9 \u00e0 ne pas dissoudre l&rsquo;Assembl\u00e9e des repr\u00e9sentants du peuple (ARP), mais sans pour autant demander explicitement la chute du gouvernement Mechichi, qui se pr\u00e9sente actuellement \u00e0 l&rsquo;Assembl\u00e9e dans le cadre de la pl\u00e9ni\u00e8re consacr\u00e9e au vote de confiance.<\/p>\n\n\n\n<p>\u00ab<em>Il aurait d\u00fb s&rsquo;en abstenir<\/em>\u00bb, a-t-elle poursuivi.<\/p>\n\n\n\n<p>Dans une autre d\u00e9claration, accord\u00e9e \u00e0 Express FM, Abbou a estim\u00e9 qu&rsquo;Ennahdha a saisi l&rsquo;opportunit\u00e9 de la discorde entre Sa\u00efed et Mechichi pour se rapprocher de ce dernier, dans l&rsquo;espoir de mettre la main sur le gouvernement en Tunisie, laissant entendre que ce dernier, l\u00e2ch\u00e9 par Sa\u00efed, a trouv\u00e9 un terrain d&rsquo;entente avec le parti islamiste qui n&rsquo;en demandait pas tant.<\/p>\n\n\n\n<p class=\"has-text-align-right\"><strong>C. B. Y.<\/strong><\/p>\n","protected":false},"excerpt":{"rendered":"<p>Le diff\u00e9rend entre Hichem Mechichi, chef du gouvernement d\u00e9sign\u00e9, et Ka\u00efs Sa\u00efed, pr\u00e9sident de la r\u00e9publique l&rsquo;ayant lui-m\u00eame nomm\u00e9, fait de plus en plus de bruit dans la sc\u00e8ne politique et m\u00e9diatique tunisienne, au point que Nabil Karoui a d\u00e9clar\u00e9 hier que le chef de l&rsquo;Etat avait demand\u00e9 aux partis de faire chuter le nouveau&#8230;<\/p>\n","protected":false},"author":24,"featured_media":0,"comment_status":"open","ping_status":"open","sticky":false,"template":"","format":"standard","meta":{"footnotes":""},"categories":[997,2433],"tags":[15519,82307,82305,74899,76012,651,805],"class_list":["post-314528","post","type-post","status-publish","format-standard","hentry","category-politique","category-tunisie","tag-attayar","tag-echapab","tag-enahdha","tag-hichem-mechichi","tag-kais-saied-2","tag-nabil-karoui","tag-samia-abbou"],"yoast_head":"<!-- This site is optimized with the Yoast SEO plugin v26.6 - https:\/\/yoast.com\/wordpress\/plugins\/seo\/ -->\n<title>Sa\u00efed a-t-il demand\u00e9 aux partis de faire chuter le gouvernement Mechichi ? Samia Abbou donne sa version - Kapitalis<\/title>\n<meta name=\"robots\" content=\"index, follow, max-snippet:-1, max-image-preview:large, max-video-preview:-1\" \/>\n<link rel=\"canonical\" href=\"https:\/\/kapitalis.com\/tunisie\/2020\/09\/01\/saied-a-t-il-demande-aux-partis-de-faire-chuter-le-gouvernement-mechichi-samia-abbou-donne-sa-version\/\" \/>\n<meta property=\"og:locale\" content=\"fr_FR\" \/>\n<meta property=\"og:type\" content=\"article\" \/>\n<meta property=\"og:title\" content=\"Sa\u00efed a-t-il demand\u00e9 aux partis de faire chuter le gouvernement Mechichi ? Samia Abbou donne sa version - Kapitalis\" \/>\n<meta property=\"og:description\" content=\"Le diff\u00e9rend entre Hichem Mechichi, chef du gouvernement d\u00e9sign\u00e9, et Ka\u00efs Sa\u00efed, pr\u00e9sident de la r\u00e9publique l&rsquo;ayant lui-m\u00eame nomm\u00e9, fait de plus en plus de bruit dans la sc\u00e8ne politique et m\u00e9diatique tunisienne, au point que Nabil Karoui a d\u00e9clar\u00e9 hier que le chef de l&rsquo;Etat avait demand\u00e9 aux partis de faire chuter le nouveau...\" \/>\n<meta property=\"og:url\" content=\"https:\/\/kapitalis.com\/tunisie\/2020\/09\/01\/saied-a-t-il-demande-aux-partis-de-faire-chuter-le-gouvernement-mechichi-samia-abbou-donne-sa-version\/\" \/>\n<meta property=\"og:site_name\" content=\"Kapitalis\" \/>\n<meta property=\"article:publisher\" content=\"https:\/\/www.facebook.com\/KapitalisInfo\/\" \/>\n<meta property=\"article:published_time\" content=\"2020-09-01T14:20:16+00:00\" \/>\n<meta property=\"article:modified_time\" content=\"2020-09-01T15:22:33+00:00\" \/>\n<meta property=\"og:image\" content=\"http:\/\/kapitalis.com\/tunisie\/wp-content\/uploads\/2018\/07\/Samia-Abbou.jpg\" \/>\n<meta name=\"author\" content=\"Cherif Benyounes\" \/>\n<meta name=\"twitter:card\" content=\"summary_large_image\" \/>\n<meta name=\"twitter:creator\" content=\"@KapitalisInfo\" \/>\n<meta name=\"twitter:site\" content=\"@KapitalisInfo\" \/>\n<meta name=\"twitter:label1\" content=\"\u00c9crit par\" \/>\n\t<meta name=\"twitter:data1\" content=\"Cherif Benyounes\" \/>\n\t<meta name=\"twitter:label2\" content=\"Dur\u00e9e de lecture estim\u00e9e\" \/>\n\t<meta name=\"twitter:data2\" content=\"1 minute\" \/>\n<script type=\"application\/ld+json\" class=\"yoast-schema-graph\">{\"@context\":\"https:\/\/schema.org\",\"@graph\":[{\"@type\":\"Article\",\"@id\":\"https:\/\/kapitalis.com\/tunisie\/2020\/09\/01\/saied-a-t-il-demande-aux-partis-de-faire-chuter-le-gouvernement-mechichi-samia-abbou-donne-sa-version\/#article\",\"isPartOf\":{\"@id\":\"https:\/\/kapitalis.com\/tunisie\/2020\/09\/01\/saied-a-t-il-demande-aux-partis-de-faire-chuter-le-gouvernement-mechichi-samia-abbou-donne-sa-version\/\"},\"author\":{\"name\":\"Cherif Benyounes\",\"@id\":\"https:\/\/kapitalis.com\/tunisie\/#\/schema\/person\/b35b8d631961131107263178aeb8019e\"},\"headline\":\"Sa\u00efed a-t-il demand\u00e9 aux partis de faire chuter le gouvernement Mechichi ? Samia Abbou donne sa version\",\"datePublished\":\"2020-09-01T14:20:16+00:00\",\"dateModified\":\"2020-09-01T15:22:33+00:00\",\"mainEntityOfPage\":{\"@id\":\"https:\/\/kapitalis.com\/tunisie\/2020\/09\/01\/saied-a-t-il-demande-aux-partis-de-faire-chuter-le-gouvernement-mechichi-samia-abbou-donne-sa-version\/\"},\"wordCount\":280,\"commentCount\":0,\"publisher\":{\"@id\":\"https:\/\/kapitalis.com\/tunisie\/#organization\"},\"image\":{\"@id\":\"https:\/\/kapitalis.com\/tunisie\/2020\/09\/01\/saied-a-t-il-demande-aux-partis-de-faire-chuter-le-gouvernement-mechichi-samia-abbou-donne-sa-version\/#primaryimage\"},\"thumbnailUrl\":\"http:\/\/kapitalis.com\/tunisie\/wp-content\/uploads\/2018\/07\/Samia-Abbou.jpg\",\"keywords\":[\"Attayar\",\"Echapab\",\"Enahdha\",\"Hichem Mechichi\",\"Ka\u00efs Sa\u00efed\",\"Nabil Karoui\",\"Samia Abbou\"],\"articleSection\":[\"POLITIQUE\",\"Tunisie\"],\"inLanguage\":\"fr-FR\",\"potentialAction\":[{\"@type\":\"CommentAction\",\"name\":\"Comment\",\"target\":[\"https:\/\/kapitalis.com\/tunisie\/2020\/09\/01\/saied-a-t-il-demande-aux-partis-de-faire-chuter-le-gouvernement-mechichi-samia-abbou-donne-sa-version\/#respond\"]}]},{\"@type\":\"WebPage\",\"@id\":\"https:\/\/kapitalis.com\/tunisie\/2020\/09\/01\/saied-a-t-il-demande-aux-partis-de-faire-chuter-le-gouvernement-mechichi-samia-abbou-donne-sa-version\/\",\"url\":\"https:\/\/kapitalis.com\/tunisie\/2020\/09\/01\/saied-a-t-il-demande-aux-partis-de-faire-chuter-le-gouvernement-mechichi-samia-abbou-donne-sa-version\/\",\"name\":\"Sa\u00efed a-t-il demand\u00e9 aux partis de faire chuter le gouvernement Mechichi ? Samia Abbou donne sa version - Kapitalis\",\"isPartOf\":{\"@id\":\"https:\/\/kapitalis.com\/tunisie\/#website\"},\"primaryImageOfPage\":{\"@id\":\"https:\/\/kapitalis.com\/tunisie\/2020\/09\/01\/saied-a-t-il-demande-aux-partis-de-faire-chuter-le-gouvernement-mechichi-samia-abbou-donne-sa-version\/#primaryimage\"},\"image\":{\"@id\":\"https:\/\/kapitalis.com\/tunisie\/2020\/09\/01\/saied-a-t-il-demande-aux-partis-de-faire-chuter-le-gouvernement-mechichi-samia-abbou-donne-sa-version\/#primaryimage\"},\"thumbnailUrl\":\"http:\/\/kapitalis.com\/tunisie\/wp-content\/uploads\/2018\/07\/Samia-Abbou.jpg\",\"datePublished\":\"2020-09-01T14:20:16+00:00\",\"dateModified\":\"2020-09-01T15:22:33+00:00\",\"breadcrumb\":{\"@id\":\"https:\/\/kapitalis.com\/tunisie\/2020\/09\/01\/saied-a-t-il-demande-aux-partis-de-faire-chuter-le-gouvernement-mechichi-samia-abbou-donne-sa-version\/#breadcrumb\"},\"inLanguage\":\"fr-FR\",\"potentialAction\":[{\"@type\":\"ReadAction\",\"target\":[\"https:\/\/kapitalis.com\/tunisie\/2020\/09\/01\/saied-a-t-il-demande-aux-partis-de-faire-chuter-le-gouvernement-mechichi-samia-abbou-donne-sa-version\/\"]}]},{\"@type\":\"ImageObject\",\"inLanguage\":\"fr-FR\",\"@id\":\"https:\/\/kapitalis.com\/tunisie\/2020\/09\/01\/saied-a-t-il-demande-aux-partis-de-faire-chuter-le-gouvernement-mechichi-samia-abbou-donne-sa-version\/#primaryimage\",\"url\":\"http:\/\/kapitalis.com\/tunisie\/wp-content\/uploads\/2018\/07\/Samia-Abbou.jpg\",\"contentUrl\":\"http:\/\/kapitalis.com\/tunisie\/wp-content\/uploads\/2018\/07\/Samia-Abbou.jpg\"},{\"@type\":\"BreadcrumbList\",\"@id\":\"https:\/\/kapitalis.com\/tunisie\/2020\/09\/01\/saied-a-t-il-demande-aux-partis-de-faire-chuter-le-gouvernement-mechichi-samia-abbou-donne-sa-version\/#breadcrumb\",\"itemListElement\":[{\"@type\":\"ListItem\",\"position\":1,\"name\":\"Accueil\",\"item\":\"https:\/\/kapitalis.com\/tunisie\/\"},{\"@type\":\"ListItem\",\"position\":2,\"name\":\"Sa\u00efed a-t-il demand\u00e9 aux partis de faire chuter le gouvernement Mechichi ? Samia Abbou donne sa version\"}]},{\"@type\":\"WebSite\",\"@id\":\"https:\/\/kapitalis.com\/tunisie\/#website\",\"url\":\"https:\/\/kapitalis.com\/tunisie\/\",\"name\":\"Kapitalis\",\"description\":\"L&#039;actualit\u00e9 en Tunisie et dans le monde\",\"publisher\":{\"@id\":\"https:\/\/kapitalis.com\/tunisie\/#organization\"},\"potentialAction\":[{\"@type\":\"SearchAction\",\"target\":{\"@type\":\"EntryPoint\",\"urlTemplate\":\"https:\/\/kapitalis.com\/tunisie\/?s={search_term_string}\"},\"query-input\":{\"@type\":\"PropertyValueSpecification\",\"valueRequired\":true,\"valueName\":\"search_term_string\"}}],\"inLanguage\":\"fr-FR\"},{\"@type\":\"Organization\",\"@id\":\"https:\/\/kapitalis.com\/tunisie\/#organization\",\"name\":\"Kapitalis\",\"url\":\"https:\/\/kapitalis.com\/tunisie\/\",\"logo\":{\"@type\":\"ImageObject\",\"inLanguage\":\"fr-FR\",\"@id\":\"https:\/\/kapitalis.com\/tunisie\/#\/schema\/logo\/image\/\",\"url\":\"https:\/\/kapitalis.com\/tunisie\/wp-content\/uploads\/2022\/05\/Kapitalis-big-size.png\",\"contentUrl\":\"https:\/\/kapitalis.com\/tunisie\/wp-content\/uploads\/2022\/05\/Kapitalis-big-size.png\",\"width\":5000,\"height\":1500,\"caption\":\"Kapitalis\"},\"image\":{\"@id\":\"https:\/\/kapitalis.com\/tunisie\/#\/schema\/logo\/image\/\"},\"sameAs\":[\"https:\/\/www.facebook.com\/KapitalisInfo\/\",\"https:\/\/x.com\/KapitalisInfo\",\"https:\/\/www.youtube.com\/channel\/UC-yDYrHyfFBWWZaOw3FPg9Q\"]},{\"@type\":\"Person\",\"@id\":\"https:\/\/kapitalis.com\/tunisie\/#\/schema\/person\/b35b8d631961131107263178aeb8019e\",\"name\":\"Cherif Benyounes\",\"url\":\"https:\/\/kapitalis.com\/tunisie\/author\/cherif\/\"}]}<\/script>\n<!-- \/ Yoast SEO plugin. -->","yoast_head_json":{"title":"Sa\u00efed a-t-il demand\u00e9 aux partis de faire chuter le gouvernement Mechichi ? Samia Abbou donne sa version - Kapitalis","robots":{"index":"index","follow":"follow","max-snippet":"max-snippet:-1","max-image-preview":"max-image-preview:large","max-video-preview":"max-video-preview:-1"},"canonical":"https:\/\/kapitalis.com\/tunisie\/2020\/09\/01\/saied-a-t-il-demande-aux-partis-de-faire-chuter-le-gouvernement-mechichi-samia-abbou-donne-sa-version\/","og_locale":"fr_FR","og_type":"article","og_title":"Sa\u00efed a-t-il demand\u00e9 aux partis de faire chuter le gouvernement Mechichi ? Samia Abbou donne sa version - Kapitalis","og_description":"Le diff\u00e9rend entre Hichem Mechichi, chef du gouvernement d\u00e9sign\u00e9, et Ka\u00efs Sa\u00efed, pr\u00e9sident de la r\u00e9publique l&rsquo;ayant lui-m\u00eame nomm\u00e9, fait de plus en plus de bruit dans la sc\u00e8ne politique et m\u00e9diatique tunisienne, au point que Nabil Karoui a d\u00e9clar\u00e9 hier que le chef de l&rsquo;Etat avait demand\u00e9 aux partis de faire chuter le nouveau...","og_url":"https:\/\/kapitalis.com\/tunisie\/2020\/09\/01\/saied-a-t-il-demande-aux-partis-de-faire-chuter-le-gouvernement-mechichi-samia-abbou-donne-sa-version\/","og_site_name":"Kapitalis","article_publisher":"https:\/\/www.facebook.com\/KapitalisInfo\/","article_published_time":"2020-09-01T14:20:16+00:00","article_modified_time":"2020-09-01T15:22:33+00:00","og_image":[{"url":"http:\/\/kapitalis.com\/tunisie\/wp-content\/uploads\/2018\/07\/Samia-Abbou.jpg","type":"","width":"","height":""}],"author":"Cherif Benyounes","twitter_card":"summary_large_image","twitter_creator":"@KapitalisInfo","twitter_site":"@KapitalisInfo","twitter_misc":{"\u00c9crit par":"Cherif Benyounes","Dur\u00e9e de lecture estim\u00e9e":"1 minute"},"schema":{"@context":"https:\/\/schema.org","@graph":[{"@type":"Article","@id":"https:\/\/kapitalis.com\/tunisie\/2020\/09\/01\/saied-a-t-il-demande-aux-partis-de-faire-chuter-le-gouvernement-mechichi-samia-abbou-donne-sa-version\/#article","isPartOf":{"@id":"https:\/\/kapitalis.com\/tunisie\/2020\/09\/01\/saied-a-t-il-demande-aux-partis-de-faire-chuter-le-gouvernement-mechichi-samia-abbou-donne-sa-version\/"},"author":{"name":"Cherif Benyounes","@id":"https:\/\/kapitalis.com\/tunisie\/#\/schema\/person\/b35b8d631961131107263178aeb8019e"},"headline":"Sa\u00efed a-t-il demand\u00e9 aux partis de faire chuter le gouvernement Mechichi ? Samia Abbou donne sa version","datePublished":"2020-09-01T14:20:16+00:00","dateModified":"2020-09-01T15:22:33+00:00","mainEntityOfPage":{"@id":"https:\/\/kapitalis.com\/tunisie\/2020\/09\/01\/saied-a-t-il-demande-aux-partis-de-faire-chuter-le-gouvernement-mechichi-samia-abbou-donne-sa-version\/"},"wordCount":280,"commentCount":0,"publisher":{"@id":"https:\/\/kapitalis.com\/tunisie\/#organization"},"image":{"@id":"https:\/\/kapitalis.com\/tunisie\/2020\/09\/01\/saied-a-t-il-demande-aux-partis-de-faire-chuter-le-gouvernement-mechichi-samia-abbou-donne-sa-version\/#primaryimage"},"thumbnailUrl":"http:\/\/kapitalis.com\/tunisie\/wp-content\/uploads\/2018\/07\/Samia-Abbou.jpg","keywords":["Attayar","Echapab","Enahdha","Hichem Mechichi","Ka\u00efs Sa\u00efed","Nabil Karoui","Samia Abbou"],"articleSection":["POLITIQUE","Tunisie"],"inLanguage":"fr-FR","potentialAction":[{"@type":"CommentAction","name":"Comment","target":["https:\/\/kapitalis.com\/tunisie\/2020\/09\/01\/saied-a-t-il-demande-aux-partis-de-faire-chuter-le-gouvernement-mechichi-samia-abbou-donne-sa-version\/#respond"]}]},{"@type":"WebPage","@id":"https:\/\/kapitalis.com\/tunisie\/2020\/09\/01\/saied-a-t-il-demande-aux-partis-de-faire-chuter-le-gouvernement-mechichi-samia-abbou-donne-sa-version\/","url":"https:\/\/kapitalis.com\/tunisie\/2020\/09\/01\/saied-a-t-il-demande-aux-partis-de-faire-chuter-le-gouvernement-mechichi-samia-abbou-donne-sa-version\/","name":"Sa\u00efed a-t-il demand\u00e9 aux partis de faire chuter le gouvernement Mechichi ? Samia Abbou donne sa version - Kapitalis","isPartOf":{"@id":"https:\/\/kapitalis.com\/tunisie\/#website"},"primaryImageOfPage":{"@id":"https:\/\/kapitalis.com\/tunisie\/2020\/09\/01\/saied-a-t-il-demande-aux-partis-de-faire-chuter-le-gouvernement-mechichi-samia-abbou-donne-sa-version\/#primaryimage"},"image":{"@id":"https:\/\/kapitalis.com\/tunisie\/2020\/09\/01\/saied-a-t-il-demande-aux-partis-de-faire-chuter-le-gouvernement-mechichi-samia-abbou-donne-sa-version\/#primaryimage"},"thumbnailUrl":"http:\/\/kapitalis.com\/tunisie\/wp-content\/uploads\/2018\/07\/Samia-Abbou.jpg","datePublished":"2020-09-01T14:20:16+00:00","dateModified":"2020-09-01T15:22:33+00:00","breadcrumb":{"@id":"https:\/\/kapitalis.com\/tunisie\/2020\/09\/01\/saied-a-t-il-demande-aux-partis-de-faire-chuter-le-gouvernement-mechichi-samia-abbou-donne-sa-version\/#breadcrumb"},"inLanguage":"fr-FR","potentialAction":[{"@type":"ReadAction","target":["https:\/\/kapitalis.com\/tunisie\/2020\/09\/01\/saied-a-t-il-demande-aux-partis-de-faire-chuter-le-gouvernement-mechichi-samia-abbou-donne-sa-version\/"]}]},{"@type":"ImageObject","inLanguage":"fr-FR","@id":"https:\/\/kapitalis.com\/tunisie\/2020\/09\/01\/saied-a-t-il-demande-aux-partis-de-faire-chuter-le-gouvernement-mechichi-samia-abbou-donne-sa-version\/#primaryimage","url":"http:\/\/kapitalis.com\/tunisie\/wp-content\/uploads\/2018\/07\/Samia-Abbou.jpg","contentUrl":"http:\/\/kapitalis.com\/tunisie\/wp-content\/uploads\/2018\/07\/Samia-Abbou.jpg"},{"@type":"BreadcrumbList","@id":"https:\/\/kapitalis.com\/tunisie\/2020\/09\/01\/saied-a-t-il-demande-aux-partis-de-faire-chuter-le-gouvernement-mechichi-samia-abbou-donne-sa-version\/#breadcrumb","itemListElement":[{"@type":"ListItem","position":1,"name":"Accueil","item":"https:\/\/kapitalis.com\/tunisie\/"},{"@type":"ListItem","position":2,"name":"Sa\u00efed a-t-il demand\u00e9 aux partis de faire chuter le gouvernement Mechichi ? Samia Abbou donne sa version"}]},{"@type":"WebSite","@id":"https:\/\/kapitalis.com\/tunisie\/#website","url":"https:\/\/kapitalis.com\/tunisie\/","name":"Kapitalis","description":"L&#039;actualit\u00e9 en Tunisie et dans le monde","publisher":{"@id":"https:\/\/kapitalis.com\/tunisie\/#organization"},"potentialAction":[{"@type":"SearchAction","target":{"@type":"EntryPoint","urlTemplate":"https:\/\/kapitalis.com\/tunisie\/?s={search_term_string}"},"query-input":{"@type":"PropertyValueSpecification","valueRequired":true,"valueName":"search_term_string"}}],"inLanguage":"fr-FR"},{"@type":"Organization","@id":"https:\/\/kapitalis.com\/tunisie\/#organization","name":"Kapitalis","url":"https:\/\/kapitalis.com\/tunisie\/","logo":{"@type":"ImageObject","inLanguage":"fr-FR","@id":"https:\/\/kapitalis.com\/tunisie\/#\/schema\/logo\/image\/","url":"https:\/\/kapitalis.com\/tunisie\/wp-content\/uploads\/2022\/05\/Kapitalis-big-size.png","contentUrl":"https:\/\/kapitalis.com\/tunisie\/wp-content\/uploads\/2022\/05\/Kapitalis-big-size.png","width":5000,"height":1500,"caption":"Kapitalis"},"image":{"@id":"https:\/\/kapitalis.com\/tunisie\/#\/schema\/logo\/image\/"},"sameAs":["https:\/\/www.facebook.com\/KapitalisInfo\/","https:\/\/x.com\/KapitalisInfo","https:\/\/www.youtube.com\/channel\/UC-yDYrHyfFBWWZaOw3FPg9Q"]},{"@type":"Person","@id":"https:\/\/kapitalis.com\/tunisie\/#\/schema\/person\/b35b8d631961131107263178aeb8019e","name":"Cherif Benyounes","url":"https:\/\/kapitalis.com\/tunisie\/author\/cherif\/"}]}},"_links":{"self":[{"href":"https:\/\/kapitalis.com\/tunisie\/wp-json\/wp\/v2\/posts\/314528","targetHints":{"allow":["GET"]}}],"collection":[{"href":"https:\/\/kapitalis.com\/tunisie\/wp-json\/wp\/v2\/posts"}],"about":[{"href":"https:\/\/kapitalis.com\/tunisie\/wp-json\/wp\/v2\/types\/post"}],"author":[{"embeddable":true,"href":"https:\/\/kapitalis.com\/tunisie\/wp-json\/wp\/v2\/users\/24"}],"replies":[{"embeddable":true,"href":"https:\/\/kapitalis.com\/tunisie\/wp-json\/wp\/v2\/comments?post=314528"}],"version-history":[{"count":0,"href":"https:\/\/kapitalis.com\/tunisie\/wp-json\/wp\/v2\/posts\/314528\/revisions"}],"wp:attachment":[{"href":"https:\/\/kapitalis.com\/tunisie\/wp-json\/wp\/v2\/media?parent=314528"}],"wp:term":[{"taxonomy":"category","embeddable":true,"href":"https:\/\/kapitalis.com\/tunisie\/wp-json\/wp\/v2\/categories?post=314528"},{"taxonomy":"post_tag","embeddable":true,"href":"https:\/\/kapitalis.com\/tunisie\/wp-json\/wp\/v2\/tags?post=314528"}],"curies":[{"name":"wp","href":"https:\/\/api.w.org\/{rel}","templated":true}]}}