{"id":31462,"date":"2015-12-22T09:29:24","date_gmt":"2015-12-22T08:29:24","guid":{"rendered":"http:\/\/kapitalis.com\/tunisie\/?p=31462"},"modified":"2015-12-22T09:41:42","modified_gmt":"2015-12-22T08:41:42","slug":"6e-lauriers-hayett-pour-lenfant-hommage-aux-artistes-en-herbe","status":"publish","type":"post","link":"https:\/\/kapitalis.com\/tunisie\/2015\/12\/22\/6e-lauriers-hayett-pour-lenfant-hommage-aux-artistes-en-herbe\/","title":{"rendered":"6e Lauriers Hayett pour l\u2019Enfant : Hommage aux artistes en herbe"},"content":{"rendered":"<p><img loading=\"lazy\" decoding=\"async\" class=\"alignnone size-full wp-image-31463 aligncenter\" src=\"http:\/\/kapitalis.com\/tunisie\/wp-content\/uploads\/2015\/12\/Lauriers-Hayett.jpg\" alt=\"Lauriers-Hayett\" width=\"626\" height=\"380\" \/><\/p>\n<p><em><strong>La c\u00e9r\u00e9monie de remise des prix \u00abLauriers Hayett pour l\u2019Enfant\u00bb a eu lieu samedi dernier \u00e0 l&rsquo;espace Mad&rsquo;Art \u00e0 Carthage. Des prix et de l\u2019ambiance en sus.<\/strong><\/em><\/p>\n<p>Par <strong>Zohra Abid<\/strong><\/p>\n<p><!--more--><\/p>\n<p>La c\u00e9r\u00e9monie a \u00e9t\u00e9 sobre et sans fioriture et s\u2019est d\u00e9roul\u00e9e dans une ambiance bon enfant. Y ont pris part, Rachid Ben Jemia, pr\u00e9sident du conseil d\u2019administration du groupe Comar\/Hayett, Hakim Ben Yedder, administrateur directeur g\u00e9n\u00e9ral, Lotfi Belhaj Kacem, directeur g\u00e9n\u00e9ral adjoint et de nombreux cadres de ce groupe d\u2019assurances qui, avec ses deux p\u00f4les, Comar et Hayett, a toujours men\u00e9 une politique de m\u00e9c\u00e9nat culturel et sportif. Etaient pr\u00e9sents aussi des \u00e9ducateurs et des hommes de culture, dont le principal souci, aujourd\u2019hui, c\u2019est de semer les bonnes graines pour faire face \u00e0 l\u2019obscurantisme, en prenant part aux activit\u00e9s associatives, \u00e9ducatives et culturelles. Et les \u00abLauriers Hayett pour l\u2019Enfant\u00bb, qui sont \u00e0 leur 6e \u00e9dition en sont une, qui rassemble chaque ann\u00e9e les petits et les grands.<\/p>\n<p style=\"text-align: center;\"><img loading=\"lazy\" decoding=\"async\" class=\"alignnone size-full wp-image-31464\" src=\"http:\/\/kapitalis.com\/tunisie\/wp-content\/uploads\/2015\/12\/Lauriers-Hayett-2.jpg\" alt=\"Lauriers-Hayett-2\" width=\"500\" height=\"350\" \/><\/p>\n<p><strong>Le monde est un enfant qui grandit<\/strong><\/p>\n<p>La c\u00e9r\u00e9monie a d\u00e9but\u00e9 par l\u2019attribution des prix du concours de dessin d\u2019enfants, organis\u00e9 dans le cadre de cette \u00e9dition, autour du th\u00e8me de <em>\u00abl\u2019\u00e9cole et son environnement\u00bb<\/em>. Les p\u2019tits choux gagnants sont mont\u00e9s sur sc\u00e8ne, matraqu\u00e9s par les flashes des photographes. Etourdis mais souriants, ils ont pos\u00e9 pour la photo souvenir avant de redescendre avec dans les bras un coffret cadeau.<\/p>\n<p style=\"text-align: center;\"><img loading=\"lazy\" decoding=\"async\" class=\"alignnone size-full wp-image-31465\" src=\"http:\/\/kapitalis.com\/tunisie\/wp-content\/uploads\/2015\/12\/Hayett-Membres-du-Jury.jpg\" alt=\"Hayett-Membres-du-Jury\" width=\"500\" height=\"350\" \/><\/p>\n<p style=\"text-align: center;\"><em>Les membres du jury.<\/em><\/p>\n<p><em>\u00abEncyclop\u00e9die, jeux et crayons de couleurs\u00bb,<\/em> a d\u00e9voil\u00e9 la maman de l\u2019un des petits, qui n\u2019a pu attendre jusqu\u2019\u00e0 la fin de la c\u00e9r\u00e9monie pour d\u00e9baller le paquet cadeau. Les autres dessinateurs en herbe n\u2019\u00e9taient pas moins excit\u00e9s. Dans leur fauteuil, serrant leurs cadeaux contre la poitrine, ils avaient la bougeotte. Ce n\u2019est pas tous les jours qu\u2019on les honore ainsi sous le regard jaloux de leurs camarades.<\/p>\n<p style=\"text-align: center;\"><img loading=\"lazy\" decoding=\"async\" class=\"alignnone size-full wp-image-31466\" src=\"http:\/\/kapitalis.com\/tunisie\/wp-content\/uploads\/2015\/12\/Foued-Hamdi-et-Rachid-Ben-Jemia.jpg\" alt=\"Foued-Hamdi-et-Rachid-Ben-Jemia\" width=\"500\" height=\"350\" \/><\/p>\n<p style=\"text-align: center;\"><em>Rachid Ben Jemia remet un laur\u00e9at d&rsquo;honneur \u00e0 Foued Hamdi, l&rsquo;\u00e9ducateur exemplaire.<\/em><\/p>\n<p>Avant que le jury des \u00abLauriers Hayett pour l\u2019Enfant\u00bb \u2013 compos\u00e9 de la journaliste Samia Harar, Kaouthar Attia Ridene, responsable marketing et communication des assurances Comar\/Hayett, Mohamed Mokhtar Louzir, producteur, auteur, metteur en sc\u00e8ne \u00e0 la T\u00e9l\u00e9vision nationale, ancien chef de service des programmes pour enfants \u00e0 l\u2019ERTT et enseignant \u00e0 l\u2019ISAD, Ali Ouertani, chirurgien-dentiste, po\u00e8te et critique culturel \u00e0 ses heures, et Ghazi Abroug, conseiller principal en orientation scolaire et universitaire charg\u00e9 de l\u2019\u00e9coute en milieu scolaire et, surtout, po\u00e8te \u2013 ne rende son verdict, les organisateurs ont rendu hommage \u00e0 Foued Hamdi. C\u2019est l\u2019enseignant vedette, qui a m\u00e9tamorphos\u00e9 l\u2019\u00e9cole Hedi Khelil \u00e0 Bousalem dont il est le directeur, en la transformant en un lieu convivial d&rsquo;apprentissage, mais aussi d\u2019art et de culture.<\/p>\n<p style=\"text-align: center;\"><img loading=\"lazy\" decoding=\"async\" class=\"alignnone size-full wp-image-31468\" src=\"http:\/\/kapitalis.com\/tunisie\/wp-content\/uploads\/2015\/12\/Hakim-Ben-Yedder-Afreecan1.jpg\" alt=\"Hakim-Ben-Yedder-Afreecan\" width=\"500\" height=\"350\" \/><\/p>\n<p style=\"text-align: center;\"><em>Hakim Ben Yedder remet son troph\u00e9e au repr\u00e9sentant de l&rsquo;association Afreecan.<\/em><\/p>\n<p>Apr\u00e8s avoir re\u00e7u son troph\u00e9e sous un tonnerre d\u2019applaudissements et un ch\u00e8que de soutien \u00e0 ses activit\u00e9s de 1000 DT, Foued Hamdi, qui est aussi po\u00e8te, a tenu \u00e0 d\u00e9clamer l\u2019un de ses po\u00e8mes d\u00e9di\u00e9 au m\u00e9tier d\u2019instituteur, l\u2019un des plus beaux au monde.<\/p>\n<p><strong>Place aux artistes <\/strong><\/p>\n<p><em>\u00abIl n\u2019y a pas de place pour les artistes. Toute la place est pour les artistes\u00bb<\/em>, a-t-on tent\u00e9 de commenter, en paraphrasant un c\u00e9l\u00e8bre vers du po\u00e8te fran\u00e7ais Ren\u00e9 Char, en voyant des cr\u00e9ateurs et des animateurs culturels monter sur sc\u00e8ne pour recevoir leur prix.<\/p>\n<p style=\"text-align: center;\"><img loading=\"lazy\" decoding=\"async\" class=\"alignnone size-full wp-image-31469\" src=\"http:\/\/kapitalis.com\/tunisie\/wp-content\/uploads\/2015\/12\/Art-Vie-Lotfi-Belhaj-Kacem.jpg\" alt=\"Art-Vie-Lotfi-Belhaj-Kacem\" width=\"500\" height=\"350\" \/><\/p>\n<p style=\"text-align: center;\"><em>Lotfi Belhaj Kacem remet son troph\u00e9e \u00e0 la repr\u00e9sentante de l&rsquo;association Art Vivant.<\/em><\/p>\n<p>Le th\u00e9\u00e2tre \u00e9tait, ce samedi-l\u00e0, \u00e0 l\u2019honneur. Un ch\u00e8que de 5000 DT a, en effet, \u00e9t\u00e9 remis, sous les applaudissements de la salle, \u00e0 l\u2019association Art Vivant, qui s\u2019est sp\u00e9cialis\u00e9e dans la conception de spectacles et de manifestations th\u00e9\u00e2trales pour les enfants.<\/p>\n<p>L\u2019Association Afreecan, un projet socio-\u00e9ducatif, qui vise \u00e0 lib\u00e9rer l\u2019esprit d\u2019initiative citoyenne chez les jeunes, a eu, aussi, son prix, un ch\u00e8que de 5000 DT.<\/p>\n<p style=\"text-align: center;\"><img loading=\"lazy\" decoding=\"async\" class=\"alignnone size-full wp-image-31470\" src=\"http:\/\/kapitalis.com\/tunisie\/wp-content\/uploads\/2015\/12\/Chorale-Awtar.jpg\" alt=\"Chorale-Awtar\" width=\"500\" height=\"350\" \/><\/p>\n<p style=\"text-align: center;\"><em>Une chorale de voix d&rsquo;anges pour cl\u00f4turer la soir\u00e9e.<\/em><\/p>\n<p>La c\u00e9r\u00e9monie s\u2019est termin\u00e9e sur de bonnes notes, avec le spectacle musical pr\u00e9sent\u00e9 par les <em>\u00abpetits musiciens\u00bb<\/em> de la Chorale Awtar : un moment de pur bonheur qui a permis aux pr\u00e9sents d\u2019appr\u00e9cier le talent d\u2019un groupe de jeunes virtuoses accompagn\u00e9 d\u2019une chorale de voix d\u2019anges. Les petits ont jou\u00e9 comme des grands, chant\u00e9 et enchant\u00e9. Et les pr\u00e9sents, o\u00f9 l\u2019on comptait de nombreux parents nostalgiques, ont repris en ch\u0153ur des refrains de chansons remontant \u00e0 leur tendre enfance.<\/p>\n<p>Comme un sifflet de classe, l\u2019heure c\u2019est l\u2019heure et la c\u00e9r\u00e9monie s\u2019est termin\u00e9e comme pr\u00e9vue \u00e0 19H00 pile. Pour laisser place aux f\u00e9licitations, poign\u00e9es de mains et embrassades chaleureuses dans les coulisses.<\/p>\n","protected":false},"excerpt":{"rendered":"<p>La c\u00e9r\u00e9monie de remise des prix \u00abLauriers Hayett pour l\u2019Enfant\u00bb a eu lieu samedi dernier \u00e0 l&rsquo;espace Mad&rsquo;Art \u00e0 Carthage. Des prix et de l\u2019ambiance en sus. Par Zohra Abid<\/p>\n","protected":false},"author":8,"featured_media":31463,"comment_status":"open","ping_status":"open","sticky":false,"template":"","format":"standard","meta":{"footnotes":""},"categories":[992,994,2433],"tags":[11545,11547],"class_list":["post-31462","post","type-post","status-publish","format-standard","has-post-thumbnail","hentry","category-a-la-une","category-culture","category-tunisie","tag-afreecan","tag-hakim-ben-yedder"],"yoast_head":"<!-- This site is optimized with the Yoast SEO plugin v26.6 - https:\/\/yoast.com\/wordpress\/plugins\/seo\/ -->\n<title>6e Lauriers Hayett pour l\u2019Enfant : Hommage aux artistes en herbe - Kapitalis<\/title>\n<meta name=\"robots\" content=\"index, follow, max-snippet:-1, max-image-preview:large, max-video-preview:-1\" \/>\n<link rel=\"canonical\" href=\"https:\/\/kapitalis.com\/tunisie\/2015\/12\/22\/6e-lauriers-hayett-pour-lenfant-hommage-aux-artistes-en-herbe\/\" \/>\n<meta property=\"og:locale\" content=\"fr_FR\" \/>\n<meta property=\"og:type\" content=\"article\" \/>\n<meta property=\"og:title\" content=\"6e Lauriers Hayett pour l\u2019Enfant : Hommage aux artistes en herbe - Kapitalis\" \/>\n<meta property=\"og:description\" content=\"La c\u00e9r\u00e9monie de remise des prix \u00abLauriers Hayett pour l\u2019Enfant\u00bb a eu lieu samedi dernier \u00e0 l&rsquo;espace Mad&rsquo;Art \u00e0 Carthage. Des prix et de l\u2019ambiance en sus. Par Zohra Abid\" \/>\n<meta property=\"og:url\" content=\"https:\/\/kapitalis.com\/tunisie\/2015\/12\/22\/6e-lauriers-hayett-pour-lenfant-hommage-aux-artistes-en-herbe\/\" \/>\n<meta property=\"og:site_name\" content=\"Kapitalis\" \/>\n<meta property=\"article:publisher\" content=\"https:\/\/www.facebook.com\/KapitalisInfo\/\" \/>\n<meta property=\"article:published_time\" content=\"2015-12-22T08:29:24+00:00\" \/>\n<meta property=\"article:modified_time\" content=\"2015-12-22T08:41:42+00:00\" \/>\n<meta property=\"og:image\" content=\"https:\/\/kapitalis.com\/tunisie\/wp-content\/uploads\/2022\/05\/kapitalis-logo-fb.png\" \/>\n\t<meta property=\"og:image:width\" content=\"1200\" \/>\n\t<meta property=\"og:image:height\" content=\"630\" \/>\n\t<meta property=\"og:image:type\" content=\"image\/png\" \/>\n<meta name=\"author\" content=\"webmaster kapitalis\" \/>\n<meta name=\"twitter:card\" content=\"summary_large_image\" \/>\n<meta name=\"twitter:creator\" content=\"@KapitalisInfo\" \/>\n<meta name=\"twitter:site\" content=\"@KapitalisInfo\" \/>\n<meta name=\"twitter:label1\" content=\"\u00c9crit par\" \/>\n\t<meta name=\"twitter:data1\" content=\"webmaster kapitalis\" \/>\n\t<meta name=\"twitter:label2\" content=\"Dur\u00e9e de lecture estim\u00e9e\" \/>\n\t<meta name=\"twitter:data2\" content=\"4 minutes\" \/>\n<script type=\"application\/ld+json\" class=\"yoast-schema-graph\">{\"@context\":\"https:\/\/schema.org\",\"@graph\":[{\"@type\":\"Article\",\"@id\":\"https:\/\/kapitalis.com\/tunisie\/2015\/12\/22\/6e-lauriers-hayett-pour-lenfant-hommage-aux-artistes-en-herbe\/#article\",\"isPartOf\":{\"@id\":\"https:\/\/kapitalis.com\/tunisie\/2015\/12\/22\/6e-lauriers-hayett-pour-lenfant-hommage-aux-artistes-en-herbe\/\"},\"author\":{\"name\":\"webmaster kapitalis\",\"@id\":\"https:\/\/kapitalis.com\/tunisie\/#\/schema\/person\/d71f33a9ca44f7bad4698210b480c8e9\"},\"headline\":\"6e Lauriers Hayett pour l\u2019Enfant : Hommage aux artistes en herbe\",\"datePublished\":\"2015-12-22T08:29:24+00:00\",\"dateModified\":\"2015-12-22T08:41:42+00:00\",\"mainEntityOfPage\":{\"@id\":\"https:\/\/kapitalis.com\/tunisie\/2015\/12\/22\/6e-lauriers-hayett-pour-lenfant-hommage-aux-artistes-en-herbe\/\"},\"wordCount\":854,\"commentCount\":0,\"publisher\":{\"@id\":\"https:\/\/kapitalis.com\/tunisie\/#organization\"},\"image\":{\"@id\":\"https:\/\/kapitalis.com\/tunisie\/2015\/12\/22\/6e-lauriers-hayett-pour-lenfant-hommage-aux-artistes-en-herbe\/#primaryimage\"},\"thumbnailUrl\":\"\",\"keywords\":[\"Afreecan\",\"Hakim Ben Yedder\"],\"articleSection\":[\"A LA UNE\",\"CULTURE\",\"Tunisie\"],\"inLanguage\":\"fr-FR\",\"potentialAction\":[{\"@type\":\"CommentAction\",\"name\":\"Comment\",\"target\":[\"https:\/\/kapitalis.com\/tunisie\/2015\/12\/22\/6e-lauriers-hayett-pour-lenfant-hommage-aux-artistes-en-herbe\/#respond\"]}]},{\"@type\":\"WebPage\",\"@id\":\"https:\/\/kapitalis.com\/tunisie\/2015\/12\/22\/6e-lauriers-hayett-pour-lenfant-hommage-aux-artistes-en-herbe\/\",\"url\":\"https:\/\/kapitalis.com\/tunisie\/2015\/12\/22\/6e-lauriers-hayett-pour-lenfant-hommage-aux-artistes-en-herbe\/\",\"name\":\"6e Lauriers Hayett pour l\u2019Enfant : Hommage aux artistes en herbe - Kapitalis\",\"isPartOf\":{\"@id\":\"https:\/\/kapitalis.com\/tunisie\/#website\"},\"primaryImageOfPage\":{\"@id\":\"https:\/\/kapitalis.com\/tunisie\/2015\/12\/22\/6e-lauriers-hayett-pour-lenfant-hommage-aux-artistes-en-herbe\/#primaryimage\"},\"image\":{\"@id\":\"https:\/\/kapitalis.com\/tunisie\/2015\/12\/22\/6e-lauriers-hayett-pour-lenfant-hommage-aux-artistes-en-herbe\/#primaryimage\"},\"thumbnailUrl\":\"\",\"datePublished\":\"2015-12-22T08:29:24+00:00\",\"dateModified\":\"2015-12-22T08:41:42+00:00\",\"breadcrumb\":{\"@id\":\"https:\/\/kapitalis.com\/tunisie\/2015\/12\/22\/6e-lauriers-hayett-pour-lenfant-hommage-aux-artistes-en-herbe\/#breadcrumb\"},\"inLanguage\":\"fr-FR\",\"potentialAction\":[{\"@type\":\"ReadAction\",\"target\":[\"https:\/\/kapitalis.com\/tunisie\/2015\/12\/22\/6e-lauriers-hayett-pour-lenfant-hommage-aux-artistes-en-herbe\/\"]}]},{\"@type\":\"ImageObject\",\"inLanguage\":\"fr-FR\",\"@id\":\"https:\/\/kapitalis.com\/tunisie\/2015\/12\/22\/6e-lauriers-hayett-pour-lenfant-hommage-aux-artistes-en-herbe\/#primaryimage\",\"url\":\"\",\"contentUrl\":\"\"},{\"@type\":\"BreadcrumbList\",\"@id\":\"https:\/\/kapitalis.com\/tunisie\/2015\/12\/22\/6e-lauriers-hayett-pour-lenfant-hommage-aux-artistes-en-herbe\/#breadcrumb\",\"itemListElement\":[{\"@type\":\"ListItem\",\"position\":1,\"name\":\"Accueil\",\"item\":\"https:\/\/kapitalis.com\/tunisie\/\"},{\"@type\":\"ListItem\",\"position\":2,\"name\":\"6e Lauriers Hayett pour l\u2019Enfant : Hommage aux artistes en herbe\"}]},{\"@type\":\"WebSite\",\"@id\":\"https:\/\/kapitalis.com\/tunisie\/#website\",\"url\":\"https:\/\/kapitalis.com\/tunisie\/\",\"name\":\"Kapitalis\",\"description\":\"L&#039;actualit\u00e9 en Tunisie et dans le monde\",\"publisher\":{\"@id\":\"https:\/\/kapitalis.com\/tunisie\/#organization\"},\"potentialAction\":[{\"@type\":\"SearchAction\",\"target\":{\"@type\":\"EntryPoint\",\"urlTemplate\":\"https:\/\/kapitalis.com\/tunisie\/?s={search_term_string}\"},\"query-input\":{\"@type\":\"PropertyValueSpecification\",\"valueRequired\":true,\"valueName\":\"search_term_string\"}}],\"inLanguage\":\"fr-FR\"},{\"@type\":\"Organization\",\"@id\":\"https:\/\/kapitalis.com\/tunisie\/#organization\",\"name\":\"Kapitalis\",\"url\":\"https:\/\/kapitalis.com\/tunisie\/\",\"logo\":{\"@type\":\"ImageObject\",\"inLanguage\":\"fr-FR\",\"@id\":\"https:\/\/kapitalis.com\/tunisie\/#\/schema\/logo\/image\/\",\"url\":\"https:\/\/kapitalis.com\/tunisie\/wp-content\/uploads\/2022\/05\/Kapitalis-big-size.png\",\"contentUrl\":\"https:\/\/kapitalis.com\/tunisie\/wp-content\/uploads\/2022\/05\/Kapitalis-big-size.png\",\"width\":5000,\"height\":1500,\"caption\":\"Kapitalis\"},\"image\":{\"@id\":\"https:\/\/kapitalis.com\/tunisie\/#\/schema\/logo\/image\/\"},\"sameAs\":[\"https:\/\/www.facebook.com\/KapitalisInfo\/\",\"https:\/\/x.com\/KapitalisInfo\",\"https:\/\/www.youtube.com\/channel\/UC-yDYrHyfFBWWZaOw3FPg9Q\"]},{\"@type\":\"Person\",\"@id\":\"https:\/\/kapitalis.com\/tunisie\/#\/schema\/person\/d71f33a9ca44f7bad4698210b480c8e9\",\"name\":\"webmaster kapitalis\",\"url\":\"https:\/\/kapitalis.com\/tunisie\/author\/webmaster-kapitalis\/\"}]}<\/script>\n<!-- \/ Yoast SEO plugin. -->","yoast_head_json":{"title":"6e Lauriers Hayett pour l\u2019Enfant : Hommage aux artistes en herbe - Kapitalis","robots":{"index":"index","follow":"follow","max-snippet":"max-snippet:-1","max-image-preview":"max-image-preview:large","max-video-preview":"max-video-preview:-1"},"canonical":"https:\/\/kapitalis.com\/tunisie\/2015\/12\/22\/6e-lauriers-hayett-pour-lenfant-hommage-aux-artistes-en-herbe\/","og_locale":"fr_FR","og_type":"article","og_title":"6e Lauriers Hayett pour l\u2019Enfant : Hommage aux artistes en herbe - Kapitalis","og_description":"La c\u00e9r\u00e9monie de remise des prix \u00abLauriers Hayett pour l\u2019Enfant\u00bb a eu lieu samedi dernier \u00e0 l&rsquo;espace Mad&rsquo;Art \u00e0 Carthage. Des prix et de l\u2019ambiance en sus. Par Zohra Abid","og_url":"https:\/\/kapitalis.com\/tunisie\/2015\/12\/22\/6e-lauriers-hayett-pour-lenfant-hommage-aux-artistes-en-herbe\/","og_site_name":"Kapitalis","article_publisher":"https:\/\/www.facebook.com\/KapitalisInfo\/","article_published_time":"2015-12-22T08:29:24+00:00","article_modified_time":"2015-12-22T08:41:42+00:00","og_image":[{"width":1200,"height":630,"url":"https:\/\/kapitalis.com\/tunisie\/wp-content\/uploads\/2022\/05\/kapitalis-logo-fb.png","type":"image\/png"}],"author":"webmaster kapitalis","twitter_card":"summary_large_image","twitter_creator":"@KapitalisInfo","twitter_site":"@KapitalisInfo","twitter_misc":{"\u00c9crit par":"webmaster kapitalis","Dur\u00e9e de lecture estim\u00e9e":"4 minutes"},"schema":{"@context":"https:\/\/schema.org","@graph":[{"@type":"Article","@id":"https:\/\/kapitalis.com\/tunisie\/2015\/12\/22\/6e-lauriers-hayett-pour-lenfant-hommage-aux-artistes-en-herbe\/#article","isPartOf":{"@id":"https:\/\/kapitalis.com\/tunisie\/2015\/12\/22\/6e-lauriers-hayett-pour-lenfant-hommage-aux-artistes-en-herbe\/"},"author":{"name":"webmaster kapitalis","@id":"https:\/\/kapitalis.com\/tunisie\/#\/schema\/person\/d71f33a9ca44f7bad4698210b480c8e9"},"headline":"6e Lauriers Hayett pour l\u2019Enfant : Hommage aux artistes en herbe","datePublished":"2015-12-22T08:29:24+00:00","dateModified":"2015-12-22T08:41:42+00:00","mainEntityOfPage":{"@id":"https:\/\/kapitalis.com\/tunisie\/2015\/12\/22\/6e-lauriers-hayett-pour-lenfant-hommage-aux-artistes-en-herbe\/"},"wordCount":854,"commentCount":0,"publisher":{"@id":"https:\/\/kapitalis.com\/tunisie\/#organization"},"image":{"@id":"https:\/\/kapitalis.com\/tunisie\/2015\/12\/22\/6e-lauriers-hayett-pour-lenfant-hommage-aux-artistes-en-herbe\/#primaryimage"},"thumbnailUrl":"","keywords":["Afreecan","Hakim Ben Yedder"],"articleSection":["A LA UNE","CULTURE","Tunisie"],"inLanguage":"fr-FR","potentialAction":[{"@type":"CommentAction","name":"Comment","target":["https:\/\/kapitalis.com\/tunisie\/2015\/12\/22\/6e-lauriers-hayett-pour-lenfant-hommage-aux-artistes-en-herbe\/#respond"]}]},{"@type":"WebPage","@id":"https:\/\/kapitalis.com\/tunisie\/2015\/12\/22\/6e-lauriers-hayett-pour-lenfant-hommage-aux-artistes-en-herbe\/","url":"https:\/\/kapitalis.com\/tunisie\/2015\/12\/22\/6e-lauriers-hayett-pour-lenfant-hommage-aux-artistes-en-herbe\/","name":"6e Lauriers Hayett pour l\u2019Enfant : Hommage aux artistes en herbe - Kapitalis","isPartOf":{"@id":"https:\/\/kapitalis.com\/tunisie\/#website"},"primaryImageOfPage":{"@id":"https:\/\/kapitalis.com\/tunisie\/2015\/12\/22\/6e-lauriers-hayett-pour-lenfant-hommage-aux-artistes-en-herbe\/#primaryimage"},"image":{"@id":"https:\/\/kapitalis.com\/tunisie\/2015\/12\/22\/6e-lauriers-hayett-pour-lenfant-hommage-aux-artistes-en-herbe\/#primaryimage"},"thumbnailUrl":"","datePublished":"2015-12-22T08:29:24+00:00","dateModified":"2015-12-22T08:41:42+00:00","breadcrumb":{"@id":"https:\/\/kapitalis.com\/tunisie\/2015\/12\/22\/6e-lauriers-hayett-pour-lenfant-hommage-aux-artistes-en-herbe\/#breadcrumb"},"inLanguage":"fr-FR","potentialAction":[{"@type":"ReadAction","target":["https:\/\/kapitalis.com\/tunisie\/2015\/12\/22\/6e-lauriers-hayett-pour-lenfant-hommage-aux-artistes-en-herbe\/"]}]},{"@type":"ImageObject","inLanguage":"fr-FR","@id":"https:\/\/kapitalis.com\/tunisie\/2015\/12\/22\/6e-lauriers-hayett-pour-lenfant-hommage-aux-artistes-en-herbe\/#primaryimage","url":"","contentUrl":""},{"@type":"BreadcrumbList","@id":"https:\/\/kapitalis.com\/tunisie\/2015\/12\/22\/6e-lauriers-hayett-pour-lenfant-hommage-aux-artistes-en-herbe\/#breadcrumb","itemListElement":[{"@type":"ListItem","position":1,"name":"Accueil","item":"https:\/\/kapitalis.com\/tunisie\/"},{"@type":"ListItem","position":2,"name":"6e Lauriers Hayett pour l\u2019Enfant : Hommage aux artistes en herbe"}]},{"@type":"WebSite","@id":"https:\/\/kapitalis.com\/tunisie\/#website","url":"https:\/\/kapitalis.com\/tunisie\/","name":"Kapitalis","description":"L&#039;actualit\u00e9 en Tunisie et dans le monde","publisher":{"@id":"https:\/\/kapitalis.com\/tunisie\/#organization"},"potentialAction":[{"@type":"SearchAction","target":{"@type":"EntryPoint","urlTemplate":"https:\/\/kapitalis.com\/tunisie\/?s={search_term_string}"},"query-input":{"@type":"PropertyValueSpecification","valueRequired":true,"valueName":"search_term_string"}}],"inLanguage":"fr-FR"},{"@type":"Organization","@id":"https:\/\/kapitalis.com\/tunisie\/#organization","name":"Kapitalis","url":"https:\/\/kapitalis.com\/tunisie\/","logo":{"@type":"ImageObject","inLanguage":"fr-FR","@id":"https:\/\/kapitalis.com\/tunisie\/#\/schema\/logo\/image\/","url":"https:\/\/kapitalis.com\/tunisie\/wp-content\/uploads\/2022\/05\/Kapitalis-big-size.png","contentUrl":"https:\/\/kapitalis.com\/tunisie\/wp-content\/uploads\/2022\/05\/Kapitalis-big-size.png","width":5000,"height":1500,"caption":"Kapitalis"},"image":{"@id":"https:\/\/kapitalis.com\/tunisie\/#\/schema\/logo\/image\/"},"sameAs":["https:\/\/www.facebook.com\/KapitalisInfo\/","https:\/\/x.com\/KapitalisInfo","https:\/\/www.youtube.com\/channel\/UC-yDYrHyfFBWWZaOw3FPg9Q"]},{"@type":"Person","@id":"https:\/\/kapitalis.com\/tunisie\/#\/schema\/person\/d71f33a9ca44f7bad4698210b480c8e9","name":"webmaster kapitalis","url":"https:\/\/kapitalis.com\/tunisie\/author\/webmaster-kapitalis\/"}]}},"_links":{"self":[{"href":"https:\/\/kapitalis.com\/tunisie\/wp-json\/wp\/v2\/posts\/31462","targetHints":{"allow":["GET"]}}],"collection":[{"href":"https:\/\/kapitalis.com\/tunisie\/wp-json\/wp\/v2\/posts"}],"about":[{"href":"https:\/\/kapitalis.com\/tunisie\/wp-json\/wp\/v2\/types\/post"}],"author":[{"embeddable":true,"href":"https:\/\/kapitalis.com\/tunisie\/wp-json\/wp\/v2\/users\/8"}],"replies":[{"embeddable":true,"href":"https:\/\/kapitalis.com\/tunisie\/wp-json\/wp\/v2\/comments?post=31462"}],"version-history":[{"count":0,"href":"https:\/\/kapitalis.com\/tunisie\/wp-json\/wp\/v2\/posts\/31462\/revisions"}],"wp:featuredmedia":[{"embeddable":true,"href":"https:\/\/kapitalis.com\/tunisie\/wp-json\/wp\/v2\/media\/31463"}],"wp:attachment":[{"href":"https:\/\/kapitalis.com\/tunisie\/wp-json\/wp\/v2\/media?parent=31462"}],"wp:term":[{"taxonomy":"category","embeddable":true,"href":"https:\/\/kapitalis.com\/tunisie\/wp-json\/wp\/v2\/categories?post=31462"},{"taxonomy":"post_tag","embeddable":true,"href":"https:\/\/kapitalis.com\/tunisie\/wp-json\/wp\/v2\/tags?post=31462"}],"curies":[{"name":"wp","href":"https:\/\/api.w.org\/{rel}","templated":true}]}}