{"id":314722,"date":"2020-09-02T16:35:50","date_gmt":"2020-09-02T15:35:50","guid":{"rendered":"http:\/\/kapitalis.com\/tunisie\/?p=314722"},"modified":"2020-09-03T07:26:38","modified_gmt":"2020-09-03T06:26:38","slug":"gouvernement-mechichi-kais-saied-repond-aux-critiques-et-accusations-des-deputes","status":"publish","type":"post","link":"https:\/\/kapitalis.com\/tunisie\/2020\/09\/02\/gouvernement-mechichi-kais-saied-repond-aux-critiques-et-accusations-des-deputes\/","title":{"rendered":"Gouvernement Mechichi : Ka\u00efs Sa\u00efed r\u00e9pond aux critiques et accusations des d\u00e9put\u00e9s"},"content":{"rendered":"\n<figure class=\"wp-block-image size-large\"><img decoding=\"async\" src=\"http:\/\/kapitalis.com\/tunisie\/wp-content\/uploads\/2020\/09\/saied.jpg\" alt=\"\" class=\"wp-image-314724\"\/><\/figure>\n\n\n\n<p><strong><em>Fid\u00e8le \u00e0 son style communicationnel ambigu et conspirationniste, le pr\u00e9sident de la r\u00e9publique, Ka\u00efs Sa\u00efed, a tenu, ce mercredi, 2 septembre 2020, un discours \u00e0 l&rsquo;occasion de la c\u00e9r\u00e9monie de prestation serment constitutionnel des membres du gouvernement, o\u00f9 il est notamment revenu sur les accusations et critiques \u00e0 son encontre de la part de certains d\u00e9put\u00e9s<\/em><\/strong> <em><strong>principalement issus de la tro\u00efka parlementaire, Ennahdha, Qalb Tounes, Al-Karama.<\/strong><\/em><\/p>\n\n\n\n<!--more-->\n\n\n\n<p>\u00ab<em>Il viendra le jour o\u00f9 vous allez apprendre toutes les v\u00e9rit\u00e9s, toutes sans exception, sauf s\u2019il y aura un devoir de r\u00e9serve ou de discr\u00e9tion<\/em>\u00bb, a-t-il notamment lanc\u00e9, en faisant allusion aux critiques et accusations dont il a fait l&rsquo;objet, hier, lors de la pl\u00e9ni\u00e8re consacr\u00e9e au vote de confiance au gouvernement Mechichi.<\/p>\n\n\n\n<p>Sa\u00efed a \u00e9t\u00e9 point\u00e9 du doigt par de nombreux d\u00e9put\u00e9s et politiciens et a  notamment \u00e9t\u00e9 accus\u00e9 d&rsquo;avoir d\u00e9pass\u00e9 ses pr\u00e9rogatives pour imposer certains ministres, ou encore d&rsquo;avoir demand\u00e9 aux partis, suite \u00e0 une divergence entre lui et Mechichi, de ne pas accorder leur confiance \u00e0 ce dernier, en s&rsquo;engageant en contrepartie \u00e0 ne pas dissoudre le Parlement.<\/p>\n\n\n\n<p>\u00ab<em>Je connais les choses les plus fines en d\u00e9tail et <\/em>[je sais]<em> qui a infiltr\u00e9 le Palais <\/em>[de Carthage] <em>et parle des d\u00e9tails. J&rsquo;en sais plus que ce qu\u2019ils en savent. Je ne leur r\u00e9pondrai pas avec les expressions que j\u2019ai entendues hier parce que celles-ci ne font que provoquer le m\u00e9pris et le d\u00e9dain<\/em>\u00bb, a-t-il encore dit dans le m\u00eame contexte. Et d&rsquo;ajouter : \u00ab<em>J\u2019ai suivi avec attention la s\u00e9ance d\u2019hier pour voir ceux qui ont clam\u00e9 la v\u00e9rit\u00e9 et ceux qui ont menti et diffam\u00e9 et ces derniers sont nombreux. Mais il y a toujours des gens sinc\u00e8res et fid\u00e8les<\/em> [\u2026]<em> Il y en a qui affirment et interpr\u00e8tent selon leurs orientations. Mise \u00e0 part le mensonge, la b\u00eatise les accable et enl\u00e8ve de chez eux tout m\u00e9rite et toute jugeote<\/em>\u00bb.<\/p>\n\n\n\n<p>Le chef de l&rsquo;Etat a, par ailleurs, assur\u00e9 que Hichem Mechichi est bel et bien le chef du gouvernement et \u00ab<em>pas le premier ministre ni un secr\u00e9taire d&rsquo;Etat aupr\u00e8s du pr\u00e9sident de la r\u00e9publique<\/em>\u00bb, ajoutant que c&rsquo;est le Parlement qui en sera responsable apr\u00e8s lui avoir accord\u00e9 sa confiance.<\/p>\n\n\n\n<p>Mena\u00e7ant, comme souvent \u00e9galement, Sa\u00efed a, d&rsquo;autre part, assur\u00e9 qu&rsquo;un jour, il d\u00e9voilera les noms de toutes les personnes qui collaborent avec les sionistes, sans expliquer quel rapport cela a avec l&rsquo;actualit\u00e9 politique tunisienne.<\/p>\n\n\n\n<p class=\"has-text-align-right\"><strong>C. B. Y.<\/strong><\/p>\n","protected":false},"excerpt":{"rendered":"<p>Fid\u00e8le \u00e0 son style communicationnel ambigu et conspirationniste, le pr\u00e9sident de la r\u00e9publique, Ka\u00efs Sa\u00efed, a tenu, ce mercredi, 2 septembre 2020, un discours \u00e0 l&rsquo;occasion de la c\u00e9r\u00e9monie de prestation serment constitutionnel des membres du gouvernement, o\u00f9 il est notamment revenu sur les accusations et critiques \u00e0 son encontre de la part de certains&#8230;<\/p>\n","protected":false},"author":24,"featured_media":314724,"comment_status":"open","ping_status":"open","sticky":false,"template":"","format":"standard","meta":{"footnotes":""},"categories":[997,2433],"tags":[74899,76012],"class_list":["post-314722","post","type-post","status-publish","format-standard","has-post-thumbnail","hentry","category-politique","category-tunisie","tag-hichem-mechichi","tag-kais-saied-2"],"yoast_head":"<!-- This site is optimized with the Yoast SEO plugin v26.6 - https:\/\/yoast.com\/wordpress\/plugins\/seo\/ -->\n<title>Gouvernement Mechichi : Ka\u00efs Sa\u00efed r\u00e9pond aux critiques et accusations des d\u00e9put\u00e9s - Kapitalis<\/title>\n<meta name=\"robots\" content=\"index, follow, max-snippet:-1, max-image-preview:large, max-video-preview:-1\" \/>\n<link rel=\"canonical\" href=\"https:\/\/kapitalis.com\/tunisie\/2020\/09\/02\/gouvernement-mechichi-kais-saied-repond-aux-critiques-et-accusations-des-deputes\/\" \/>\n<meta property=\"og:locale\" content=\"fr_FR\" \/>\n<meta property=\"og:type\" content=\"article\" \/>\n<meta property=\"og:title\" content=\"Gouvernement Mechichi : Ka\u00efs Sa\u00efed r\u00e9pond aux critiques et accusations des d\u00e9put\u00e9s - Kapitalis\" \/>\n<meta property=\"og:description\" content=\"Fid\u00e8le \u00e0 son style communicationnel ambigu et conspirationniste, le pr\u00e9sident de la r\u00e9publique, Ka\u00efs Sa\u00efed, a tenu, ce mercredi, 2 septembre 2020, un discours \u00e0 l&rsquo;occasion de la c\u00e9r\u00e9monie de prestation serment constitutionnel des membres du gouvernement, o\u00f9 il est notamment revenu sur les accusations et critiques \u00e0 son encontre de la part de certains...\" \/>\n<meta property=\"og:url\" content=\"https:\/\/kapitalis.com\/tunisie\/2020\/09\/02\/gouvernement-mechichi-kais-saied-repond-aux-critiques-et-accusations-des-deputes\/\" \/>\n<meta property=\"og:site_name\" content=\"Kapitalis\" \/>\n<meta property=\"article:publisher\" content=\"https:\/\/www.facebook.com\/KapitalisInfo\/\" \/>\n<meta property=\"article:published_time\" content=\"2020-09-02T15:35:50+00:00\" \/>\n<meta property=\"article:modified_time\" content=\"2020-09-03T06:26:38+00:00\" \/>\n<meta property=\"og:image\" content=\"https:\/\/kapitalis.com\/tunisie\/wp-content\/uploads\/2022\/05\/kapitalis-logo-fb.png\" \/>\n\t<meta property=\"og:image:width\" content=\"1200\" \/>\n\t<meta property=\"og:image:height\" content=\"630\" \/>\n\t<meta property=\"og:image:type\" content=\"image\/png\" \/>\n<meta name=\"author\" content=\"Cherif Benyounes\" \/>\n<meta name=\"twitter:card\" content=\"summary_large_image\" \/>\n<meta name=\"twitter:creator\" content=\"@KapitalisInfo\" \/>\n<meta name=\"twitter:site\" content=\"@KapitalisInfo\" \/>\n<meta name=\"twitter:label1\" content=\"\u00c9crit par\" \/>\n\t<meta name=\"twitter:data1\" content=\"Cherif Benyounes\" \/>\n\t<meta name=\"twitter:label2\" content=\"Dur\u00e9e de lecture estim\u00e9e\" \/>\n\t<meta name=\"twitter:data2\" content=\"2 minutes\" \/>\n<script type=\"application\/ld+json\" class=\"yoast-schema-graph\">{\"@context\":\"https:\/\/schema.org\",\"@graph\":[{\"@type\":\"Article\",\"@id\":\"https:\/\/kapitalis.com\/tunisie\/2020\/09\/02\/gouvernement-mechichi-kais-saied-repond-aux-critiques-et-accusations-des-deputes\/#article\",\"isPartOf\":{\"@id\":\"https:\/\/kapitalis.com\/tunisie\/2020\/09\/02\/gouvernement-mechichi-kais-saied-repond-aux-critiques-et-accusations-des-deputes\/\"},\"author\":{\"name\":\"Cherif Benyounes\",\"@id\":\"https:\/\/kapitalis.com\/tunisie\/#\/schema\/person\/b35b8d631961131107263178aeb8019e\"},\"headline\":\"Gouvernement Mechichi : Ka\u00efs Sa\u00efed r\u00e9pond aux critiques et accusations des d\u00e9put\u00e9s\",\"datePublished\":\"2020-09-02T15:35:50+00:00\",\"dateModified\":\"2020-09-03T06:26:38+00:00\",\"mainEntityOfPage\":{\"@id\":\"https:\/\/kapitalis.com\/tunisie\/2020\/09\/02\/gouvernement-mechichi-kais-saied-repond-aux-critiques-et-accusations-des-deputes\/\"},\"wordCount\":450,\"commentCount\":1,\"publisher\":{\"@id\":\"https:\/\/kapitalis.com\/tunisie\/#organization\"},\"image\":{\"@id\":\"https:\/\/kapitalis.com\/tunisie\/2020\/09\/02\/gouvernement-mechichi-kais-saied-repond-aux-critiques-et-accusations-des-deputes\/#primaryimage\"},\"thumbnailUrl\":\"\",\"keywords\":[\"Hichem Mechichi\",\"Ka\u00efs Sa\u00efed\"],\"articleSection\":[\"POLITIQUE\",\"Tunisie\"],\"inLanguage\":\"fr-FR\",\"potentialAction\":[{\"@type\":\"CommentAction\",\"name\":\"Comment\",\"target\":[\"https:\/\/kapitalis.com\/tunisie\/2020\/09\/02\/gouvernement-mechichi-kais-saied-repond-aux-critiques-et-accusations-des-deputes\/#respond\"]}]},{\"@type\":\"WebPage\",\"@id\":\"https:\/\/kapitalis.com\/tunisie\/2020\/09\/02\/gouvernement-mechichi-kais-saied-repond-aux-critiques-et-accusations-des-deputes\/\",\"url\":\"https:\/\/kapitalis.com\/tunisie\/2020\/09\/02\/gouvernement-mechichi-kais-saied-repond-aux-critiques-et-accusations-des-deputes\/\",\"name\":\"Gouvernement Mechichi : Ka\u00efs Sa\u00efed r\u00e9pond aux critiques et accusations des d\u00e9put\u00e9s - Kapitalis\",\"isPartOf\":{\"@id\":\"https:\/\/kapitalis.com\/tunisie\/#website\"},\"primaryImageOfPage\":{\"@id\":\"https:\/\/kapitalis.com\/tunisie\/2020\/09\/02\/gouvernement-mechichi-kais-saied-repond-aux-critiques-et-accusations-des-deputes\/#primaryimage\"},\"image\":{\"@id\":\"https:\/\/kapitalis.com\/tunisie\/2020\/09\/02\/gouvernement-mechichi-kais-saied-repond-aux-critiques-et-accusations-des-deputes\/#primaryimage\"},\"thumbnailUrl\":\"\",\"datePublished\":\"2020-09-02T15:35:50+00:00\",\"dateModified\":\"2020-09-03T06:26:38+00:00\",\"breadcrumb\":{\"@id\":\"https:\/\/kapitalis.com\/tunisie\/2020\/09\/02\/gouvernement-mechichi-kais-saied-repond-aux-critiques-et-accusations-des-deputes\/#breadcrumb\"},\"inLanguage\":\"fr-FR\",\"potentialAction\":[{\"@type\":\"ReadAction\",\"target\":[\"https:\/\/kapitalis.com\/tunisie\/2020\/09\/02\/gouvernement-mechichi-kais-saied-repond-aux-critiques-et-accusations-des-deputes\/\"]}]},{\"@type\":\"ImageObject\",\"inLanguage\":\"fr-FR\",\"@id\":\"https:\/\/kapitalis.com\/tunisie\/2020\/09\/02\/gouvernement-mechichi-kais-saied-repond-aux-critiques-et-accusations-des-deputes\/#primaryimage\",\"url\":\"\",\"contentUrl\":\"\"},{\"@type\":\"BreadcrumbList\",\"@id\":\"https:\/\/kapitalis.com\/tunisie\/2020\/09\/02\/gouvernement-mechichi-kais-saied-repond-aux-critiques-et-accusations-des-deputes\/#breadcrumb\",\"itemListElement\":[{\"@type\":\"ListItem\",\"position\":1,\"name\":\"Accueil\",\"item\":\"https:\/\/kapitalis.com\/tunisie\/\"},{\"@type\":\"ListItem\",\"position\":2,\"name\":\"Gouvernement Mechichi : Ka\u00efs Sa\u00efed r\u00e9pond aux critiques et accusations des d\u00e9put\u00e9s\"}]},{\"@type\":\"WebSite\",\"@id\":\"https:\/\/kapitalis.com\/tunisie\/#website\",\"url\":\"https:\/\/kapitalis.com\/tunisie\/\",\"name\":\"Kapitalis\",\"description\":\"L&#039;actualit\u00e9 en Tunisie et dans le monde\",\"publisher\":{\"@id\":\"https:\/\/kapitalis.com\/tunisie\/#organization\"},\"potentialAction\":[{\"@type\":\"SearchAction\",\"target\":{\"@type\":\"EntryPoint\",\"urlTemplate\":\"https:\/\/kapitalis.com\/tunisie\/?s={search_term_string}\"},\"query-input\":{\"@type\":\"PropertyValueSpecification\",\"valueRequired\":true,\"valueName\":\"search_term_string\"}}],\"inLanguage\":\"fr-FR\"},{\"@type\":\"Organization\",\"@id\":\"https:\/\/kapitalis.com\/tunisie\/#organization\",\"name\":\"Kapitalis\",\"url\":\"https:\/\/kapitalis.com\/tunisie\/\",\"logo\":{\"@type\":\"ImageObject\",\"inLanguage\":\"fr-FR\",\"@id\":\"https:\/\/kapitalis.com\/tunisie\/#\/schema\/logo\/image\/\",\"url\":\"https:\/\/kapitalis.com\/tunisie\/wp-content\/uploads\/2022\/05\/Kapitalis-big-size.png\",\"contentUrl\":\"https:\/\/kapitalis.com\/tunisie\/wp-content\/uploads\/2022\/05\/Kapitalis-big-size.png\",\"width\":5000,\"height\":1500,\"caption\":\"Kapitalis\"},\"image\":{\"@id\":\"https:\/\/kapitalis.com\/tunisie\/#\/schema\/logo\/image\/\"},\"sameAs\":[\"https:\/\/www.facebook.com\/KapitalisInfo\/\",\"https:\/\/x.com\/KapitalisInfo\",\"https:\/\/www.youtube.com\/channel\/UC-yDYrHyfFBWWZaOw3FPg9Q\"]},{\"@type\":\"Person\",\"@id\":\"https:\/\/kapitalis.com\/tunisie\/#\/schema\/person\/b35b8d631961131107263178aeb8019e\",\"name\":\"Cherif Benyounes\",\"url\":\"https:\/\/kapitalis.com\/tunisie\/author\/cherif\/\"}]}<\/script>\n<!-- \/ Yoast SEO plugin. -->","yoast_head_json":{"title":"Gouvernement Mechichi : Ka\u00efs Sa\u00efed r\u00e9pond aux critiques et accusations des d\u00e9put\u00e9s - Kapitalis","robots":{"index":"index","follow":"follow","max-snippet":"max-snippet:-1","max-image-preview":"max-image-preview:large","max-video-preview":"max-video-preview:-1"},"canonical":"https:\/\/kapitalis.com\/tunisie\/2020\/09\/02\/gouvernement-mechichi-kais-saied-repond-aux-critiques-et-accusations-des-deputes\/","og_locale":"fr_FR","og_type":"article","og_title":"Gouvernement Mechichi : Ka\u00efs Sa\u00efed r\u00e9pond aux critiques et accusations des d\u00e9put\u00e9s - Kapitalis","og_description":"Fid\u00e8le \u00e0 son style communicationnel ambigu et conspirationniste, le pr\u00e9sident de la r\u00e9publique, Ka\u00efs Sa\u00efed, a tenu, ce mercredi, 2 septembre 2020, un discours \u00e0 l&rsquo;occasion de la c\u00e9r\u00e9monie de prestation serment constitutionnel des membres du gouvernement, o\u00f9 il est notamment revenu sur les accusations et critiques \u00e0 son encontre de la part de certains...","og_url":"https:\/\/kapitalis.com\/tunisie\/2020\/09\/02\/gouvernement-mechichi-kais-saied-repond-aux-critiques-et-accusations-des-deputes\/","og_site_name":"Kapitalis","article_publisher":"https:\/\/www.facebook.com\/KapitalisInfo\/","article_published_time":"2020-09-02T15:35:50+00:00","article_modified_time":"2020-09-03T06:26:38+00:00","og_image":[{"width":1200,"height":630,"url":"https:\/\/kapitalis.com\/tunisie\/wp-content\/uploads\/2022\/05\/kapitalis-logo-fb.png","type":"image\/png"}],"author":"Cherif Benyounes","twitter_card":"summary_large_image","twitter_creator":"@KapitalisInfo","twitter_site":"@KapitalisInfo","twitter_misc":{"\u00c9crit par":"Cherif Benyounes","Dur\u00e9e de lecture estim\u00e9e":"2 minutes"},"schema":{"@context":"https:\/\/schema.org","@graph":[{"@type":"Article","@id":"https:\/\/kapitalis.com\/tunisie\/2020\/09\/02\/gouvernement-mechichi-kais-saied-repond-aux-critiques-et-accusations-des-deputes\/#article","isPartOf":{"@id":"https:\/\/kapitalis.com\/tunisie\/2020\/09\/02\/gouvernement-mechichi-kais-saied-repond-aux-critiques-et-accusations-des-deputes\/"},"author":{"name":"Cherif Benyounes","@id":"https:\/\/kapitalis.com\/tunisie\/#\/schema\/person\/b35b8d631961131107263178aeb8019e"},"headline":"Gouvernement Mechichi : Ka\u00efs Sa\u00efed r\u00e9pond aux critiques et accusations des d\u00e9put\u00e9s","datePublished":"2020-09-02T15:35:50+00:00","dateModified":"2020-09-03T06:26:38+00:00","mainEntityOfPage":{"@id":"https:\/\/kapitalis.com\/tunisie\/2020\/09\/02\/gouvernement-mechichi-kais-saied-repond-aux-critiques-et-accusations-des-deputes\/"},"wordCount":450,"commentCount":1,"publisher":{"@id":"https:\/\/kapitalis.com\/tunisie\/#organization"},"image":{"@id":"https:\/\/kapitalis.com\/tunisie\/2020\/09\/02\/gouvernement-mechichi-kais-saied-repond-aux-critiques-et-accusations-des-deputes\/#primaryimage"},"thumbnailUrl":"","keywords":["Hichem Mechichi","Ka\u00efs Sa\u00efed"],"articleSection":["POLITIQUE","Tunisie"],"inLanguage":"fr-FR","potentialAction":[{"@type":"CommentAction","name":"Comment","target":["https:\/\/kapitalis.com\/tunisie\/2020\/09\/02\/gouvernement-mechichi-kais-saied-repond-aux-critiques-et-accusations-des-deputes\/#respond"]}]},{"@type":"WebPage","@id":"https:\/\/kapitalis.com\/tunisie\/2020\/09\/02\/gouvernement-mechichi-kais-saied-repond-aux-critiques-et-accusations-des-deputes\/","url":"https:\/\/kapitalis.com\/tunisie\/2020\/09\/02\/gouvernement-mechichi-kais-saied-repond-aux-critiques-et-accusations-des-deputes\/","name":"Gouvernement Mechichi : Ka\u00efs Sa\u00efed r\u00e9pond aux critiques et accusations des d\u00e9put\u00e9s - Kapitalis","isPartOf":{"@id":"https:\/\/kapitalis.com\/tunisie\/#website"},"primaryImageOfPage":{"@id":"https:\/\/kapitalis.com\/tunisie\/2020\/09\/02\/gouvernement-mechichi-kais-saied-repond-aux-critiques-et-accusations-des-deputes\/#primaryimage"},"image":{"@id":"https:\/\/kapitalis.com\/tunisie\/2020\/09\/02\/gouvernement-mechichi-kais-saied-repond-aux-critiques-et-accusations-des-deputes\/#primaryimage"},"thumbnailUrl":"","datePublished":"2020-09-02T15:35:50+00:00","dateModified":"2020-09-03T06:26:38+00:00","breadcrumb":{"@id":"https:\/\/kapitalis.com\/tunisie\/2020\/09\/02\/gouvernement-mechichi-kais-saied-repond-aux-critiques-et-accusations-des-deputes\/#breadcrumb"},"inLanguage":"fr-FR","potentialAction":[{"@type":"ReadAction","target":["https:\/\/kapitalis.com\/tunisie\/2020\/09\/02\/gouvernement-mechichi-kais-saied-repond-aux-critiques-et-accusations-des-deputes\/"]}]},{"@type":"ImageObject","inLanguage":"fr-FR","@id":"https:\/\/kapitalis.com\/tunisie\/2020\/09\/02\/gouvernement-mechichi-kais-saied-repond-aux-critiques-et-accusations-des-deputes\/#primaryimage","url":"","contentUrl":""},{"@type":"BreadcrumbList","@id":"https:\/\/kapitalis.com\/tunisie\/2020\/09\/02\/gouvernement-mechichi-kais-saied-repond-aux-critiques-et-accusations-des-deputes\/#breadcrumb","itemListElement":[{"@type":"ListItem","position":1,"name":"Accueil","item":"https:\/\/kapitalis.com\/tunisie\/"},{"@type":"ListItem","position":2,"name":"Gouvernement Mechichi : Ka\u00efs Sa\u00efed r\u00e9pond aux critiques et accusations des d\u00e9put\u00e9s"}]},{"@type":"WebSite","@id":"https:\/\/kapitalis.com\/tunisie\/#website","url":"https:\/\/kapitalis.com\/tunisie\/","name":"Kapitalis","description":"L&#039;actualit\u00e9 en Tunisie et dans le monde","publisher":{"@id":"https:\/\/kapitalis.com\/tunisie\/#organization"},"potentialAction":[{"@type":"SearchAction","target":{"@type":"EntryPoint","urlTemplate":"https:\/\/kapitalis.com\/tunisie\/?s={search_term_string}"},"query-input":{"@type":"PropertyValueSpecification","valueRequired":true,"valueName":"search_term_string"}}],"inLanguage":"fr-FR"},{"@type":"Organization","@id":"https:\/\/kapitalis.com\/tunisie\/#organization","name":"Kapitalis","url":"https:\/\/kapitalis.com\/tunisie\/","logo":{"@type":"ImageObject","inLanguage":"fr-FR","@id":"https:\/\/kapitalis.com\/tunisie\/#\/schema\/logo\/image\/","url":"https:\/\/kapitalis.com\/tunisie\/wp-content\/uploads\/2022\/05\/Kapitalis-big-size.png","contentUrl":"https:\/\/kapitalis.com\/tunisie\/wp-content\/uploads\/2022\/05\/Kapitalis-big-size.png","width":5000,"height":1500,"caption":"Kapitalis"},"image":{"@id":"https:\/\/kapitalis.com\/tunisie\/#\/schema\/logo\/image\/"},"sameAs":["https:\/\/www.facebook.com\/KapitalisInfo\/","https:\/\/x.com\/KapitalisInfo","https:\/\/www.youtube.com\/channel\/UC-yDYrHyfFBWWZaOw3FPg9Q"]},{"@type":"Person","@id":"https:\/\/kapitalis.com\/tunisie\/#\/schema\/person\/b35b8d631961131107263178aeb8019e","name":"Cherif Benyounes","url":"https:\/\/kapitalis.com\/tunisie\/author\/cherif\/"}]}},"_links":{"self":[{"href":"https:\/\/kapitalis.com\/tunisie\/wp-json\/wp\/v2\/posts\/314722","targetHints":{"allow":["GET"]}}],"collection":[{"href":"https:\/\/kapitalis.com\/tunisie\/wp-json\/wp\/v2\/posts"}],"about":[{"href":"https:\/\/kapitalis.com\/tunisie\/wp-json\/wp\/v2\/types\/post"}],"author":[{"embeddable":true,"href":"https:\/\/kapitalis.com\/tunisie\/wp-json\/wp\/v2\/users\/24"}],"replies":[{"embeddable":true,"href":"https:\/\/kapitalis.com\/tunisie\/wp-json\/wp\/v2\/comments?post=314722"}],"version-history":[{"count":0,"href":"https:\/\/kapitalis.com\/tunisie\/wp-json\/wp\/v2\/posts\/314722\/revisions"}],"wp:featuredmedia":[{"embeddable":true,"href":"https:\/\/kapitalis.com\/tunisie\/wp-json\/wp\/v2\/media\/314724"}],"wp:attachment":[{"href":"https:\/\/kapitalis.com\/tunisie\/wp-json\/wp\/v2\/media?parent=314722"}],"wp:term":[{"taxonomy":"category","embeddable":true,"href":"https:\/\/kapitalis.com\/tunisie\/wp-json\/wp\/v2\/categories?post=314722"},{"taxonomy":"post_tag","embeddable":true,"href":"https:\/\/kapitalis.com\/tunisie\/wp-json\/wp\/v2\/tags?post=314722"}],"curies":[{"name":"wp","href":"https:\/\/api.w.org\/{rel}","templated":true}]}}