{"id":314737,"date":"2020-09-02T18:04:16","date_gmt":"2020-09-02T17:04:16","guid":{"rendered":"http:\/\/kapitalis.com\/tunisie\/?p=314737"},"modified":"2020-09-03T07:33:47","modified_gmt":"2020-09-03T06:33:47","slug":"djerba-projet-de-restauration-de-leglise-st-joseph-de-houmt-souk-photos","status":"publish","type":"post","link":"https:\/\/kapitalis.com\/tunisie\/2020\/09\/02\/djerba-projet-de-restauration-de-leglise-st-joseph-de-houmt-souk-photos\/","title":{"rendered":"Djerba : Projet de restauration de l\u2019\u00e9glise St Joseph de Houmt Souk (Photos)"},"content":{"rendered":"\n<figure class=\"wp-block-image size-large\"><img decoding=\"async\" src=\"http:\/\/kapitalis.com\/tunisie\/wp-content\/uploads\/2020\/09\/Djerba-eglise-St-Joseph-Houmt-Souk.jpg\" alt=\"\" class=\"wp-image-314742\"\/><\/figure>\n\n\n\n<p><em><strong>L\u2019Association pour la sauvegarde de l&rsquo;\u00eele de Djerba a annonc\u00e9 le lancement du projet de restauration de l\u2019\u00e9glise St Joseph de Houmt Souk, pour le compte de l\u2019archev\u00each\u00e9 de Tunis.<\/strong><\/em><\/p>\n\n\n\n<!--more-->\n\n\n\n<p>Construite en 1848, l&rsquo;\u00e9glise, qui est ferm\u00e9e depuis des ann\u00e9es, sera restaur\u00e9e sous la direction de l&rsquo;architecte Anouar Ben Ma\u00efz, membre de l\u2019Association, qui a publi\u00e9, ce mercredi 2 septembre 2020, des photos en 3D du projet.<\/p>\n\n\n\n<figure class=\"wp-block-gallery columns-1 is-cropped wp-block-gallery-1 is-layout-flex wp-block-gallery-is-layout-flex\"><ul class=\"blocks-gallery-grid\"><li class=\"blocks-gallery-item\"><figure><img decoding=\"async\" src=\"http:\/\/kapitalis.com\/tunisie\/wp-content\/uploads\/2020\/09\/3-1024x683.jpg\" alt=\"\" data-id=\"314743\" data-full-url=\"http:\/\/kapitalis.com\/tunisie\/wp-content\/uploads\/2020\/09\/3.jpg\" data-link=\"http:\/\/kapitalis.com\/tunisie\/?attachment_id=314743\" class=\"wp-image-314743\"\/><\/figure><\/li><li class=\"blocks-gallery-item\"><figure><img decoding=\"async\" src=\"http:\/\/kapitalis.com\/tunisie\/wp-content\/uploads\/2020\/09\/2-1024x683.jpg\" alt=\"\" data-id=\"314744\" data-full-url=\"http:\/\/kapitalis.com\/tunisie\/wp-content\/uploads\/2020\/09\/2.jpg\" data-link=\"http:\/\/kapitalis.com\/tunisie\/?attachment_id=314744\" class=\"wp-image-314744\"\/><\/figure><\/li><\/ul><\/figure>\n\n\n\n<p>Notons que l\u2019\u00e9glise St Joseph est le premier lieu de culte catholique \u00e0 Houmt Souk, qui doit sa construction notamment \u00e0 la pr\u00e9sence de nombreux p\u00eacheurs italiens et maltais autour de l\u2019\u00eele de Djerba.<\/p>\n\n\n\n<p class=\"has-text-align-right\"><strong>Y. N.<\/strong><\/p>\n","protected":false},"excerpt":{"rendered":"<p>L\u2019Association pour la sauvegarde de l&rsquo;\u00eele de Djerba a annonc\u00e9 le lancement du projet de restauration de l\u2019\u00e9glise St Joseph de Houmt Souk, pour le compte de l\u2019archev\u00each\u00e9 de Tunis.<\/p>\n","protected":false},"author":6,"featured_media":314742,"comment_status":"open","ping_status":"open","sticky":false,"template":"","format":"standard","meta":{"footnotes":""},"categories":[994,998,2433],"tags":[82328,81928,81800,82327,82325,2115,82326],"class_list":["post-314737","post","type-post","status-publish","format-standard","has-post-thumbnail","hentry","category-culture","category-societe","category-tunisie","tag-archeveche-tunis","tag-association-sauvegarde","tag-eglise","tag-houmt","tag-ile-djerba","tag-restauration","tag-st-joseph"],"yoast_head":"<!-- This site is optimized with the Yoast SEO plugin v26.6 - https:\/\/yoast.com\/wordpress\/plugins\/seo\/ -->\n<title>Djerba : Projet de restauration de l\u2019\u00e9glise St Joseph de Houmt Souk (Photos) - Kapitalis<\/title>\n<meta name=\"robots\" content=\"index, follow, max-snippet:-1, max-image-preview:large, max-video-preview:-1\" \/>\n<link rel=\"canonical\" href=\"https:\/\/kapitalis.com\/tunisie\/2020\/09\/02\/djerba-projet-de-restauration-de-leglise-st-joseph-de-houmt-souk-photos\/\" \/>\n<meta property=\"og:locale\" content=\"fr_FR\" \/>\n<meta property=\"og:type\" content=\"article\" \/>\n<meta property=\"og:title\" content=\"Djerba : Projet de restauration de l\u2019\u00e9glise St Joseph de Houmt Souk (Photos) - Kapitalis\" \/>\n<meta property=\"og:description\" content=\"L\u2019Association pour la sauvegarde de l&rsquo;\u00eele de Djerba a annonc\u00e9 le lancement du projet de restauration de l\u2019\u00e9glise St Joseph de Houmt Souk, pour le compte de l\u2019archev\u00each\u00e9 de Tunis.\" \/>\n<meta property=\"og:url\" content=\"https:\/\/kapitalis.com\/tunisie\/2020\/09\/02\/djerba-projet-de-restauration-de-leglise-st-joseph-de-houmt-souk-photos\/\" \/>\n<meta property=\"og:site_name\" content=\"Kapitalis\" \/>\n<meta property=\"article:publisher\" content=\"https:\/\/www.facebook.com\/KapitalisInfo\/\" \/>\n<meta property=\"article:published_time\" content=\"2020-09-02T17:04:16+00:00\" \/>\n<meta property=\"article:modified_time\" content=\"2020-09-03T06:33:47+00:00\" \/>\n<meta property=\"og:image\" content=\"https:\/\/kapitalis.com\/tunisie\/wp-content\/uploads\/2022\/05\/kapitalis-logo-fb.png\" \/>\n\t<meta property=\"og:image:width\" content=\"1200\" \/>\n\t<meta property=\"og:image:height\" content=\"630\" \/>\n\t<meta property=\"og:image:type\" content=\"image\/png\" \/>\n<meta name=\"author\" content=\"Yusra NY\" \/>\n<meta name=\"twitter:card\" content=\"summary_large_image\" \/>\n<meta name=\"twitter:creator\" content=\"@KapitalisInfo\" \/>\n<meta name=\"twitter:site\" content=\"@KapitalisInfo\" \/>\n<meta name=\"twitter:label1\" content=\"\u00c9crit par\" \/>\n\t<meta name=\"twitter:data1\" content=\"Yusra NY\" \/>\n\t<meta name=\"twitter:label2\" content=\"Dur\u00e9e de lecture estim\u00e9e\" \/>\n\t<meta name=\"twitter:data2\" content=\"1 minute\" \/>\n<script type=\"application\/ld+json\" class=\"yoast-schema-graph\">{\"@context\":\"https:\/\/schema.org\",\"@graph\":[{\"@type\":\"Article\",\"@id\":\"https:\/\/kapitalis.com\/tunisie\/2020\/09\/02\/djerba-projet-de-restauration-de-leglise-st-joseph-de-houmt-souk-photos\/#article\",\"isPartOf\":{\"@id\":\"https:\/\/kapitalis.com\/tunisie\/2020\/09\/02\/djerba-projet-de-restauration-de-leglise-st-joseph-de-houmt-souk-photos\/\"},\"author\":{\"name\":\"Yusra NY\",\"@id\":\"https:\/\/kapitalis.com\/tunisie\/#\/schema\/person\/74bbde0154d49d790a92aaeac5bc01d5\"},\"headline\":\"Djerba : Projet de restauration de l\u2019\u00e9glise St Joseph de Houmt Souk (Photos)\",\"datePublished\":\"2020-09-02T17:04:16+00:00\",\"dateModified\":\"2020-09-03T06:33:47+00:00\",\"mainEntityOfPage\":{\"@id\":\"https:\/\/kapitalis.com\/tunisie\/2020\/09\/02\/djerba-projet-de-restauration-de-leglise-st-joseph-de-houmt-souk-photos\/\"},\"wordCount\":126,\"commentCount\":2,\"publisher\":{\"@id\":\"https:\/\/kapitalis.com\/tunisie\/#organization\"},\"image\":{\"@id\":\"https:\/\/kapitalis.com\/tunisie\/2020\/09\/02\/djerba-projet-de-restauration-de-leglise-st-joseph-de-houmt-souk-photos\/#primaryimage\"},\"thumbnailUrl\":\"\",\"keywords\":[\"archev\u00each\u00e9 Tunis\",\"Association sauvegarde\",\"\u00e9glise\",\"Houmt\",\"\u00eele Djerba\",\"restauration\",\"St Joseph\"],\"articleSection\":[\"CULTURE\",\"SOCIETE\",\"Tunisie\"],\"inLanguage\":\"fr-FR\",\"potentialAction\":[{\"@type\":\"CommentAction\",\"name\":\"Comment\",\"target\":[\"https:\/\/kapitalis.com\/tunisie\/2020\/09\/02\/djerba-projet-de-restauration-de-leglise-st-joseph-de-houmt-souk-photos\/#respond\"]}]},{\"@type\":\"WebPage\",\"@id\":\"https:\/\/kapitalis.com\/tunisie\/2020\/09\/02\/djerba-projet-de-restauration-de-leglise-st-joseph-de-houmt-souk-photos\/\",\"url\":\"https:\/\/kapitalis.com\/tunisie\/2020\/09\/02\/djerba-projet-de-restauration-de-leglise-st-joseph-de-houmt-souk-photos\/\",\"name\":\"Djerba : Projet de restauration de l\u2019\u00e9glise St Joseph de Houmt Souk (Photos) - Kapitalis\",\"isPartOf\":{\"@id\":\"https:\/\/kapitalis.com\/tunisie\/#website\"},\"primaryImageOfPage\":{\"@id\":\"https:\/\/kapitalis.com\/tunisie\/2020\/09\/02\/djerba-projet-de-restauration-de-leglise-st-joseph-de-houmt-souk-photos\/#primaryimage\"},\"image\":{\"@id\":\"https:\/\/kapitalis.com\/tunisie\/2020\/09\/02\/djerba-projet-de-restauration-de-leglise-st-joseph-de-houmt-souk-photos\/#primaryimage\"},\"thumbnailUrl\":\"\",\"datePublished\":\"2020-09-02T17:04:16+00:00\",\"dateModified\":\"2020-09-03T06:33:47+00:00\",\"breadcrumb\":{\"@id\":\"https:\/\/kapitalis.com\/tunisie\/2020\/09\/02\/djerba-projet-de-restauration-de-leglise-st-joseph-de-houmt-souk-photos\/#breadcrumb\"},\"inLanguage\":\"fr-FR\",\"potentialAction\":[{\"@type\":\"ReadAction\",\"target\":[\"https:\/\/kapitalis.com\/tunisie\/2020\/09\/02\/djerba-projet-de-restauration-de-leglise-st-joseph-de-houmt-souk-photos\/\"]}]},{\"@type\":\"ImageObject\",\"inLanguage\":\"fr-FR\",\"@id\":\"https:\/\/kapitalis.com\/tunisie\/2020\/09\/02\/djerba-projet-de-restauration-de-leglise-st-joseph-de-houmt-souk-photos\/#primaryimage\",\"url\":\"\",\"contentUrl\":\"\"},{\"@type\":\"BreadcrumbList\",\"@id\":\"https:\/\/kapitalis.com\/tunisie\/2020\/09\/02\/djerba-projet-de-restauration-de-leglise-st-joseph-de-houmt-souk-photos\/#breadcrumb\",\"itemListElement\":[{\"@type\":\"ListItem\",\"position\":1,\"name\":\"Accueil\",\"item\":\"https:\/\/kapitalis.com\/tunisie\/\"},{\"@type\":\"ListItem\",\"position\":2,\"name\":\"Djerba : Projet de restauration de l\u2019\u00e9glise St Joseph de Houmt Souk (Photos)\"}]},{\"@type\":\"WebSite\",\"@id\":\"https:\/\/kapitalis.com\/tunisie\/#website\",\"url\":\"https:\/\/kapitalis.com\/tunisie\/\",\"name\":\"Kapitalis\",\"description\":\"L&#039;actualit\u00e9 en Tunisie et dans le monde\",\"publisher\":{\"@id\":\"https:\/\/kapitalis.com\/tunisie\/#organization\"},\"potentialAction\":[{\"@type\":\"SearchAction\",\"target\":{\"@type\":\"EntryPoint\",\"urlTemplate\":\"https:\/\/kapitalis.com\/tunisie\/?s={search_term_string}\"},\"query-input\":{\"@type\":\"PropertyValueSpecification\",\"valueRequired\":true,\"valueName\":\"search_term_string\"}}],\"inLanguage\":\"fr-FR\"},{\"@type\":\"Organization\",\"@id\":\"https:\/\/kapitalis.com\/tunisie\/#organization\",\"name\":\"Kapitalis\",\"url\":\"https:\/\/kapitalis.com\/tunisie\/\",\"logo\":{\"@type\":\"ImageObject\",\"inLanguage\":\"fr-FR\",\"@id\":\"https:\/\/kapitalis.com\/tunisie\/#\/schema\/logo\/image\/\",\"url\":\"https:\/\/kapitalis.com\/tunisie\/wp-content\/uploads\/2022\/05\/Kapitalis-big-size.png\",\"contentUrl\":\"https:\/\/kapitalis.com\/tunisie\/wp-content\/uploads\/2022\/05\/Kapitalis-big-size.png\",\"width\":5000,\"height\":1500,\"caption\":\"Kapitalis\"},\"image\":{\"@id\":\"https:\/\/kapitalis.com\/tunisie\/#\/schema\/logo\/image\/\"},\"sameAs\":[\"https:\/\/www.facebook.com\/KapitalisInfo\/\",\"https:\/\/x.com\/KapitalisInfo\",\"https:\/\/www.youtube.com\/channel\/UC-yDYrHyfFBWWZaOw3FPg9Q\"]},{\"@type\":\"Person\",\"@id\":\"https:\/\/kapitalis.com\/tunisie\/#\/schema\/person\/74bbde0154d49d790a92aaeac5bc01d5\",\"name\":\"Yusra NY\",\"url\":\"https:\/\/kapitalis.com\/tunisie\/author\/yuza_adam\/\"}]}<\/script>\n<!-- \/ Yoast SEO plugin. -->","yoast_head_json":{"title":"Djerba : Projet de restauration de l\u2019\u00e9glise St Joseph de Houmt Souk (Photos) - Kapitalis","robots":{"index":"index","follow":"follow","max-snippet":"max-snippet:-1","max-image-preview":"max-image-preview:large","max-video-preview":"max-video-preview:-1"},"canonical":"https:\/\/kapitalis.com\/tunisie\/2020\/09\/02\/djerba-projet-de-restauration-de-leglise-st-joseph-de-houmt-souk-photos\/","og_locale":"fr_FR","og_type":"article","og_title":"Djerba : Projet de restauration de l\u2019\u00e9glise St Joseph de Houmt Souk (Photos) - Kapitalis","og_description":"L\u2019Association pour la sauvegarde de l&rsquo;\u00eele de Djerba a annonc\u00e9 le lancement du projet de restauration de l\u2019\u00e9glise St Joseph de Houmt Souk, pour le compte de l\u2019archev\u00each\u00e9 de Tunis.","og_url":"https:\/\/kapitalis.com\/tunisie\/2020\/09\/02\/djerba-projet-de-restauration-de-leglise-st-joseph-de-houmt-souk-photos\/","og_site_name":"Kapitalis","article_publisher":"https:\/\/www.facebook.com\/KapitalisInfo\/","article_published_time":"2020-09-02T17:04:16+00:00","article_modified_time":"2020-09-03T06:33:47+00:00","og_image":[{"width":1200,"height":630,"url":"https:\/\/kapitalis.com\/tunisie\/wp-content\/uploads\/2022\/05\/kapitalis-logo-fb.png","type":"image\/png"}],"author":"Yusra NY","twitter_card":"summary_large_image","twitter_creator":"@KapitalisInfo","twitter_site":"@KapitalisInfo","twitter_misc":{"\u00c9crit par":"Yusra NY","Dur\u00e9e de lecture estim\u00e9e":"1 minute"},"schema":{"@context":"https:\/\/schema.org","@graph":[{"@type":"Article","@id":"https:\/\/kapitalis.com\/tunisie\/2020\/09\/02\/djerba-projet-de-restauration-de-leglise-st-joseph-de-houmt-souk-photos\/#article","isPartOf":{"@id":"https:\/\/kapitalis.com\/tunisie\/2020\/09\/02\/djerba-projet-de-restauration-de-leglise-st-joseph-de-houmt-souk-photos\/"},"author":{"name":"Yusra NY","@id":"https:\/\/kapitalis.com\/tunisie\/#\/schema\/person\/74bbde0154d49d790a92aaeac5bc01d5"},"headline":"Djerba : Projet de restauration de l\u2019\u00e9glise St Joseph de Houmt Souk (Photos)","datePublished":"2020-09-02T17:04:16+00:00","dateModified":"2020-09-03T06:33:47+00:00","mainEntityOfPage":{"@id":"https:\/\/kapitalis.com\/tunisie\/2020\/09\/02\/djerba-projet-de-restauration-de-leglise-st-joseph-de-houmt-souk-photos\/"},"wordCount":126,"commentCount":2,"publisher":{"@id":"https:\/\/kapitalis.com\/tunisie\/#organization"},"image":{"@id":"https:\/\/kapitalis.com\/tunisie\/2020\/09\/02\/djerba-projet-de-restauration-de-leglise-st-joseph-de-houmt-souk-photos\/#primaryimage"},"thumbnailUrl":"","keywords":["archev\u00each\u00e9 Tunis","Association sauvegarde","\u00e9glise","Houmt","\u00eele Djerba","restauration","St Joseph"],"articleSection":["CULTURE","SOCIETE","Tunisie"],"inLanguage":"fr-FR","potentialAction":[{"@type":"CommentAction","name":"Comment","target":["https:\/\/kapitalis.com\/tunisie\/2020\/09\/02\/djerba-projet-de-restauration-de-leglise-st-joseph-de-houmt-souk-photos\/#respond"]}]},{"@type":"WebPage","@id":"https:\/\/kapitalis.com\/tunisie\/2020\/09\/02\/djerba-projet-de-restauration-de-leglise-st-joseph-de-houmt-souk-photos\/","url":"https:\/\/kapitalis.com\/tunisie\/2020\/09\/02\/djerba-projet-de-restauration-de-leglise-st-joseph-de-houmt-souk-photos\/","name":"Djerba : Projet de restauration de l\u2019\u00e9glise St Joseph de Houmt Souk (Photos) - Kapitalis","isPartOf":{"@id":"https:\/\/kapitalis.com\/tunisie\/#website"},"primaryImageOfPage":{"@id":"https:\/\/kapitalis.com\/tunisie\/2020\/09\/02\/djerba-projet-de-restauration-de-leglise-st-joseph-de-houmt-souk-photos\/#primaryimage"},"image":{"@id":"https:\/\/kapitalis.com\/tunisie\/2020\/09\/02\/djerba-projet-de-restauration-de-leglise-st-joseph-de-houmt-souk-photos\/#primaryimage"},"thumbnailUrl":"","datePublished":"2020-09-02T17:04:16+00:00","dateModified":"2020-09-03T06:33:47+00:00","breadcrumb":{"@id":"https:\/\/kapitalis.com\/tunisie\/2020\/09\/02\/djerba-projet-de-restauration-de-leglise-st-joseph-de-houmt-souk-photos\/#breadcrumb"},"inLanguage":"fr-FR","potentialAction":[{"@type":"ReadAction","target":["https:\/\/kapitalis.com\/tunisie\/2020\/09\/02\/djerba-projet-de-restauration-de-leglise-st-joseph-de-houmt-souk-photos\/"]}]},{"@type":"ImageObject","inLanguage":"fr-FR","@id":"https:\/\/kapitalis.com\/tunisie\/2020\/09\/02\/djerba-projet-de-restauration-de-leglise-st-joseph-de-houmt-souk-photos\/#primaryimage","url":"","contentUrl":""},{"@type":"BreadcrumbList","@id":"https:\/\/kapitalis.com\/tunisie\/2020\/09\/02\/djerba-projet-de-restauration-de-leglise-st-joseph-de-houmt-souk-photos\/#breadcrumb","itemListElement":[{"@type":"ListItem","position":1,"name":"Accueil","item":"https:\/\/kapitalis.com\/tunisie\/"},{"@type":"ListItem","position":2,"name":"Djerba : Projet de restauration de l\u2019\u00e9glise St Joseph de Houmt Souk (Photos)"}]},{"@type":"WebSite","@id":"https:\/\/kapitalis.com\/tunisie\/#website","url":"https:\/\/kapitalis.com\/tunisie\/","name":"Kapitalis","description":"L&#039;actualit\u00e9 en Tunisie et dans le monde","publisher":{"@id":"https:\/\/kapitalis.com\/tunisie\/#organization"},"potentialAction":[{"@type":"SearchAction","target":{"@type":"EntryPoint","urlTemplate":"https:\/\/kapitalis.com\/tunisie\/?s={search_term_string}"},"query-input":{"@type":"PropertyValueSpecification","valueRequired":true,"valueName":"search_term_string"}}],"inLanguage":"fr-FR"},{"@type":"Organization","@id":"https:\/\/kapitalis.com\/tunisie\/#organization","name":"Kapitalis","url":"https:\/\/kapitalis.com\/tunisie\/","logo":{"@type":"ImageObject","inLanguage":"fr-FR","@id":"https:\/\/kapitalis.com\/tunisie\/#\/schema\/logo\/image\/","url":"https:\/\/kapitalis.com\/tunisie\/wp-content\/uploads\/2022\/05\/Kapitalis-big-size.png","contentUrl":"https:\/\/kapitalis.com\/tunisie\/wp-content\/uploads\/2022\/05\/Kapitalis-big-size.png","width":5000,"height":1500,"caption":"Kapitalis"},"image":{"@id":"https:\/\/kapitalis.com\/tunisie\/#\/schema\/logo\/image\/"},"sameAs":["https:\/\/www.facebook.com\/KapitalisInfo\/","https:\/\/x.com\/KapitalisInfo","https:\/\/www.youtube.com\/channel\/UC-yDYrHyfFBWWZaOw3FPg9Q"]},{"@type":"Person","@id":"https:\/\/kapitalis.com\/tunisie\/#\/schema\/person\/74bbde0154d49d790a92aaeac5bc01d5","name":"Yusra NY","url":"https:\/\/kapitalis.com\/tunisie\/author\/yuza_adam\/"}]}},"_links":{"self":[{"href":"https:\/\/kapitalis.com\/tunisie\/wp-json\/wp\/v2\/posts\/314737","targetHints":{"allow":["GET"]}}],"collection":[{"href":"https:\/\/kapitalis.com\/tunisie\/wp-json\/wp\/v2\/posts"}],"about":[{"href":"https:\/\/kapitalis.com\/tunisie\/wp-json\/wp\/v2\/types\/post"}],"author":[{"embeddable":true,"href":"https:\/\/kapitalis.com\/tunisie\/wp-json\/wp\/v2\/users\/6"}],"replies":[{"embeddable":true,"href":"https:\/\/kapitalis.com\/tunisie\/wp-json\/wp\/v2\/comments?post=314737"}],"version-history":[{"count":0,"href":"https:\/\/kapitalis.com\/tunisie\/wp-json\/wp\/v2\/posts\/314737\/revisions"}],"wp:featuredmedia":[{"embeddable":true,"href":"https:\/\/kapitalis.com\/tunisie\/wp-json\/wp\/v2\/media\/314742"}],"wp:attachment":[{"href":"https:\/\/kapitalis.com\/tunisie\/wp-json\/wp\/v2\/media?parent=314737"}],"wp:term":[{"taxonomy":"category","embeddable":true,"href":"https:\/\/kapitalis.com\/tunisie\/wp-json\/wp\/v2\/categories?post=314737"},{"taxonomy":"post_tag","embeddable":true,"href":"https:\/\/kapitalis.com\/tunisie\/wp-json\/wp\/v2\/tags?post=314737"}],"curies":[{"name":"wp","href":"https:\/\/api.w.org\/{rel}","templated":true}]}}