{"id":314861,"date":"2020-09-03T12:18:57","date_gmt":"2020-09-03T11:18:57","guid":{"rendered":"http:\/\/kapitalis.com\/tunisie\/?p=314861"},"modified":"2020-09-04T07:12:36","modified_gmt":"2020-09-04T06:12:36","slug":"hichem-mechichi-nos-mains-sont-tendues-vers-tout-le-monde","status":"publish","type":"post","link":"https:\/\/kapitalis.com\/tunisie\/2020\/09\/03\/hichem-mechichi-nos-mains-sont-tendues-vers-tout-le-monde\/","title":{"rendered":"Hichem Mechichi : \u00abNos mains sont tendues vers tout le monde\u00bb"},"content":{"rendered":"\n<figure class=\"wp-block-image size-large\"><img decoding=\"async\" src=\"http:\/\/kapitalis.com\/tunisie\/wp-content\/uploads\/2020\/09\/Mechichi-passation-des-pouvoirs.jpg\" alt=\"\" class=\"wp-image-314868\"\/><\/figure>\n\n\n\n<p><strong><em>A l&rsquo;occasion de la c\u00e9r\u00e9monie de passation des pouvoirs, tenue ce jeudi, 3 septembre 2020, \u00e0 Dar Dhiafa, \u00e0 Carthage, le nouveau chef de gouvernement, Hichem Mechichi, a dit qu&rsquo;il collaborera avec toutes les parties, \u00e0 l&rsquo;instar du parlement, la pr\u00e9sidence de la r\u00e9publique, les partis politiques et les organisations nationales, pour aider le pays \u00e0 affronter ses probl\u00e8mes.<\/em><\/strong><\/p>\n\n\n\n<!--more-->\n\n\n\n<p>En annon\u00e7ant \u00ab<em>tendre les mains vers tout le monde<\/em>\u00bb, Mechichi lance un message implicite r\u00e9pondant aux accusations, dont il fait l&rsquo;objet, selon lesquelles il a succomb\u00e9 aux avances de la tro\u00efka parlementaire compos\u00e9e d&rsquo;Ennahdha, Qalb Tounes et Al-Karama, pour obtenir leur confiance parlementaire, dans un premier temps, puis s&rsquo;allier \u00e0 eux dans l&rsquo;avenir, trahissant ainsi le pacte moral qu&rsquo;il avait conclu avec pr\u00e9sident de la r\u00e9publique, Ka\u00efs Sa\u00efed.<\/p>\n\n\n\n<p>Mechichi a, par ailleurs, affirm\u00e9 que le climat \u00e9conomique et politique difficile et complexe que traverse actuellement la Tunisie n&#8217;emp\u00eachera pas son gouvernement de d\u00e9ployer tous les efforts pour arr\u00eater l&rsquo;h\u00e9morragie \u00e9conomique et relever les d\u00e9fis qui assureraient la stabilit\u00e9 du pays.<\/p>\n\n\n\n<p>Le nouveau chef de gouvernement, qui \u00e9tait ministre de l&rsquo;Int\u00e9rieur entre f\u00e9vrier et ao\u00fbt 2020, a, sur un autre plan, salu\u00e9 la stabilit\u00e9 de la situation s\u00e9curitaire dans le pays, affirmant qu&rsquo;il s&rsquo;agissait d&rsquo;une grande victoire obtenue gr\u00e2ce aux efforts et aux sacrifices de l&rsquo;arm\u00e9e nationale et des forces de s\u00e9curit\u00e9, et assurant que son gouvernement cherchera \u00e0 intensifier ses efforts pour lutter contre le terrorisme et la criminalit\u00e9, en plus de soutenir les institutions de s\u00e9curit\u00e9 et militaires et d&rsquo;am\u00e9liorer les soins aux familles des martyrs et des bless\u00e9s. <\/p>\n\n\n\n<p>Mechichi a \u00e9galement remerci\u00e9 \u00ab<em>l&rsquo;Arm\u00e9e blanche<\/em>\u00bb (par allusion au personnel m\u00e9dical et param\u00e9dical) qui a grandement contribu\u00e9 \u00e0 faire face \u00e0 la pand\u00e9mie du coronavirus dans le pays.<\/p>\n\n\n\n<p class=\"has-text-align-right\"><strong>C. B. Y.<\/strong><\/p>\n","protected":false},"excerpt":{"rendered":"<p>A l&rsquo;occasion de la c\u00e9r\u00e9monie de passation des pouvoirs, tenue ce jeudi, 3 septembre 2020, \u00e0 Dar Dhiafa, \u00e0 Carthage, le nouveau chef de gouvernement, Hichem Mechichi, a dit qu&rsquo;il collaborera avec toutes les parties, \u00e0 l&rsquo;instar du parlement, la pr\u00e9sidence de la r\u00e9publique, les partis politiques et les organisations nationales, pour aider le pays&#8230;<\/p>\n","protected":false},"author":24,"featured_media":314868,"comment_status":"open","ping_status":"open","sticky":false,"template":"","format":"standard","meta":{"footnotes":""},"categories":[997,2433],"tags":[76464,49543,74899,76012,61989],"class_list":["post-314861","post","type-post","status-publish","format-standard","has-post-thumbnail","hentry","category-politique","category-tunisie","tag-al-karama-2","tag-ennahdha","tag-hichem-mechichi","tag-kais-saied-2","tag-qalb-tounes"],"yoast_head":"<!-- This site is optimized with the Yoast SEO plugin v26.6 - https:\/\/yoast.com\/wordpress\/plugins\/seo\/ -->\n<title>Hichem Mechichi : \u00abNos mains sont tendues vers tout le monde\u00bb - Kapitalis<\/title>\n<meta name=\"robots\" content=\"index, follow, max-snippet:-1, max-image-preview:large, max-video-preview:-1\" \/>\n<link rel=\"canonical\" href=\"https:\/\/kapitalis.com\/tunisie\/2020\/09\/03\/hichem-mechichi-nos-mains-sont-tendues-vers-tout-le-monde\/\" \/>\n<meta property=\"og:locale\" content=\"fr_FR\" \/>\n<meta property=\"og:type\" content=\"article\" \/>\n<meta property=\"og:title\" content=\"Hichem Mechichi : \u00abNos mains sont tendues vers tout le monde\u00bb - Kapitalis\" \/>\n<meta property=\"og:description\" content=\"A l&rsquo;occasion de la c\u00e9r\u00e9monie de passation des pouvoirs, tenue ce jeudi, 3 septembre 2020, \u00e0 Dar Dhiafa, \u00e0 Carthage, le nouveau chef de gouvernement, Hichem Mechichi, a dit qu&rsquo;il collaborera avec toutes les parties, \u00e0 l&rsquo;instar du parlement, la pr\u00e9sidence de la r\u00e9publique, les partis politiques et les organisations nationales, pour aider le pays...\" \/>\n<meta property=\"og:url\" content=\"https:\/\/kapitalis.com\/tunisie\/2020\/09\/03\/hichem-mechichi-nos-mains-sont-tendues-vers-tout-le-monde\/\" \/>\n<meta property=\"og:site_name\" content=\"Kapitalis\" \/>\n<meta property=\"article:publisher\" content=\"https:\/\/www.facebook.com\/KapitalisInfo\/\" \/>\n<meta property=\"article:published_time\" content=\"2020-09-03T11:18:57+00:00\" \/>\n<meta property=\"article:modified_time\" content=\"2020-09-04T06:12:36+00:00\" \/>\n<meta property=\"og:image\" content=\"https:\/\/kapitalis.com\/tunisie\/wp-content\/uploads\/2022\/05\/kapitalis-logo-fb.png\" \/>\n\t<meta property=\"og:image:width\" content=\"1200\" \/>\n\t<meta property=\"og:image:height\" content=\"630\" \/>\n\t<meta property=\"og:image:type\" content=\"image\/png\" \/>\n<meta name=\"author\" content=\"Cherif Benyounes\" \/>\n<meta name=\"twitter:card\" content=\"summary_large_image\" \/>\n<meta name=\"twitter:creator\" content=\"@KapitalisInfo\" \/>\n<meta name=\"twitter:site\" content=\"@KapitalisInfo\" \/>\n<meta name=\"twitter:label1\" content=\"\u00c9crit par\" \/>\n\t<meta name=\"twitter:data1\" content=\"Cherif Benyounes\" \/>\n\t<meta name=\"twitter:label2\" content=\"Dur\u00e9e de lecture estim\u00e9e\" \/>\n\t<meta name=\"twitter:data2\" content=\"2 minutes\" \/>\n<script type=\"application\/ld+json\" class=\"yoast-schema-graph\">{\"@context\":\"https:\/\/schema.org\",\"@graph\":[{\"@type\":\"Article\",\"@id\":\"https:\/\/kapitalis.com\/tunisie\/2020\/09\/03\/hichem-mechichi-nos-mains-sont-tendues-vers-tout-le-monde\/#article\",\"isPartOf\":{\"@id\":\"https:\/\/kapitalis.com\/tunisie\/2020\/09\/03\/hichem-mechichi-nos-mains-sont-tendues-vers-tout-le-monde\/\"},\"author\":{\"name\":\"Cherif Benyounes\",\"@id\":\"https:\/\/kapitalis.com\/tunisie\/#\/schema\/person\/b35b8d631961131107263178aeb8019e\"},\"headline\":\"Hichem Mechichi : \u00abNos mains sont tendues vers tout le monde\u00bb\",\"datePublished\":\"2020-09-03T11:18:57+00:00\",\"dateModified\":\"2020-09-04T06:12:36+00:00\",\"mainEntityOfPage\":{\"@id\":\"https:\/\/kapitalis.com\/tunisie\/2020\/09\/03\/hichem-mechichi-nos-mains-sont-tendues-vers-tout-le-monde\/\"},\"wordCount\":321,\"commentCount\":2,\"publisher\":{\"@id\":\"https:\/\/kapitalis.com\/tunisie\/#organization\"},\"image\":{\"@id\":\"https:\/\/kapitalis.com\/tunisie\/2020\/09\/03\/hichem-mechichi-nos-mains-sont-tendues-vers-tout-le-monde\/#primaryimage\"},\"thumbnailUrl\":\"\",\"keywords\":[\"Al-Karama\",\"Ennahdha\",\"Hichem Mechichi\",\"Ka\u00efs Sa\u00efed\",\"Qalb Tounes\"],\"articleSection\":[\"POLITIQUE\",\"Tunisie\"],\"inLanguage\":\"fr-FR\",\"potentialAction\":[{\"@type\":\"CommentAction\",\"name\":\"Comment\",\"target\":[\"https:\/\/kapitalis.com\/tunisie\/2020\/09\/03\/hichem-mechichi-nos-mains-sont-tendues-vers-tout-le-monde\/#respond\"]}]},{\"@type\":\"WebPage\",\"@id\":\"https:\/\/kapitalis.com\/tunisie\/2020\/09\/03\/hichem-mechichi-nos-mains-sont-tendues-vers-tout-le-monde\/\",\"url\":\"https:\/\/kapitalis.com\/tunisie\/2020\/09\/03\/hichem-mechichi-nos-mains-sont-tendues-vers-tout-le-monde\/\",\"name\":\"Hichem Mechichi : \u00abNos mains sont tendues vers tout le monde\u00bb - Kapitalis\",\"isPartOf\":{\"@id\":\"https:\/\/kapitalis.com\/tunisie\/#website\"},\"primaryImageOfPage\":{\"@id\":\"https:\/\/kapitalis.com\/tunisie\/2020\/09\/03\/hichem-mechichi-nos-mains-sont-tendues-vers-tout-le-monde\/#primaryimage\"},\"image\":{\"@id\":\"https:\/\/kapitalis.com\/tunisie\/2020\/09\/03\/hichem-mechichi-nos-mains-sont-tendues-vers-tout-le-monde\/#primaryimage\"},\"thumbnailUrl\":\"\",\"datePublished\":\"2020-09-03T11:18:57+00:00\",\"dateModified\":\"2020-09-04T06:12:36+00:00\",\"breadcrumb\":{\"@id\":\"https:\/\/kapitalis.com\/tunisie\/2020\/09\/03\/hichem-mechichi-nos-mains-sont-tendues-vers-tout-le-monde\/#breadcrumb\"},\"inLanguage\":\"fr-FR\",\"potentialAction\":[{\"@type\":\"ReadAction\",\"target\":[\"https:\/\/kapitalis.com\/tunisie\/2020\/09\/03\/hichem-mechichi-nos-mains-sont-tendues-vers-tout-le-monde\/\"]}]},{\"@type\":\"ImageObject\",\"inLanguage\":\"fr-FR\",\"@id\":\"https:\/\/kapitalis.com\/tunisie\/2020\/09\/03\/hichem-mechichi-nos-mains-sont-tendues-vers-tout-le-monde\/#primaryimage\",\"url\":\"\",\"contentUrl\":\"\"},{\"@type\":\"BreadcrumbList\",\"@id\":\"https:\/\/kapitalis.com\/tunisie\/2020\/09\/03\/hichem-mechichi-nos-mains-sont-tendues-vers-tout-le-monde\/#breadcrumb\",\"itemListElement\":[{\"@type\":\"ListItem\",\"position\":1,\"name\":\"Accueil\",\"item\":\"https:\/\/kapitalis.com\/tunisie\/\"},{\"@type\":\"ListItem\",\"position\":2,\"name\":\"Hichem Mechichi : \u00abNos mains sont tendues vers tout le monde\u00bb\"}]},{\"@type\":\"WebSite\",\"@id\":\"https:\/\/kapitalis.com\/tunisie\/#website\",\"url\":\"https:\/\/kapitalis.com\/tunisie\/\",\"name\":\"Kapitalis\",\"description\":\"L&#039;actualit\u00e9 en Tunisie et dans le monde\",\"publisher\":{\"@id\":\"https:\/\/kapitalis.com\/tunisie\/#organization\"},\"potentialAction\":[{\"@type\":\"SearchAction\",\"target\":{\"@type\":\"EntryPoint\",\"urlTemplate\":\"https:\/\/kapitalis.com\/tunisie\/?s={search_term_string}\"},\"query-input\":{\"@type\":\"PropertyValueSpecification\",\"valueRequired\":true,\"valueName\":\"search_term_string\"}}],\"inLanguage\":\"fr-FR\"},{\"@type\":\"Organization\",\"@id\":\"https:\/\/kapitalis.com\/tunisie\/#organization\",\"name\":\"Kapitalis\",\"url\":\"https:\/\/kapitalis.com\/tunisie\/\",\"logo\":{\"@type\":\"ImageObject\",\"inLanguage\":\"fr-FR\",\"@id\":\"https:\/\/kapitalis.com\/tunisie\/#\/schema\/logo\/image\/\",\"url\":\"https:\/\/kapitalis.com\/tunisie\/wp-content\/uploads\/2022\/05\/Kapitalis-big-size.png\",\"contentUrl\":\"https:\/\/kapitalis.com\/tunisie\/wp-content\/uploads\/2022\/05\/Kapitalis-big-size.png\",\"width\":5000,\"height\":1500,\"caption\":\"Kapitalis\"},\"image\":{\"@id\":\"https:\/\/kapitalis.com\/tunisie\/#\/schema\/logo\/image\/\"},\"sameAs\":[\"https:\/\/www.facebook.com\/KapitalisInfo\/\",\"https:\/\/x.com\/KapitalisInfo\",\"https:\/\/www.youtube.com\/channel\/UC-yDYrHyfFBWWZaOw3FPg9Q\"]},{\"@type\":\"Person\",\"@id\":\"https:\/\/kapitalis.com\/tunisie\/#\/schema\/person\/b35b8d631961131107263178aeb8019e\",\"name\":\"Cherif Benyounes\",\"url\":\"https:\/\/kapitalis.com\/tunisie\/author\/cherif\/\"}]}<\/script>\n<!-- \/ Yoast SEO plugin. -->","yoast_head_json":{"title":"Hichem Mechichi : \u00abNos mains sont tendues vers tout le monde\u00bb - Kapitalis","robots":{"index":"index","follow":"follow","max-snippet":"max-snippet:-1","max-image-preview":"max-image-preview:large","max-video-preview":"max-video-preview:-1"},"canonical":"https:\/\/kapitalis.com\/tunisie\/2020\/09\/03\/hichem-mechichi-nos-mains-sont-tendues-vers-tout-le-monde\/","og_locale":"fr_FR","og_type":"article","og_title":"Hichem Mechichi : \u00abNos mains sont tendues vers tout le monde\u00bb - Kapitalis","og_description":"A l&rsquo;occasion de la c\u00e9r\u00e9monie de passation des pouvoirs, tenue ce jeudi, 3 septembre 2020, \u00e0 Dar Dhiafa, \u00e0 Carthage, le nouveau chef de gouvernement, Hichem Mechichi, a dit qu&rsquo;il collaborera avec toutes les parties, \u00e0 l&rsquo;instar du parlement, la pr\u00e9sidence de la r\u00e9publique, les partis politiques et les organisations nationales, pour aider le pays...","og_url":"https:\/\/kapitalis.com\/tunisie\/2020\/09\/03\/hichem-mechichi-nos-mains-sont-tendues-vers-tout-le-monde\/","og_site_name":"Kapitalis","article_publisher":"https:\/\/www.facebook.com\/KapitalisInfo\/","article_published_time":"2020-09-03T11:18:57+00:00","article_modified_time":"2020-09-04T06:12:36+00:00","og_image":[{"width":1200,"height":630,"url":"https:\/\/kapitalis.com\/tunisie\/wp-content\/uploads\/2022\/05\/kapitalis-logo-fb.png","type":"image\/png"}],"author":"Cherif Benyounes","twitter_card":"summary_large_image","twitter_creator":"@KapitalisInfo","twitter_site":"@KapitalisInfo","twitter_misc":{"\u00c9crit par":"Cherif Benyounes","Dur\u00e9e de lecture estim\u00e9e":"2 minutes"},"schema":{"@context":"https:\/\/schema.org","@graph":[{"@type":"Article","@id":"https:\/\/kapitalis.com\/tunisie\/2020\/09\/03\/hichem-mechichi-nos-mains-sont-tendues-vers-tout-le-monde\/#article","isPartOf":{"@id":"https:\/\/kapitalis.com\/tunisie\/2020\/09\/03\/hichem-mechichi-nos-mains-sont-tendues-vers-tout-le-monde\/"},"author":{"name":"Cherif Benyounes","@id":"https:\/\/kapitalis.com\/tunisie\/#\/schema\/person\/b35b8d631961131107263178aeb8019e"},"headline":"Hichem Mechichi : \u00abNos mains sont tendues vers tout le monde\u00bb","datePublished":"2020-09-03T11:18:57+00:00","dateModified":"2020-09-04T06:12:36+00:00","mainEntityOfPage":{"@id":"https:\/\/kapitalis.com\/tunisie\/2020\/09\/03\/hichem-mechichi-nos-mains-sont-tendues-vers-tout-le-monde\/"},"wordCount":321,"commentCount":2,"publisher":{"@id":"https:\/\/kapitalis.com\/tunisie\/#organization"},"image":{"@id":"https:\/\/kapitalis.com\/tunisie\/2020\/09\/03\/hichem-mechichi-nos-mains-sont-tendues-vers-tout-le-monde\/#primaryimage"},"thumbnailUrl":"","keywords":["Al-Karama","Ennahdha","Hichem Mechichi","Ka\u00efs Sa\u00efed","Qalb Tounes"],"articleSection":["POLITIQUE","Tunisie"],"inLanguage":"fr-FR","potentialAction":[{"@type":"CommentAction","name":"Comment","target":["https:\/\/kapitalis.com\/tunisie\/2020\/09\/03\/hichem-mechichi-nos-mains-sont-tendues-vers-tout-le-monde\/#respond"]}]},{"@type":"WebPage","@id":"https:\/\/kapitalis.com\/tunisie\/2020\/09\/03\/hichem-mechichi-nos-mains-sont-tendues-vers-tout-le-monde\/","url":"https:\/\/kapitalis.com\/tunisie\/2020\/09\/03\/hichem-mechichi-nos-mains-sont-tendues-vers-tout-le-monde\/","name":"Hichem Mechichi : \u00abNos mains sont tendues vers tout le monde\u00bb - Kapitalis","isPartOf":{"@id":"https:\/\/kapitalis.com\/tunisie\/#website"},"primaryImageOfPage":{"@id":"https:\/\/kapitalis.com\/tunisie\/2020\/09\/03\/hichem-mechichi-nos-mains-sont-tendues-vers-tout-le-monde\/#primaryimage"},"image":{"@id":"https:\/\/kapitalis.com\/tunisie\/2020\/09\/03\/hichem-mechichi-nos-mains-sont-tendues-vers-tout-le-monde\/#primaryimage"},"thumbnailUrl":"","datePublished":"2020-09-03T11:18:57+00:00","dateModified":"2020-09-04T06:12:36+00:00","breadcrumb":{"@id":"https:\/\/kapitalis.com\/tunisie\/2020\/09\/03\/hichem-mechichi-nos-mains-sont-tendues-vers-tout-le-monde\/#breadcrumb"},"inLanguage":"fr-FR","potentialAction":[{"@type":"ReadAction","target":["https:\/\/kapitalis.com\/tunisie\/2020\/09\/03\/hichem-mechichi-nos-mains-sont-tendues-vers-tout-le-monde\/"]}]},{"@type":"ImageObject","inLanguage":"fr-FR","@id":"https:\/\/kapitalis.com\/tunisie\/2020\/09\/03\/hichem-mechichi-nos-mains-sont-tendues-vers-tout-le-monde\/#primaryimage","url":"","contentUrl":""},{"@type":"BreadcrumbList","@id":"https:\/\/kapitalis.com\/tunisie\/2020\/09\/03\/hichem-mechichi-nos-mains-sont-tendues-vers-tout-le-monde\/#breadcrumb","itemListElement":[{"@type":"ListItem","position":1,"name":"Accueil","item":"https:\/\/kapitalis.com\/tunisie\/"},{"@type":"ListItem","position":2,"name":"Hichem Mechichi : \u00abNos mains sont tendues vers tout le monde\u00bb"}]},{"@type":"WebSite","@id":"https:\/\/kapitalis.com\/tunisie\/#website","url":"https:\/\/kapitalis.com\/tunisie\/","name":"Kapitalis","description":"L&#039;actualit\u00e9 en Tunisie et dans le monde","publisher":{"@id":"https:\/\/kapitalis.com\/tunisie\/#organization"},"potentialAction":[{"@type":"SearchAction","target":{"@type":"EntryPoint","urlTemplate":"https:\/\/kapitalis.com\/tunisie\/?s={search_term_string}"},"query-input":{"@type":"PropertyValueSpecification","valueRequired":true,"valueName":"search_term_string"}}],"inLanguage":"fr-FR"},{"@type":"Organization","@id":"https:\/\/kapitalis.com\/tunisie\/#organization","name":"Kapitalis","url":"https:\/\/kapitalis.com\/tunisie\/","logo":{"@type":"ImageObject","inLanguage":"fr-FR","@id":"https:\/\/kapitalis.com\/tunisie\/#\/schema\/logo\/image\/","url":"https:\/\/kapitalis.com\/tunisie\/wp-content\/uploads\/2022\/05\/Kapitalis-big-size.png","contentUrl":"https:\/\/kapitalis.com\/tunisie\/wp-content\/uploads\/2022\/05\/Kapitalis-big-size.png","width":5000,"height":1500,"caption":"Kapitalis"},"image":{"@id":"https:\/\/kapitalis.com\/tunisie\/#\/schema\/logo\/image\/"},"sameAs":["https:\/\/www.facebook.com\/KapitalisInfo\/","https:\/\/x.com\/KapitalisInfo","https:\/\/www.youtube.com\/channel\/UC-yDYrHyfFBWWZaOw3FPg9Q"]},{"@type":"Person","@id":"https:\/\/kapitalis.com\/tunisie\/#\/schema\/person\/b35b8d631961131107263178aeb8019e","name":"Cherif Benyounes","url":"https:\/\/kapitalis.com\/tunisie\/author\/cherif\/"}]}},"_links":{"self":[{"href":"https:\/\/kapitalis.com\/tunisie\/wp-json\/wp\/v2\/posts\/314861","targetHints":{"allow":["GET"]}}],"collection":[{"href":"https:\/\/kapitalis.com\/tunisie\/wp-json\/wp\/v2\/posts"}],"about":[{"href":"https:\/\/kapitalis.com\/tunisie\/wp-json\/wp\/v2\/types\/post"}],"author":[{"embeddable":true,"href":"https:\/\/kapitalis.com\/tunisie\/wp-json\/wp\/v2\/users\/24"}],"replies":[{"embeddable":true,"href":"https:\/\/kapitalis.com\/tunisie\/wp-json\/wp\/v2\/comments?post=314861"}],"version-history":[{"count":0,"href":"https:\/\/kapitalis.com\/tunisie\/wp-json\/wp\/v2\/posts\/314861\/revisions"}],"wp:featuredmedia":[{"embeddable":true,"href":"https:\/\/kapitalis.com\/tunisie\/wp-json\/wp\/v2\/media\/314868"}],"wp:attachment":[{"href":"https:\/\/kapitalis.com\/tunisie\/wp-json\/wp\/v2\/media?parent=314861"}],"wp:term":[{"taxonomy":"category","embeddable":true,"href":"https:\/\/kapitalis.com\/tunisie\/wp-json\/wp\/v2\/categories?post=314861"},{"taxonomy":"post_tag","embeddable":true,"href":"https:\/\/kapitalis.com\/tunisie\/wp-json\/wp\/v2\/tags?post=314861"}],"curies":[{"name":"wp","href":"https:\/\/api.w.org\/{rel}","templated":true}]}}