{"id":315386,"date":"2020-09-07T20:49:36","date_gmt":"2020-09-07T19:49:36","guid":{"rendered":"http:\/\/kapitalis.com\/tunisie\/?p=315386"},"modified":"2020-09-08T07:26:35","modified_gmt":"2020-09-08T06:26:35","slug":"moknine-ladjudant-martyr-sami-mrabet-accompagne-a-sa-derniere-demeure-photos","status":"publish","type":"post","link":"https:\/\/kapitalis.com\/tunisie\/2020\/09\/07\/moknine-ladjudant-martyr-sami-mrabet-accompagne-a-sa-derniere-demeure-photos\/","title":{"rendered":"Moknine : L&rsquo;adjudant martyr Sami Mrabet accompagn\u00e9 \u00e0 sa derni\u00e8re demeure (Photos)"},"content":{"rendered":"\n<figure class=\"wp-block-image size-large\"><img decoding=\"async\" src=\"http:\/\/kapitalis.com\/tunisie\/wp-content\/uploads\/2020\/09\/Sami-Mrabet.jpg\" alt=\"\" class=\"wp-image-315388\"\/><\/figure>\n\n\n\n<p><em><strong>L&rsquo;adjudant Sami Mrabet, tu\u00e9 hier dans l&rsquo;attaque terroriste au croisement d&rsquo;Akouda et El-Kantaoui \u00e0 Sousse, a \u00e9t\u00e9 enterr\u00e9, aujourd&rsquo;hui, lundi 7 septembre 2020, au Carr\u00e9 des martyrs \u00e0 Moknine (Monastir), sa ville natale.<\/strong><\/em><\/p>\n\n\n\n<!--more-->\n\n\n\n<p>Sami Mrabet a \u00e9t\u00e9 accompagn\u00e9 \u00e0 sa derni\u00e8re demeure par sa famille, ses coll\u00e8gues, de hauts cadres s\u00e9curitaires et en pr\u00e9sence du chef du gouvernement, Hichem Mechichi, du ministre de l\u2019Int\u00e9rieur, Taoufik Charfeddine du commandant de la Garde nationale Mohamed Ali Ben Khaled, ainsi que de plusieurs responsables r\u00e9gionaux et locaux.<\/p>\n\n\n\n<p>Une foule de citoyens a \u00e9galement pris part aux fun\u00e9railles, pour affirmer que le terrorisme n&rsquo;a pas sa place en Tunisie, tout en appelant la justice \u00e0 plus de fermet\u00e9 dans les peines prononc\u00e9es contre les terroristes et surtout dans la poursuite des commanditaires.<\/p>\n\n\n\n<figure class=\"wp-block-gallery columns-3 is-cropped wp-block-gallery-1 is-layout-flex wp-block-gallery-is-layout-flex\"><ul class=\"blocks-gallery-grid\"><li class=\"blocks-gallery-item\"><figure><img decoding=\"async\" src=\"http:\/\/kapitalis.com\/tunisie\/wp-content\/uploads\/2020\/09\/ch6.jpg\" alt=\"\" data-id=\"315390\" data-full-url=\"http:\/\/kapitalis.com\/tunisie\/wp-content\/uploads\/2020\/09\/ch6.jpg\" data-link=\"http:\/\/kapitalis.com\/tunisie\/?attachment_id=315390\" class=\"wp-image-315390\"\/><\/figure><\/li><li class=\"blocks-gallery-item\"><figure><img decoding=\"async\" src=\"http:\/\/kapitalis.com\/tunisie\/wp-content\/uploads\/2020\/09\/ch5.jpg\" alt=\"\" data-id=\"315391\" data-full-url=\"http:\/\/kapitalis.com\/tunisie\/wp-content\/uploads\/2020\/09\/ch5.jpg\" data-link=\"http:\/\/kapitalis.com\/tunisie\/?attachment_id=315391\" class=\"wp-image-315391\"\/><\/figure><\/li><li class=\"blocks-gallery-item\"><figure><img decoding=\"async\" src=\"http:\/\/kapitalis.com\/tunisie\/wp-content\/uploads\/2020\/09\/ch4.jpg\" alt=\"\" data-id=\"315392\" data-full-url=\"http:\/\/kapitalis.com\/tunisie\/wp-content\/uploads\/2020\/09\/ch4.jpg\" data-link=\"http:\/\/kapitalis.com\/tunisie\/?attachment_id=315392\" class=\"wp-image-315392\"\/><\/figure><\/li><li class=\"blocks-gallery-item\"><figure><img decoding=\"async\" src=\"http:\/\/kapitalis.com\/tunisie\/wp-content\/uploads\/2020\/09\/ch3.jpg\" alt=\"\" data-id=\"315393\" data-full-url=\"http:\/\/kapitalis.com\/tunisie\/wp-content\/uploads\/2020\/09\/ch3.jpg\" data-link=\"http:\/\/kapitalis.com\/tunisie\/?attachment_id=315393\" class=\"wp-image-315393\"\/><\/figure><\/li><li class=\"blocks-gallery-item\"><figure><img decoding=\"async\" src=\"http:\/\/kapitalis.com\/tunisie\/wp-content\/uploads\/2020\/09\/ch.jpg\" alt=\"\" data-id=\"315394\" data-full-url=\"http:\/\/kapitalis.com\/tunisie\/wp-content\/uploads\/2020\/09\/ch.jpg\" data-link=\"http:\/\/kapitalis.com\/tunisie\/?attachment_id=315394\" class=\"wp-image-315394\"\/><\/figure><\/li><\/ul><\/figure>\n\n\n\n<p>De nombreux citoyens ont \u00e9galement lanc\u00e9 des slogans hostiles \u00e0 <a aria-label=\"undefined (s\u2019ouvre dans un nouvel onglet)\" href=\"http:\/\/kapitalis.com\/tunisie\/2020\/09\/07\/rached-ghannouchi-epingle-lors-des-funerailles-de-ladjudant-sami-mrabet-video\/\" target=\"_blank\" rel=\"noreferrer noopener\">Rached Ghannouchi,<\/a> chef du parti islamiste Ennahdha et pr\u00e9sident de l&rsquo;Assembl\u00e9e, qu&rsquo;ils accusent d&rsquo;\u00eatre responsable de la mont\u00e9e du fl\u00e9au du terrorisme dans le pays.<\/p>\n\n\n\n<p>Hichem Mechichi et d&rsquo;autres membres du gouvernement se sont ensuite rendus au domicile du d\u00e9funt o\u00f9 ils ont pr\u00e9sent\u00e9 leurs condol\u00e9ances \u00e0 sa famille.<\/p>\n\n\n\n<p>\u00ab<em>Les institutions s\u00e9curitaires et militaires seront un bouclier in\u00e9branlable devant le terrorisme<\/em>\u00bb, a affirm\u00e9 M. Mechichi, en rendant hommage \u00e0 tous les martyrs tomb\u00e9s pour la patrie et en saluant les efforts et les sacrifices des forces s\u00e9curitaires et arm\u00e9es.<\/p>\n\n\n\n<p>Sami Mrabet, qui a \u00e9t\u00e9 intentionnellement heurt\u00e9 par la voiture des terroristes, puis poignard\u00e9 de plusieurs coups de couteau, laisse deux enfants en bas \u00e2ge et une femme enceinte\u2026<\/p>\n\n\n\n<figure class=\"wp-block-gallery columns-2 is-cropped wp-block-gallery-2 is-layout-flex wp-block-gallery-is-layout-flex\"><ul class=\"blocks-gallery-grid\"><li class=\"blocks-gallery-item\"><figure><img decoding=\"async\" src=\"http:\/\/kapitalis.com\/tunisie\/wp-content\/uploads\/2020\/09\/mrabet.jpg\" alt=\"\" data-id=\"315395\" data-link=\"http:\/\/kapitalis.com\/tunisie\/?attachment_id=315395\" class=\"wp-image-315395\"\/><\/figure><\/li><li class=\"blocks-gallery-item\"><figure><img decoding=\"async\" src=\"http:\/\/kapitalis.com\/tunisie\/wp-content\/uploads\/2020\/09\/mi3-1024x683.jpg\" alt=\"\" data-id=\"315396\" data-full-url=\"http:\/\/kapitalis.com\/tunisie\/wp-content\/uploads\/2020\/09\/mi3.jpg\" data-link=\"http:\/\/kapitalis.com\/tunisie\/?attachment_id=315396\" class=\"wp-image-315396\"\/><\/figure><\/li><li class=\"blocks-gallery-item\"><figure><img decoding=\"async\" src=\"http:\/\/kapitalis.com\/tunisie\/wp-content\/uploads\/2020\/09\/mi.jpg\" alt=\"\" data-id=\"315397\" data-full-url=\"http:\/\/kapitalis.com\/tunisie\/wp-content\/uploads\/2020\/09\/mi.jpg\" data-link=\"http:\/\/kapitalis.com\/tunisie\/?attachment_id=315397\" class=\"wp-image-315397\"\/><\/figure><\/li><li class=\"blocks-gallery-item\"><figure><img decoding=\"async\" src=\"http:\/\/kapitalis.com\/tunisie\/wp-content\/uploads\/2020\/09\/3-1.jpg\" alt=\"\" data-id=\"315398\" data-full-url=\"http:\/\/kapitalis.com\/tunisie\/wp-content\/uploads\/2020\/09\/3-1.jpg\" data-link=\"http:\/\/kapitalis.com\/tunisie\/?attachment_id=315398\" class=\"wp-image-315398\"\/><\/figure><\/li><li class=\"blocks-gallery-item\"><figure><img decoding=\"async\" src=\"http:\/\/kapitalis.com\/tunisie\/wp-content\/uploads\/2020\/09\/2-1.jpg\" alt=\"\" data-id=\"315399\" data-full-url=\"http:\/\/kapitalis.com\/tunisie\/wp-content\/uploads\/2020\/09\/2-1.jpg\" data-link=\"http:\/\/kapitalis.com\/tunisie\/?attachment_id=315399\" class=\"wp-image-315399\"\/><\/figure><\/li><\/ul><\/figure>\n\n\n\n<p>Rappelons que les forces s\u00e9curitaires avaient abattu les 3 terroristes qui avaient men\u00e9 cette attaque et que 7 suspects ont \u00e9t\u00e9 arr\u00eat\u00e9s et plac\u00e9s en d\u00e9tention.<\/p>\n\n\n\n<p>D&rsquo;autre part, l&rsquo;organisation terroriste de l&rsquo;Etat islamique (Daech) a revendiqu\u00e9 cet attentat, qui a \u00e9galement fait un bless\u00e9 grave dans le rang de la GN, l&rsquo;adjudant <a aria-label=\"undefined (s\u2019ouvre dans un nouvel onglet)\" href=\"http:\/\/kapitalis.com\/tunisie\/2020\/09\/07\/attentat-de-akouda-ladjudant-rami-limam-sous-coma-artificiel\/\" target=\"_blank\" rel=\"noreferrer noopener\">Rami Limam <\/a>qui a \u00e9t\u00e9 plac\u00e9 sous coma artificiel, apr\u00e8s avoir subi hier une op\u00e9ration ayant dur\u00e9 plus de 7 heures.<\/p>\n\n\n\n<p class=\"has-text-align-right\"><strong>Y. N.<\/strong><\/p>\n\n\n\n<figure class=\"wp-block-embed-wordpress wp-block-embed is-type-wp-embed is-provider-kapitalis\"><div class=\"wp-block-embed__wrapper\">\n<blockquote class=\"wp-embedded-content\" data-secret=\"yFPKz3wxIv\"><a href=\"https:\/\/kapitalis.com\/tunisie\/2020\/09\/06\/ladjudant-sami-mrabet-tombe-en-martyr-le-jour-du-64e-anniversaire-de-la-garde-nationale\/\">L&rsquo;adjudant Sami Mrabet tombe en martyr le jour du 64e anniversaire de la Garde nationale<\/a><\/blockquote><iframe loading=\"lazy\" class=\"wp-embedded-content\" sandbox=\"allow-scripts\" security=\"restricted\" style=\"position: absolute; clip: rect(1px, 1px, 1px, 1px);\" title=\"\u00ab\u00a0L&rsquo;adjudant Sami Mrabet tombe en martyr le jour du 64e anniversaire de la Garde nationale\u00a0\u00bb &#8212; Kapitalis\" src=\"https:\/\/kapitalis.com\/tunisie\/2020\/09\/06\/ladjudant-sami-mrabet-tombe-en-martyr-le-jour-du-64e-anniversaire-de-la-garde-nationale\/embed\/#?secret=F8mrJi5pox#?secret=yFPKz3wxIv\" data-secret=\"yFPKz3wxIv\" width=\"600\" height=\"338\" frameborder=\"0\" marginwidth=\"0\" marginheight=\"0\" scrolling=\"no\"><\/iframe>\n<\/div><\/figure>\n\n\n\n<p><\/p>\n","protected":false},"excerpt":{"rendered":"<p>L&rsquo;adjudant Sami Mrabet, tu\u00e9 hier dans l&rsquo;attaque terroriste au croisement d&rsquo;Akouda et El-Kantaoui \u00e0 Sousse, a \u00e9t\u00e9 enterr\u00e9, aujourd&rsquo;hui, lundi 7 septembre 2020, au Carr\u00e9 des martyrs \u00e0 Moknine (Monastir), sa ville natale.<\/p>\n","protected":false},"author":6,"featured_media":315388,"comment_status":"open","ping_status":"open","sticky":false,"template":"","format":"standard","meta":{"footnotes":""},"categories":[998,2433],"tags":[82480,10576,82481,6945,64560,2705,633,82460,854],"class_list":["post-315386","post","type-post","status-publish","format-standard","has-post-thumbnail","hentry","category-societe","category-tunisie","tag-adjudant","tag-akouda","tag-carre-des-martyrs","tag-cimetiere","tag-garde-nationale","tag-kantaoui","tag-monastir","tag-sami-mrabet","tag-sousse"],"yoast_head":"<!-- This site is optimized with the Yoast SEO plugin v26.6 - https:\/\/yoast.com\/wordpress\/plugins\/seo\/ -->\n<title>Moknine : L&#039;adjudant martyr Sami Mrabet accompagn\u00e9 \u00e0 sa derni\u00e8re demeure (Photos) - Kapitalis<\/title>\n<meta name=\"robots\" content=\"index, follow, max-snippet:-1, max-image-preview:large, max-video-preview:-1\" \/>\n<link rel=\"canonical\" href=\"https:\/\/kapitalis.com\/tunisie\/2020\/09\/07\/moknine-ladjudant-martyr-sami-mrabet-accompagne-a-sa-derniere-demeure-photos\/\" \/>\n<meta property=\"og:locale\" content=\"fr_FR\" \/>\n<meta property=\"og:type\" content=\"article\" \/>\n<meta property=\"og:title\" content=\"Moknine : L&#039;adjudant martyr Sami Mrabet accompagn\u00e9 \u00e0 sa derni\u00e8re demeure (Photos) - Kapitalis\" \/>\n<meta property=\"og:description\" content=\"L&rsquo;adjudant Sami Mrabet, tu\u00e9 hier dans l&rsquo;attaque terroriste au croisement d&rsquo;Akouda et El-Kantaoui \u00e0 Sousse, a \u00e9t\u00e9 enterr\u00e9, aujourd&rsquo;hui, lundi 7 septembre 2020, au Carr\u00e9 des martyrs \u00e0 Moknine (Monastir), sa ville natale.\" \/>\n<meta property=\"og:url\" content=\"https:\/\/kapitalis.com\/tunisie\/2020\/09\/07\/moknine-ladjudant-martyr-sami-mrabet-accompagne-a-sa-derniere-demeure-photos\/\" \/>\n<meta property=\"og:site_name\" content=\"Kapitalis\" \/>\n<meta property=\"article:publisher\" content=\"https:\/\/www.facebook.com\/KapitalisInfo\/\" \/>\n<meta property=\"article:published_time\" content=\"2020-09-07T19:49:36+00:00\" \/>\n<meta property=\"article:modified_time\" content=\"2020-09-08T06:26:35+00:00\" \/>\n<meta property=\"og:image\" content=\"https:\/\/kapitalis.com\/tunisie\/wp-content\/uploads\/2022\/05\/kapitalis-logo-fb.png\" \/>\n\t<meta property=\"og:image:width\" content=\"1200\" \/>\n\t<meta property=\"og:image:height\" content=\"630\" \/>\n\t<meta property=\"og:image:type\" content=\"image\/png\" \/>\n<meta name=\"author\" content=\"Yusra NY\" \/>\n<meta name=\"twitter:card\" content=\"summary_large_image\" \/>\n<meta name=\"twitter:creator\" content=\"@KapitalisInfo\" \/>\n<meta name=\"twitter:site\" content=\"@KapitalisInfo\" \/>\n<meta name=\"twitter:label1\" content=\"\u00c9crit par\" \/>\n\t<meta name=\"twitter:data1\" content=\"Yusra NY\" \/>\n\t<meta name=\"twitter:label2\" content=\"Dur\u00e9e de lecture estim\u00e9e\" \/>\n\t<meta name=\"twitter:data2\" content=\"2 minutes\" \/>\n<script type=\"application\/ld+json\" class=\"yoast-schema-graph\">{\"@context\":\"https:\/\/schema.org\",\"@graph\":[{\"@type\":\"Article\",\"@id\":\"https:\/\/kapitalis.com\/tunisie\/2020\/09\/07\/moknine-ladjudant-martyr-sami-mrabet-accompagne-a-sa-derniere-demeure-photos\/#article\",\"isPartOf\":{\"@id\":\"https:\/\/kapitalis.com\/tunisie\/2020\/09\/07\/moknine-ladjudant-martyr-sami-mrabet-accompagne-a-sa-derniere-demeure-photos\/\"},\"author\":{\"name\":\"Yusra NY\",\"@id\":\"https:\/\/kapitalis.com\/tunisie\/#\/schema\/person\/74bbde0154d49d790a92aaeac5bc01d5\"},\"headline\":\"Moknine : L&rsquo;adjudant martyr Sami Mrabet accompagn\u00e9 \u00e0 sa derni\u00e8re demeure (Photos)\",\"datePublished\":\"2020-09-07T19:49:36+00:00\",\"dateModified\":\"2020-09-08T06:26:35+00:00\",\"mainEntityOfPage\":{\"@id\":\"https:\/\/kapitalis.com\/tunisie\/2020\/09\/07\/moknine-ladjudant-martyr-sami-mrabet-accompagne-a-sa-derniere-demeure-photos\/\"},\"wordCount\":365,\"commentCount\":0,\"publisher\":{\"@id\":\"https:\/\/kapitalis.com\/tunisie\/#organization\"},\"image\":{\"@id\":\"https:\/\/kapitalis.com\/tunisie\/2020\/09\/07\/moknine-ladjudant-martyr-sami-mrabet-accompagne-a-sa-derniere-demeure-photos\/#primaryimage\"},\"thumbnailUrl\":\"\",\"keywords\":[\"adjudant\",\"Akouda\",\"Carr\u00e9 des martyrs\",\"cimeti\u00e8re\",\"garde nationale\",\"Kantaoui\",\"Monastir\",\"sami mrabet\",\"Sousse\"],\"articleSection\":[\"SOCIETE\",\"Tunisie\"],\"inLanguage\":\"fr-FR\",\"potentialAction\":[{\"@type\":\"CommentAction\",\"name\":\"Comment\",\"target\":[\"https:\/\/kapitalis.com\/tunisie\/2020\/09\/07\/moknine-ladjudant-martyr-sami-mrabet-accompagne-a-sa-derniere-demeure-photos\/#respond\"]}]},{\"@type\":\"WebPage\",\"@id\":\"https:\/\/kapitalis.com\/tunisie\/2020\/09\/07\/moknine-ladjudant-martyr-sami-mrabet-accompagne-a-sa-derniere-demeure-photos\/\",\"url\":\"https:\/\/kapitalis.com\/tunisie\/2020\/09\/07\/moknine-ladjudant-martyr-sami-mrabet-accompagne-a-sa-derniere-demeure-photos\/\",\"name\":\"Moknine : L'adjudant martyr Sami Mrabet accompagn\u00e9 \u00e0 sa derni\u00e8re demeure (Photos) - Kapitalis\",\"isPartOf\":{\"@id\":\"https:\/\/kapitalis.com\/tunisie\/#website\"},\"primaryImageOfPage\":{\"@id\":\"https:\/\/kapitalis.com\/tunisie\/2020\/09\/07\/moknine-ladjudant-martyr-sami-mrabet-accompagne-a-sa-derniere-demeure-photos\/#primaryimage\"},\"image\":{\"@id\":\"https:\/\/kapitalis.com\/tunisie\/2020\/09\/07\/moknine-ladjudant-martyr-sami-mrabet-accompagne-a-sa-derniere-demeure-photos\/#primaryimage\"},\"thumbnailUrl\":\"\",\"datePublished\":\"2020-09-07T19:49:36+00:00\",\"dateModified\":\"2020-09-08T06:26:35+00:00\",\"breadcrumb\":{\"@id\":\"https:\/\/kapitalis.com\/tunisie\/2020\/09\/07\/moknine-ladjudant-martyr-sami-mrabet-accompagne-a-sa-derniere-demeure-photos\/#breadcrumb\"},\"inLanguage\":\"fr-FR\",\"potentialAction\":[{\"@type\":\"ReadAction\",\"target\":[\"https:\/\/kapitalis.com\/tunisie\/2020\/09\/07\/moknine-ladjudant-martyr-sami-mrabet-accompagne-a-sa-derniere-demeure-photos\/\"]}]},{\"@type\":\"ImageObject\",\"inLanguage\":\"fr-FR\",\"@id\":\"https:\/\/kapitalis.com\/tunisie\/2020\/09\/07\/moknine-ladjudant-martyr-sami-mrabet-accompagne-a-sa-derniere-demeure-photos\/#primaryimage\",\"url\":\"\",\"contentUrl\":\"\"},{\"@type\":\"BreadcrumbList\",\"@id\":\"https:\/\/kapitalis.com\/tunisie\/2020\/09\/07\/moknine-ladjudant-martyr-sami-mrabet-accompagne-a-sa-derniere-demeure-photos\/#breadcrumb\",\"itemListElement\":[{\"@type\":\"ListItem\",\"position\":1,\"name\":\"Accueil\",\"item\":\"https:\/\/kapitalis.com\/tunisie\/\"},{\"@type\":\"ListItem\",\"position\":2,\"name\":\"Moknine : L&rsquo;adjudant martyr Sami Mrabet accompagn\u00e9 \u00e0 sa derni\u00e8re demeure (Photos)\"}]},{\"@type\":\"WebSite\",\"@id\":\"https:\/\/kapitalis.com\/tunisie\/#website\",\"url\":\"https:\/\/kapitalis.com\/tunisie\/\",\"name\":\"Kapitalis\",\"description\":\"L&#039;actualit\u00e9 en Tunisie et dans le monde\",\"publisher\":{\"@id\":\"https:\/\/kapitalis.com\/tunisie\/#organization\"},\"potentialAction\":[{\"@type\":\"SearchAction\",\"target\":{\"@type\":\"EntryPoint\",\"urlTemplate\":\"https:\/\/kapitalis.com\/tunisie\/?s={search_term_string}\"},\"query-input\":{\"@type\":\"PropertyValueSpecification\",\"valueRequired\":true,\"valueName\":\"search_term_string\"}}],\"inLanguage\":\"fr-FR\"},{\"@type\":\"Organization\",\"@id\":\"https:\/\/kapitalis.com\/tunisie\/#organization\",\"name\":\"Kapitalis\",\"url\":\"https:\/\/kapitalis.com\/tunisie\/\",\"logo\":{\"@type\":\"ImageObject\",\"inLanguage\":\"fr-FR\",\"@id\":\"https:\/\/kapitalis.com\/tunisie\/#\/schema\/logo\/image\/\",\"url\":\"https:\/\/kapitalis.com\/tunisie\/wp-content\/uploads\/2022\/05\/Kapitalis-big-size.png\",\"contentUrl\":\"https:\/\/kapitalis.com\/tunisie\/wp-content\/uploads\/2022\/05\/Kapitalis-big-size.png\",\"width\":5000,\"height\":1500,\"caption\":\"Kapitalis\"},\"image\":{\"@id\":\"https:\/\/kapitalis.com\/tunisie\/#\/schema\/logo\/image\/\"},\"sameAs\":[\"https:\/\/www.facebook.com\/KapitalisInfo\/\",\"https:\/\/x.com\/KapitalisInfo\",\"https:\/\/www.youtube.com\/channel\/UC-yDYrHyfFBWWZaOw3FPg9Q\"]},{\"@type\":\"Person\",\"@id\":\"https:\/\/kapitalis.com\/tunisie\/#\/schema\/person\/74bbde0154d49d790a92aaeac5bc01d5\",\"name\":\"Yusra NY\",\"url\":\"https:\/\/kapitalis.com\/tunisie\/author\/yuza_adam\/\"}]}<\/script>\n<!-- \/ Yoast SEO plugin. -->","yoast_head_json":{"title":"Moknine : L'adjudant martyr Sami Mrabet accompagn\u00e9 \u00e0 sa derni\u00e8re demeure (Photos) - Kapitalis","robots":{"index":"index","follow":"follow","max-snippet":"max-snippet:-1","max-image-preview":"max-image-preview:large","max-video-preview":"max-video-preview:-1"},"canonical":"https:\/\/kapitalis.com\/tunisie\/2020\/09\/07\/moknine-ladjudant-martyr-sami-mrabet-accompagne-a-sa-derniere-demeure-photos\/","og_locale":"fr_FR","og_type":"article","og_title":"Moknine : L'adjudant martyr Sami Mrabet accompagn\u00e9 \u00e0 sa derni\u00e8re demeure (Photos) - Kapitalis","og_description":"L&rsquo;adjudant Sami Mrabet, tu\u00e9 hier dans l&rsquo;attaque terroriste au croisement d&rsquo;Akouda et El-Kantaoui \u00e0 Sousse, a \u00e9t\u00e9 enterr\u00e9, aujourd&rsquo;hui, lundi 7 septembre 2020, au Carr\u00e9 des martyrs \u00e0 Moknine (Monastir), sa ville natale.","og_url":"https:\/\/kapitalis.com\/tunisie\/2020\/09\/07\/moknine-ladjudant-martyr-sami-mrabet-accompagne-a-sa-derniere-demeure-photos\/","og_site_name":"Kapitalis","article_publisher":"https:\/\/www.facebook.com\/KapitalisInfo\/","article_published_time":"2020-09-07T19:49:36+00:00","article_modified_time":"2020-09-08T06:26:35+00:00","og_image":[{"width":1200,"height":630,"url":"https:\/\/kapitalis.com\/tunisie\/wp-content\/uploads\/2022\/05\/kapitalis-logo-fb.png","type":"image\/png"}],"author":"Yusra NY","twitter_card":"summary_large_image","twitter_creator":"@KapitalisInfo","twitter_site":"@KapitalisInfo","twitter_misc":{"\u00c9crit par":"Yusra NY","Dur\u00e9e de lecture estim\u00e9e":"2 minutes"},"schema":{"@context":"https:\/\/schema.org","@graph":[{"@type":"Article","@id":"https:\/\/kapitalis.com\/tunisie\/2020\/09\/07\/moknine-ladjudant-martyr-sami-mrabet-accompagne-a-sa-derniere-demeure-photos\/#article","isPartOf":{"@id":"https:\/\/kapitalis.com\/tunisie\/2020\/09\/07\/moknine-ladjudant-martyr-sami-mrabet-accompagne-a-sa-derniere-demeure-photos\/"},"author":{"name":"Yusra NY","@id":"https:\/\/kapitalis.com\/tunisie\/#\/schema\/person\/74bbde0154d49d790a92aaeac5bc01d5"},"headline":"Moknine : L&rsquo;adjudant martyr Sami Mrabet accompagn\u00e9 \u00e0 sa derni\u00e8re demeure (Photos)","datePublished":"2020-09-07T19:49:36+00:00","dateModified":"2020-09-08T06:26:35+00:00","mainEntityOfPage":{"@id":"https:\/\/kapitalis.com\/tunisie\/2020\/09\/07\/moknine-ladjudant-martyr-sami-mrabet-accompagne-a-sa-derniere-demeure-photos\/"},"wordCount":365,"commentCount":0,"publisher":{"@id":"https:\/\/kapitalis.com\/tunisie\/#organization"},"image":{"@id":"https:\/\/kapitalis.com\/tunisie\/2020\/09\/07\/moknine-ladjudant-martyr-sami-mrabet-accompagne-a-sa-derniere-demeure-photos\/#primaryimage"},"thumbnailUrl":"","keywords":["adjudant","Akouda","Carr\u00e9 des martyrs","cimeti\u00e8re","garde nationale","Kantaoui","Monastir","sami mrabet","Sousse"],"articleSection":["SOCIETE","Tunisie"],"inLanguage":"fr-FR","potentialAction":[{"@type":"CommentAction","name":"Comment","target":["https:\/\/kapitalis.com\/tunisie\/2020\/09\/07\/moknine-ladjudant-martyr-sami-mrabet-accompagne-a-sa-derniere-demeure-photos\/#respond"]}]},{"@type":"WebPage","@id":"https:\/\/kapitalis.com\/tunisie\/2020\/09\/07\/moknine-ladjudant-martyr-sami-mrabet-accompagne-a-sa-derniere-demeure-photos\/","url":"https:\/\/kapitalis.com\/tunisie\/2020\/09\/07\/moknine-ladjudant-martyr-sami-mrabet-accompagne-a-sa-derniere-demeure-photos\/","name":"Moknine : L'adjudant martyr Sami Mrabet accompagn\u00e9 \u00e0 sa derni\u00e8re demeure (Photos) - Kapitalis","isPartOf":{"@id":"https:\/\/kapitalis.com\/tunisie\/#website"},"primaryImageOfPage":{"@id":"https:\/\/kapitalis.com\/tunisie\/2020\/09\/07\/moknine-ladjudant-martyr-sami-mrabet-accompagne-a-sa-derniere-demeure-photos\/#primaryimage"},"image":{"@id":"https:\/\/kapitalis.com\/tunisie\/2020\/09\/07\/moknine-ladjudant-martyr-sami-mrabet-accompagne-a-sa-derniere-demeure-photos\/#primaryimage"},"thumbnailUrl":"","datePublished":"2020-09-07T19:49:36+00:00","dateModified":"2020-09-08T06:26:35+00:00","breadcrumb":{"@id":"https:\/\/kapitalis.com\/tunisie\/2020\/09\/07\/moknine-ladjudant-martyr-sami-mrabet-accompagne-a-sa-derniere-demeure-photos\/#breadcrumb"},"inLanguage":"fr-FR","potentialAction":[{"@type":"ReadAction","target":["https:\/\/kapitalis.com\/tunisie\/2020\/09\/07\/moknine-ladjudant-martyr-sami-mrabet-accompagne-a-sa-derniere-demeure-photos\/"]}]},{"@type":"ImageObject","inLanguage":"fr-FR","@id":"https:\/\/kapitalis.com\/tunisie\/2020\/09\/07\/moknine-ladjudant-martyr-sami-mrabet-accompagne-a-sa-derniere-demeure-photos\/#primaryimage","url":"","contentUrl":""},{"@type":"BreadcrumbList","@id":"https:\/\/kapitalis.com\/tunisie\/2020\/09\/07\/moknine-ladjudant-martyr-sami-mrabet-accompagne-a-sa-derniere-demeure-photos\/#breadcrumb","itemListElement":[{"@type":"ListItem","position":1,"name":"Accueil","item":"https:\/\/kapitalis.com\/tunisie\/"},{"@type":"ListItem","position":2,"name":"Moknine : L&rsquo;adjudant martyr Sami Mrabet accompagn\u00e9 \u00e0 sa derni\u00e8re demeure (Photos)"}]},{"@type":"WebSite","@id":"https:\/\/kapitalis.com\/tunisie\/#website","url":"https:\/\/kapitalis.com\/tunisie\/","name":"Kapitalis","description":"L&#039;actualit\u00e9 en Tunisie et dans le monde","publisher":{"@id":"https:\/\/kapitalis.com\/tunisie\/#organization"},"potentialAction":[{"@type":"SearchAction","target":{"@type":"EntryPoint","urlTemplate":"https:\/\/kapitalis.com\/tunisie\/?s={search_term_string}"},"query-input":{"@type":"PropertyValueSpecification","valueRequired":true,"valueName":"search_term_string"}}],"inLanguage":"fr-FR"},{"@type":"Organization","@id":"https:\/\/kapitalis.com\/tunisie\/#organization","name":"Kapitalis","url":"https:\/\/kapitalis.com\/tunisie\/","logo":{"@type":"ImageObject","inLanguage":"fr-FR","@id":"https:\/\/kapitalis.com\/tunisie\/#\/schema\/logo\/image\/","url":"https:\/\/kapitalis.com\/tunisie\/wp-content\/uploads\/2022\/05\/Kapitalis-big-size.png","contentUrl":"https:\/\/kapitalis.com\/tunisie\/wp-content\/uploads\/2022\/05\/Kapitalis-big-size.png","width":5000,"height":1500,"caption":"Kapitalis"},"image":{"@id":"https:\/\/kapitalis.com\/tunisie\/#\/schema\/logo\/image\/"},"sameAs":["https:\/\/www.facebook.com\/KapitalisInfo\/","https:\/\/x.com\/KapitalisInfo","https:\/\/www.youtube.com\/channel\/UC-yDYrHyfFBWWZaOw3FPg9Q"]},{"@type":"Person","@id":"https:\/\/kapitalis.com\/tunisie\/#\/schema\/person\/74bbde0154d49d790a92aaeac5bc01d5","name":"Yusra NY","url":"https:\/\/kapitalis.com\/tunisie\/author\/yuza_adam\/"}]}},"_links":{"self":[{"href":"https:\/\/kapitalis.com\/tunisie\/wp-json\/wp\/v2\/posts\/315386","targetHints":{"allow":["GET"]}}],"collection":[{"href":"https:\/\/kapitalis.com\/tunisie\/wp-json\/wp\/v2\/posts"}],"about":[{"href":"https:\/\/kapitalis.com\/tunisie\/wp-json\/wp\/v2\/types\/post"}],"author":[{"embeddable":true,"href":"https:\/\/kapitalis.com\/tunisie\/wp-json\/wp\/v2\/users\/6"}],"replies":[{"embeddable":true,"href":"https:\/\/kapitalis.com\/tunisie\/wp-json\/wp\/v2\/comments?post=315386"}],"version-history":[{"count":0,"href":"https:\/\/kapitalis.com\/tunisie\/wp-json\/wp\/v2\/posts\/315386\/revisions"}],"wp:featuredmedia":[{"embeddable":true,"href":"https:\/\/kapitalis.com\/tunisie\/wp-json\/wp\/v2\/media\/315388"}],"wp:attachment":[{"href":"https:\/\/kapitalis.com\/tunisie\/wp-json\/wp\/v2\/media?parent=315386"}],"wp:term":[{"taxonomy":"category","embeddable":true,"href":"https:\/\/kapitalis.com\/tunisie\/wp-json\/wp\/v2\/categories?post=315386"},{"taxonomy":"post_tag","embeddable":true,"href":"https:\/\/kapitalis.com\/tunisie\/wp-json\/wp\/v2\/tags?post=315386"}],"curies":[{"name":"wp","href":"https:\/\/api.w.org\/{rel}","templated":true}]}}