{"id":315407,"date":"2020-09-08T00:01:48","date_gmt":"2020-09-07T23:01:48","guid":{"rendered":"http:\/\/kapitalis.com\/tunisie\/?p=315407"},"modified":"2020-09-08T07:36:06","modified_gmt":"2020-09-08T06:36:06","slug":"coronavirus-el-hamma-deces-dibrahim-gueloui-membre-de-la-commission-locale-de-lutte-contre-la-covid-19","status":"publish","type":"post","link":"https:\/\/kapitalis.com\/tunisie\/2020\/09\/08\/coronavirus-el-hamma-deces-dibrahim-gueloui-membre-de-la-commission-locale-de-lutte-contre-la-covid-19\/","title":{"rendered":"Coronavirus-El-Hamma : D\u00e9c\u00e8s d&rsquo;Ibrahim Gueloui, membre de la commission locale de lutte contre la Covid-19"},"content":{"rendered":"\n<figure class=\"wp-block-image size-large\"><img decoding=\"async\" src=\"http:\/\/kapitalis.com\/tunisie\/wp-content\/uploads\/2020\/09\/Ibrahim-Gueloui.jpg\" alt=\"\" class=\"wp-image-315409\"\/><\/figure>\n\n\n\n<p><em><strong>La municipalit\u00e9 d&rsquo;El-Hamma a annonc\u00e9, ce lundi 7 septembre 2020, le d\u00e9c\u00e8s par le coronavirus d&rsquo;Ibrahim Gueloui, membre de la commission locale de lutte contre la Covid-19. C&rsquo;est le 15e d\u00e9c\u00e8s enregistr\u00e9 \u00e0 Gab\u00e8s.<\/strong><\/em><\/p>\n\n\n\n<!--more-->\n\n\n\n<p>Test\u00e9 positif mardi dernier, Ibrahim Gueloui avait \u00e9t\u00e9 transport\u00e9 \u00e0 l&rsquo;h\u00f4pital militaire de campagne de Gab\u00e8s, a indiqu\u00e9 son fils, mais son \u00e9tat s&rsquo;est d\u00e9t\u00e9rior\u00e9 et il a rendu l&rsquo;\u00e2me ce soir.<\/p>\n\n\n\n<p>Rappelons que la situation sanitaire \u00e0 El-Hamma est marqu\u00e9e, depuis la fin juillet dernier, par une hausse du nombre de contaminations par le coronavirus.<\/p>\n\n\n\n<p>Depuis l&rsquo;apparition de la pand\u00e9mie en Tunisie, en mars dernier, 959 cas ont \u00e9t\u00e9 enregistr\u00e9s \u00e0 Gab\u00e8s, dont 931, apr\u00e8s la r\u00e9ouverture des fronti\u00e8res tunisiennes le 27 juin, et 814 d\u00e9pist\u00e9s durant les 14 derniers jours.<\/p>\n\n\n\n<p class=\"has-text-align-right\"><strong>Y. N.<\/strong><\/p>\n","protected":false},"excerpt":{"rendered":"<p>La municipalit\u00e9 d&rsquo;El-Hamma a annonc\u00e9, ce lundi 7 septembre 2020, le d\u00e9c\u00e8s par le coronavirus d&rsquo;Ibrahim Gueloui, membre de la commission locale de lutte contre la Covid-19. C&rsquo;est le 15e d\u00e9c\u00e8s enregistr\u00e9 \u00e0 Gab\u00e8s.<\/p>\n","protected":false},"author":6,"featured_media":315409,"comment_status":"open","ping_status":"open","sticky":false,"template":"","format":"standard","meta":{"footnotes":""},"categories":[998,2433],"tags":[1862,73060,82405,64263,6994,79489,82482],"class_list":["post-315407","post","type-post","status-publish","format-standard","has-post-thumbnail","hentry","category-societe","category-tunisie","tag-commission","tag-coronavirus","tag-covid19","tag-deces","tag-el-hamma","tag-gabes-2","tag-ibrahim-gueloui"],"yoast_head":"<!-- This site is optimized with the Yoast SEO plugin v26.6 - https:\/\/yoast.com\/wordpress\/plugins\/seo\/ -->\n<title>Coronavirus-El-Hamma : D\u00e9c\u00e8s d&#039;Ibrahim Gueloui, membre de la commission locale de lutte contre la Covid-19 - Kapitalis<\/title>\n<meta name=\"robots\" content=\"index, follow, max-snippet:-1, max-image-preview:large, max-video-preview:-1\" \/>\n<link rel=\"canonical\" href=\"https:\/\/kapitalis.com\/tunisie\/2020\/09\/08\/coronavirus-el-hamma-deces-dibrahim-gueloui-membre-de-la-commission-locale-de-lutte-contre-la-covid-19\/\" \/>\n<meta property=\"og:locale\" content=\"fr_FR\" \/>\n<meta property=\"og:type\" content=\"article\" \/>\n<meta property=\"og:title\" content=\"Coronavirus-El-Hamma : D\u00e9c\u00e8s d&#039;Ibrahim Gueloui, membre de la commission locale de lutte contre la Covid-19 - Kapitalis\" \/>\n<meta property=\"og:description\" content=\"La municipalit\u00e9 d&rsquo;El-Hamma a annonc\u00e9, ce lundi 7 septembre 2020, le d\u00e9c\u00e8s par le coronavirus d&rsquo;Ibrahim Gueloui, membre de la commission locale de lutte contre la Covid-19. C&rsquo;est le 15e d\u00e9c\u00e8s enregistr\u00e9 \u00e0 Gab\u00e8s.\" \/>\n<meta property=\"og:url\" content=\"https:\/\/kapitalis.com\/tunisie\/2020\/09\/08\/coronavirus-el-hamma-deces-dibrahim-gueloui-membre-de-la-commission-locale-de-lutte-contre-la-covid-19\/\" \/>\n<meta property=\"og:site_name\" content=\"Kapitalis\" \/>\n<meta property=\"article:publisher\" content=\"https:\/\/www.facebook.com\/KapitalisInfo\/\" \/>\n<meta property=\"article:published_time\" content=\"2020-09-07T23:01:48+00:00\" \/>\n<meta property=\"article:modified_time\" content=\"2020-09-08T06:36:06+00:00\" \/>\n<meta property=\"og:image\" content=\"https:\/\/kapitalis.com\/tunisie\/wp-content\/uploads\/2022\/05\/kapitalis-logo-fb.png\" \/>\n\t<meta property=\"og:image:width\" content=\"1200\" \/>\n\t<meta property=\"og:image:height\" content=\"630\" \/>\n\t<meta property=\"og:image:type\" content=\"image\/png\" \/>\n<meta name=\"author\" content=\"Yusra NY\" \/>\n<meta name=\"twitter:card\" content=\"summary_large_image\" \/>\n<meta name=\"twitter:creator\" content=\"@KapitalisInfo\" \/>\n<meta name=\"twitter:site\" content=\"@KapitalisInfo\" \/>\n<meta name=\"twitter:label1\" content=\"\u00c9crit par\" \/>\n\t<meta name=\"twitter:data1\" content=\"Yusra NY\" \/>\n\t<meta name=\"twitter:label2\" content=\"Dur\u00e9e de lecture estim\u00e9e\" \/>\n\t<meta name=\"twitter:data2\" content=\"1 minute\" \/>\n<script type=\"application\/ld+json\" class=\"yoast-schema-graph\">{\"@context\":\"https:\/\/schema.org\",\"@graph\":[{\"@type\":\"Article\",\"@id\":\"https:\/\/kapitalis.com\/tunisie\/2020\/09\/08\/coronavirus-el-hamma-deces-dibrahim-gueloui-membre-de-la-commission-locale-de-lutte-contre-la-covid-19\/#article\",\"isPartOf\":{\"@id\":\"https:\/\/kapitalis.com\/tunisie\/2020\/09\/08\/coronavirus-el-hamma-deces-dibrahim-gueloui-membre-de-la-commission-locale-de-lutte-contre-la-covid-19\/\"},\"author\":{\"name\":\"Yusra NY\",\"@id\":\"https:\/\/kapitalis.com\/tunisie\/#\/schema\/person\/74bbde0154d49d790a92aaeac5bc01d5\"},\"headline\":\"Coronavirus-El-Hamma : D\u00e9c\u00e8s d&rsquo;Ibrahim Gueloui, membre de la commission locale de lutte contre la Covid-19\",\"datePublished\":\"2020-09-07T23:01:48+00:00\",\"dateModified\":\"2020-09-08T06:36:06+00:00\",\"mainEntityOfPage\":{\"@id\":\"https:\/\/kapitalis.com\/tunisie\/2020\/09\/08\/coronavirus-el-hamma-deces-dibrahim-gueloui-membre-de-la-commission-locale-de-lutte-contre-la-covid-19\/\"},\"wordCount\":152,\"commentCount\":0,\"publisher\":{\"@id\":\"https:\/\/kapitalis.com\/tunisie\/#organization\"},\"image\":{\"@id\":\"https:\/\/kapitalis.com\/tunisie\/2020\/09\/08\/coronavirus-el-hamma-deces-dibrahim-gueloui-membre-de-la-commission-locale-de-lutte-contre-la-covid-19\/#primaryimage\"},\"thumbnailUrl\":\"\",\"keywords\":[\"commission\",\"Coronavirus\",\"Covid19\",\"d\u00e9c\u00e8s\",\"El-Hamma\",\"Gabes\",\"Ibrahim Gueloui\"],\"articleSection\":[\"SOCIETE\",\"Tunisie\"],\"inLanguage\":\"fr-FR\",\"potentialAction\":[{\"@type\":\"CommentAction\",\"name\":\"Comment\",\"target\":[\"https:\/\/kapitalis.com\/tunisie\/2020\/09\/08\/coronavirus-el-hamma-deces-dibrahim-gueloui-membre-de-la-commission-locale-de-lutte-contre-la-covid-19\/#respond\"]}]},{\"@type\":\"WebPage\",\"@id\":\"https:\/\/kapitalis.com\/tunisie\/2020\/09\/08\/coronavirus-el-hamma-deces-dibrahim-gueloui-membre-de-la-commission-locale-de-lutte-contre-la-covid-19\/\",\"url\":\"https:\/\/kapitalis.com\/tunisie\/2020\/09\/08\/coronavirus-el-hamma-deces-dibrahim-gueloui-membre-de-la-commission-locale-de-lutte-contre-la-covid-19\/\",\"name\":\"Coronavirus-El-Hamma : D\u00e9c\u00e8s d'Ibrahim Gueloui, membre de la commission locale de lutte contre la Covid-19 - Kapitalis\",\"isPartOf\":{\"@id\":\"https:\/\/kapitalis.com\/tunisie\/#website\"},\"primaryImageOfPage\":{\"@id\":\"https:\/\/kapitalis.com\/tunisie\/2020\/09\/08\/coronavirus-el-hamma-deces-dibrahim-gueloui-membre-de-la-commission-locale-de-lutte-contre-la-covid-19\/#primaryimage\"},\"image\":{\"@id\":\"https:\/\/kapitalis.com\/tunisie\/2020\/09\/08\/coronavirus-el-hamma-deces-dibrahim-gueloui-membre-de-la-commission-locale-de-lutte-contre-la-covid-19\/#primaryimage\"},\"thumbnailUrl\":\"\",\"datePublished\":\"2020-09-07T23:01:48+00:00\",\"dateModified\":\"2020-09-08T06:36:06+00:00\",\"breadcrumb\":{\"@id\":\"https:\/\/kapitalis.com\/tunisie\/2020\/09\/08\/coronavirus-el-hamma-deces-dibrahim-gueloui-membre-de-la-commission-locale-de-lutte-contre-la-covid-19\/#breadcrumb\"},\"inLanguage\":\"fr-FR\",\"potentialAction\":[{\"@type\":\"ReadAction\",\"target\":[\"https:\/\/kapitalis.com\/tunisie\/2020\/09\/08\/coronavirus-el-hamma-deces-dibrahim-gueloui-membre-de-la-commission-locale-de-lutte-contre-la-covid-19\/\"]}]},{\"@type\":\"ImageObject\",\"inLanguage\":\"fr-FR\",\"@id\":\"https:\/\/kapitalis.com\/tunisie\/2020\/09\/08\/coronavirus-el-hamma-deces-dibrahim-gueloui-membre-de-la-commission-locale-de-lutte-contre-la-covid-19\/#primaryimage\",\"url\":\"\",\"contentUrl\":\"\"},{\"@type\":\"BreadcrumbList\",\"@id\":\"https:\/\/kapitalis.com\/tunisie\/2020\/09\/08\/coronavirus-el-hamma-deces-dibrahim-gueloui-membre-de-la-commission-locale-de-lutte-contre-la-covid-19\/#breadcrumb\",\"itemListElement\":[{\"@type\":\"ListItem\",\"position\":1,\"name\":\"Accueil\",\"item\":\"https:\/\/kapitalis.com\/tunisie\/\"},{\"@type\":\"ListItem\",\"position\":2,\"name\":\"Coronavirus-El-Hamma : D\u00e9c\u00e8s d&rsquo;Ibrahim Gueloui, membre de la commission locale de lutte contre la Covid-19\"}]},{\"@type\":\"WebSite\",\"@id\":\"https:\/\/kapitalis.com\/tunisie\/#website\",\"url\":\"https:\/\/kapitalis.com\/tunisie\/\",\"name\":\"Kapitalis\",\"description\":\"L&#039;actualit\u00e9 en Tunisie et dans le monde\",\"publisher\":{\"@id\":\"https:\/\/kapitalis.com\/tunisie\/#organization\"},\"potentialAction\":[{\"@type\":\"SearchAction\",\"target\":{\"@type\":\"EntryPoint\",\"urlTemplate\":\"https:\/\/kapitalis.com\/tunisie\/?s={search_term_string}\"},\"query-input\":{\"@type\":\"PropertyValueSpecification\",\"valueRequired\":true,\"valueName\":\"search_term_string\"}}],\"inLanguage\":\"fr-FR\"},{\"@type\":\"Organization\",\"@id\":\"https:\/\/kapitalis.com\/tunisie\/#organization\",\"name\":\"Kapitalis\",\"url\":\"https:\/\/kapitalis.com\/tunisie\/\",\"logo\":{\"@type\":\"ImageObject\",\"inLanguage\":\"fr-FR\",\"@id\":\"https:\/\/kapitalis.com\/tunisie\/#\/schema\/logo\/image\/\",\"url\":\"https:\/\/kapitalis.com\/tunisie\/wp-content\/uploads\/2022\/05\/Kapitalis-big-size.png\",\"contentUrl\":\"https:\/\/kapitalis.com\/tunisie\/wp-content\/uploads\/2022\/05\/Kapitalis-big-size.png\",\"width\":5000,\"height\":1500,\"caption\":\"Kapitalis\"},\"image\":{\"@id\":\"https:\/\/kapitalis.com\/tunisie\/#\/schema\/logo\/image\/\"},\"sameAs\":[\"https:\/\/www.facebook.com\/KapitalisInfo\/\",\"https:\/\/x.com\/KapitalisInfo\",\"https:\/\/www.youtube.com\/channel\/UC-yDYrHyfFBWWZaOw3FPg9Q\"]},{\"@type\":\"Person\",\"@id\":\"https:\/\/kapitalis.com\/tunisie\/#\/schema\/person\/74bbde0154d49d790a92aaeac5bc01d5\",\"name\":\"Yusra NY\",\"url\":\"https:\/\/kapitalis.com\/tunisie\/author\/yuza_adam\/\"}]}<\/script>\n<!-- \/ Yoast SEO plugin. -->","yoast_head_json":{"title":"Coronavirus-El-Hamma : D\u00e9c\u00e8s d'Ibrahim Gueloui, membre de la commission locale de lutte contre la Covid-19 - Kapitalis","robots":{"index":"index","follow":"follow","max-snippet":"max-snippet:-1","max-image-preview":"max-image-preview:large","max-video-preview":"max-video-preview:-1"},"canonical":"https:\/\/kapitalis.com\/tunisie\/2020\/09\/08\/coronavirus-el-hamma-deces-dibrahim-gueloui-membre-de-la-commission-locale-de-lutte-contre-la-covid-19\/","og_locale":"fr_FR","og_type":"article","og_title":"Coronavirus-El-Hamma : D\u00e9c\u00e8s d'Ibrahim Gueloui, membre de la commission locale de lutte contre la Covid-19 - Kapitalis","og_description":"La municipalit\u00e9 d&rsquo;El-Hamma a annonc\u00e9, ce lundi 7 septembre 2020, le d\u00e9c\u00e8s par le coronavirus d&rsquo;Ibrahim Gueloui, membre de la commission locale de lutte contre la Covid-19. C&rsquo;est le 15e d\u00e9c\u00e8s enregistr\u00e9 \u00e0 Gab\u00e8s.","og_url":"https:\/\/kapitalis.com\/tunisie\/2020\/09\/08\/coronavirus-el-hamma-deces-dibrahim-gueloui-membre-de-la-commission-locale-de-lutte-contre-la-covid-19\/","og_site_name":"Kapitalis","article_publisher":"https:\/\/www.facebook.com\/KapitalisInfo\/","article_published_time":"2020-09-07T23:01:48+00:00","article_modified_time":"2020-09-08T06:36:06+00:00","og_image":[{"width":1200,"height":630,"url":"https:\/\/kapitalis.com\/tunisie\/wp-content\/uploads\/2022\/05\/kapitalis-logo-fb.png","type":"image\/png"}],"author":"Yusra NY","twitter_card":"summary_large_image","twitter_creator":"@KapitalisInfo","twitter_site":"@KapitalisInfo","twitter_misc":{"\u00c9crit par":"Yusra NY","Dur\u00e9e de lecture estim\u00e9e":"1 minute"},"schema":{"@context":"https:\/\/schema.org","@graph":[{"@type":"Article","@id":"https:\/\/kapitalis.com\/tunisie\/2020\/09\/08\/coronavirus-el-hamma-deces-dibrahim-gueloui-membre-de-la-commission-locale-de-lutte-contre-la-covid-19\/#article","isPartOf":{"@id":"https:\/\/kapitalis.com\/tunisie\/2020\/09\/08\/coronavirus-el-hamma-deces-dibrahim-gueloui-membre-de-la-commission-locale-de-lutte-contre-la-covid-19\/"},"author":{"name":"Yusra NY","@id":"https:\/\/kapitalis.com\/tunisie\/#\/schema\/person\/74bbde0154d49d790a92aaeac5bc01d5"},"headline":"Coronavirus-El-Hamma : D\u00e9c\u00e8s d&rsquo;Ibrahim Gueloui, membre de la commission locale de lutte contre la Covid-19","datePublished":"2020-09-07T23:01:48+00:00","dateModified":"2020-09-08T06:36:06+00:00","mainEntityOfPage":{"@id":"https:\/\/kapitalis.com\/tunisie\/2020\/09\/08\/coronavirus-el-hamma-deces-dibrahim-gueloui-membre-de-la-commission-locale-de-lutte-contre-la-covid-19\/"},"wordCount":152,"commentCount":0,"publisher":{"@id":"https:\/\/kapitalis.com\/tunisie\/#organization"},"image":{"@id":"https:\/\/kapitalis.com\/tunisie\/2020\/09\/08\/coronavirus-el-hamma-deces-dibrahim-gueloui-membre-de-la-commission-locale-de-lutte-contre-la-covid-19\/#primaryimage"},"thumbnailUrl":"","keywords":["commission","Coronavirus","Covid19","d\u00e9c\u00e8s","El-Hamma","Gabes","Ibrahim Gueloui"],"articleSection":["SOCIETE","Tunisie"],"inLanguage":"fr-FR","potentialAction":[{"@type":"CommentAction","name":"Comment","target":["https:\/\/kapitalis.com\/tunisie\/2020\/09\/08\/coronavirus-el-hamma-deces-dibrahim-gueloui-membre-de-la-commission-locale-de-lutte-contre-la-covid-19\/#respond"]}]},{"@type":"WebPage","@id":"https:\/\/kapitalis.com\/tunisie\/2020\/09\/08\/coronavirus-el-hamma-deces-dibrahim-gueloui-membre-de-la-commission-locale-de-lutte-contre-la-covid-19\/","url":"https:\/\/kapitalis.com\/tunisie\/2020\/09\/08\/coronavirus-el-hamma-deces-dibrahim-gueloui-membre-de-la-commission-locale-de-lutte-contre-la-covid-19\/","name":"Coronavirus-El-Hamma : D\u00e9c\u00e8s d'Ibrahim Gueloui, membre de la commission locale de lutte contre la Covid-19 - Kapitalis","isPartOf":{"@id":"https:\/\/kapitalis.com\/tunisie\/#website"},"primaryImageOfPage":{"@id":"https:\/\/kapitalis.com\/tunisie\/2020\/09\/08\/coronavirus-el-hamma-deces-dibrahim-gueloui-membre-de-la-commission-locale-de-lutte-contre-la-covid-19\/#primaryimage"},"image":{"@id":"https:\/\/kapitalis.com\/tunisie\/2020\/09\/08\/coronavirus-el-hamma-deces-dibrahim-gueloui-membre-de-la-commission-locale-de-lutte-contre-la-covid-19\/#primaryimage"},"thumbnailUrl":"","datePublished":"2020-09-07T23:01:48+00:00","dateModified":"2020-09-08T06:36:06+00:00","breadcrumb":{"@id":"https:\/\/kapitalis.com\/tunisie\/2020\/09\/08\/coronavirus-el-hamma-deces-dibrahim-gueloui-membre-de-la-commission-locale-de-lutte-contre-la-covid-19\/#breadcrumb"},"inLanguage":"fr-FR","potentialAction":[{"@type":"ReadAction","target":["https:\/\/kapitalis.com\/tunisie\/2020\/09\/08\/coronavirus-el-hamma-deces-dibrahim-gueloui-membre-de-la-commission-locale-de-lutte-contre-la-covid-19\/"]}]},{"@type":"ImageObject","inLanguage":"fr-FR","@id":"https:\/\/kapitalis.com\/tunisie\/2020\/09\/08\/coronavirus-el-hamma-deces-dibrahim-gueloui-membre-de-la-commission-locale-de-lutte-contre-la-covid-19\/#primaryimage","url":"","contentUrl":""},{"@type":"BreadcrumbList","@id":"https:\/\/kapitalis.com\/tunisie\/2020\/09\/08\/coronavirus-el-hamma-deces-dibrahim-gueloui-membre-de-la-commission-locale-de-lutte-contre-la-covid-19\/#breadcrumb","itemListElement":[{"@type":"ListItem","position":1,"name":"Accueil","item":"https:\/\/kapitalis.com\/tunisie\/"},{"@type":"ListItem","position":2,"name":"Coronavirus-El-Hamma : D\u00e9c\u00e8s d&rsquo;Ibrahim Gueloui, membre de la commission locale de lutte contre la Covid-19"}]},{"@type":"WebSite","@id":"https:\/\/kapitalis.com\/tunisie\/#website","url":"https:\/\/kapitalis.com\/tunisie\/","name":"Kapitalis","description":"L&#039;actualit\u00e9 en Tunisie et dans le monde","publisher":{"@id":"https:\/\/kapitalis.com\/tunisie\/#organization"},"potentialAction":[{"@type":"SearchAction","target":{"@type":"EntryPoint","urlTemplate":"https:\/\/kapitalis.com\/tunisie\/?s={search_term_string}"},"query-input":{"@type":"PropertyValueSpecification","valueRequired":true,"valueName":"search_term_string"}}],"inLanguage":"fr-FR"},{"@type":"Organization","@id":"https:\/\/kapitalis.com\/tunisie\/#organization","name":"Kapitalis","url":"https:\/\/kapitalis.com\/tunisie\/","logo":{"@type":"ImageObject","inLanguage":"fr-FR","@id":"https:\/\/kapitalis.com\/tunisie\/#\/schema\/logo\/image\/","url":"https:\/\/kapitalis.com\/tunisie\/wp-content\/uploads\/2022\/05\/Kapitalis-big-size.png","contentUrl":"https:\/\/kapitalis.com\/tunisie\/wp-content\/uploads\/2022\/05\/Kapitalis-big-size.png","width":5000,"height":1500,"caption":"Kapitalis"},"image":{"@id":"https:\/\/kapitalis.com\/tunisie\/#\/schema\/logo\/image\/"},"sameAs":["https:\/\/www.facebook.com\/KapitalisInfo\/","https:\/\/x.com\/KapitalisInfo","https:\/\/www.youtube.com\/channel\/UC-yDYrHyfFBWWZaOw3FPg9Q"]},{"@type":"Person","@id":"https:\/\/kapitalis.com\/tunisie\/#\/schema\/person\/74bbde0154d49d790a92aaeac5bc01d5","name":"Yusra NY","url":"https:\/\/kapitalis.com\/tunisie\/author\/yuza_adam\/"}]}},"_links":{"self":[{"href":"https:\/\/kapitalis.com\/tunisie\/wp-json\/wp\/v2\/posts\/315407","targetHints":{"allow":["GET"]}}],"collection":[{"href":"https:\/\/kapitalis.com\/tunisie\/wp-json\/wp\/v2\/posts"}],"about":[{"href":"https:\/\/kapitalis.com\/tunisie\/wp-json\/wp\/v2\/types\/post"}],"author":[{"embeddable":true,"href":"https:\/\/kapitalis.com\/tunisie\/wp-json\/wp\/v2\/users\/6"}],"replies":[{"embeddable":true,"href":"https:\/\/kapitalis.com\/tunisie\/wp-json\/wp\/v2\/comments?post=315407"}],"version-history":[{"count":0,"href":"https:\/\/kapitalis.com\/tunisie\/wp-json\/wp\/v2\/posts\/315407\/revisions"}],"wp:featuredmedia":[{"embeddable":true,"href":"https:\/\/kapitalis.com\/tunisie\/wp-json\/wp\/v2\/media\/315409"}],"wp:attachment":[{"href":"https:\/\/kapitalis.com\/tunisie\/wp-json\/wp\/v2\/media?parent=315407"}],"wp:term":[{"taxonomy":"category","embeddable":true,"href":"https:\/\/kapitalis.com\/tunisie\/wp-json\/wp\/v2\/categories?post=315407"},{"taxonomy":"post_tag","embeddable":true,"href":"https:\/\/kapitalis.com\/tunisie\/wp-json\/wp\/v2\/tags?post=315407"}],"curies":[{"name":"wp","href":"https:\/\/api.w.org\/{rel}","templated":true}]}}