{"id":315510,"date":"2020-09-08T15:55:57","date_gmt":"2020-09-08T14:55:57","guid":{"rendered":"http:\/\/kapitalis.com\/tunisie\/?p=315510"},"modified":"2020-09-09T07:10:04","modified_gmt":"2020-09-09T06:10:04","slug":"tunisie-quatrieme-arrestation-dune-personne-ayant-glorifie-lattentat-de-akouda","status":"publish","type":"post","link":"https:\/\/kapitalis.com\/tunisie\/2020\/09\/08\/tunisie-quatrieme-arrestation-dune-personne-ayant-glorifie-lattentat-de-akouda\/","title":{"rendered":"Tunisie : Quatri\u00e8me arrestation d&rsquo;une personne ayant glorifi\u00e9 l&rsquo;attentat de Akouda"},"content":{"rendered":"\n<figure class=\"wp-block-image size-large\"><img decoding=\"async\" src=\"http:\/\/kapitalis.com\/tunisie\/wp-content\/uploads\/2016\/03\/Arrestation-femme.jpg\" alt=\"\" class=\"wp-image-43004\"\/><\/figure>\n\n\n\n<p><strong><em>Une jeune femme \u00e2g\u00e9e de 20 ans et originaire de Mahdia a \u00e9t\u00e9 arr\u00eat\u00e9e aujourd&rsquo;hui, mardi 8 septembre 2020, pour avoir glorifi\u00e9, via un statut Facebook, l&rsquo;attentat perp\u00e9tr\u00e9 dimanche dernier \u00e0 Akouda (gouvernorat de Sousse) et ayant entra\u00een\u00e9 un d\u00e9c\u00e8s et une blessure chez les policiers attaqu\u00e9s.<\/em><\/strong><\/p>\n\n\n\n<!--more-->\n\n\n\n<p>La fille, qui vient d&rsquo;avoir son baccalaur\u00e9at, est la 4e personne \u00e0 \u00eatre arr\u00eat\u00e9e pour le m\u00eame motif. <\/p>\n\n\n\n<p>Elle est, du fait de son statut douteux, suspect\u00e9e d&rsquo;appartenir \u00e0 une organisation terroriste et fera donc l&rsquo;objet d&rsquo;une enqu\u00eate judiciaire \u00e0 cet effet, dans le cadre de la pr\u00e9vention et de la lutte nationale contre le terrorisme.<\/p>\n\n\n\n<p>Rappelons qu&rsquo;hier, une candidate aux derni\u00e8res \u00e9lections l\u00e9gislatives sur une liste de la coalition de l&rsquo;extr\u00eame droite religieuse, Al-Karama, a \u00e9t\u00e9 <a href=\"http:\/\/kapitalis.com\/tunisie\/2020\/09\/07\/attentat-de-akouda-une-candidate-dal-karama-aux-legislatives-arretee\/\"><strong>arr\u00eat\u00e9e<\/strong><\/a> pour la m\u00eame raison.<\/p>\n\n\n\n<p class=\"has-text-align-right\"><strong>C. B. Y.<\/strong><\/p>\n\n\n\n<figure class=\"wp-block-embed-wordpress wp-block-embed is-type-wp-embed is-provider-kapitalis\"><div class=\"wp-block-embed__wrapper\">\n<blockquote class=\"wp-embedded-content\" data-secret=\"yFFcpksceO\"><a href=\"https:\/\/kapitalis.com\/tunisie\/2020\/09\/07\/attentat-de-akouda-une-candidate-dal-karama-aux-legislatives-arretee\/\">Attentat de Akouda : Une candidate d&rsquo;Al-Karama aux l\u00e9gislatives arr\u00eat\u00e9e<\/a><\/blockquote><iframe loading=\"lazy\" class=\"wp-embedded-content\" sandbox=\"allow-scripts\" security=\"restricted\" style=\"position: absolute; clip: rect(1px, 1px, 1px, 1px);\" title=\"\u00ab\u00a0Attentat de Akouda : Une candidate d&rsquo;Al-Karama aux l\u00e9gislatives arr\u00eat\u00e9e\u00a0\u00bb &#8212; Kapitalis\" src=\"https:\/\/kapitalis.com\/tunisie\/2020\/09\/07\/attentat-de-akouda-une-candidate-dal-karama-aux-legislatives-arretee\/embed\/#?secret=zoD4WdY87W#?secret=yFFcpksceO\" data-secret=\"yFFcpksceO\" width=\"600\" height=\"338\" frameborder=\"0\" marginwidth=\"0\" marginheight=\"0\" scrolling=\"no\"><\/iframe>\n<\/div><\/figure>\n","protected":false},"excerpt":{"rendered":"<p>Une jeune femme \u00e2g\u00e9e de 20 ans et originaire de Mahdia a \u00e9t\u00e9 arr\u00eat\u00e9e aujourd&rsquo;hui, mardi 8 septembre 2020, pour avoir glorifi\u00e9, via un statut Facebook, l&rsquo;attentat perp\u00e9tr\u00e9 dimanche dernier \u00e0 Akouda (gouvernorat de Sousse) et ayant entra\u00een\u00e9 un d\u00e9c\u00e8s et une blessure chez les policiers attaqu\u00e9s.<\/p>\n","protected":false},"author":24,"featured_media":0,"comment_status":"open","ping_status":"open","sticky":false,"template":"","format":"standard","meta":{"footnotes":""},"categories":[998,2433],"tags":[82507,76464,82455],"class_list":["post-315510","post","type-post","status-publish","format-standard","hentry","category-societe","category-tunisie","tag-al-kara","tag-al-karama-2","tag-attentat-de-akouda"],"yoast_head":"<!-- This site is optimized with the Yoast SEO plugin v26.6 - https:\/\/yoast.com\/wordpress\/plugins\/seo\/ -->\n<title>Tunisie : Quatri\u00e8me arrestation d&#039;une personne ayant glorifi\u00e9 l&#039;attentat de Akouda - Kapitalis<\/title>\n<meta name=\"robots\" content=\"index, follow, max-snippet:-1, max-image-preview:large, max-video-preview:-1\" \/>\n<link rel=\"canonical\" href=\"https:\/\/kapitalis.com\/tunisie\/2020\/09\/08\/tunisie-quatrieme-arrestation-dune-personne-ayant-glorifie-lattentat-de-akouda\/\" \/>\n<meta property=\"og:locale\" content=\"fr_FR\" \/>\n<meta property=\"og:type\" content=\"article\" \/>\n<meta property=\"og:title\" content=\"Tunisie : Quatri\u00e8me arrestation d&#039;une personne ayant glorifi\u00e9 l&#039;attentat de Akouda - Kapitalis\" \/>\n<meta property=\"og:description\" content=\"Une jeune femme \u00e2g\u00e9e de 20 ans et originaire de Mahdia a \u00e9t\u00e9 arr\u00eat\u00e9e aujourd&rsquo;hui, mardi 8 septembre 2020, pour avoir glorifi\u00e9, via un statut Facebook, l&rsquo;attentat perp\u00e9tr\u00e9 dimanche dernier \u00e0 Akouda (gouvernorat de Sousse) et ayant entra\u00een\u00e9 un d\u00e9c\u00e8s et une blessure chez les policiers attaqu\u00e9s.\" \/>\n<meta property=\"og:url\" content=\"https:\/\/kapitalis.com\/tunisie\/2020\/09\/08\/tunisie-quatrieme-arrestation-dune-personne-ayant-glorifie-lattentat-de-akouda\/\" \/>\n<meta property=\"og:site_name\" content=\"Kapitalis\" \/>\n<meta property=\"article:publisher\" content=\"https:\/\/www.facebook.com\/KapitalisInfo\/\" \/>\n<meta property=\"article:published_time\" content=\"2020-09-08T14:55:57+00:00\" \/>\n<meta property=\"article:modified_time\" content=\"2020-09-09T06:10:04+00:00\" \/>\n<meta property=\"og:image\" content=\"http:\/\/kapitalis.com\/tunisie\/wp-content\/uploads\/2016\/03\/Arrestation-femme.jpg\" \/>\n<meta name=\"author\" content=\"Cherif Benyounes\" \/>\n<meta name=\"twitter:card\" content=\"summary_large_image\" \/>\n<meta name=\"twitter:creator\" content=\"@KapitalisInfo\" \/>\n<meta name=\"twitter:site\" content=\"@KapitalisInfo\" \/>\n<meta name=\"twitter:label1\" content=\"\u00c9crit par\" \/>\n\t<meta name=\"twitter:data1\" content=\"Cherif Benyounes\" \/>\n\t<meta name=\"twitter:label2\" content=\"Dur\u00e9e de lecture estim\u00e9e\" \/>\n\t<meta name=\"twitter:data2\" content=\"1 minute\" \/>\n<script type=\"application\/ld+json\" class=\"yoast-schema-graph\">{\"@context\":\"https:\/\/schema.org\",\"@graph\":[{\"@type\":\"Article\",\"@id\":\"https:\/\/kapitalis.com\/tunisie\/2020\/09\/08\/tunisie-quatrieme-arrestation-dune-personne-ayant-glorifie-lattentat-de-akouda\/#article\",\"isPartOf\":{\"@id\":\"https:\/\/kapitalis.com\/tunisie\/2020\/09\/08\/tunisie-quatrieme-arrestation-dune-personne-ayant-glorifie-lattentat-de-akouda\/\"},\"author\":{\"name\":\"Cherif Benyounes\",\"@id\":\"https:\/\/kapitalis.com\/tunisie\/#\/schema\/person\/b35b8d631961131107263178aeb8019e\"},\"headline\":\"Tunisie : Quatri\u00e8me arrestation d&rsquo;une personne ayant glorifi\u00e9 l&rsquo;attentat de Akouda\",\"datePublished\":\"2020-09-08T14:55:57+00:00\",\"dateModified\":\"2020-09-09T06:10:04+00:00\",\"mainEntityOfPage\":{\"@id\":\"https:\/\/kapitalis.com\/tunisie\/2020\/09\/08\/tunisie-quatrieme-arrestation-dune-personne-ayant-glorifie-lattentat-de-akouda\/\"},\"wordCount\":162,\"commentCount\":3,\"publisher\":{\"@id\":\"https:\/\/kapitalis.com\/tunisie\/#organization\"},\"image\":{\"@id\":\"https:\/\/kapitalis.com\/tunisie\/2020\/09\/08\/tunisie-quatrieme-arrestation-dune-personne-ayant-glorifie-lattentat-de-akouda\/#primaryimage\"},\"thumbnailUrl\":\"http:\/\/kapitalis.com\/tunisie\/wp-content\/uploads\/2016\/03\/Arrestation-femme.jpg\",\"keywords\":[\"Al-Kara\",\"Al-Karama\",\"Attentat de Akouda\"],\"articleSection\":[\"SOCIETE\",\"Tunisie\"],\"inLanguage\":\"fr-FR\",\"potentialAction\":[{\"@type\":\"CommentAction\",\"name\":\"Comment\",\"target\":[\"https:\/\/kapitalis.com\/tunisie\/2020\/09\/08\/tunisie-quatrieme-arrestation-dune-personne-ayant-glorifie-lattentat-de-akouda\/#respond\"]}]},{\"@type\":\"WebPage\",\"@id\":\"https:\/\/kapitalis.com\/tunisie\/2020\/09\/08\/tunisie-quatrieme-arrestation-dune-personne-ayant-glorifie-lattentat-de-akouda\/\",\"url\":\"https:\/\/kapitalis.com\/tunisie\/2020\/09\/08\/tunisie-quatrieme-arrestation-dune-personne-ayant-glorifie-lattentat-de-akouda\/\",\"name\":\"Tunisie : Quatri\u00e8me arrestation d'une personne ayant glorifi\u00e9 l'attentat de Akouda - Kapitalis\",\"isPartOf\":{\"@id\":\"https:\/\/kapitalis.com\/tunisie\/#website\"},\"primaryImageOfPage\":{\"@id\":\"https:\/\/kapitalis.com\/tunisie\/2020\/09\/08\/tunisie-quatrieme-arrestation-dune-personne-ayant-glorifie-lattentat-de-akouda\/#primaryimage\"},\"image\":{\"@id\":\"https:\/\/kapitalis.com\/tunisie\/2020\/09\/08\/tunisie-quatrieme-arrestation-dune-personne-ayant-glorifie-lattentat-de-akouda\/#primaryimage\"},\"thumbnailUrl\":\"http:\/\/kapitalis.com\/tunisie\/wp-content\/uploads\/2016\/03\/Arrestation-femme.jpg\",\"datePublished\":\"2020-09-08T14:55:57+00:00\",\"dateModified\":\"2020-09-09T06:10:04+00:00\",\"breadcrumb\":{\"@id\":\"https:\/\/kapitalis.com\/tunisie\/2020\/09\/08\/tunisie-quatrieme-arrestation-dune-personne-ayant-glorifie-lattentat-de-akouda\/#breadcrumb\"},\"inLanguage\":\"fr-FR\",\"potentialAction\":[{\"@type\":\"ReadAction\",\"target\":[\"https:\/\/kapitalis.com\/tunisie\/2020\/09\/08\/tunisie-quatrieme-arrestation-dune-personne-ayant-glorifie-lattentat-de-akouda\/\"]}]},{\"@type\":\"ImageObject\",\"inLanguage\":\"fr-FR\",\"@id\":\"https:\/\/kapitalis.com\/tunisie\/2020\/09\/08\/tunisie-quatrieme-arrestation-dune-personne-ayant-glorifie-lattentat-de-akouda\/#primaryimage\",\"url\":\"http:\/\/kapitalis.com\/tunisie\/wp-content\/uploads\/2016\/03\/Arrestation-femme.jpg\",\"contentUrl\":\"http:\/\/kapitalis.com\/tunisie\/wp-content\/uploads\/2016\/03\/Arrestation-femme.jpg\"},{\"@type\":\"BreadcrumbList\",\"@id\":\"https:\/\/kapitalis.com\/tunisie\/2020\/09\/08\/tunisie-quatrieme-arrestation-dune-personne-ayant-glorifie-lattentat-de-akouda\/#breadcrumb\",\"itemListElement\":[{\"@type\":\"ListItem\",\"position\":1,\"name\":\"Accueil\",\"item\":\"https:\/\/kapitalis.com\/tunisie\/\"},{\"@type\":\"ListItem\",\"position\":2,\"name\":\"Tunisie : Quatri\u00e8me arrestation d&rsquo;une personne ayant glorifi\u00e9 l&rsquo;attentat de Akouda\"}]},{\"@type\":\"WebSite\",\"@id\":\"https:\/\/kapitalis.com\/tunisie\/#website\",\"url\":\"https:\/\/kapitalis.com\/tunisie\/\",\"name\":\"Kapitalis\",\"description\":\"L&#039;actualit\u00e9 en Tunisie et dans le monde\",\"publisher\":{\"@id\":\"https:\/\/kapitalis.com\/tunisie\/#organization\"},\"potentialAction\":[{\"@type\":\"SearchAction\",\"target\":{\"@type\":\"EntryPoint\",\"urlTemplate\":\"https:\/\/kapitalis.com\/tunisie\/?s={search_term_string}\"},\"query-input\":{\"@type\":\"PropertyValueSpecification\",\"valueRequired\":true,\"valueName\":\"search_term_string\"}}],\"inLanguage\":\"fr-FR\"},{\"@type\":\"Organization\",\"@id\":\"https:\/\/kapitalis.com\/tunisie\/#organization\",\"name\":\"Kapitalis\",\"url\":\"https:\/\/kapitalis.com\/tunisie\/\",\"logo\":{\"@type\":\"ImageObject\",\"inLanguage\":\"fr-FR\",\"@id\":\"https:\/\/kapitalis.com\/tunisie\/#\/schema\/logo\/image\/\",\"url\":\"https:\/\/kapitalis.com\/tunisie\/wp-content\/uploads\/2022\/05\/Kapitalis-big-size.png\",\"contentUrl\":\"https:\/\/kapitalis.com\/tunisie\/wp-content\/uploads\/2022\/05\/Kapitalis-big-size.png\",\"width\":5000,\"height\":1500,\"caption\":\"Kapitalis\"},\"image\":{\"@id\":\"https:\/\/kapitalis.com\/tunisie\/#\/schema\/logo\/image\/\"},\"sameAs\":[\"https:\/\/www.facebook.com\/KapitalisInfo\/\",\"https:\/\/x.com\/KapitalisInfo\",\"https:\/\/www.youtube.com\/channel\/UC-yDYrHyfFBWWZaOw3FPg9Q\"]},{\"@type\":\"Person\",\"@id\":\"https:\/\/kapitalis.com\/tunisie\/#\/schema\/person\/b35b8d631961131107263178aeb8019e\",\"name\":\"Cherif Benyounes\",\"url\":\"https:\/\/kapitalis.com\/tunisie\/author\/cherif\/\"}]}<\/script>\n<!-- \/ Yoast SEO plugin. -->","yoast_head_json":{"title":"Tunisie : Quatri\u00e8me arrestation d'une personne ayant glorifi\u00e9 l'attentat de Akouda - Kapitalis","robots":{"index":"index","follow":"follow","max-snippet":"max-snippet:-1","max-image-preview":"max-image-preview:large","max-video-preview":"max-video-preview:-1"},"canonical":"https:\/\/kapitalis.com\/tunisie\/2020\/09\/08\/tunisie-quatrieme-arrestation-dune-personne-ayant-glorifie-lattentat-de-akouda\/","og_locale":"fr_FR","og_type":"article","og_title":"Tunisie : Quatri\u00e8me arrestation d'une personne ayant glorifi\u00e9 l'attentat de Akouda - Kapitalis","og_description":"Une jeune femme \u00e2g\u00e9e de 20 ans et originaire de Mahdia a \u00e9t\u00e9 arr\u00eat\u00e9e aujourd&rsquo;hui, mardi 8 septembre 2020, pour avoir glorifi\u00e9, via un statut Facebook, l&rsquo;attentat perp\u00e9tr\u00e9 dimanche dernier \u00e0 Akouda (gouvernorat de Sousse) et ayant entra\u00een\u00e9 un d\u00e9c\u00e8s et une blessure chez les policiers attaqu\u00e9s.","og_url":"https:\/\/kapitalis.com\/tunisie\/2020\/09\/08\/tunisie-quatrieme-arrestation-dune-personne-ayant-glorifie-lattentat-de-akouda\/","og_site_name":"Kapitalis","article_publisher":"https:\/\/www.facebook.com\/KapitalisInfo\/","article_published_time":"2020-09-08T14:55:57+00:00","article_modified_time":"2020-09-09T06:10:04+00:00","og_image":[{"url":"http:\/\/kapitalis.com\/tunisie\/wp-content\/uploads\/2016\/03\/Arrestation-femme.jpg","type":"","width":"","height":""}],"author":"Cherif Benyounes","twitter_card":"summary_large_image","twitter_creator":"@KapitalisInfo","twitter_site":"@KapitalisInfo","twitter_misc":{"\u00c9crit par":"Cherif Benyounes","Dur\u00e9e de lecture estim\u00e9e":"1 minute"},"schema":{"@context":"https:\/\/schema.org","@graph":[{"@type":"Article","@id":"https:\/\/kapitalis.com\/tunisie\/2020\/09\/08\/tunisie-quatrieme-arrestation-dune-personne-ayant-glorifie-lattentat-de-akouda\/#article","isPartOf":{"@id":"https:\/\/kapitalis.com\/tunisie\/2020\/09\/08\/tunisie-quatrieme-arrestation-dune-personne-ayant-glorifie-lattentat-de-akouda\/"},"author":{"name":"Cherif Benyounes","@id":"https:\/\/kapitalis.com\/tunisie\/#\/schema\/person\/b35b8d631961131107263178aeb8019e"},"headline":"Tunisie : Quatri\u00e8me arrestation d&rsquo;une personne ayant glorifi\u00e9 l&rsquo;attentat de Akouda","datePublished":"2020-09-08T14:55:57+00:00","dateModified":"2020-09-09T06:10:04+00:00","mainEntityOfPage":{"@id":"https:\/\/kapitalis.com\/tunisie\/2020\/09\/08\/tunisie-quatrieme-arrestation-dune-personne-ayant-glorifie-lattentat-de-akouda\/"},"wordCount":162,"commentCount":3,"publisher":{"@id":"https:\/\/kapitalis.com\/tunisie\/#organization"},"image":{"@id":"https:\/\/kapitalis.com\/tunisie\/2020\/09\/08\/tunisie-quatrieme-arrestation-dune-personne-ayant-glorifie-lattentat-de-akouda\/#primaryimage"},"thumbnailUrl":"http:\/\/kapitalis.com\/tunisie\/wp-content\/uploads\/2016\/03\/Arrestation-femme.jpg","keywords":["Al-Kara","Al-Karama","Attentat de Akouda"],"articleSection":["SOCIETE","Tunisie"],"inLanguage":"fr-FR","potentialAction":[{"@type":"CommentAction","name":"Comment","target":["https:\/\/kapitalis.com\/tunisie\/2020\/09\/08\/tunisie-quatrieme-arrestation-dune-personne-ayant-glorifie-lattentat-de-akouda\/#respond"]}]},{"@type":"WebPage","@id":"https:\/\/kapitalis.com\/tunisie\/2020\/09\/08\/tunisie-quatrieme-arrestation-dune-personne-ayant-glorifie-lattentat-de-akouda\/","url":"https:\/\/kapitalis.com\/tunisie\/2020\/09\/08\/tunisie-quatrieme-arrestation-dune-personne-ayant-glorifie-lattentat-de-akouda\/","name":"Tunisie : Quatri\u00e8me arrestation d'une personne ayant glorifi\u00e9 l'attentat de Akouda - Kapitalis","isPartOf":{"@id":"https:\/\/kapitalis.com\/tunisie\/#website"},"primaryImageOfPage":{"@id":"https:\/\/kapitalis.com\/tunisie\/2020\/09\/08\/tunisie-quatrieme-arrestation-dune-personne-ayant-glorifie-lattentat-de-akouda\/#primaryimage"},"image":{"@id":"https:\/\/kapitalis.com\/tunisie\/2020\/09\/08\/tunisie-quatrieme-arrestation-dune-personne-ayant-glorifie-lattentat-de-akouda\/#primaryimage"},"thumbnailUrl":"http:\/\/kapitalis.com\/tunisie\/wp-content\/uploads\/2016\/03\/Arrestation-femme.jpg","datePublished":"2020-09-08T14:55:57+00:00","dateModified":"2020-09-09T06:10:04+00:00","breadcrumb":{"@id":"https:\/\/kapitalis.com\/tunisie\/2020\/09\/08\/tunisie-quatrieme-arrestation-dune-personne-ayant-glorifie-lattentat-de-akouda\/#breadcrumb"},"inLanguage":"fr-FR","potentialAction":[{"@type":"ReadAction","target":["https:\/\/kapitalis.com\/tunisie\/2020\/09\/08\/tunisie-quatrieme-arrestation-dune-personne-ayant-glorifie-lattentat-de-akouda\/"]}]},{"@type":"ImageObject","inLanguage":"fr-FR","@id":"https:\/\/kapitalis.com\/tunisie\/2020\/09\/08\/tunisie-quatrieme-arrestation-dune-personne-ayant-glorifie-lattentat-de-akouda\/#primaryimage","url":"http:\/\/kapitalis.com\/tunisie\/wp-content\/uploads\/2016\/03\/Arrestation-femme.jpg","contentUrl":"http:\/\/kapitalis.com\/tunisie\/wp-content\/uploads\/2016\/03\/Arrestation-femme.jpg"},{"@type":"BreadcrumbList","@id":"https:\/\/kapitalis.com\/tunisie\/2020\/09\/08\/tunisie-quatrieme-arrestation-dune-personne-ayant-glorifie-lattentat-de-akouda\/#breadcrumb","itemListElement":[{"@type":"ListItem","position":1,"name":"Accueil","item":"https:\/\/kapitalis.com\/tunisie\/"},{"@type":"ListItem","position":2,"name":"Tunisie : Quatri\u00e8me arrestation d&rsquo;une personne ayant glorifi\u00e9 l&rsquo;attentat de Akouda"}]},{"@type":"WebSite","@id":"https:\/\/kapitalis.com\/tunisie\/#website","url":"https:\/\/kapitalis.com\/tunisie\/","name":"Kapitalis","description":"L&#039;actualit\u00e9 en Tunisie et dans le monde","publisher":{"@id":"https:\/\/kapitalis.com\/tunisie\/#organization"},"potentialAction":[{"@type":"SearchAction","target":{"@type":"EntryPoint","urlTemplate":"https:\/\/kapitalis.com\/tunisie\/?s={search_term_string}"},"query-input":{"@type":"PropertyValueSpecification","valueRequired":true,"valueName":"search_term_string"}}],"inLanguage":"fr-FR"},{"@type":"Organization","@id":"https:\/\/kapitalis.com\/tunisie\/#organization","name":"Kapitalis","url":"https:\/\/kapitalis.com\/tunisie\/","logo":{"@type":"ImageObject","inLanguage":"fr-FR","@id":"https:\/\/kapitalis.com\/tunisie\/#\/schema\/logo\/image\/","url":"https:\/\/kapitalis.com\/tunisie\/wp-content\/uploads\/2022\/05\/Kapitalis-big-size.png","contentUrl":"https:\/\/kapitalis.com\/tunisie\/wp-content\/uploads\/2022\/05\/Kapitalis-big-size.png","width":5000,"height":1500,"caption":"Kapitalis"},"image":{"@id":"https:\/\/kapitalis.com\/tunisie\/#\/schema\/logo\/image\/"},"sameAs":["https:\/\/www.facebook.com\/KapitalisInfo\/","https:\/\/x.com\/KapitalisInfo","https:\/\/www.youtube.com\/channel\/UC-yDYrHyfFBWWZaOw3FPg9Q"]},{"@type":"Person","@id":"https:\/\/kapitalis.com\/tunisie\/#\/schema\/person\/b35b8d631961131107263178aeb8019e","name":"Cherif Benyounes","url":"https:\/\/kapitalis.com\/tunisie\/author\/cherif\/"}]}},"_links":{"self":[{"href":"https:\/\/kapitalis.com\/tunisie\/wp-json\/wp\/v2\/posts\/315510","targetHints":{"allow":["GET"]}}],"collection":[{"href":"https:\/\/kapitalis.com\/tunisie\/wp-json\/wp\/v2\/posts"}],"about":[{"href":"https:\/\/kapitalis.com\/tunisie\/wp-json\/wp\/v2\/types\/post"}],"author":[{"embeddable":true,"href":"https:\/\/kapitalis.com\/tunisie\/wp-json\/wp\/v2\/users\/24"}],"replies":[{"embeddable":true,"href":"https:\/\/kapitalis.com\/tunisie\/wp-json\/wp\/v2\/comments?post=315510"}],"version-history":[{"count":0,"href":"https:\/\/kapitalis.com\/tunisie\/wp-json\/wp\/v2\/posts\/315510\/revisions"}],"wp:attachment":[{"href":"https:\/\/kapitalis.com\/tunisie\/wp-json\/wp\/v2\/media?parent=315510"}],"wp:term":[{"taxonomy":"category","embeddable":true,"href":"https:\/\/kapitalis.com\/tunisie\/wp-json\/wp\/v2\/categories?post=315510"},{"taxonomy":"post_tag","embeddable":true,"href":"https:\/\/kapitalis.com\/tunisie\/wp-json\/wp\/v2\/tags?post=315510"}],"curies":[{"name":"wp","href":"https:\/\/api.w.org\/{rel}","templated":true}]}}