{"id":315512,"date":"2020-09-08T15:47:43","date_gmt":"2020-09-08T14:47:43","guid":{"rendered":"http:\/\/kapitalis.com\/tunisie\/?p=315512"},"modified":"2020-09-08T15:47:47","modified_gmt":"2020-09-08T14:47:47","slug":"port-el-kantaoui-abritera-le-1er-cerf-volant-fest-le-8-novmbre-2020","status":"publish","type":"post","link":"https:\/\/kapitalis.com\/tunisie\/2020\/09\/08\/port-el-kantaoui-abritera-le-1er-cerf-volant-fest-le-8-novmbre-2020\/","title":{"rendered":"Port El Kantaoui abritera le 1er Cerf-volant Fest le 8 novmbre 2020"},"content":{"rendered":"\n<figure class=\"wp-block-image size-large\"><img decoding=\"async\" src=\"http:\/\/kapitalis.com\/tunisie\/wp-content\/uploads\/2020\/09\/Cerf-Volant-Fest.jpg\" alt=\"\" class=\"wp-image-315513\"\/><\/figure>\n\n\n\n<p><strong><em>C\u2019est de la station port El Kantaoui, \u00e0 Sousse, la bien nomm\u00e9e Perle du Sahel, que partira, le dimanche 8 novembre 2020, vers les cieux, le plus grand cerf-volant jamais d\u00e9ploy\u00e9 en Afrique.<\/em><\/strong><\/p>\n\n\n\n<!--more-->\n\n\n\n<p>Derri\u00e8re cette initiative, appel\u00e9e Cerf-volant Fest, la F\u00e9d\u00e9ration tunisienne des sports a\u00e9ronautiques et des activit\u00e9s associ\u00e9es (FTSAAA), en collaboration avec l\u2019agence de communication \u00e9v\u00e9nementielle Enjoy It, qui se sont impos\u00e9 le challenge de concevoir, construire et envoyer au ciel le plus grand cerf-volant dans le continent, le tout r\u00e9alis\u00e9 par des Tunisiens.<\/p>\n\n\n\n<p>L\u2019engin volant aura une forme hexagonale, pour 10 m\u00e8tres de diam\u00e8tre et 84,5m2 de superficie totale : un g\u00e9ant qui s\u2019\u00e9l\u00e8vera lentement et transpercera ainsi le ciel de la r\u00e9gion du Sahel.<\/p>\n\n\n\n<p>\u00c0 c\u00f4t\u00e9 du cerf-volant g\u00e9ant, le ciel sera tapiss\u00e9 et d\u00e9cor\u00e9 d\u2019un tas d\u2019engins volants. Monofils, pilotables 2 et 4 lignes, etc., pour offrir aux spectateurs et visiteurs de magnifiques ballets a\u00e9riens au gr\u00e9 du vent dans une ambiance festive et un cadre familial.<\/p>\n\n\n\n<p>Amateurs et professionnels, cervolistes accomplis et passionn\u00e9s ou simple passagers de tout \u00e2ge et de toute r\u00e9gion seront convi\u00e9s donc \u00e0 venir partager cette passion des objets volants et profiter d\u2019un moment inoubliable ! Le programme de la journ\u00e9e sera agr\u00e9ment\u00e9 de diverses animations, notamment des ateliers destin\u00e9s aux juniors.<\/p>\n\n\n\n<p>La FTSAAA esp\u00e8re d\u00e9nicher les talents en herbe dans la discipline de la manipulation du cerf-volant en vue de cr\u00e9er un noyau dur, puis \u00e9ventuellement une \u00e9quipe nationale capable de repr\u00e9senter la Tunisie dans les comp\u00e9titions r\u00e9gionales et internationales.<\/p>\n\n\n\n<p><strong><em>Source<\/em><\/strong> : communiqu\u00e9.<\/p>\n","protected":false},"excerpt":{"rendered":"<p>C\u2019est de la station port El Kantaoui, \u00e0 Sousse, la bien nomm\u00e9e Perle du Sahel, que partira, le dimanche 8 novembre 2020, vers les cieux, le plus grand cerf-volant jamais d\u00e9ploy\u00e9 en Afrique.<\/p>\n","protected":false},"author":8,"featured_media":315513,"comment_status":"open","ping_status":"open","sticky":false,"template":"","format":"standard","meta":{"footnotes":""},"categories":[994,999,2433],"tags":[82503,82504,82505,77153,854],"class_list":["post-315512","post","type-post","status-publish","format-standard","has-post-thumbnail","hentry","category-culture","category-sport","category-tunisie","tag-cerf-volant-fest","tag-federation-tunisienne-des-sports-aeronautiques-et-des-activites-associees","tag-ftsaaa","tag-port-el-kantaoui-2","tag-sousse"],"yoast_head":"<!-- This site is optimized with the Yoast SEO plugin v26.6 - https:\/\/yoast.com\/wordpress\/plugins\/seo\/ -->\n<title>Port El Kantaoui abritera le 1er Cerf-volant Fest le 8 novmbre 2020 - Kapitalis<\/title>\n<meta name=\"robots\" content=\"index, follow, max-snippet:-1, max-image-preview:large, max-video-preview:-1\" \/>\n<link rel=\"canonical\" href=\"https:\/\/kapitalis.com\/tunisie\/2020\/09\/08\/port-el-kantaoui-abritera-le-1er-cerf-volant-fest-le-8-novmbre-2020\/\" \/>\n<meta property=\"og:locale\" content=\"fr_FR\" \/>\n<meta property=\"og:type\" content=\"article\" \/>\n<meta property=\"og:title\" content=\"Port El Kantaoui abritera le 1er Cerf-volant Fest le 8 novmbre 2020 - Kapitalis\" \/>\n<meta property=\"og:description\" content=\"C\u2019est de la station port El Kantaoui, \u00e0 Sousse, la bien nomm\u00e9e Perle du Sahel, que partira, le dimanche 8 novembre 2020, vers les cieux, le plus grand cerf-volant jamais d\u00e9ploy\u00e9 en Afrique.\" \/>\n<meta property=\"og:url\" content=\"https:\/\/kapitalis.com\/tunisie\/2020\/09\/08\/port-el-kantaoui-abritera-le-1er-cerf-volant-fest-le-8-novmbre-2020\/\" \/>\n<meta property=\"og:site_name\" content=\"Kapitalis\" \/>\n<meta property=\"article:publisher\" content=\"https:\/\/www.facebook.com\/KapitalisInfo\/\" \/>\n<meta property=\"article:published_time\" content=\"2020-09-08T14:47:43+00:00\" \/>\n<meta property=\"article:modified_time\" content=\"2020-09-08T14:47:47+00:00\" \/>\n<meta property=\"og:image\" content=\"https:\/\/kapitalis.com\/tunisie\/wp-content\/uploads\/2022\/05\/kapitalis-logo-fb.png\" \/>\n\t<meta property=\"og:image:width\" content=\"1200\" \/>\n\t<meta property=\"og:image:height\" content=\"630\" \/>\n\t<meta property=\"og:image:type\" content=\"image\/png\" \/>\n<meta name=\"author\" content=\"webmaster kapitalis\" \/>\n<meta name=\"twitter:card\" content=\"summary_large_image\" \/>\n<meta name=\"twitter:creator\" content=\"@KapitalisInfo\" \/>\n<meta name=\"twitter:site\" content=\"@KapitalisInfo\" \/>\n<meta name=\"twitter:label1\" content=\"\u00c9crit par\" \/>\n\t<meta name=\"twitter:data1\" content=\"webmaster kapitalis\" \/>\n\t<meta name=\"twitter:label2\" content=\"Dur\u00e9e de lecture estim\u00e9e\" \/>\n\t<meta name=\"twitter:data2\" content=\"1 minute\" \/>\n<script type=\"application\/ld+json\" class=\"yoast-schema-graph\">{\"@context\":\"https:\/\/schema.org\",\"@graph\":[{\"@type\":\"Article\",\"@id\":\"https:\/\/kapitalis.com\/tunisie\/2020\/09\/08\/port-el-kantaoui-abritera-le-1er-cerf-volant-fest-le-8-novmbre-2020\/#article\",\"isPartOf\":{\"@id\":\"https:\/\/kapitalis.com\/tunisie\/2020\/09\/08\/port-el-kantaoui-abritera-le-1er-cerf-volant-fest-le-8-novmbre-2020\/\"},\"author\":{\"name\":\"webmaster kapitalis\",\"@id\":\"https:\/\/kapitalis.com\/tunisie\/#\/schema\/person\/d71f33a9ca44f7bad4698210b480c8e9\"},\"headline\":\"Port El Kantaoui abritera le 1er Cerf-volant Fest le 8 novmbre 2020\",\"datePublished\":\"2020-09-08T14:47:43+00:00\",\"dateModified\":\"2020-09-08T14:47:47+00:00\",\"mainEntityOfPage\":{\"@id\":\"https:\/\/kapitalis.com\/tunisie\/2020\/09\/08\/port-el-kantaoui-abritera-le-1er-cerf-volant-fest-le-8-novmbre-2020\/\"},\"wordCount\":291,\"commentCount\":0,\"publisher\":{\"@id\":\"https:\/\/kapitalis.com\/tunisie\/#organization\"},\"image\":{\"@id\":\"https:\/\/kapitalis.com\/tunisie\/2020\/09\/08\/port-el-kantaoui-abritera-le-1er-cerf-volant-fest-le-8-novmbre-2020\/#primaryimage\"},\"thumbnailUrl\":\"\",\"keywords\":[\"Cerf-volant Fest\",\"F\u00e9d\u00e9ration tunisienne des sports a\u00e9ronautiques et des activit\u00e9s associ\u00e9es\",\"FTSAAA\",\"Port El Kantaoui\",\"Sousse\"],\"articleSection\":[\"CULTURE\",\"SPORT\",\"Tunisie\"],\"inLanguage\":\"fr-FR\",\"potentialAction\":[{\"@type\":\"CommentAction\",\"name\":\"Comment\",\"target\":[\"https:\/\/kapitalis.com\/tunisie\/2020\/09\/08\/port-el-kantaoui-abritera-le-1er-cerf-volant-fest-le-8-novmbre-2020\/#respond\"]}]},{\"@type\":\"WebPage\",\"@id\":\"https:\/\/kapitalis.com\/tunisie\/2020\/09\/08\/port-el-kantaoui-abritera-le-1er-cerf-volant-fest-le-8-novmbre-2020\/\",\"url\":\"https:\/\/kapitalis.com\/tunisie\/2020\/09\/08\/port-el-kantaoui-abritera-le-1er-cerf-volant-fest-le-8-novmbre-2020\/\",\"name\":\"Port El Kantaoui abritera le 1er Cerf-volant Fest le 8 novmbre 2020 - Kapitalis\",\"isPartOf\":{\"@id\":\"https:\/\/kapitalis.com\/tunisie\/#website\"},\"primaryImageOfPage\":{\"@id\":\"https:\/\/kapitalis.com\/tunisie\/2020\/09\/08\/port-el-kantaoui-abritera-le-1er-cerf-volant-fest-le-8-novmbre-2020\/#primaryimage\"},\"image\":{\"@id\":\"https:\/\/kapitalis.com\/tunisie\/2020\/09\/08\/port-el-kantaoui-abritera-le-1er-cerf-volant-fest-le-8-novmbre-2020\/#primaryimage\"},\"thumbnailUrl\":\"\",\"datePublished\":\"2020-09-08T14:47:43+00:00\",\"dateModified\":\"2020-09-08T14:47:47+00:00\",\"breadcrumb\":{\"@id\":\"https:\/\/kapitalis.com\/tunisie\/2020\/09\/08\/port-el-kantaoui-abritera-le-1er-cerf-volant-fest-le-8-novmbre-2020\/#breadcrumb\"},\"inLanguage\":\"fr-FR\",\"potentialAction\":[{\"@type\":\"ReadAction\",\"target\":[\"https:\/\/kapitalis.com\/tunisie\/2020\/09\/08\/port-el-kantaoui-abritera-le-1er-cerf-volant-fest-le-8-novmbre-2020\/\"]}]},{\"@type\":\"ImageObject\",\"inLanguage\":\"fr-FR\",\"@id\":\"https:\/\/kapitalis.com\/tunisie\/2020\/09\/08\/port-el-kantaoui-abritera-le-1er-cerf-volant-fest-le-8-novmbre-2020\/#primaryimage\",\"url\":\"\",\"contentUrl\":\"\"},{\"@type\":\"BreadcrumbList\",\"@id\":\"https:\/\/kapitalis.com\/tunisie\/2020\/09\/08\/port-el-kantaoui-abritera-le-1er-cerf-volant-fest-le-8-novmbre-2020\/#breadcrumb\",\"itemListElement\":[{\"@type\":\"ListItem\",\"position\":1,\"name\":\"Accueil\",\"item\":\"https:\/\/kapitalis.com\/tunisie\/\"},{\"@type\":\"ListItem\",\"position\":2,\"name\":\"Port El Kantaoui abritera le 1er Cerf-volant Fest le 8 novmbre 2020\"}]},{\"@type\":\"WebSite\",\"@id\":\"https:\/\/kapitalis.com\/tunisie\/#website\",\"url\":\"https:\/\/kapitalis.com\/tunisie\/\",\"name\":\"Kapitalis\",\"description\":\"L&#039;actualit\u00e9 en Tunisie et dans le monde\",\"publisher\":{\"@id\":\"https:\/\/kapitalis.com\/tunisie\/#organization\"},\"potentialAction\":[{\"@type\":\"SearchAction\",\"target\":{\"@type\":\"EntryPoint\",\"urlTemplate\":\"https:\/\/kapitalis.com\/tunisie\/?s={search_term_string}\"},\"query-input\":{\"@type\":\"PropertyValueSpecification\",\"valueRequired\":true,\"valueName\":\"search_term_string\"}}],\"inLanguage\":\"fr-FR\"},{\"@type\":\"Organization\",\"@id\":\"https:\/\/kapitalis.com\/tunisie\/#organization\",\"name\":\"Kapitalis\",\"url\":\"https:\/\/kapitalis.com\/tunisie\/\",\"logo\":{\"@type\":\"ImageObject\",\"inLanguage\":\"fr-FR\",\"@id\":\"https:\/\/kapitalis.com\/tunisie\/#\/schema\/logo\/image\/\",\"url\":\"https:\/\/kapitalis.com\/tunisie\/wp-content\/uploads\/2022\/05\/Kapitalis-big-size.png\",\"contentUrl\":\"https:\/\/kapitalis.com\/tunisie\/wp-content\/uploads\/2022\/05\/Kapitalis-big-size.png\",\"width\":5000,\"height\":1500,\"caption\":\"Kapitalis\"},\"image\":{\"@id\":\"https:\/\/kapitalis.com\/tunisie\/#\/schema\/logo\/image\/\"},\"sameAs\":[\"https:\/\/www.facebook.com\/KapitalisInfo\/\",\"https:\/\/x.com\/KapitalisInfo\",\"https:\/\/www.youtube.com\/channel\/UC-yDYrHyfFBWWZaOw3FPg9Q\"]},{\"@type\":\"Person\",\"@id\":\"https:\/\/kapitalis.com\/tunisie\/#\/schema\/person\/d71f33a9ca44f7bad4698210b480c8e9\",\"name\":\"webmaster kapitalis\",\"url\":\"https:\/\/kapitalis.com\/tunisie\/author\/webmaster-kapitalis\/\"}]}<\/script>\n<!-- \/ Yoast SEO plugin. -->","yoast_head_json":{"title":"Port El Kantaoui abritera le 1er Cerf-volant Fest le 8 novmbre 2020 - Kapitalis","robots":{"index":"index","follow":"follow","max-snippet":"max-snippet:-1","max-image-preview":"max-image-preview:large","max-video-preview":"max-video-preview:-1"},"canonical":"https:\/\/kapitalis.com\/tunisie\/2020\/09\/08\/port-el-kantaoui-abritera-le-1er-cerf-volant-fest-le-8-novmbre-2020\/","og_locale":"fr_FR","og_type":"article","og_title":"Port El Kantaoui abritera le 1er Cerf-volant Fest le 8 novmbre 2020 - Kapitalis","og_description":"C\u2019est de la station port El Kantaoui, \u00e0 Sousse, la bien nomm\u00e9e Perle du Sahel, que partira, le dimanche 8 novembre 2020, vers les cieux, le plus grand cerf-volant jamais d\u00e9ploy\u00e9 en Afrique.","og_url":"https:\/\/kapitalis.com\/tunisie\/2020\/09\/08\/port-el-kantaoui-abritera-le-1er-cerf-volant-fest-le-8-novmbre-2020\/","og_site_name":"Kapitalis","article_publisher":"https:\/\/www.facebook.com\/KapitalisInfo\/","article_published_time":"2020-09-08T14:47:43+00:00","article_modified_time":"2020-09-08T14:47:47+00:00","og_image":[{"width":1200,"height":630,"url":"https:\/\/kapitalis.com\/tunisie\/wp-content\/uploads\/2022\/05\/kapitalis-logo-fb.png","type":"image\/png"}],"author":"webmaster kapitalis","twitter_card":"summary_large_image","twitter_creator":"@KapitalisInfo","twitter_site":"@KapitalisInfo","twitter_misc":{"\u00c9crit par":"webmaster kapitalis","Dur\u00e9e de lecture estim\u00e9e":"1 minute"},"schema":{"@context":"https:\/\/schema.org","@graph":[{"@type":"Article","@id":"https:\/\/kapitalis.com\/tunisie\/2020\/09\/08\/port-el-kantaoui-abritera-le-1er-cerf-volant-fest-le-8-novmbre-2020\/#article","isPartOf":{"@id":"https:\/\/kapitalis.com\/tunisie\/2020\/09\/08\/port-el-kantaoui-abritera-le-1er-cerf-volant-fest-le-8-novmbre-2020\/"},"author":{"name":"webmaster kapitalis","@id":"https:\/\/kapitalis.com\/tunisie\/#\/schema\/person\/d71f33a9ca44f7bad4698210b480c8e9"},"headline":"Port El Kantaoui abritera le 1er Cerf-volant Fest le 8 novmbre 2020","datePublished":"2020-09-08T14:47:43+00:00","dateModified":"2020-09-08T14:47:47+00:00","mainEntityOfPage":{"@id":"https:\/\/kapitalis.com\/tunisie\/2020\/09\/08\/port-el-kantaoui-abritera-le-1er-cerf-volant-fest-le-8-novmbre-2020\/"},"wordCount":291,"commentCount":0,"publisher":{"@id":"https:\/\/kapitalis.com\/tunisie\/#organization"},"image":{"@id":"https:\/\/kapitalis.com\/tunisie\/2020\/09\/08\/port-el-kantaoui-abritera-le-1er-cerf-volant-fest-le-8-novmbre-2020\/#primaryimage"},"thumbnailUrl":"","keywords":["Cerf-volant Fest","F\u00e9d\u00e9ration tunisienne des sports a\u00e9ronautiques et des activit\u00e9s associ\u00e9es","FTSAAA","Port El Kantaoui","Sousse"],"articleSection":["CULTURE","SPORT","Tunisie"],"inLanguage":"fr-FR","potentialAction":[{"@type":"CommentAction","name":"Comment","target":["https:\/\/kapitalis.com\/tunisie\/2020\/09\/08\/port-el-kantaoui-abritera-le-1er-cerf-volant-fest-le-8-novmbre-2020\/#respond"]}]},{"@type":"WebPage","@id":"https:\/\/kapitalis.com\/tunisie\/2020\/09\/08\/port-el-kantaoui-abritera-le-1er-cerf-volant-fest-le-8-novmbre-2020\/","url":"https:\/\/kapitalis.com\/tunisie\/2020\/09\/08\/port-el-kantaoui-abritera-le-1er-cerf-volant-fest-le-8-novmbre-2020\/","name":"Port El Kantaoui abritera le 1er Cerf-volant Fest le 8 novmbre 2020 - Kapitalis","isPartOf":{"@id":"https:\/\/kapitalis.com\/tunisie\/#website"},"primaryImageOfPage":{"@id":"https:\/\/kapitalis.com\/tunisie\/2020\/09\/08\/port-el-kantaoui-abritera-le-1er-cerf-volant-fest-le-8-novmbre-2020\/#primaryimage"},"image":{"@id":"https:\/\/kapitalis.com\/tunisie\/2020\/09\/08\/port-el-kantaoui-abritera-le-1er-cerf-volant-fest-le-8-novmbre-2020\/#primaryimage"},"thumbnailUrl":"","datePublished":"2020-09-08T14:47:43+00:00","dateModified":"2020-09-08T14:47:47+00:00","breadcrumb":{"@id":"https:\/\/kapitalis.com\/tunisie\/2020\/09\/08\/port-el-kantaoui-abritera-le-1er-cerf-volant-fest-le-8-novmbre-2020\/#breadcrumb"},"inLanguage":"fr-FR","potentialAction":[{"@type":"ReadAction","target":["https:\/\/kapitalis.com\/tunisie\/2020\/09\/08\/port-el-kantaoui-abritera-le-1er-cerf-volant-fest-le-8-novmbre-2020\/"]}]},{"@type":"ImageObject","inLanguage":"fr-FR","@id":"https:\/\/kapitalis.com\/tunisie\/2020\/09\/08\/port-el-kantaoui-abritera-le-1er-cerf-volant-fest-le-8-novmbre-2020\/#primaryimage","url":"","contentUrl":""},{"@type":"BreadcrumbList","@id":"https:\/\/kapitalis.com\/tunisie\/2020\/09\/08\/port-el-kantaoui-abritera-le-1er-cerf-volant-fest-le-8-novmbre-2020\/#breadcrumb","itemListElement":[{"@type":"ListItem","position":1,"name":"Accueil","item":"https:\/\/kapitalis.com\/tunisie\/"},{"@type":"ListItem","position":2,"name":"Port El Kantaoui abritera le 1er Cerf-volant Fest le 8 novmbre 2020"}]},{"@type":"WebSite","@id":"https:\/\/kapitalis.com\/tunisie\/#website","url":"https:\/\/kapitalis.com\/tunisie\/","name":"Kapitalis","description":"L&#039;actualit\u00e9 en Tunisie et dans le monde","publisher":{"@id":"https:\/\/kapitalis.com\/tunisie\/#organization"},"potentialAction":[{"@type":"SearchAction","target":{"@type":"EntryPoint","urlTemplate":"https:\/\/kapitalis.com\/tunisie\/?s={search_term_string}"},"query-input":{"@type":"PropertyValueSpecification","valueRequired":true,"valueName":"search_term_string"}}],"inLanguage":"fr-FR"},{"@type":"Organization","@id":"https:\/\/kapitalis.com\/tunisie\/#organization","name":"Kapitalis","url":"https:\/\/kapitalis.com\/tunisie\/","logo":{"@type":"ImageObject","inLanguage":"fr-FR","@id":"https:\/\/kapitalis.com\/tunisie\/#\/schema\/logo\/image\/","url":"https:\/\/kapitalis.com\/tunisie\/wp-content\/uploads\/2022\/05\/Kapitalis-big-size.png","contentUrl":"https:\/\/kapitalis.com\/tunisie\/wp-content\/uploads\/2022\/05\/Kapitalis-big-size.png","width":5000,"height":1500,"caption":"Kapitalis"},"image":{"@id":"https:\/\/kapitalis.com\/tunisie\/#\/schema\/logo\/image\/"},"sameAs":["https:\/\/www.facebook.com\/KapitalisInfo\/","https:\/\/x.com\/KapitalisInfo","https:\/\/www.youtube.com\/channel\/UC-yDYrHyfFBWWZaOw3FPg9Q"]},{"@type":"Person","@id":"https:\/\/kapitalis.com\/tunisie\/#\/schema\/person\/d71f33a9ca44f7bad4698210b480c8e9","name":"webmaster kapitalis","url":"https:\/\/kapitalis.com\/tunisie\/author\/webmaster-kapitalis\/"}]}},"_links":{"self":[{"href":"https:\/\/kapitalis.com\/tunisie\/wp-json\/wp\/v2\/posts\/315512","targetHints":{"allow":["GET"]}}],"collection":[{"href":"https:\/\/kapitalis.com\/tunisie\/wp-json\/wp\/v2\/posts"}],"about":[{"href":"https:\/\/kapitalis.com\/tunisie\/wp-json\/wp\/v2\/types\/post"}],"author":[{"embeddable":true,"href":"https:\/\/kapitalis.com\/tunisie\/wp-json\/wp\/v2\/users\/8"}],"replies":[{"embeddable":true,"href":"https:\/\/kapitalis.com\/tunisie\/wp-json\/wp\/v2\/comments?post=315512"}],"version-history":[{"count":0,"href":"https:\/\/kapitalis.com\/tunisie\/wp-json\/wp\/v2\/posts\/315512\/revisions"}],"wp:featuredmedia":[{"embeddable":true,"href":"https:\/\/kapitalis.com\/tunisie\/wp-json\/wp\/v2\/media\/315513"}],"wp:attachment":[{"href":"https:\/\/kapitalis.com\/tunisie\/wp-json\/wp\/v2\/media?parent=315512"}],"wp:term":[{"taxonomy":"category","embeddable":true,"href":"https:\/\/kapitalis.com\/tunisie\/wp-json\/wp\/v2\/categories?post=315512"},{"taxonomy":"post_tag","embeddable":true,"href":"https:\/\/kapitalis.com\/tunisie\/wp-json\/wp\/v2\/tags?post=315512"}],"curies":[{"name":"wp","href":"https:\/\/api.w.org\/{rel}","templated":true}]}}