{"id":316119,"date":"2020-09-13T03:37:07","date_gmt":"2020-09-13T02:37:07","guid":{"rendered":"http:\/\/kapitalis.com\/tunisie\/?p=316119"},"modified":"2020-09-13T07:49:36","modified_gmt":"2020-09-13T06:49:36","slug":"douar-hicher-le-maire-participe-a-lenterrement-dun-homme-decede-du-coronavirus-et-appelle-a-la-vigilance","status":"publish","type":"post","link":"https:\/\/kapitalis.com\/tunisie\/2020\/09\/13\/douar-hicher-le-maire-participe-a-lenterrement-dun-homme-decede-du-coronavirus-et-appelle-a-la-vigilance\/","title":{"rendered":"Douar Hicher : Le maire participe \u00e0 l&rsquo;enterrement d&rsquo;un homme d\u00e9c\u00e9d\u00e9 du coronavirus et appelle \u00e0 la vigilance"},"content":{"rendered":"\n<figure class=\"wp-block-image size-large\"><img decoding=\"async\" src=\"http:\/\/kapitalis.com\/tunisie\/wp-content\/uploads\/2020\/09\/Douar-Hicher-enterrement-Covid19-corona.jpg\" alt=\"\" class=\"wp-image-316121\"\/><\/figure>\n\n\n\n<p><strong><em>La mairie de Douar Hicher (Manouba) a annonc\u00e9 dans la soir\u00e9e de ce samedi 12 septembre 2020, que l&rsquo;homme d\u00e9c\u00e9d\u00e9 du coronavirus a \u00e9t\u00e9 enterr\u00e9 au cimeti\u00e8re Sidi Bouchoucha \u00e0 Jebel Ammar. Il a \u00e9t\u00e9 accompagn\u00e9 \u00e0 sa derni\u00e8re demeure par des responsables locaux, notamment le maire Mokhtar Gharbi qui a appel\u00e9 les habitants \u00e0 la vigilance et au respect des mesures sanitaires.<\/em><\/strong><\/p>\n\n\n\n<!--more-->\n\n\n\n<p>Dans un communiqu\u00e9, la mairie a pr\u00e9sent\u00e9 ses condol\u00e9ances \u00e0 la famille du d\u00e9funt en pr\u00e9cisant que ce dernier a \u00e9t\u00e9 enterr\u00e9 conform\u00e9ment aux dispositions du protocole sanitaire, par l&rsquo;\u00e9quipe d\u00e9di\u00e9e de la municipalit\u00e9 et ce en pr\u00e9sence du maire, du conseiller municipal Akil Yatim, ainsi que du d\u00e9l\u00e9gu\u00e9 de Douar Hicher, un repr\u00e9sentant de la direction r\u00e9gionale de la Sant\u00e9 de la Manouba et des agents de la commune.<\/p>\n\n\n\n<p>Mokhtar Gharbi a appel\u00e9 les habitants \u00e0 se conformer aux mesures sanitaires, notamment le port du masque, la distanciation physique et \u00e0 \u00e9viter les rassemblements pour faire face \u00e0 la propagation de la pand\u00e9mie.<\/p>\n\n\n\n<p>Rappelons que l&rsquo;homme de 63 ans, qui souffrait de maladies chroniques, avait \u00e9t\u00e9 admis en r\u00e9animation \u00e0 l&rsquo;h\u00f4pital Abderrahmen Mami de l&rsquo;Ariana, o\u00f9 il est d\u00e9c\u00e9d\u00e9 samedi matin.<\/p>\n\n\n\n<p>Vingt personnes qui \u00e9taient en contact direct avec lui, notamment des membres de sa famille, ont \u00e9t\u00e9 plac\u00e9s \u00e0 l&rsquo;isolement et soumis aux tests de d\u00e9pistage.<\/p>\n\n\n\n<p>Notons que le nombre de cas enregistr\u00e9s \u00e0 ce jour, \u00e0 Douar Hicher, est pass\u00e9 \u00e0 10 sur les 76 que compte le gouvernorat de la Manouba depuis l&rsquo;apparition de la pand\u00e9mie, en mars dernier.<\/p>\n\n\n\n<p class=\"has-text-align-right\"><strong>Y. N.<\/strong><\/p>\n","protected":false},"excerpt":{"rendered":"<p>La mairie de Douar Hicher (Manouba) a annonc\u00e9 dans la soir\u00e9e de ce samedi 12 septembre 2020, que l&rsquo;homme d\u00e9c\u00e9d\u00e9 du coronavirus a \u00e9t\u00e9 enterr\u00e9 au cimeti\u00e8re Sidi Bouchoucha \u00e0 Jebel Ammar. Il a \u00e9t\u00e9 accompagn\u00e9 \u00e0 sa derni\u00e8re demeure par des responsables locaux, notamment le maire Mokhtar Gharbi qui a appel\u00e9 les habitants \u00e0&#8230;<\/p>\n","protected":false},"author":6,"featured_media":316121,"comment_status":"open","ping_status":"open","sticky":false,"template":"","format":"standard","meta":{"footnotes":""},"categories":[998,2433],"tags":[82633,73060,82634,82632,571,77360,79467],"class_list":["post-316119","post","type-post","status-publish","format-standard","has-post-thumbnail","hentry","category-societe","category-tunisie","tag-cimetiere-sidi-bouchoucha","tag-coronavirus","tag-jebel-ammar","tag-mairie-douar-hicher","tag-manouba","tag-mokhtar-gharbi","tag-protocole-sanitaire"],"yoast_head":"<!-- This site is optimized with the Yoast SEO plugin v26.6 - https:\/\/yoast.com\/wordpress\/plugins\/seo\/ -->\n<title>Douar Hicher : Le maire participe \u00e0 l&#039;enterrement d&#039;un homme d\u00e9c\u00e9d\u00e9 du coronavirus et appelle \u00e0 la vigilance - Kapitalis<\/title>\n<meta name=\"robots\" content=\"index, follow, max-snippet:-1, max-image-preview:large, max-video-preview:-1\" \/>\n<link rel=\"canonical\" href=\"https:\/\/kapitalis.com\/tunisie\/2020\/09\/13\/douar-hicher-le-maire-participe-a-lenterrement-dun-homme-decede-du-coronavirus-et-appelle-a-la-vigilance\/\" \/>\n<meta property=\"og:locale\" content=\"fr_FR\" \/>\n<meta property=\"og:type\" content=\"article\" \/>\n<meta property=\"og:title\" content=\"Douar Hicher : Le maire participe \u00e0 l&#039;enterrement d&#039;un homme d\u00e9c\u00e9d\u00e9 du coronavirus et appelle \u00e0 la vigilance - Kapitalis\" \/>\n<meta property=\"og:description\" content=\"La mairie de Douar Hicher (Manouba) a annonc\u00e9 dans la soir\u00e9e de ce samedi 12 septembre 2020, que l&rsquo;homme d\u00e9c\u00e9d\u00e9 du coronavirus a \u00e9t\u00e9 enterr\u00e9 au cimeti\u00e8re Sidi Bouchoucha \u00e0 Jebel Ammar. Il a \u00e9t\u00e9 accompagn\u00e9 \u00e0 sa derni\u00e8re demeure par des responsables locaux, notamment le maire Mokhtar Gharbi qui a appel\u00e9 les habitants \u00e0...\" \/>\n<meta property=\"og:url\" content=\"https:\/\/kapitalis.com\/tunisie\/2020\/09\/13\/douar-hicher-le-maire-participe-a-lenterrement-dun-homme-decede-du-coronavirus-et-appelle-a-la-vigilance\/\" \/>\n<meta property=\"og:site_name\" content=\"Kapitalis\" \/>\n<meta property=\"article:publisher\" content=\"https:\/\/www.facebook.com\/KapitalisInfo\/\" \/>\n<meta property=\"article:published_time\" content=\"2020-09-13T02:37:07+00:00\" \/>\n<meta property=\"article:modified_time\" content=\"2020-09-13T06:49:36+00:00\" \/>\n<meta property=\"og:image\" content=\"https:\/\/kapitalis.com\/tunisie\/wp-content\/uploads\/2022\/05\/kapitalis-logo-fb.png\" \/>\n\t<meta property=\"og:image:width\" content=\"1200\" \/>\n\t<meta property=\"og:image:height\" content=\"630\" \/>\n\t<meta property=\"og:image:type\" content=\"image\/png\" \/>\n<meta name=\"author\" content=\"Yusra NY\" \/>\n<meta name=\"twitter:card\" content=\"summary_large_image\" \/>\n<meta name=\"twitter:creator\" content=\"@KapitalisInfo\" \/>\n<meta name=\"twitter:site\" content=\"@KapitalisInfo\" \/>\n<meta name=\"twitter:label1\" content=\"\u00c9crit par\" \/>\n\t<meta name=\"twitter:data1\" content=\"Yusra NY\" \/>\n\t<meta name=\"twitter:label2\" content=\"Dur\u00e9e de lecture estim\u00e9e\" \/>\n\t<meta name=\"twitter:data2\" content=\"1 minute\" \/>\n<script type=\"application\/ld+json\" class=\"yoast-schema-graph\">{\"@context\":\"https:\/\/schema.org\",\"@graph\":[{\"@type\":\"Article\",\"@id\":\"https:\/\/kapitalis.com\/tunisie\/2020\/09\/13\/douar-hicher-le-maire-participe-a-lenterrement-dun-homme-decede-du-coronavirus-et-appelle-a-la-vigilance\/#article\",\"isPartOf\":{\"@id\":\"https:\/\/kapitalis.com\/tunisie\/2020\/09\/13\/douar-hicher-le-maire-participe-a-lenterrement-dun-homme-decede-du-coronavirus-et-appelle-a-la-vigilance\/\"},\"author\":{\"name\":\"Yusra NY\",\"@id\":\"https:\/\/kapitalis.com\/tunisie\/#\/schema\/person\/74bbde0154d49d790a92aaeac5bc01d5\"},\"headline\":\"Douar Hicher : Le maire participe \u00e0 l&rsquo;enterrement d&rsquo;un homme d\u00e9c\u00e9d\u00e9 du coronavirus et appelle \u00e0 la vigilance\",\"datePublished\":\"2020-09-13T02:37:07+00:00\",\"dateModified\":\"2020-09-13T06:49:36+00:00\",\"mainEntityOfPage\":{\"@id\":\"https:\/\/kapitalis.com\/tunisie\/2020\/09\/13\/douar-hicher-le-maire-participe-a-lenterrement-dun-homme-decede-du-coronavirus-et-appelle-a-la-vigilance\/\"},\"wordCount\":285,\"commentCount\":0,\"publisher\":{\"@id\":\"https:\/\/kapitalis.com\/tunisie\/#organization\"},\"image\":{\"@id\":\"https:\/\/kapitalis.com\/tunisie\/2020\/09\/13\/douar-hicher-le-maire-participe-a-lenterrement-dun-homme-decede-du-coronavirus-et-appelle-a-la-vigilance\/#primaryimage\"},\"thumbnailUrl\":\"\",\"keywords\":[\"cimeti\u00e8re Sidi Bouchoucha\",\"Coronavirus\",\"Jebel Ammar\",\"mairie Douar Hicher\",\"Manouba\",\"mokhtar gharbi\",\"protocole sanitaire\"],\"articleSection\":[\"SOCIETE\",\"Tunisie\"],\"inLanguage\":\"fr-FR\",\"potentialAction\":[{\"@type\":\"CommentAction\",\"name\":\"Comment\",\"target\":[\"https:\/\/kapitalis.com\/tunisie\/2020\/09\/13\/douar-hicher-le-maire-participe-a-lenterrement-dun-homme-decede-du-coronavirus-et-appelle-a-la-vigilance\/#respond\"]}]},{\"@type\":\"WebPage\",\"@id\":\"https:\/\/kapitalis.com\/tunisie\/2020\/09\/13\/douar-hicher-le-maire-participe-a-lenterrement-dun-homme-decede-du-coronavirus-et-appelle-a-la-vigilance\/\",\"url\":\"https:\/\/kapitalis.com\/tunisie\/2020\/09\/13\/douar-hicher-le-maire-participe-a-lenterrement-dun-homme-decede-du-coronavirus-et-appelle-a-la-vigilance\/\",\"name\":\"Douar Hicher : Le maire participe \u00e0 l'enterrement d'un homme d\u00e9c\u00e9d\u00e9 du coronavirus et appelle \u00e0 la vigilance - Kapitalis\",\"isPartOf\":{\"@id\":\"https:\/\/kapitalis.com\/tunisie\/#website\"},\"primaryImageOfPage\":{\"@id\":\"https:\/\/kapitalis.com\/tunisie\/2020\/09\/13\/douar-hicher-le-maire-participe-a-lenterrement-dun-homme-decede-du-coronavirus-et-appelle-a-la-vigilance\/#primaryimage\"},\"image\":{\"@id\":\"https:\/\/kapitalis.com\/tunisie\/2020\/09\/13\/douar-hicher-le-maire-participe-a-lenterrement-dun-homme-decede-du-coronavirus-et-appelle-a-la-vigilance\/#primaryimage\"},\"thumbnailUrl\":\"\",\"datePublished\":\"2020-09-13T02:37:07+00:00\",\"dateModified\":\"2020-09-13T06:49:36+00:00\",\"breadcrumb\":{\"@id\":\"https:\/\/kapitalis.com\/tunisie\/2020\/09\/13\/douar-hicher-le-maire-participe-a-lenterrement-dun-homme-decede-du-coronavirus-et-appelle-a-la-vigilance\/#breadcrumb\"},\"inLanguage\":\"fr-FR\",\"potentialAction\":[{\"@type\":\"ReadAction\",\"target\":[\"https:\/\/kapitalis.com\/tunisie\/2020\/09\/13\/douar-hicher-le-maire-participe-a-lenterrement-dun-homme-decede-du-coronavirus-et-appelle-a-la-vigilance\/\"]}]},{\"@type\":\"ImageObject\",\"inLanguage\":\"fr-FR\",\"@id\":\"https:\/\/kapitalis.com\/tunisie\/2020\/09\/13\/douar-hicher-le-maire-participe-a-lenterrement-dun-homme-decede-du-coronavirus-et-appelle-a-la-vigilance\/#primaryimage\",\"url\":\"\",\"contentUrl\":\"\"},{\"@type\":\"BreadcrumbList\",\"@id\":\"https:\/\/kapitalis.com\/tunisie\/2020\/09\/13\/douar-hicher-le-maire-participe-a-lenterrement-dun-homme-decede-du-coronavirus-et-appelle-a-la-vigilance\/#breadcrumb\",\"itemListElement\":[{\"@type\":\"ListItem\",\"position\":1,\"name\":\"Accueil\",\"item\":\"https:\/\/kapitalis.com\/tunisie\/\"},{\"@type\":\"ListItem\",\"position\":2,\"name\":\"Douar Hicher : Le maire participe \u00e0 l&rsquo;enterrement d&rsquo;un homme d\u00e9c\u00e9d\u00e9 du coronavirus et appelle \u00e0 la vigilance\"}]},{\"@type\":\"WebSite\",\"@id\":\"https:\/\/kapitalis.com\/tunisie\/#website\",\"url\":\"https:\/\/kapitalis.com\/tunisie\/\",\"name\":\"Kapitalis\",\"description\":\"L&#039;actualit\u00e9 en Tunisie et dans le monde\",\"publisher\":{\"@id\":\"https:\/\/kapitalis.com\/tunisie\/#organization\"},\"potentialAction\":[{\"@type\":\"SearchAction\",\"target\":{\"@type\":\"EntryPoint\",\"urlTemplate\":\"https:\/\/kapitalis.com\/tunisie\/?s={search_term_string}\"},\"query-input\":{\"@type\":\"PropertyValueSpecification\",\"valueRequired\":true,\"valueName\":\"search_term_string\"}}],\"inLanguage\":\"fr-FR\"},{\"@type\":\"Organization\",\"@id\":\"https:\/\/kapitalis.com\/tunisie\/#organization\",\"name\":\"Kapitalis\",\"url\":\"https:\/\/kapitalis.com\/tunisie\/\",\"logo\":{\"@type\":\"ImageObject\",\"inLanguage\":\"fr-FR\",\"@id\":\"https:\/\/kapitalis.com\/tunisie\/#\/schema\/logo\/image\/\",\"url\":\"https:\/\/kapitalis.com\/tunisie\/wp-content\/uploads\/2022\/05\/Kapitalis-big-size.png\",\"contentUrl\":\"https:\/\/kapitalis.com\/tunisie\/wp-content\/uploads\/2022\/05\/Kapitalis-big-size.png\",\"width\":5000,\"height\":1500,\"caption\":\"Kapitalis\"},\"image\":{\"@id\":\"https:\/\/kapitalis.com\/tunisie\/#\/schema\/logo\/image\/\"},\"sameAs\":[\"https:\/\/www.facebook.com\/KapitalisInfo\/\",\"https:\/\/x.com\/KapitalisInfo\",\"https:\/\/www.youtube.com\/channel\/UC-yDYrHyfFBWWZaOw3FPg9Q\"]},{\"@type\":\"Person\",\"@id\":\"https:\/\/kapitalis.com\/tunisie\/#\/schema\/person\/74bbde0154d49d790a92aaeac5bc01d5\",\"name\":\"Yusra NY\",\"url\":\"https:\/\/kapitalis.com\/tunisie\/author\/yuza_adam\/\"}]}<\/script>\n<!-- \/ Yoast SEO plugin. -->","yoast_head_json":{"title":"Douar Hicher : Le maire participe \u00e0 l'enterrement d'un homme d\u00e9c\u00e9d\u00e9 du coronavirus et appelle \u00e0 la vigilance - Kapitalis","robots":{"index":"index","follow":"follow","max-snippet":"max-snippet:-1","max-image-preview":"max-image-preview:large","max-video-preview":"max-video-preview:-1"},"canonical":"https:\/\/kapitalis.com\/tunisie\/2020\/09\/13\/douar-hicher-le-maire-participe-a-lenterrement-dun-homme-decede-du-coronavirus-et-appelle-a-la-vigilance\/","og_locale":"fr_FR","og_type":"article","og_title":"Douar Hicher : Le maire participe \u00e0 l'enterrement d'un homme d\u00e9c\u00e9d\u00e9 du coronavirus et appelle \u00e0 la vigilance - Kapitalis","og_description":"La mairie de Douar Hicher (Manouba) a annonc\u00e9 dans la soir\u00e9e de ce samedi 12 septembre 2020, que l&rsquo;homme d\u00e9c\u00e9d\u00e9 du coronavirus a \u00e9t\u00e9 enterr\u00e9 au cimeti\u00e8re Sidi Bouchoucha \u00e0 Jebel Ammar. Il a \u00e9t\u00e9 accompagn\u00e9 \u00e0 sa derni\u00e8re demeure par des responsables locaux, notamment le maire Mokhtar Gharbi qui a appel\u00e9 les habitants \u00e0...","og_url":"https:\/\/kapitalis.com\/tunisie\/2020\/09\/13\/douar-hicher-le-maire-participe-a-lenterrement-dun-homme-decede-du-coronavirus-et-appelle-a-la-vigilance\/","og_site_name":"Kapitalis","article_publisher":"https:\/\/www.facebook.com\/KapitalisInfo\/","article_published_time":"2020-09-13T02:37:07+00:00","article_modified_time":"2020-09-13T06:49:36+00:00","og_image":[{"width":1200,"height":630,"url":"https:\/\/kapitalis.com\/tunisie\/wp-content\/uploads\/2022\/05\/kapitalis-logo-fb.png","type":"image\/png"}],"author":"Yusra NY","twitter_card":"summary_large_image","twitter_creator":"@KapitalisInfo","twitter_site":"@KapitalisInfo","twitter_misc":{"\u00c9crit par":"Yusra NY","Dur\u00e9e de lecture estim\u00e9e":"1 minute"},"schema":{"@context":"https:\/\/schema.org","@graph":[{"@type":"Article","@id":"https:\/\/kapitalis.com\/tunisie\/2020\/09\/13\/douar-hicher-le-maire-participe-a-lenterrement-dun-homme-decede-du-coronavirus-et-appelle-a-la-vigilance\/#article","isPartOf":{"@id":"https:\/\/kapitalis.com\/tunisie\/2020\/09\/13\/douar-hicher-le-maire-participe-a-lenterrement-dun-homme-decede-du-coronavirus-et-appelle-a-la-vigilance\/"},"author":{"name":"Yusra NY","@id":"https:\/\/kapitalis.com\/tunisie\/#\/schema\/person\/74bbde0154d49d790a92aaeac5bc01d5"},"headline":"Douar Hicher : Le maire participe \u00e0 l&rsquo;enterrement d&rsquo;un homme d\u00e9c\u00e9d\u00e9 du coronavirus et appelle \u00e0 la vigilance","datePublished":"2020-09-13T02:37:07+00:00","dateModified":"2020-09-13T06:49:36+00:00","mainEntityOfPage":{"@id":"https:\/\/kapitalis.com\/tunisie\/2020\/09\/13\/douar-hicher-le-maire-participe-a-lenterrement-dun-homme-decede-du-coronavirus-et-appelle-a-la-vigilance\/"},"wordCount":285,"commentCount":0,"publisher":{"@id":"https:\/\/kapitalis.com\/tunisie\/#organization"},"image":{"@id":"https:\/\/kapitalis.com\/tunisie\/2020\/09\/13\/douar-hicher-le-maire-participe-a-lenterrement-dun-homme-decede-du-coronavirus-et-appelle-a-la-vigilance\/#primaryimage"},"thumbnailUrl":"","keywords":["cimeti\u00e8re Sidi Bouchoucha","Coronavirus","Jebel Ammar","mairie Douar Hicher","Manouba","mokhtar gharbi","protocole sanitaire"],"articleSection":["SOCIETE","Tunisie"],"inLanguage":"fr-FR","potentialAction":[{"@type":"CommentAction","name":"Comment","target":["https:\/\/kapitalis.com\/tunisie\/2020\/09\/13\/douar-hicher-le-maire-participe-a-lenterrement-dun-homme-decede-du-coronavirus-et-appelle-a-la-vigilance\/#respond"]}]},{"@type":"WebPage","@id":"https:\/\/kapitalis.com\/tunisie\/2020\/09\/13\/douar-hicher-le-maire-participe-a-lenterrement-dun-homme-decede-du-coronavirus-et-appelle-a-la-vigilance\/","url":"https:\/\/kapitalis.com\/tunisie\/2020\/09\/13\/douar-hicher-le-maire-participe-a-lenterrement-dun-homme-decede-du-coronavirus-et-appelle-a-la-vigilance\/","name":"Douar Hicher : Le maire participe \u00e0 l'enterrement d'un homme d\u00e9c\u00e9d\u00e9 du coronavirus et appelle \u00e0 la vigilance - Kapitalis","isPartOf":{"@id":"https:\/\/kapitalis.com\/tunisie\/#website"},"primaryImageOfPage":{"@id":"https:\/\/kapitalis.com\/tunisie\/2020\/09\/13\/douar-hicher-le-maire-participe-a-lenterrement-dun-homme-decede-du-coronavirus-et-appelle-a-la-vigilance\/#primaryimage"},"image":{"@id":"https:\/\/kapitalis.com\/tunisie\/2020\/09\/13\/douar-hicher-le-maire-participe-a-lenterrement-dun-homme-decede-du-coronavirus-et-appelle-a-la-vigilance\/#primaryimage"},"thumbnailUrl":"","datePublished":"2020-09-13T02:37:07+00:00","dateModified":"2020-09-13T06:49:36+00:00","breadcrumb":{"@id":"https:\/\/kapitalis.com\/tunisie\/2020\/09\/13\/douar-hicher-le-maire-participe-a-lenterrement-dun-homme-decede-du-coronavirus-et-appelle-a-la-vigilance\/#breadcrumb"},"inLanguage":"fr-FR","potentialAction":[{"@type":"ReadAction","target":["https:\/\/kapitalis.com\/tunisie\/2020\/09\/13\/douar-hicher-le-maire-participe-a-lenterrement-dun-homme-decede-du-coronavirus-et-appelle-a-la-vigilance\/"]}]},{"@type":"ImageObject","inLanguage":"fr-FR","@id":"https:\/\/kapitalis.com\/tunisie\/2020\/09\/13\/douar-hicher-le-maire-participe-a-lenterrement-dun-homme-decede-du-coronavirus-et-appelle-a-la-vigilance\/#primaryimage","url":"","contentUrl":""},{"@type":"BreadcrumbList","@id":"https:\/\/kapitalis.com\/tunisie\/2020\/09\/13\/douar-hicher-le-maire-participe-a-lenterrement-dun-homme-decede-du-coronavirus-et-appelle-a-la-vigilance\/#breadcrumb","itemListElement":[{"@type":"ListItem","position":1,"name":"Accueil","item":"https:\/\/kapitalis.com\/tunisie\/"},{"@type":"ListItem","position":2,"name":"Douar Hicher : Le maire participe \u00e0 l&rsquo;enterrement d&rsquo;un homme d\u00e9c\u00e9d\u00e9 du coronavirus et appelle \u00e0 la vigilance"}]},{"@type":"WebSite","@id":"https:\/\/kapitalis.com\/tunisie\/#website","url":"https:\/\/kapitalis.com\/tunisie\/","name":"Kapitalis","description":"L&#039;actualit\u00e9 en Tunisie et dans le monde","publisher":{"@id":"https:\/\/kapitalis.com\/tunisie\/#organization"},"potentialAction":[{"@type":"SearchAction","target":{"@type":"EntryPoint","urlTemplate":"https:\/\/kapitalis.com\/tunisie\/?s={search_term_string}"},"query-input":{"@type":"PropertyValueSpecification","valueRequired":true,"valueName":"search_term_string"}}],"inLanguage":"fr-FR"},{"@type":"Organization","@id":"https:\/\/kapitalis.com\/tunisie\/#organization","name":"Kapitalis","url":"https:\/\/kapitalis.com\/tunisie\/","logo":{"@type":"ImageObject","inLanguage":"fr-FR","@id":"https:\/\/kapitalis.com\/tunisie\/#\/schema\/logo\/image\/","url":"https:\/\/kapitalis.com\/tunisie\/wp-content\/uploads\/2022\/05\/Kapitalis-big-size.png","contentUrl":"https:\/\/kapitalis.com\/tunisie\/wp-content\/uploads\/2022\/05\/Kapitalis-big-size.png","width":5000,"height":1500,"caption":"Kapitalis"},"image":{"@id":"https:\/\/kapitalis.com\/tunisie\/#\/schema\/logo\/image\/"},"sameAs":["https:\/\/www.facebook.com\/KapitalisInfo\/","https:\/\/x.com\/KapitalisInfo","https:\/\/www.youtube.com\/channel\/UC-yDYrHyfFBWWZaOw3FPg9Q"]},{"@type":"Person","@id":"https:\/\/kapitalis.com\/tunisie\/#\/schema\/person\/74bbde0154d49d790a92aaeac5bc01d5","name":"Yusra NY","url":"https:\/\/kapitalis.com\/tunisie\/author\/yuza_adam\/"}]}},"_links":{"self":[{"href":"https:\/\/kapitalis.com\/tunisie\/wp-json\/wp\/v2\/posts\/316119","targetHints":{"allow":["GET"]}}],"collection":[{"href":"https:\/\/kapitalis.com\/tunisie\/wp-json\/wp\/v2\/posts"}],"about":[{"href":"https:\/\/kapitalis.com\/tunisie\/wp-json\/wp\/v2\/types\/post"}],"author":[{"embeddable":true,"href":"https:\/\/kapitalis.com\/tunisie\/wp-json\/wp\/v2\/users\/6"}],"replies":[{"embeddable":true,"href":"https:\/\/kapitalis.com\/tunisie\/wp-json\/wp\/v2\/comments?post=316119"}],"version-history":[{"count":0,"href":"https:\/\/kapitalis.com\/tunisie\/wp-json\/wp\/v2\/posts\/316119\/revisions"}],"wp:featuredmedia":[{"embeddable":true,"href":"https:\/\/kapitalis.com\/tunisie\/wp-json\/wp\/v2\/media\/316121"}],"wp:attachment":[{"href":"https:\/\/kapitalis.com\/tunisie\/wp-json\/wp\/v2\/media?parent=316119"}],"wp:term":[{"taxonomy":"category","embeddable":true,"href":"https:\/\/kapitalis.com\/tunisie\/wp-json\/wp\/v2\/categories?post=316119"},{"taxonomy":"post_tag","embeddable":true,"href":"https:\/\/kapitalis.com\/tunisie\/wp-json\/wp\/v2\/tags?post=316119"}],"curies":[{"name":"wp","href":"https:\/\/api.w.org\/{rel}","templated":true}]}}