{"id":316153,"date":"2020-09-13T10:00:14","date_gmt":"2020-09-13T09:00:14","guid":{"rendered":"http:\/\/kapitalis.com\/tunisie\/?p=316153"},"modified":"2020-09-13T10:00:18","modified_gmt":"2020-09-13T09:00:18","slug":"environnement-pour-la-proclamation-de-gabes-zone-sinistree","status":"publish","type":"post","link":"https:\/\/kapitalis.com\/tunisie\/2020\/09\/13\/environnement-pour-la-proclamation-de-gabes-zone-sinistree\/","title":{"rendered":"Environnement : Pour la proclamation de Gab\u00e8s zone sinistr\u00e9e ?"},"content":{"rendered":"\n<figure class=\"wp-block-image size-large\"><img decoding=\"async\" src=\"http:\/\/kapitalis.com\/tunisie\/wp-content\/uploads\/2020\/09\/Gabes-Mehrez-Hamrouni.jpg\" alt=\"\" class=\"wp-image-316154\"\/><\/figure>\n\n\n\n<p><strong><em>Mehrez Hamrouni, ancien marin devenu par la force des choses militant \u00e9cologiste de Chatt Essalem, fait un parcours de 1000 Kms en moto pour rencontrer le pr\u00e9sident de la r\u00e9publique et le sensibiliser \u00e0 la cause de la pollution industrielle dans le golfe de Gab\u00e8s.<\/em><\/strong><\/p>\n\n\n\n<!--more-->\n\n\n\n<p>Mehrez Hamrouni est le symbole de la lutte sociale et environnementale dans sa r\u00e9gion, Chatt Essalem de Gab\u00e8s. Il a adopt\u00e9 la cause de sa communaut\u00e9 depuis des ann\u00e9es et d\u00e9fend quotidiennement le droit de vivre dans un environnement sain et exempt de toute pollution industrielle et chimique. Pour lui et sa communaut\u00e9, la constitution tunisienne leur procure ce droit. Cependant, le d\u00e9sastre environnemental de la r\u00e9gion est caus\u00e9 principalement par les unit\u00e9s industrielles du Groupe chimique tunisien (GCT), une entreprise publique qui d\u00e9verse quotidiennement \u00e0 la mer pr\u00e8s de 13.000 tonnes de phosphogypse provenant de l\u2019acide phosphorique, outre les \u00e9manations gazi\u00e8res dangereuses pour la sant\u00e9 \u00e0 l\u2019instar du dioxyde de soufre et du fluor, l\u2019utilisation intensive de la nappe phr\u00e9atique ou la fum\u00e9e toxique qui se propage en nuages dans le ciel.<\/p>\n\n\n\n<p>La population de Gab\u00e8s a presque perdu espoir, apr\u00e8s des dizaines d\u2019ann\u00e9es de protestations et de revendications. Mais Mehrez Hamrouni, le militant \u00e9cologiste, ancien p\u00eacheur et activiste de la soci\u00e9t\u00e9 civile, n\u2019a pas perdu espoir, m\u00eame s\u2019il a perdu ses sources de revenus \u00e9manant de la p\u00eache locale ou l\u2019\u00e9quilibre de son \u00e9cosyst\u00e8me naturel. <\/p>\n\n\n\n<p>Plusieurs maladies chroniques ou dues \u00e0 des agents canc\u00e9rog\u00e8nes se sont d\u00e9j\u00e0 manifest\u00e9es aupr\u00e8s des populations locales, sans acc\u00e8s \u00e0 des statistiques fiables ou \u00e9tudes liant les causes des maladies et des d\u00e9c\u00e8s aux effets n\u00e9fastes de la pollution chimique.<\/p>\n\n\n\n<p>Mehrez Hamrouni a choisi de porter un message urgent de sa communaut\u00e9, celui de d\u00e9clarer Gab\u00e8s une zone sinistr\u00e9e, aux trois pr\u00e9sidents (pr\u00e9sident de la r\u00e9publique, pr\u00e9sident du gouvernement et pr\u00e9sident de l\u2019Assembl\u00e9e des repr\u00e9sentants du peuple). Il a choisi de parcourir, symboliquement sur sa moto, 1000 km de Gab\u00e8s \u00e0 la capitale Tunis, afin de rencontrer les officiels dans leurs palais.<\/p>\n\n\n\n<p>R\u00e9ussira-t-il dans sa mission ? Sera-t-il entendu ou m\u00eame accueilli ? <strong><em><a href=\"https:\/\/www.facebook.com\/profile.php?id=100007443078313\" target=\"_blank\" aria-label=\"undefined (s\u2019ouvre dans un nouvel onglet)\" rel=\"noreferrer noopener\">Suivez Mehrez et son d\u00e9fi sur sa page Facebook.<\/a><\/em><\/strong><\/p>\n\n\n\n<p><strong><em>Dimanche 13 septembre 2020<\/em><\/strong> : il prendra la route de Gab\u00e8s vers Sfax, o\u00f9 il aura des entretiens avec les m\u00e9dias de la r\u00e9gion, pour sensibilisation.<\/p>\n\n\n\n<p><strong><em>Lundi 14 septembre 2020<\/em><\/strong> : il se dirigera, de Sfax vers Sousse en passant par Mahdia, o\u00f9 il aura des entretiens avec les m\u00e9dias.<\/p>\n\n\n\n<p><strong><em>Mardi 15 septembre 2020 <\/em><\/strong>: il ira \u00e0 la capitale pour solliciter des rencontres avec les trois pr\u00e9sidents.<\/p>\n","protected":false},"excerpt":{"rendered":"<p>Mehrez Hamrouni, ancien marin devenu par la force des choses militant \u00e9cologiste de Chatt Essalem, fait un parcours de 1000 Kms en moto pour rencontrer le pr\u00e9sident de la r\u00e9publique et le sensibiliser \u00e0 la cause de la pollution industrielle dans le golfe de Gab\u00e8s.<\/p>\n","protected":false},"author":8,"featured_media":316154,"comment_status":"open","ping_status":"open","sticky":false,"template":"","format":"standard","meta":{"footnotes":""},"categories":[998,2433],"tags":[82650,406,1044,82649,82652,82653,82651],"class_list":["post-316153","post","type-post","status-publish","format-standard","has-post-thumbnail","hentry","category-societe","category-tunisie","tag-chatt-essalem","tag-gabes","tag-groupe-chimique-tunisien","tag-mehrez-hamrouni","tag-phosphogypse","tag-pollution-chimique","tag-pollution-industrielle"],"yoast_head":"<!-- This site is optimized with the Yoast SEO plugin v26.6 - https:\/\/yoast.com\/wordpress\/plugins\/seo\/ -->\n<title>Environnement : Pour la proclamation de Gab\u00e8s zone sinistr\u00e9e ? - Kapitalis<\/title>\n<meta name=\"robots\" content=\"index, follow, max-snippet:-1, max-image-preview:large, max-video-preview:-1\" \/>\n<link rel=\"canonical\" href=\"https:\/\/kapitalis.com\/tunisie\/2020\/09\/13\/environnement-pour-la-proclamation-de-gabes-zone-sinistree\/\" \/>\n<meta property=\"og:locale\" content=\"fr_FR\" \/>\n<meta property=\"og:type\" content=\"article\" \/>\n<meta property=\"og:title\" content=\"Environnement : Pour la proclamation de Gab\u00e8s zone sinistr\u00e9e ? - Kapitalis\" \/>\n<meta property=\"og:description\" content=\"Mehrez Hamrouni, ancien marin devenu par la force des choses militant \u00e9cologiste de Chatt Essalem, fait un parcours de 1000 Kms en moto pour rencontrer le pr\u00e9sident de la r\u00e9publique et le sensibiliser \u00e0 la cause de la pollution industrielle dans le golfe de Gab\u00e8s.\" \/>\n<meta property=\"og:url\" content=\"https:\/\/kapitalis.com\/tunisie\/2020\/09\/13\/environnement-pour-la-proclamation-de-gabes-zone-sinistree\/\" \/>\n<meta property=\"og:site_name\" content=\"Kapitalis\" \/>\n<meta property=\"article:publisher\" content=\"https:\/\/www.facebook.com\/KapitalisInfo\/\" \/>\n<meta property=\"article:published_time\" content=\"2020-09-13T09:00:14+00:00\" \/>\n<meta property=\"article:modified_time\" content=\"2020-09-13T09:00:18+00:00\" \/>\n<meta property=\"og:image\" content=\"https:\/\/kapitalis.com\/tunisie\/wp-content\/uploads\/2022\/05\/kapitalis-logo-fb.png\" \/>\n\t<meta property=\"og:image:width\" content=\"1200\" \/>\n\t<meta property=\"og:image:height\" content=\"630\" \/>\n\t<meta property=\"og:image:type\" content=\"image\/png\" \/>\n<meta name=\"author\" content=\"webmaster kapitalis\" \/>\n<meta name=\"twitter:card\" content=\"summary_large_image\" \/>\n<meta name=\"twitter:creator\" content=\"@KapitalisInfo\" \/>\n<meta name=\"twitter:site\" content=\"@KapitalisInfo\" \/>\n<meta name=\"twitter:label1\" content=\"\u00c9crit par\" \/>\n\t<meta name=\"twitter:data1\" content=\"webmaster kapitalis\" \/>\n\t<meta name=\"twitter:label2\" content=\"Dur\u00e9e de lecture estim\u00e9e\" \/>\n\t<meta name=\"twitter:data2\" content=\"2 minutes\" \/>\n<script type=\"application\/ld+json\" class=\"yoast-schema-graph\">{\"@context\":\"https:\/\/schema.org\",\"@graph\":[{\"@type\":\"Article\",\"@id\":\"https:\/\/kapitalis.com\/tunisie\/2020\/09\/13\/environnement-pour-la-proclamation-de-gabes-zone-sinistree\/#article\",\"isPartOf\":{\"@id\":\"https:\/\/kapitalis.com\/tunisie\/2020\/09\/13\/environnement-pour-la-proclamation-de-gabes-zone-sinistree\/\"},\"author\":{\"name\":\"webmaster kapitalis\",\"@id\":\"https:\/\/kapitalis.com\/tunisie\/#\/schema\/person\/d71f33a9ca44f7bad4698210b480c8e9\"},\"headline\":\"Environnement : Pour la proclamation de Gab\u00e8s zone sinistr\u00e9e ?\",\"datePublished\":\"2020-09-13T09:00:14+00:00\",\"dateModified\":\"2020-09-13T09:00:18+00:00\",\"mainEntityOfPage\":{\"@id\":\"https:\/\/kapitalis.com\/tunisie\/2020\/09\/13\/environnement-pour-la-proclamation-de-gabes-zone-sinistree\/\"},\"wordCount\":470,\"commentCount\":1,\"publisher\":{\"@id\":\"https:\/\/kapitalis.com\/tunisie\/#organization\"},\"image\":{\"@id\":\"https:\/\/kapitalis.com\/tunisie\/2020\/09\/13\/environnement-pour-la-proclamation-de-gabes-zone-sinistree\/#primaryimage\"},\"thumbnailUrl\":\"\",\"keywords\":[\"Chatt Essalem\",\"Gab\u00e8s\",\"Groupe chimique tunisien\",\"Mehrez Hamrouni\",\"phosphogypse\",\"pollution chimique\",\"pollution industrielle\"],\"articleSection\":[\"SOCIETE\",\"Tunisie\"],\"inLanguage\":\"fr-FR\",\"potentialAction\":[{\"@type\":\"CommentAction\",\"name\":\"Comment\",\"target\":[\"https:\/\/kapitalis.com\/tunisie\/2020\/09\/13\/environnement-pour-la-proclamation-de-gabes-zone-sinistree\/#respond\"]}]},{\"@type\":\"WebPage\",\"@id\":\"https:\/\/kapitalis.com\/tunisie\/2020\/09\/13\/environnement-pour-la-proclamation-de-gabes-zone-sinistree\/\",\"url\":\"https:\/\/kapitalis.com\/tunisie\/2020\/09\/13\/environnement-pour-la-proclamation-de-gabes-zone-sinistree\/\",\"name\":\"Environnement : Pour la proclamation de Gab\u00e8s zone sinistr\u00e9e ? - Kapitalis\",\"isPartOf\":{\"@id\":\"https:\/\/kapitalis.com\/tunisie\/#website\"},\"primaryImageOfPage\":{\"@id\":\"https:\/\/kapitalis.com\/tunisie\/2020\/09\/13\/environnement-pour-la-proclamation-de-gabes-zone-sinistree\/#primaryimage\"},\"image\":{\"@id\":\"https:\/\/kapitalis.com\/tunisie\/2020\/09\/13\/environnement-pour-la-proclamation-de-gabes-zone-sinistree\/#primaryimage\"},\"thumbnailUrl\":\"\",\"datePublished\":\"2020-09-13T09:00:14+00:00\",\"dateModified\":\"2020-09-13T09:00:18+00:00\",\"breadcrumb\":{\"@id\":\"https:\/\/kapitalis.com\/tunisie\/2020\/09\/13\/environnement-pour-la-proclamation-de-gabes-zone-sinistree\/#breadcrumb\"},\"inLanguage\":\"fr-FR\",\"potentialAction\":[{\"@type\":\"ReadAction\",\"target\":[\"https:\/\/kapitalis.com\/tunisie\/2020\/09\/13\/environnement-pour-la-proclamation-de-gabes-zone-sinistree\/\"]}]},{\"@type\":\"ImageObject\",\"inLanguage\":\"fr-FR\",\"@id\":\"https:\/\/kapitalis.com\/tunisie\/2020\/09\/13\/environnement-pour-la-proclamation-de-gabes-zone-sinistree\/#primaryimage\",\"url\":\"\",\"contentUrl\":\"\"},{\"@type\":\"BreadcrumbList\",\"@id\":\"https:\/\/kapitalis.com\/tunisie\/2020\/09\/13\/environnement-pour-la-proclamation-de-gabes-zone-sinistree\/#breadcrumb\",\"itemListElement\":[{\"@type\":\"ListItem\",\"position\":1,\"name\":\"Accueil\",\"item\":\"https:\/\/kapitalis.com\/tunisie\/\"},{\"@type\":\"ListItem\",\"position\":2,\"name\":\"Environnement : Pour la proclamation de Gab\u00e8s zone sinistr\u00e9e ?\"}]},{\"@type\":\"WebSite\",\"@id\":\"https:\/\/kapitalis.com\/tunisie\/#website\",\"url\":\"https:\/\/kapitalis.com\/tunisie\/\",\"name\":\"Kapitalis\",\"description\":\"L&#039;actualit\u00e9 en Tunisie et dans le monde\",\"publisher\":{\"@id\":\"https:\/\/kapitalis.com\/tunisie\/#organization\"},\"potentialAction\":[{\"@type\":\"SearchAction\",\"target\":{\"@type\":\"EntryPoint\",\"urlTemplate\":\"https:\/\/kapitalis.com\/tunisie\/?s={search_term_string}\"},\"query-input\":{\"@type\":\"PropertyValueSpecification\",\"valueRequired\":true,\"valueName\":\"search_term_string\"}}],\"inLanguage\":\"fr-FR\"},{\"@type\":\"Organization\",\"@id\":\"https:\/\/kapitalis.com\/tunisie\/#organization\",\"name\":\"Kapitalis\",\"url\":\"https:\/\/kapitalis.com\/tunisie\/\",\"logo\":{\"@type\":\"ImageObject\",\"inLanguage\":\"fr-FR\",\"@id\":\"https:\/\/kapitalis.com\/tunisie\/#\/schema\/logo\/image\/\",\"url\":\"https:\/\/kapitalis.com\/tunisie\/wp-content\/uploads\/2022\/05\/Kapitalis-big-size.png\",\"contentUrl\":\"https:\/\/kapitalis.com\/tunisie\/wp-content\/uploads\/2022\/05\/Kapitalis-big-size.png\",\"width\":5000,\"height\":1500,\"caption\":\"Kapitalis\"},\"image\":{\"@id\":\"https:\/\/kapitalis.com\/tunisie\/#\/schema\/logo\/image\/\"},\"sameAs\":[\"https:\/\/www.facebook.com\/KapitalisInfo\/\",\"https:\/\/x.com\/KapitalisInfo\",\"https:\/\/www.youtube.com\/channel\/UC-yDYrHyfFBWWZaOw3FPg9Q\"]},{\"@type\":\"Person\",\"@id\":\"https:\/\/kapitalis.com\/tunisie\/#\/schema\/person\/d71f33a9ca44f7bad4698210b480c8e9\",\"name\":\"webmaster kapitalis\",\"url\":\"https:\/\/kapitalis.com\/tunisie\/author\/webmaster-kapitalis\/\"}]}<\/script>\n<!-- \/ Yoast SEO plugin. -->","yoast_head_json":{"title":"Environnement : Pour la proclamation de Gab\u00e8s zone sinistr\u00e9e ? - Kapitalis","robots":{"index":"index","follow":"follow","max-snippet":"max-snippet:-1","max-image-preview":"max-image-preview:large","max-video-preview":"max-video-preview:-1"},"canonical":"https:\/\/kapitalis.com\/tunisie\/2020\/09\/13\/environnement-pour-la-proclamation-de-gabes-zone-sinistree\/","og_locale":"fr_FR","og_type":"article","og_title":"Environnement : Pour la proclamation de Gab\u00e8s zone sinistr\u00e9e ? - Kapitalis","og_description":"Mehrez Hamrouni, ancien marin devenu par la force des choses militant \u00e9cologiste de Chatt Essalem, fait un parcours de 1000 Kms en moto pour rencontrer le pr\u00e9sident de la r\u00e9publique et le sensibiliser \u00e0 la cause de la pollution industrielle dans le golfe de Gab\u00e8s.","og_url":"https:\/\/kapitalis.com\/tunisie\/2020\/09\/13\/environnement-pour-la-proclamation-de-gabes-zone-sinistree\/","og_site_name":"Kapitalis","article_publisher":"https:\/\/www.facebook.com\/KapitalisInfo\/","article_published_time":"2020-09-13T09:00:14+00:00","article_modified_time":"2020-09-13T09:00:18+00:00","og_image":[{"width":1200,"height":630,"url":"https:\/\/kapitalis.com\/tunisie\/wp-content\/uploads\/2022\/05\/kapitalis-logo-fb.png","type":"image\/png"}],"author":"webmaster kapitalis","twitter_card":"summary_large_image","twitter_creator":"@KapitalisInfo","twitter_site":"@KapitalisInfo","twitter_misc":{"\u00c9crit par":"webmaster kapitalis","Dur\u00e9e de lecture estim\u00e9e":"2 minutes"},"schema":{"@context":"https:\/\/schema.org","@graph":[{"@type":"Article","@id":"https:\/\/kapitalis.com\/tunisie\/2020\/09\/13\/environnement-pour-la-proclamation-de-gabes-zone-sinistree\/#article","isPartOf":{"@id":"https:\/\/kapitalis.com\/tunisie\/2020\/09\/13\/environnement-pour-la-proclamation-de-gabes-zone-sinistree\/"},"author":{"name":"webmaster kapitalis","@id":"https:\/\/kapitalis.com\/tunisie\/#\/schema\/person\/d71f33a9ca44f7bad4698210b480c8e9"},"headline":"Environnement : Pour la proclamation de Gab\u00e8s zone sinistr\u00e9e ?","datePublished":"2020-09-13T09:00:14+00:00","dateModified":"2020-09-13T09:00:18+00:00","mainEntityOfPage":{"@id":"https:\/\/kapitalis.com\/tunisie\/2020\/09\/13\/environnement-pour-la-proclamation-de-gabes-zone-sinistree\/"},"wordCount":470,"commentCount":1,"publisher":{"@id":"https:\/\/kapitalis.com\/tunisie\/#organization"},"image":{"@id":"https:\/\/kapitalis.com\/tunisie\/2020\/09\/13\/environnement-pour-la-proclamation-de-gabes-zone-sinistree\/#primaryimage"},"thumbnailUrl":"","keywords":["Chatt Essalem","Gab\u00e8s","Groupe chimique tunisien","Mehrez Hamrouni","phosphogypse","pollution chimique","pollution industrielle"],"articleSection":["SOCIETE","Tunisie"],"inLanguage":"fr-FR","potentialAction":[{"@type":"CommentAction","name":"Comment","target":["https:\/\/kapitalis.com\/tunisie\/2020\/09\/13\/environnement-pour-la-proclamation-de-gabes-zone-sinistree\/#respond"]}]},{"@type":"WebPage","@id":"https:\/\/kapitalis.com\/tunisie\/2020\/09\/13\/environnement-pour-la-proclamation-de-gabes-zone-sinistree\/","url":"https:\/\/kapitalis.com\/tunisie\/2020\/09\/13\/environnement-pour-la-proclamation-de-gabes-zone-sinistree\/","name":"Environnement : Pour la proclamation de Gab\u00e8s zone sinistr\u00e9e ? - Kapitalis","isPartOf":{"@id":"https:\/\/kapitalis.com\/tunisie\/#website"},"primaryImageOfPage":{"@id":"https:\/\/kapitalis.com\/tunisie\/2020\/09\/13\/environnement-pour-la-proclamation-de-gabes-zone-sinistree\/#primaryimage"},"image":{"@id":"https:\/\/kapitalis.com\/tunisie\/2020\/09\/13\/environnement-pour-la-proclamation-de-gabes-zone-sinistree\/#primaryimage"},"thumbnailUrl":"","datePublished":"2020-09-13T09:00:14+00:00","dateModified":"2020-09-13T09:00:18+00:00","breadcrumb":{"@id":"https:\/\/kapitalis.com\/tunisie\/2020\/09\/13\/environnement-pour-la-proclamation-de-gabes-zone-sinistree\/#breadcrumb"},"inLanguage":"fr-FR","potentialAction":[{"@type":"ReadAction","target":["https:\/\/kapitalis.com\/tunisie\/2020\/09\/13\/environnement-pour-la-proclamation-de-gabes-zone-sinistree\/"]}]},{"@type":"ImageObject","inLanguage":"fr-FR","@id":"https:\/\/kapitalis.com\/tunisie\/2020\/09\/13\/environnement-pour-la-proclamation-de-gabes-zone-sinistree\/#primaryimage","url":"","contentUrl":""},{"@type":"BreadcrumbList","@id":"https:\/\/kapitalis.com\/tunisie\/2020\/09\/13\/environnement-pour-la-proclamation-de-gabes-zone-sinistree\/#breadcrumb","itemListElement":[{"@type":"ListItem","position":1,"name":"Accueil","item":"https:\/\/kapitalis.com\/tunisie\/"},{"@type":"ListItem","position":2,"name":"Environnement : Pour la proclamation de Gab\u00e8s zone sinistr\u00e9e ?"}]},{"@type":"WebSite","@id":"https:\/\/kapitalis.com\/tunisie\/#website","url":"https:\/\/kapitalis.com\/tunisie\/","name":"Kapitalis","description":"L&#039;actualit\u00e9 en Tunisie et dans le monde","publisher":{"@id":"https:\/\/kapitalis.com\/tunisie\/#organization"},"potentialAction":[{"@type":"SearchAction","target":{"@type":"EntryPoint","urlTemplate":"https:\/\/kapitalis.com\/tunisie\/?s={search_term_string}"},"query-input":{"@type":"PropertyValueSpecification","valueRequired":true,"valueName":"search_term_string"}}],"inLanguage":"fr-FR"},{"@type":"Organization","@id":"https:\/\/kapitalis.com\/tunisie\/#organization","name":"Kapitalis","url":"https:\/\/kapitalis.com\/tunisie\/","logo":{"@type":"ImageObject","inLanguage":"fr-FR","@id":"https:\/\/kapitalis.com\/tunisie\/#\/schema\/logo\/image\/","url":"https:\/\/kapitalis.com\/tunisie\/wp-content\/uploads\/2022\/05\/Kapitalis-big-size.png","contentUrl":"https:\/\/kapitalis.com\/tunisie\/wp-content\/uploads\/2022\/05\/Kapitalis-big-size.png","width":5000,"height":1500,"caption":"Kapitalis"},"image":{"@id":"https:\/\/kapitalis.com\/tunisie\/#\/schema\/logo\/image\/"},"sameAs":["https:\/\/www.facebook.com\/KapitalisInfo\/","https:\/\/x.com\/KapitalisInfo","https:\/\/www.youtube.com\/channel\/UC-yDYrHyfFBWWZaOw3FPg9Q"]},{"@type":"Person","@id":"https:\/\/kapitalis.com\/tunisie\/#\/schema\/person\/d71f33a9ca44f7bad4698210b480c8e9","name":"webmaster kapitalis","url":"https:\/\/kapitalis.com\/tunisie\/author\/webmaster-kapitalis\/"}]}},"_links":{"self":[{"href":"https:\/\/kapitalis.com\/tunisie\/wp-json\/wp\/v2\/posts\/316153","targetHints":{"allow":["GET"]}}],"collection":[{"href":"https:\/\/kapitalis.com\/tunisie\/wp-json\/wp\/v2\/posts"}],"about":[{"href":"https:\/\/kapitalis.com\/tunisie\/wp-json\/wp\/v2\/types\/post"}],"author":[{"embeddable":true,"href":"https:\/\/kapitalis.com\/tunisie\/wp-json\/wp\/v2\/users\/8"}],"replies":[{"embeddable":true,"href":"https:\/\/kapitalis.com\/tunisie\/wp-json\/wp\/v2\/comments?post=316153"}],"version-history":[{"count":0,"href":"https:\/\/kapitalis.com\/tunisie\/wp-json\/wp\/v2\/posts\/316153\/revisions"}],"wp:featuredmedia":[{"embeddable":true,"href":"https:\/\/kapitalis.com\/tunisie\/wp-json\/wp\/v2\/media\/316154"}],"wp:attachment":[{"href":"https:\/\/kapitalis.com\/tunisie\/wp-json\/wp\/v2\/media?parent=316153"}],"wp:term":[{"taxonomy":"category","embeddable":true,"href":"https:\/\/kapitalis.com\/tunisie\/wp-json\/wp\/v2\/categories?post=316153"},{"taxonomy":"post_tag","embeddable":true,"href":"https:\/\/kapitalis.com\/tunisie\/wp-json\/wp\/v2\/tags?post=316153"}],"curies":[{"name":"wp","href":"https:\/\/api.w.org\/{rel}","templated":true}]}}