{"id":316175,"date":"2020-09-14T07:16:02","date_gmt":"2020-09-14T06:16:02","guid":{"rendered":"http:\/\/kapitalis.com\/tunisie\/?p=316175"},"modified":"2020-09-14T08:41:49","modified_gmt":"2020-09-14T07:41:49","slug":"renovation-du-cine-theatre-de-poche-du-kef-grace-a-un-projet-tuniso-suisse","status":"publish","type":"post","link":"https:\/\/kapitalis.com\/tunisie\/2020\/09\/14\/renovation-du-cine-theatre-de-poche-du-kef-grace-a-un-projet-tuniso-suisse\/","title":{"rendered":"R\u00e9novation du Cin\u00e9-th\u00e9\u00e2tre de poche du Kef gr\u00e2ce \u00e0 un projet tuniso-suisse"},"content":{"rendered":"\n<figure class=\"wp-block-image size-large\"><img decoding=\"async\" src=\"http:\/\/kapitalis.com\/tunisie\/wp-content\/uploads\/2020\/09\/Untitled-1-4.jpg\" alt=\"\" class=\"wp-image-316176\"\/><\/figure>\n\n\n\n<p><strong><em>Le cin\u00e9-th\u00e9\u00e2tre de poche du Kef sera enti\u00e8rement transform\u00e9 gr\u00e2ce \u00e0 un projet de r\u00e9novation culturelle tuniso-suisse.<\/em><\/strong><\/p>\n\n\n\n<!--more-->\n\n\n\n<p>L\u2019Association Act du Kef, qui \u0153uvre pour le d\u00e9veloppement local \u00e0 travers l\u2019investissement culturel, vient d\u2019annoncer la mise en place d\u2019un projet d\u2019am\u00e9nagement et de transformation du cin\u00e9-th\u00e9\u00e2tre du Kef, et ce, gr\u00e2ce \u00e0 l\u2019Association Le Pont Gen\u00e8ve qui a pour but de promouvoir les \u00e9changes culturels entre la Suisse et la Tunisie.<\/p>\n\n\n\n<p>Gr\u00e2ce \u00e0 cette initiative tuniso-suisse, l\u2019espace sera compl\u00e8tement r\u00e9nov\u00e9&nbsp;; il sera \u00e9quip\u00e9 de 113 si\u00e8ges et autre nouveaux mat\u00e9riaux modernes. Le d\u00e9marrage des travaux est pr\u00e9vu pour le mois d\u2019octobre, et la salle pourra rouvrir ses portes au public avant la fin de l\u2019ann\u00e9e.<\/p>\n\n\n\n<p>Les nouveaux \u00e9quipements seront exp\u00e9di\u00e9s de Gen\u00e8ve et une collecte de fonds pour le transport terrestre et maritime aura lieu ce mois \u00e0 travers un d\u00eener solidaire en Suisse, organis\u00e9 par l\u2019association Le Pont Gen\u00e8ve.<\/p>\n\n\n\n<p class=\"has-text-align-right\"><strong>Fawz Benali<\/strong><\/p>\n","protected":false},"excerpt":{"rendered":"<p>Le cin\u00e9-th\u00e9\u00e2tre de poche du Kef sera enti\u00e8rement transform\u00e9 gr\u00e2ce \u00e0 un projet de r\u00e9novation culturelle tuniso-suisse.<\/p>\n","protected":false},"author":26,"featured_media":316176,"comment_status":"open","ping_status":"open","sticky":false,"template":"","format":"standard","meta":{"footnotes":""},"categories":[994,2433],"tags":[82670,82671,82672,82673,82674],"class_list":["post-316175","post","type-post","status-publish","format-standard","has-post-thumbnail","hentry","category-culture","category-tunisie","tag-association-act-kef","tag-association-le-pont-geneve","tag-cine-theatre-de-poche-kef","tag-investissement-culturel","tag-tunisie-suisse"],"yoast_head":"<!-- This site is optimized with the Yoast SEO plugin v26.6 - https:\/\/yoast.com\/wordpress\/plugins\/seo\/ -->\n<title>R\u00e9novation du Cin\u00e9-th\u00e9\u00e2tre de poche du Kef gr\u00e2ce \u00e0 un projet tuniso-suisse - Kapitalis<\/title>\n<meta name=\"robots\" content=\"index, follow, max-snippet:-1, max-image-preview:large, max-video-preview:-1\" \/>\n<link rel=\"canonical\" href=\"https:\/\/kapitalis.com\/tunisie\/2020\/09\/14\/renovation-du-cine-theatre-de-poche-du-kef-grace-a-un-projet-tuniso-suisse\/\" \/>\n<meta property=\"og:locale\" content=\"fr_FR\" \/>\n<meta property=\"og:type\" content=\"article\" \/>\n<meta property=\"og:title\" content=\"R\u00e9novation du Cin\u00e9-th\u00e9\u00e2tre de poche du Kef gr\u00e2ce \u00e0 un projet tuniso-suisse - Kapitalis\" \/>\n<meta property=\"og:description\" content=\"Le cin\u00e9-th\u00e9\u00e2tre de poche du Kef sera enti\u00e8rement transform\u00e9 gr\u00e2ce \u00e0 un projet de r\u00e9novation culturelle tuniso-suisse.\" \/>\n<meta property=\"og:url\" content=\"https:\/\/kapitalis.com\/tunisie\/2020\/09\/14\/renovation-du-cine-theatre-de-poche-du-kef-grace-a-un-projet-tuniso-suisse\/\" \/>\n<meta property=\"og:site_name\" content=\"Kapitalis\" \/>\n<meta property=\"article:publisher\" content=\"https:\/\/www.facebook.com\/KapitalisInfo\/\" \/>\n<meta property=\"article:published_time\" content=\"2020-09-14T06:16:02+00:00\" \/>\n<meta property=\"article:modified_time\" content=\"2020-09-14T07:41:49+00:00\" \/>\n<meta property=\"og:image\" content=\"https:\/\/kapitalis.com\/tunisie\/wp-content\/uploads\/2022\/05\/kapitalis-logo-fb.png\" \/>\n\t<meta property=\"og:image:width\" content=\"1200\" \/>\n\t<meta property=\"og:image:height\" content=\"630\" \/>\n\t<meta property=\"og:image:type\" content=\"image\/png\" \/>\n<meta name=\"author\" content=\"Fawz BenAli\" \/>\n<meta name=\"twitter:card\" content=\"summary_large_image\" \/>\n<meta name=\"twitter:creator\" content=\"@KapitalisInfo\" \/>\n<meta name=\"twitter:site\" content=\"@KapitalisInfo\" \/>\n<meta name=\"twitter:label1\" content=\"\u00c9crit par\" \/>\n\t<meta name=\"twitter:data1\" content=\"Fawz BenAli\" \/>\n\t<meta name=\"twitter:label2\" content=\"Dur\u00e9e de lecture estim\u00e9e\" \/>\n\t<meta name=\"twitter:data2\" content=\"1 minute\" \/>\n<script type=\"application\/ld+json\" class=\"yoast-schema-graph\">{\"@context\":\"https:\/\/schema.org\",\"@graph\":[{\"@type\":\"Article\",\"@id\":\"https:\/\/kapitalis.com\/tunisie\/2020\/09\/14\/renovation-du-cine-theatre-de-poche-du-kef-grace-a-un-projet-tuniso-suisse\/#article\",\"isPartOf\":{\"@id\":\"https:\/\/kapitalis.com\/tunisie\/2020\/09\/14\/renovation-du-cine-theatre-de-poche-du-kef-grace-a-un-projet-tuniso-suisse\/\"},\"author\":{\"name\":\"Fawz BenAli\",\"@id\":\"https:\/\/kapitalis.com\/tunisie\/#\/schema\/person\/73a5ecc1f6ae540c6ed91342eadca948\"},\"headline\":\"R\u00e9novation du Cin\u00e9-th\u00e9\u00e2tre de poche du Kef gr\u00e2ce \u00e0 un projet tuniso-suisse\",\"datePublished\":\"2020-09-14T06:16:02+00:00\",\"dateModified\":\"2020-09-14T07:41:49+00:00\",\"mainEntityOfPage\":{\"@id\":\"https:\/\/kapitalis.com\/tunisie\/2020\/09\/14\/renovation-du-cine-theatre-de-poche-du-kef-grace-a-un-projet-tuniso-suisse\/\"},\"wordCount\":195,\"commentCount\":1,\"publisher\":{\"@id\":\"https:\/\/kapitalis.com\/tunisie\/#organization\"},\"image\":{\"@id\":\"https:\/\/kapitalis.com\/tunisie\/2020\/09\/14\/renovation-du-cine-theatre-de-poche-du-kef-grace-a-un-projet-tuniso-suisse\/#primaryimage\"},\"thumbnailUrl\":\"\",\"keywords\":[\"association Act Kef\",\"association le Pont Gen\u00e8ve\",\"cin\u00e9 th\u00e9\u00e2tre de poche Kef\",\"investissement culturel\",\"Tunisie Suisse\"],\"articleSection\":[\"CULTURE\",\"Tunisie\"],\"inLanguage\":\"fr-FR\",\"potentialAction\":[{\"@type\":\"CommentAction\",\"name\":\"Comment\",\"target\":[\"https:\/\/kapitalis.com\/tunisie\/2020\/09\/14\/renovation-du-cine-theatre-de-poche-du-kef-grace-a-un-projet-tuniso-suisse\/#respond\"]}]},{\"@type\":\"WebPage\",\"@id\":\"https:\/\/kapitalis.com\/tunisie\/2020\/09\/14\/renovation-du-cine-theatre-de-poche-du-kef-grace-a-un-projet-tuniso-suisse\/\",\"url\":\"https:\/\/kapitalis.com\/tunisie\/2020\/09\/14\/renovation-du-cine-theatre-de-poche-du-kef-grace-a-un-projet-tuniso-suisse\/\",\"name\":\"R\u00e9novation du Cin\u00e9-th\u00e9\u00e2tre de poche du Kef gr\u00e2ce \u00e0 un projet tuniso-suisse - Kapitalis\",\"isPartOf\":{\"@id\":\"https:\/\/kapitalis.com\/tunisie\/#website\"},\"primaryImageOfPage\":{\"@id\":\"https:\/\/kapitalis.com\/tunisie\/2020\/09\/14\/renovation-du-cine-theatre-de-poche-du-kef-grace-a-un-projet-tuniso-suisse\/#primaryimage\"},\"image\":{\"@id\":\"https:\/\/kapitalis.com\/tunisie\/2020\/09\/14\/renovation-du-cine-theatre-de-poche-du-kef-grace-a-un-projet-tuniso-suisse\/#primaryimage\"},\"thumbnailUrl\":\"\",\"datePublished\":\"2020-09-14T06:16:02+00:00\",\"dateModified\":\"2020-09-14T07:41:49+00:00\",\"breadcrumb\":{\"@id\":\"https:\/\/kapitalis.com\/tunisie\/2020\/09\/14\/renovation-du-cine-theatre-de-poche-du-kef-grace-a-un-projet-tuniso-suisse\/#breadcrumb\"},\"inLanguage\":\"fr-FR\",\"potentialAction\":[{\"@type\":\"ReadAction\",\"target\":[\"https:\/\/kapitalis.com\/tunisie\/2020\/09\/14\/renovation-du-cine-theatre-de-poche-du-kef-grace-a-un-projet-tuniso-suisse\/\"]}]},{\"@type\":\"ImageObject\",\"inLanguage\":\"fr-FR\",\"@id\":\"https:\/\/kapitalis.com\/tunisie\/2020\/09\/14\/renovation-du-cine-theatre-de-poche-du-kef-grace-a-un-projet-tuniso-suisse\/#primaryimage\",\"url\":\"\",\"contentUrl\":\"\"},{\"@type\":\"BreadcrumbList\",\"@id\":\"https:\/\/kapitalis.com\/tunisie\/2020\/09\/14\/renovation-du-cine-theatre-de-poche-du-kef-grace-a-un-projet-tuniso-suisse\/#breadcrumb\",\"itemListElement\":[{\"@type\":\"ListItem\",\"position\":1,\"name\":\"Accueil\",\"item\":\"https:\/\/kapitalis.com\/tunisie\/\"},{\"@type\":\"ListItem\",\"position\":2,\"name\":\"R\u00e9novation du Cin\u00e9-th\u00e9\u00e2tre de poche du Kef gr\u00e2ce \u00e0 un projet tuniso-suisse\"}]},{\"@type\":\"WebSite\",\"@id\":\"https:\/\/kapitalis.com\/tunisie\/#website\",\"url\":\"https:\/\/kapitalis.com\/tunisie\/\",\"name\":\"Kapitalis\",\"description\":\"L&#039;actualit\u00e9 en Tunisie et dans le monde\",\"publisher\":{\"@id\":\"https:\/\/kapitalis.com\/tunisie\/#organization\"},\"potentialAction\":[{\"@type\":\"SearchAction\",\"target\":{\"@type\":\"EntryPoint\",\"urlTemplate\":\"https:\/\/kapitalis.com\/tunisie\/?s={search_term_string}\"},\"query-input\":{\"@type\":\"PropertyValueSpecification\",\"valueRequired\":true,\"valueName\":\"search_term_string\"}}],\"inLanguage\":\"fr-FR\"},{\"@type\":\"Organization\",\"@id\":\"https:\/\/kapitalis.com\/tunisie\/#organization\",\"name\":\"Kapitalis\",\"url\":\"https:\/\/kapitalis.com\/tunisie\/\",\"logo\":{\"@type\":\"ImageObject\",\"inLanguage\":\"fr-FR\",\"@id\":\"https:\/\/kapitalis.com\/tunisie\/#\/schema\/logo\/image\/\",\"url\":\"https:\/\/kapitalis.com\/tunisie\/wp-content\/uploads\/2022\/05\/Kapitalis-big-size.png\",\"contentUrl\":\"https:\/\/kapitalis.com\/tunisie\/wp-content\/uploads\/2022\/05\/Kapitalis-big-size.png\",\"width\":5000,\"height\":1500,\"caption\":\"Kapitalis\"},\"image\":{\"@id\":\"https:\/\/kapitalis.com\/tunisie\/#\/schema\/logo\/image\/\"},\"sameAs\":[\"https:\/\/www.facebook.com\/KapitalisInfo\/\",\"https:\/\/x.com\/KapitalisInfo\",\"https:\/\/www.youtube.com\/channel\/UC-yDYrHyfFBWWZaOw3FPg9Q\"]},{\"@type\":\"Person\",\"@id\":\"https:\/\/kapitalis.com\/tunisie\/#\/schema\/person\/73a5ecc1f6ae540c6ed91342eadca948\",\"name\":\"Fawz BenAli\",\"url\":\"https:\/\/kapitalis.com\/tunisie\/author\/fawz\/\"}]}<\/script>\n<!-- \/ Yoast SEO plugin. -->","yoast_head_json":{"title":"R\u00e9novation du Cin\u00e9-th\u00e9\u00e2tre de poche du Kef gr\u00e2ce \u00e0 un projet tuniso-suisse - Kapitalis","robots":{"index":"index","follow":"follow","max-snippet":"max-snippet:-1","max-image-preview":"max-image-preview:large","max-video-preview":"max-video-preview:-1"},"canonical":"https:\/\/kapitalis.com\/tunisie\/2020\/09\/14\/renovation-du-cine-theatre-de-poche-du-kef-grace-a-un-projet-tuniso-suisse\/","og_locale":"fr_FR","og_type":"article","og_title":"R\u00e9novation du Cin\u00e9-th\u00e9\u00e2tre de poche du Kef gr\u00e2ce \u00e0 un projet tuniso-suisse - Kapitalis","og_description":"Le cin\u00e9-th\u00e9\u00e2tre de poche du Kef sera enti\u00e8rement transform\u00e9 gr\u00e2ce \u00e0 un projet de r\u00e9novation culturelle tuniso-suisse.","og_url":"https:\/\/kapitalis.com\/tunisie\/2020\/09\/14\/renovation-du-cine-theatre-de-poche-du-kef-grace-a-un-projet-tuniso-suisse\/","og_site_name":"Kapitalis","article_publisher":"https:\/\/www.facebook.com\/KapitalisInfo\/","article_published_time":"2020-09-14T06:16:02+00:00","article_modified_time":"2020-09-14T07:41:49+00:00","og_image":[{"width":1200,"height":630,"url":"https:\/\/kapitalis.com\/tunisie\/wp-content\/uploads\/2022\/05\/kapitalis-logo-fb.png","type":"image\/png"}],"author":"Fawz BenAli","twitter_card":"summary_large_image","twitter_creator":"@KapitalisInfo","twitter_site":"@KapitalisInfo","twitter_misc":{"\u00c9crit par":"Fawz BenAli","Dur\u00e9e de lecture estim\u00e9e":"1 minute"},"schema":{"@context":"https:\/\/schema.org","@graph":[{"@type":"Article","@id":"https:\/\/kapitalis.com\/tunisie\/2020\/09\/14\/renovation-du-cine-theatre-de-poche-du-kef-grace-a-un-projet-tuniso-suisse\/#article","isPartOf":{"@id":"https:\/\/kapitalis.com\/tunisie\/2020\/09\/14\/renovation-du-cine-theatre-de-poche-du-kef-grace-a-un-projet-tuniso-suisse\/"},"author":{"name":"Fawz BenAli","@id":"https:\/\/kapitalis.com\/tunisie\/#\/schema\/person\/73a5ecc1f6ae540c6ed91342eadca948"},"headline":"R\u00e9novation du Cin\u00e9-th\u00e9\u00e2tre de poche du Kef gr\u00e2ce \u00e0 un projet tuniso-suisse","datePublished":"2020-09-14T06:16:02+00:00","dateModified":"2020-09-14T07:41:49+00:00","mainEntityOfPage":{"@id":"https:\/\/kapitalis.com\/tunisie\/2020\/09\/14\/renovation-du-cine-theatre-de-poche-du-kef-grace-a-un-projet-tuniso-suisse\/"},"wordCount":195,"commentCount":1,"publisher":{"@id":"https:\/\/kapitalis.com\/tunisie\/#organization"},"image":{"@id":"https:\/\/kapitalis.com\/tunisie\/2020\/09\/14\/renovation-du-cine-theatre-de-poche-du-kef-grace-a-un-projet-tuniso-suisse\/#primaryimage"},"thumbnailUrl":"","keywords":["association Act Kef","association le Pont Gen\u00e8ve","cin\u00e9 th\u00e9\u00e2tre de poche Kef","investissement culturel","Tunisie Suisse"],"articleSection":["CULTURE","Tunisie"],"inLanguage":"fr-FR","potentialAction":[{"@type":"CommentAction","name":"Comment","target":["https:\/\/kapitalis.com\/tunisie\/2020\/09\/14\/renovation-du-cine-theatre-de-poche-du-kef-grace-a-un-projet-tuniso-suisse\/#respond"]}]},{"@type":"WebPage","@id":"https:\/\/kapitalis.com\/tunisie\/2020\/09\/14\/renovation-du-cine-theatre-de-poche-du-kef-grace-a-un-projet-tuniso-suisse\/","url":"https:\/\/kapitalis.com\/tunisie\/2020\/09\/14\/renovation-du-cine-theatre-de-poche-du-kef-grace-a-un-projet-tuniso-suisse\/","name":"R\u00e9novation du Cin\u00e9-th\u00e9\u00e2tre de poche du Kef gr\u00e2ce \u00e0 un projet tuniso-suisse - Kapitalis","isPartOf":{"@id":"https:\/\/kapitalis.com\/tunisie\/#website"},"primaryImageOfPage":{"@id":"https:\/\/kapitalis.com\/tunisie\/2020\/09\/14\/renovation-du-cine-theatre-de-poche-du-kef-grace-a-un-projet-tuniso-suisse\/#primaryimage"},"image":{"@id":"https:\/\/kapitalis.com\/tunisie\/2020\/09\/14\/renovation-du-cine-theatre-de-poche-du-kef-grace-a-un-projet-tuniso-suisse\/#primaryimage"},"thumbnailUrl":"","datePublished":"2020-09-14T06:16:02+00:00","dateModified":"2020-09-14T07:41:49+00:00","breadcrumb":{"@id":"https:\/\/kapitalis.com\/tunisie\/2020\/09\/14\/renovation-du-cine-theatre-de-poche-du-kef-grace-a-un-projet-tuniso-suisse\/#breadcrumb"},"inLanguage":"fr-FR","potentialAction":[{"@type":"ReadAction","target":["https:\/\/kapitalis.com\/tunisie\/2020\/09\/14\/renovation-du-cine-theatre-de-poche-du-kef-grace-a-un-projet-tuniso-suisse\/"]}]},{"@type":"ImageObject","inLanguage":"fr-FR","@id":"https:\/\/kapitalis.com\/tunisie\/2020\/09\/14\/renovation-du-cine-theatre-de-poche-du-kef-grace-a-un-projet-tuniso-suisse\/#primaryimage","url":"","contentUrl":""},{"@type":"BreadcrumbList","@id":"https:\/\/kapitalis.com\/tunisie\/2020\/09\/14\/renovation-du-cine-theatre-de-poche-du-kef-grace-a-un-projet-tuniso-suisse\/#breadcrumb","itemListElement":[{"@type":"ListItem","position":1,"name":"Accueil","item":"https:\/\/kapitalis.com\/tunisie\/"},{"@type":"ListItem","position":2,"name":"R\u00e9novation du Cin\u00e9-th\u00e9\u00e2tre de poche du Kef gr\u00e2ce \u00e0 un projet tuniso-suisse"}]},{"@type":"WebSite","@id":"https:\/\/kapitalis.com\/tunisie\/#website","url":"https:\/\/kapitalis.com\/tunisie\/","name":"Kapitalis","description":"L&#039;actualit\u00e9 en Tunisie et dans le monde","publisher":{"@id":"https:\/\/kapitalis.com\/tunisie\/#organization"},"potentialAction":[{"@type":"SearchAction","target":{"@type":"EntryPoint","urlTemplate":"https:\/\/kapitalis.com\/tunisie\/?s={search_term_string}"},"query-input":{"@type":"PropertyValueSpecification","valueRequired":true,"valueName":"search_term_string"}}],"inLanguage":"fr-FR"},{"@type":"Organization","@id":"https:\/\/kapitalis.com\/tunisie\/#organization","name":"Kapitalis","url":"https:\/\/kapitalis.com\/tunisie\/","logo":{"@type":"ImageObject","inLanguage":"fr-FR","@id":"https:\/\/kapitalis.com\/tunisie\/#\/schema\/logo\/image\/","url":"https:\/\/kapitalis.com\/tunisie\/wp-content\/uploads\/2022\/05\/Kapitalis-big-size.png","contentUrl":"https:\/\/kapitalis.com\/tunisie\/wp-content\/uploads\/2022\/05\/Kapitalis-big-size.png","width":5000,"height":1500,"caption":"Kapitalis"},"image":{"@id":"https:\/\/kapitalis.com\/tunisie\/#\/schema\/logo\/image\/"},"sameAs":["https:\/\/www.facebook.com\/KapitalisInfo\/","https:\/\/x.com\/KapitalisInfo","https:\/\/www.youtube.com\/channel\/UC-yDYrHyfFBWWZaOw3FPg9Q"]},{"@type":"Person","@id":"https:\/\/kapitalis.com\/tunisie\/#\/schema\/person\/73a5ecc1f6ae540c6ed91342eadca948","name":"Fawz BenAli","url":"https:\/\/kapitalis.com\/tunisie\/author\/fawz\/"}]}},"_links":{"self":[{"href":"https:\/\/kapitalis.com\/tunisie\/wp-json\/wp\/v2\/posts\/316175","targetHints":{"allow":["GET"]}}],"collection":[{"href":"https:\/\/kapitalis.com\/tunisie\/wp-json\/wp\/v2\/posts"}],"about":[{"href":"https:\/\/kapitalis.com\/tunisie\/wp-json\/wp\/v2\/types\/post"}],"author":[{"embeddable":true,"href":"https:\/\/kapitalis.com\/tunisie\/wp-json\/wp\/v2\/users\/26"}],"replies":[{"embeddable":true,"href":"https:\/\/kapitalis.com\/tunisie\/wp-json\/wp\/v2\/comments?post=316175"}],"version-history":[{"count":0,"href":"https:\/\/kapitalis.com\/tunisie\/wp-json\/wp\/v2\/posts\/316175\/revisions"}],"wp:featuredmedia":[{"embeddable":true,"href":"https:\/\/kapitalis.com\/tunisie\/wp-json\/wp\/v2\/media\/316176"}],"wp:attachment":[{"href":"https:\/\/kapitalis.com\/tunisie\/wp-json\/wp\/v2\/media?parent=316175"}],"wp:term":[{"taxonomy":"category","embeddable":true,"href":"https:\/\/kapitalis.com\/tunisie\/wp-json\/wp\/v2\/categories?post=316175"},{"taxonomy":"post_tag","embeddable":true,"href":"https:\/\/kapitalis.com\/tunisie\/wp-json\/wp\/v2\/tags?post=316175"}],"curies":[{"name":"wp","href":"https:\/\/api.w.org\/{rel}","templated":true}]}}