{"id":316178,"date":"2020-09-13T17:51:37","date_gmt":"2020-09-13T16:51:37","guid":{"rendered":"http:\/\/kapitalis.com\/tunisie\/?p=316178"},"modified":"2020-09-13T18:08:31","modified_gmt":"2020-09-13T17:08:31","slug":"le-groupe-mc-pharma-rend-hommage-au-corps-medical-tunisien","status":"publish","type":"post","link":"https:\/\/kapitalis.com\/tunisie\/2020\/09\/13\/le-groupe-mc-pharma-rend-hommage-au-corps-medical-tunisien\/","title":{"rendered":"Le groupe MC Pharma rend hommage au corps m\u00e9dical tunisien"},"content":{"rendered":"\n<figure class=\"wp-block-image size-large\"><img decoding=\"async\" src=\"http:\/\/kapitalis.com\/tunisie\/wp-content\/uploads\/2020\/09\/MC-Pharma-MC-Plus-MC-Dis.jpg\" alt=\"\" class=\"wp-image-316181\"\/><\/figure>\n\n\n\n<p><strong><em>Dans le communi<strong><em>q<\/em><\/strong>u\u00e9 publi\u00e9 ci-dessous, Ramzi Lebbi, DG des soci\u00e9t\u00e9s mc Pharma, mc Plus et mc Dis, rend hommage \u00e0 toute l\u2019\u00e9quipe m\u00e9dicale du service des urgences du CHU La Rabta, \u00e0 Tunis, ayant pris en charge Dr. Slim Gharsallah, cadre du groupe, d\u00e9c\u00e9d\u00e9 samedi 12 septembre par la Covid-19.<\/em><\/strong><\/p>\n\n\n\n<!--more-->\n\n\n\n<p>Tous les cadres et dirigeants des soci\u00e9t\u00e9s mc Pharma, mc Plus et mc Dis souhaitent remercier tr\u00e8s chaleureusement toute l\u2019\u00e9quipe m\u00e9dicale du service des urgences du CHU La Rabta, c\u2019est-\u00e0-dire madame le chef de service Pr. Hamida Maghraoui, les m\u00e9decins, les assistants, les internes, les \u00e9tudiants en m\u00e9decine, qui, au cours de l\u2019hospitalisation de notre cher regrett\u00e9 coll\u00e8gue Dr. Slim Gharsallah, ont fait preuve de toutes leurs qualit\u00e9s m\u00e9dicales et humaines pour lui prodiguer les soins les plus professionnels possibles.<\/p>\n\n\n\n<p>Les remerciements s\u2019adressent aussi \u00e0 Dr. Meriem Guerfali et Pr. Rim Abdelmalek et leurs \u00e9quipes. Cette profonde reconnaissance ne sera jamais \u00e0 la hauteur de leur d\u00e9vouement face cette crise sanitaire.<\/p>\n\n\n\n<p>Pour sa famille, ses proches et ses coll\u00e8gues, le d\u00e9c\u00e8s de Slim Gharsallah est une tr\u00e8s grande perte et sa m\u00e9moire restera longtemps dans nos esprits et dans nos c\u0153urs. Paix \u00e0 son \u00e2me.<\/p>\n\n\n\n<p><strong>Ramzi Lebbi<\/strong><em>, Directeur g\u00e9n\u00e9ral MC Pharma<\/em><\/p>\n","protected":false},"excerpt":{"rendered":"<p>Dans le communiqu\u00e9 publi\u00e9 ci-dessous, Ramzi Lebbi, DG des soci\u00e9t\u00e9s mc Pharma, mc Plus et mc Dis, rend hommage \u00e0 toute l\u2019\u00e9quipe m\u00e9dicale du service des urgences du CHU La Rabta, \u00e0 Tunis, ayant pris en charge Dr. Slim Gharsallah, cadre du groupe, d\u00e9c\u00e9d\u00e9 samedi 12 septembre par la Covid-19.<\/p>\n","protected":false},"author":8,"featured_media":316181,"comment_status":"open","ping_status":"open","sticky":false,"template":"","format":"standard","meta":{"footnotes":""},"categories":[998,2433],"tags":[82678,82682,82679,82677,82613,82676,82681,82683,82680],"class_list":["post-316178","post","type-post","status-publish","format-standard","has-post-thumbnail","hentry","category-societe","category-tunisie","tag-chu-la-rabta","tag-dr-meriem-guerfali","tag-dr-slim-gharsallah-2","tag-mc-dis","tag-mc-pharma","tag-mc-plus","tag-pr-hamida-maghraoui","tag-pr-rim-abdelmalek","tag-ramzi-lebbi"],"yoast_head":"<!-- This site is optimized with the Yoast SEO plugin v26.6 - https:\/\/yoast.com\/wordpress\/plugins\/seo\/ -->\n<title>Le groupe MC Pharma rend hommage au corps m\u00e9dical tunisien - Kapitalis<\/title>\n<meta name=\"robots\" content=\"index, follow, max-snippet:-1, max-image-preview:large, max-video-preview:-1\" \/>\n<link rel=\"canonical\" href=\"https:\/\/kapitalis.com\/tunisie\/2020\/09\/13\/le-groupe-mc-pharma-rend-hommage-au-corps-medical-tunisien\/\" \/>\n<meta property=\"og:locale\" content=\"fr_FR\" \/>\n<meta property=\"og:type\" content=\"article\" \/>\n<meta property=\"og:title\" content=\"Le groupe MC Pharma rend hommage au corps m\u00e9dical tunisien - Kapitalis\" \/>\n<meta property=\"og:description\" content=\"Dans le communiqu\u00e9 publi\u00e9 ci-dessous, Ramzi Lebbi, DG des soci\u00e9t\u00e9s mc Pharma, mc Plus et mc Dis, rend hommage \u00e0 toute l\u2019\u00e9quipe m\u00e9dicale du service des urgences du CHU La Rabta, \u00e0 Tunis, ayant pris en charge Dr. Slim Gharsallah, cadre du groupe, d\u00e9c\u00e9d\u00e9 samedi 12 septembre par la Covid-19.\" \/>\n<meta property=\"og:url\" content=\"https:\/\/kapitalis.com\/tunisie\/2020\/09\/13\/le-groupe-mc-pharma-rend-hommage-au-corps-medical-tunisien\/\" \/>\n<meta property=\"og:site_name\" content=\"Kapitalis\" \/>\n<meta property=\"article:publisher\" content=\"https:\/\/www.facebook.com\/KapitalisInfo\/\" \/>\n<meta property=\"article:published_time\" content=\"2020-09-13T16:51:37+00:00\" \/>\n<meta property=\"article:modified_time\" content=\"2020-09-13T17:08:31+00:00\" \/>\n<meta property=\"og:image\" content=\"https:\/\/kapitalis.com\/tunisie\/wp-content\/uploads\/2022\/05\/kapitalis-logo-fb.png\" \/>\n\t<meta property=\"og:image:width\" content=\"1200\" \/>\n\t<meta property=\"og:image:height\" content=\"630\" \/>\n\t<meta property=\"og:image:type\" content=\"image\/png\" \/>\n<meta name=\"author\" content=\"webmaster kapitalis\" \/>\n<meta name=\"twitter:card\" content=\"summary_large_image\" \/>\n<meta name=\"twitter:creator\" content=\"@KapitalisInfo\" \/>\n<meta name=\"twitter:site\" content=\"@KapitalisInfo\" \/>\n<meta name=\"twitter:label1\" content=\"\u00c9crit par\" \/>\n\t<meta name=\"twitter:data1\" content=\"webmaster kapitalis\" \/>\n\t<meta name=\"twitter:label2\" content=\"Dur\u00e9e de lecture estim\u00e9e\" \/>\n\t<meta name=\"twitter:data2\" content=\"1 minute\" \/>\n<script type=\"application\/ld+json\" class=\"yoast-schema-graph\">{\"@context\":\"https:\/\/schema.org\",\"@graph\":[{\"@type\":\"Article\",\"@id\":\"https:\/\/kapitalis.com\/tunisie\/2020\/09\/13\/le-groupe-mc-pharma-rend-hommage-au-corps-medical-tunisien\/#article\",\"isPartOf\":{\"@id\":\"https:\/\/kapitalis.com\/tunisie\/2020\/09\/13\/le-groupe-mc-pharma-rend-hommage-au-corps-medical-tunisien\/\"},\"author\":{\"name\":\"webmaster kapitalis\",\"@id\":\"https:\/\/kapitalis.com\/tunisie\/#\/schema\/person\/d71f33a9ca44f7bad4698210b480c8e9\"},\"headline\":\"Le groupe MC Pharma rend hommage au corps m\u00e9dical tunisien\",\"datePublished\":\"2020-09-13T16:51:37+00:00\",\"dateModified\":\"2020-09-13T17:08:31+00:00\",\"mainEntityOfPage\":{\"@id\":\"https:\/\/kapitalis.com\/tunisie\/2020\/09\/13\/le-groupe-mc-pharma-rend-hommage-au-corps-medical-tunisien\/\"},\"wordCount\":237,\"commentCount\":0,\"publisher\":{\"@id\":\"https:\/\/kapitalis.com\/tunisie\/#organization\"},\"image\":{\"@id\":\"https:\/\/kapitalis.com\/tunisie\/2020\/09\/13\/le-groupe-mc-pharma-rend-hommage-au-corps-medical-tunisien\/#primaryimage\"},\"thumbnailUrl\":\"\",\"keywords\":[\"CHU La Rabta\",\"Dr. Meriem Guerfali\",\"Dr. Slim Gharsallah\",\"mc Dis\",\"MC Pharma\",\"mc Plus\",\"Pr. Hamida Maghraoui\",\"Pr. Rim Abdelmalek\",\"Ramzi Lebbi\"],\"articleSection\":[\"SOCIETE\",\"Tunisie\"],\"inLanguage\":\"fr-FR\",\"potentialAction\":[{\"@type\":\"CommentAction\",\"name\":\"Comment\",\"target\":[\"https:\/\/kapitalis.com\/tunisie\/2020\/09\/13\/le-groupe-mc-pharma-rend-hommage-au-corps-medical-tunisien\/#respond\"]}]},{\"@type\":\"WebPage\",\"@id\":\"https:\/\/kapitalis.com\/tunisie\/2020\/09\/13\/le-groupe-mc-pharma-rend-hommage-au-corps-medical-tunisien\/\",\"url\":\"https:\/\/kapitalis.com\/tunisie\/2020\/09\/13\/le-groupe-mc-pharma-rend-hommage-au-corps-medical-tunisien\/\",\"name\":\"Le groupe MC Pharma rend hommage au corps m\u00e9dical tunisien - Kapitalis\",\"isPartOf\":{\"@id\":\"https:\/\/kapitalis.com\/tunisie\/#website\"},\"primaryImageOfPage\":{\"@id\":\"https:\/\/kapitalis.com\/tunisie\/2020\/09\/13\/le-groupe-mc-pharma-rend-hommage-au-corps-medical-tunisien\/#primaryimage\"},\"image\":{\"@id\":\"https:\/\/kapitalis.com\/tunisie\/2020\/09\/13\/le-groupe-mc-pharma-rend-hommage-au-corps-medical-tunisien\/#primaryimage\"},\"thumbnailUrl\":\"\",\"datePublished\":\"2020-09-13T16:51:37+00:00\",\"dateModified\":\"2020-09-13T17:08:31+00:00\",\"breadcrumb\":{\"@id\":\"https:\/\/kapitalis.com\/tunisie\/2020\/09\/13\/le-groupe-mc-pharma-rend-hommage-au-corps-medical-tunisien\/#breadcrumb\"},\"inLanguage\":\"fr-FR\",\"potentialAction\":[{\"@type\":\"ReadAction\",\"target\":[\"https:\/\/kapitalis.com\/tunisie\/2020\/09\/13\/le-groupe-mc-pharma-rend-hommage-au-corps-medical-tunisien\/\"]}]},{\"@type\":\"ImageObject\",\"inLanguage\":\"fr-FR\",\"@id\":\"https:\/\/kapitalis.com\/tunisie\/2020\/09\/13\/le-groupe-mc-pharma-rend-hommage-au-corps-medical-tunisien\/#primaryimage\",\"url\":\"\",\"contentUrl\":\"\"},{\"@type\":\"BreadcrumbList\",\"@id\":\"https:\/\/kapitalis.com\/tunisie\/2020\/09\/13\/le-groupe-mc-pharma-rend-hommage-au-corps-medical-tunisien\/#breadcrumb\",\"itemListElement\":[{\"@type\":\"ListItem\",\"position\":1,\"name\":\"Accueil\",\"item\":\"https:\/\/kapitalis.com\/tunisie\/\"},{\"@type\":\"ListItem\",\"position\":2,\"name\":\"Le groupe MC Pharma rend hommage au corps m\u00e9dical tunisien\"}]},{\"@type\":\"WebSite\",\"@id\":\"https:\/\/kapitalis.com\/tunisie\/#website\",\"url\":\"https:\/\/kapitalis.com\/tunisie\/\",\"name\":\"Kapitalis\",\"description\":\"L&#039;actualit\u00e9 en Tunisie et dans le monde\",\"publisher\":{\"@id\":\"https:\/\/kapitalis.com\/tunisie\/#organization\"},\"potentialAction\":[{\"@type\":\"SearchAction\",\"target\":{\"@type\":\"EntryPoint\",\"urlTemplate\":\"https:\/\/kapitalis.com\/tunisie\/?s={search_term_string}\"},\"query-input\":{\"@type\":\"PropertyValueSpecification\",\"valueRequired\":true,\"valueName\":\"search_term_string\"}}],\"inLanguage\":\"fr-FR\"},{\"@type\":\"Organization\",\"@id\":\"https:\/\/kapitalis.com\/tunisie\/#organization\",\"name\":\"Kapitalis\",\"url\":\"https:\/\/kapitalis.com\/tunisie\/\",\"logo\":{\"@type\":\"ImageObject\",\"inLanguage\":\"fr-FR\",\"@id\":\"https:\/\/kapitalis.com\/tunisie\/#\/schema\/logo\/image\/\",\"url\":\"https:\/\/kapitalis.com\/tunisie\/wp-content\/uploads\/2022\/05\/Kapitalis-big-size.png\",\"contentUrl\":\"https:\/\/kapitalis.com\/tunisie\/wp-content\/uploads\/2022\/05\/Kapitalis-big-size.png\",\"width\":5000,\"height\":1500,\"caption\":\"Kapitalis\"},\"image\":{\"@id\":\"https:\/\/kapitalis.com\/tunisie\/#\/schema\/logo\/image\/\"},\"sameAs\":[\"https:\/\/www.facebook.com\/KapitalisInfo\/\",\"https:\/\/x.com\/KapitalisInfo\",\"https:\/\/www.youtube.com\/channel\/UC-yDYrHyfFBWWZaOw3FPg9Q\"]},{\"@type\":\"Person\",\"@id\":\"https:\/\/kapitalis.com\/tunisie\/#\/schema\/person\/d71f33a9ca44f7bad4698210b480c8e9\",\"name\":\"webmaster kapitalis\",\"url\":\"https:\/\/kapitalis.com\/tunisie\/author\/webmaster-kapitalis\/\"}]}<\/script>\n<!-- \/ Yoast SEO plugin. -->","yoast_head_json":{"title":"Le groupe MC Pharma rend hommage au corps m\u00e9dical tunisien - Kapitalis","robots":{"index":"index","follow":"follow","max-snippet":"max-snippet:-1","max-image-preview":"max-image-preview:large","max-video-preview":"max-video-preview:-1"},"canonical":"https:\/\/kapitalis.com\/tunisie\/2020\/09\/13\/le-groupe-mc-pharma-rend-hommage-au-corps-medical-tunisien\/","og_locale":"fr_FR","og_type":"article","og_title":"Le groupe MC Pharma rend hommage au corps m\u00e9dical tunisien - Kapitalis","og_description":"Dans le communiqu\u00e9 publi\u00e9 ci-dessous, Ramzi Lebbi, DG des soci\u00e9t\u00e9s mc Pharma, mc Plus et mc Dis, rend hommage \u00e0 toute l\u2019\u00e9quipe m\u00e9dicale du service des urgences du CHU La Rabta, \u00e0 Tunis, ayant pris en charge Dr. Slim Gharsallah, cadre du groupe, d\u00e9c\u00e9d\u00e9 samedi 12 septembre par la Covid-19.","og_url":"https:\/\/kapitalis.com\/tunisie\/2020\/09\/13\/le-groupe-mc-pharma-rend-hommage-au-corps-medical-tunisien\/","og_site_name":"Kapitalis","article_publisher":"https:\/\/www.facebook.com\/KapitalisInfo\/","article_published_time":"2020-09-13T16:51:37+00:00","article_modified_time":"2020-09-13T17:08:31+00:00","og_image":[{"width":1200,"height":630,"url":"https:\/\/kapitalis.com\/tunisie\/wp-content\/uploads\/2022\/05\/kapitalis-logo-fb.png","type":"image\/png"}],"author":"webmaster kapitalis","twitter_card":"summary_large_image","twitter_creator":"@KapitalisInfo","twitter_site":"@KapitalisInfo","twitter_misc":{"\u00c9crit par":"webmaster kapitalis","Dur\u00e9e de lecture estim\u00e9e":"1 minute"},"schema":{"@context":"https:\/\/schema.org","@graph":[{"@type":"Article","@id":"https:\/\/kapitalis.com\/tunisie\/2020\/09\/13\/le-groupe-mc-pharma-rend-hommage-au-corps-medical-tunisien\/#article","isPartOf":{"@id":"https:\/\/kapitalis.com\/tunisie\/2020\/09\/13\/le-groupe-mc-pharma-rend-hommage-au-corps-medical-tunisien\/"},"author":{"name":"webmaster kapitalis","@id":"https:\/\/kapitalis.com\/tunisie\/#\/schema\/person\/d71f33a9ca44f7bad4698210b480c8e9"},"headline":"Le groupe MC Pharma rend hommage au corps m\u00e9dical tunisien","datePublished":"2020-09-13T16:51:37+00:00","dateModified":"2020-09-13T17:08:31+00:00","mainEntityOfPage":{"@id":"https:\/\/kapitalis.com\/tunisie\/2020\/09\/13\/le-groupe-mc-pharma-rend-hommage-au-corps-medical-tunisien\/"},"wordCount":237,"commentCount":0,"publisher":{"@id":"https:\/\/kapitalis.com\/tunisie\/#organization"},"image":{"@id":"https:\/\/kapitalis.com\/tunisie\/2020\/09\/13\/le-groupe-mc-pharma-rend-hommage-au-corps-medical-tunisien\/#primaryimage"},"thumbnailUrl":"","keywords":["CHU La Rabta","Dr. Meriem Guerfali","Dr. Slim Gharsallah","mc Dis","MC Pharma","mc Plus","Pr. Hamida Maghraoui","Pr. Rim Abdelmalek","Ramzi Lebbi"],"articleSection":["SOCIETE","Tunisie"],"inLanguage":"fr-FR","potentialAction":[{"@type":"CommentAction","name":"Comment","target":["https:\/\/kapitalis.com\/tunisie\/2020\/09\/13\/le-groupe-mc-pharma-rend-hommage-au-corps-medical-tunisien\/#respond"]}]},{"@type":"WebPage","@id":"https:\/\/kapitalis.com\/tunisie\/2020\/09\/13\/le-groupe-mc-pharma-rend-hommage-au-corps-medical-tunisien\/","url":"https:\/\/kapitalis.com\/tunisie\/2020\/09\/13\/le-groupe-mc-pharma-rend-hommage-au-corps-medical-tunisien\/","name":"Le groupe MC Pharma rend hommage au corps m\u00e9dical tunisien - Kapitalis","isPartOf":{"@id":"https:\/\/kapitalis.com\/tunisie\/#website"},"primaryImageOfPage":{"@id":"https:\/\/kapitalis.com\/tunisie\/2020\/09\/13\/le-groupe-mc-pharma-rend-hommage-au-corps-medical-tunisien\/#primaryimage"},"image":{"@id":"https:\/\/kapitalis.com\/tunisie\/2020\/09\/13\/le-groupe-mc-pharma-rend-hommage-au-corps-medical-tunisien\/#primaryimage"},"thumbnailUrl":"","datePublished":"2020-09-13T16:51:37+00:00","dateModified":"2020-09-13T17:08:31+00:00","breadcrumb":{"@id":"https:\/\/kapitalis.com\/tunisie\/2020\/09\/13\/le-groupe-mc-pharma-rend-hommage-au-corps-medical-tunisien\/#breadcrumb"},"inLanguage":"fr-FR","potentialAction":[{"@type":"ReadAction","target":["https:\/\/kapitalis.com\/tunisie\/2020\/09\/13\/le-groupe-mc-pharma-rend-hommage-au-corps-medical-tunisien\/"]}]},{"@type":"ImageObject","inLanguage":"fr-FR","@id":"https:\/\/kapitalis.com\/tunisie\/2020\/09\/13\/le-groupe-mc-pharma-rend-hommage-au-corps-medical-tunisien\/#primaryimage","url":"","contentUrl":""},{"@type":"BreadcrumbList","@id":"https:\/\/kapitalis.com\/tunisie\/2020\/09\/13\/le-groupe-mc-pharma-rend-hommage-au-corps-medical-tunisien\/#breadcrumb","itemListElement":[{"@type":"ListItem","position":1,"name":"Accueil","item":"https:\/\/kapitalis.com\/tunisie\/"},{"@type":"ListItem","position":2,"name":"Le groupe MC Pharma rend hommage au corps m\u00e9dical tunisien"}]},{"@type":"WebSite","@id":"https:\/\/kapitalis.com\/tunisie\/#website","url":"https:\/\/kapitalis.com\/tunisie\/","name":"Kapitalis","description":"L&#039;actualit\u00e9 en Tunisie et dans le monde","publisher":{"@id":"https:\/\/kapitalis.com\/tunisie\/#organization"},"potentialAction":[{"@type":"SearchAction","target":{"@type":"EntryPoint","urlTemplate":"https:\/\/kapitalis.com\/tunisie\/?s={search_term_string}"},"query-input":{"@type":"PropertyValueSpecification","valueRequired":true,"valueName":"search_term_string"}}],"inLanguage":"fr-FR"},{"@type":"Organization","@id":"https:\/\/kapitalis.com\/tunisie\/#organization","name":"Kapitalis","url":"https:\/\/kapitalis.com\/tunisie\/","logo":{"@type":"ImageObject","inLanguage":"fr-FR","@id":"https:\/\/kapitalis.com\/tunisie\/#\/schema\/logo\/image\/","url":"https:\/\/kapitalis.com\/tunisie\/wp-content\/uploads\/2022\/05\/Kapitalis-big-size.png","contentUrl":"https:\/\/kapitalis.com\/tunisie\/wp-content\/uploads\/2022\/05\/Kapitalis-big-size.png","width":5000,"height":1500,"caption":"Kapitalis"},"image":{"@id":"https:\/\/kapitalis.com\/tunisie\/#\/schema\/logo\/image\/"},"sameAs":["https:\/\/www.facebook.com\/KapitalisInfo\/","https:\/\/x.com\/KapitalisInfo","https:\/\/www.youtube.com\/channel\/UC-yDYrHyfFBWWZaOw3FPg9Q"]},{"@type":"Person","@id":"https:\/\/kapitalis.com\/tunisie\/#\/schema\/person\/d71f33a9ca44f7bad4698210b480c8e9","name":"webmaster kapitalis","url":"https:\/\/kapitalis.com\/tunisie\/author\/webmaster-kapitalis\/"}]}},"_links":{"self":[{"href":"https:\/\/kapitalis.com\/tunisie\/wp-json\/wp\/v2\/posts\/316178","targetHints":{"allow":["GET"]}}],"collection":[{"href":"https:\/\/kapitalis.com\/tunisie\/wp-json\/wp\/v2\/posts"}],"about":[{"href":"https:\/\/kapitalis.com\/tunisie\/wp-json\/wp\/v2\/types\/post"}],"author":[{"embeddable":true,"href":"https:\/\/kapitalis.com\/tunisie\/wp-json\/wp\/v2\/users\/8"}],"replies":[{"embeddable":true,"href":"https:\/\/kapitalis.com\/tunisie\/wp-json\/wp\/v2\/comments?post=316178"}],"version-history":[{"count":0,"href":"https:\/\/kapitalis.com\/tunisie\/wp-json\/wp\/v2\/posts\/316178\/revisions"}],"wp:featuredmedia":[{"embeddable":true,"href":"https:\/\/kapitalis.com\/tunisie\/wp-json\/wp\/v2\/media\/316181"}],"wp:attachment":[{"href":"https:\/\/kapitalis.com\/tunisie\/wp-json\/wp\/v2\/media?parent=316178"}],"wp:term":[{"taxonomy":"category","embeddable":true,"href":"https:\/\/kapitalis.com\/tunisie\/wp-json\/wp\/v2\/categories?post=316178"},{"taxonomy":"post_tag","embeddable":true,"href":"https:\/\/kapitalis.com\/tunisie\/wp-json\/wp\/v2\/tags?post=316178"}],"curies":[{"name":"wp","href":"https:\/\/api.w.org\/{rel}","templated":true}]}}