{"id":316248,"date":"2020-09-14T11:52:16","date_gmt":"2020-09-14T10:52:16","guid":{"rendered":"http:\/\/kapitalis.com\/tunisie\/?p=316248"},"modified":"2020-09-14T11:52:21","modified_gmt":"2020-09-14T10:52:21","slug":"le-budget-du-ministere-de-leducation-ne-permet-pas-les-reformes-necessaires-dapres-fethi-salaouati","status":"publish","type":"post","link":"https:\/\/kapitalis.com\/tunisie\/2020\/09\/14\/le-budget-du-ministere-de-leducation-ne-permet-pas-les-reformes-necessaires-dapres-fethi-salaouati\/","title":{"rendered":"Le budget du minist\u00e8re de l&rsquo;Education ne permet pas les r\u00e9formes n\u00e9cessaires, d&rsquo;apr\u00e8s Fethi Salaouati"},"content":{"rendered":"\n<figure class=\"wp-block-image size-large\"><img decoding=\"async\" src=\"http:\/\/kapitalis.com\/tunisie\/wp-content\/uploads\/2020\/09\/Mechichi-ecole.jpg\" alt=\"\" class=\"wp-image-316250\"\/><\/figure>\n\n\n\n<p><strong><em>Alors que la Tunisie s&rsquo;appr\u00eate \u00e0 la rentr\u00e9e scolaire, l&rsquo;\u00e9tat des \u00e9coles est loin d&rsquo;\u00eatre satisfaisant. Des r\u00e9paration s&rsquo;imposent. Mais selon le ministre de l&rsquo;Education, Fethi Salaouati, le\u00a0budget allou\u00e9 au d\u00e9partement \u00abn\u2019est pas suffisant pour effectuer toutes les r\u00e9parations n\u00e9cessaires dans les\u00a0\u00e9tablissements \u00e9ducatifs\u00bb.<\/em><\/strong><\/p>\n\n\n\n<!--more-->\n\n\n\n<p>L&rsquo;invit\u00e9 de Shems FM a, par ailleurs, appel\u00e9, ce lundi 14 septembre 2020, la soci\u00e9t\u00e9 civile et les autorit\u00e9s r\u00e9gionales \u00e0 intervenir et contribuer \u00e0 la mise en place des r\u00e9formes n\u00e9cessaires dans les \u00e9coles primaires, les coll\u00e8ges et les lyc\u00e9es.<\/p>\n\n\n\n<p>\u00ab<em>Des instructions claires seront publi\u00e9es pour faciliter les proc\u00e9dures \u00e0 ceux qui souhaitent aider \u00e0 am\u00e9liorer l\u2019infrastructure des \u00e9tablissements scolaires<\/em>\u00bb, a-t-il ajout\u00e9.<\/p>\n\n\n\n<p>Rappelons qu&rsquo;hier, le chef du gouvernement, Hichem Mechichi, a effectu\u00e9 des visites \u00e0 3 \u00e9coles, \u00e0 la lumi\u00e8re desquelles il \u00e9tait \u00ab<em>en col\u00e8re<\/em>\u00bb, selon la page Facebook officielle de la pr\u00e9sidence du gouvernement, notamment du fait des conditions d&rsquo;hygi\u00e8ne ex\u00e9crables dans les toilettes.<\/p>\n\n\n\n<p class=\"has-text-align-right\"><strong>C. B. Y.<\/strong><\/p>\n","protected":false},"excerpt":{"rendered":"<p>Alors que la Tunisie s&rsquo;appr\u00eate \u00e0 la rentr\u00e9e scolaire, l&rsquo;\u00e9tat des \u00e9coles est loin d&rsquo;\u00eatre satisfaisant. Des r\u00e9paration s&rsquo;imposent. Mais selon le ministre de l&rsquo;Education, Fethi Salaouati, le\u00a0budget allou\u00e9 au d\u00e9partement \u00abn\u2019est pas suffisant pour effectuer toutes les r\u00e9parations n\u00e9cessaires dans les\u00a0\u00e9tablissements \u00e9ducatifs\u00bb.<\/p>\n","protected":false},"author":24,"featured_media":316250,"comment_status":"open","ping_status":"open","sticky":false,"template":"","format":"standard","meta":{"footnotes":""},"categories":[997,999,2433],"tags":[82706,74899],"class_list":["post-316248","post","type-post","status-publish","format-standard","has-post-thumbnail","hentry","category-politique","category-sport","category-tunisie","tag-fethi-salaouati","tag-hichem-mechichi"],"yoast_head":"<!-- This site is optimized with the Yoast SEO plugin v26.6 - https:\/\/yoast.com\/wordpress\/plugins\/seo\/ -->\n<title>Le budget du minist\u00e8re de l&#039;Education ne permet pas les r\u00e9formes n\u00e9cessaires, d&#039;apr\u00e8s Fethi Salaouati - Kapitalis<\/title>\n<meta name=\"robots\" content=\"index, follow, max-snippet:-1, max-image-preview:large, max-video-preview:-1\" \/>\n<link rel=\"canonical\" href=\"https:\/\/kapitalis.com\/tunisie\/2020\/09\/14\/le-budget-du-ministere-de-leducation-ne-permet-pas-les-reformes-necessaires-dapres-fethi-salaouati\/\" \/>\n<meta property=\"og:locale\" content=\"fr_FR\" \/>\n<meta property=\"og:type\" content=\"article\" \/>\n<meta property=\"og:title\" content=\"Le budget du minist\u00e8re de l&#039;Education ne permet pas les r\u00e9formes n\u00e9cessaires, d&#039;apr\u00e8s Fethi Salaouati - Kapitalis\" \/>\n<meta property=\"og:description\" content=\"Alors que la Tunisie s&rsquo;appr\u00eate \u00e0 la rentr\u00e9e scolaire, l&rsquo;\u00e9tat des \u00e9coles est loin d&rsquo;\u00eatre satisfaisant. Des r\u00e9paration s&rsquo;imposent. Mais selon le ministre de l&rsquo;Education, Fethi Salaouati, le\u00a0budget allou\u00e9 au d\u00e9partement \u00abn\u2019est pas suffisant pour effectuer toutes les r\u00e9parations n\u00e9cessaires dans les\u00a0\u00e9tablissements \u00e9ducatifs\u00bb.\" \/>\n<meta property=\"og:url\" content=\"https:\/\/kapitalis.com\/tunisie\/2020\/09\/14\/le-budget-du-ministere-de-leducation-ne-permet-pas-les-reformes-necessaires-dapres-fethi-salaouati\/\" \/>\n<meta property=\"og:site_name\" content=\"Kapitalis\" \/>\n<meta property=\"article:publisher\" content=\"https:\/\/www.facebook.com\/KapitalisInfo\/\" \/>\n<meta property=\"article:published_time\" content=\"2020-09-14T10:52:16+00:00\" \/>\n<meta property=\"article:modified_time\" content=\"2020-09-14T10:52:21+00:00\" \/>\n<meta property=\"og:image\" content=\"https:\/\/kapitalis.com\/tunisie\/wp-content\/uploads\/2022\/05\/kapitalis-logo-fb.png\" \/>\n\t<meta property=\"og:image:width\" content=\"1200\" \/>\n\t<meta property=\"og:image:height\" content=\"630\" \/>\n\t<meta property=\"og:image:type\" content=\"image\/png\" \/>\n<meta name=\"author\" content=\"Cherif Benyounes\" \/>\n<meta name=\"twitter:card\" content=\"summary_large_image\" \/>\n<meta name=\"twitter:creator\" content=\"@KapitalisInfo\" \/>\n<meta name=\"twitter:site\" content=\"@KapitalisInfo\" \/>\n<meta name=\"twitter:label1\" content=\"\u00c9crit par\" \/>\n\t<meta name=\"twitter:data1\" content=\"Cherif Benyounes\" \/>\n\t<meta name=\"twitter:label2\" content=\"Dur\u00e9e de lecture estim\u00e9e\" \/>\n\t<meta name=\"twitter:data2\" content=\"1 minute\" \/>\n<script type=\"application\/ld+json\" class=\"yoast-schema-graph\">{\"@context\":\"https:\/\/schema.org\",\"@graph\":[{\"@type\":\"Article\",\"@id\":\"https:\/\/kapitalis.com\/tunisie\/2020\/09\/14\/le-budget-du-ministere-de-leducation-ne-permet-pas-les-reformes-necessaires-dapres-fethi-salaouati\/#article\",\"isPartOf\":{\"@id\":\"https:\/\/kapitalis.com\/tunisie\/2020\/09\/14\/le-budget-du-ministere-de-leducation-ne-permet-pas-les-reformes-necessaires-dapres-fethi-salaouati\/\"},\"author\":{\"name\":\"Cherif Benyounes\",\"@id\":\"https:\/\/kapitalis.com\/tunisie\/#\/schema\/person\/b35b8d631961131107263178aeb8019e\"},\"headline\":\"Le budget du minist\u00e8re de l&rsquo;Education ne permet pas les r\u00e9formes n\u00e9cessaires, d&rsquo;apr\u00e8s Fethi Salaouati\",\"datePublished\":\"2020-09-14T10:52:16+00:00\",\"dateModified\":\"2020-09-14T10:52:21+00:00\",\"mainEntityOfPage\":{\"@id\":\"https:\/\/kapitalis.com\/tunisie\/2020\/09\/14\/le-budget-du-ministere-de-leducation-ne-permet-pas-les-reformes-necessaires-dapres-fethi-salaouati\/\"},\"wordCount\":188,\"commentCount\":5,\"publisher\":{\"@id\":\"https:\/\/kapitalis.com\/tunisie\/#organization\"},\"image\":{\"@id\":\"https:\/\/kapitalis.com\/tunisie\/2020\/09\/14\/le-budget-du-ministere-de-leducation-ne-permet-pas-les-reformes-necessaires-dapres-fethi-salaouati\/#primaryimage\"},\"thumbnailUrl\":\"\",\"keywords\":[\"Fethi Salaouati\",\"Hichem Mechichi\"],\"articleSection\":[\"POLITIQUE\",\"SPORT\",\"Tunisie\"],\"inLanguage\":\"fr-FR\",\"potentialAction\":[{\"@type\":\"CommentAction\",\"name\":\"Comment\",\"target\":[\"https:\/\/kapitalis.com\/tunisie\/2020\/09\/14\/le-budget-du-ministere-de-leducation-ne-permet-pas-les-reformes-necessaires-dapres-fethi-salaouati\/#respond\"]}]},{\"@type\":\"WebPage\",\"@id\":\"https:\/\/kapitalis.com\/tunisie\/2020\/09\/14\/le-budget-du-ministere-de-leducation-ne-permet-pas-les-reformes-necessaires-dapres-fethi-salaouati\/\",\"url\":\"https:\/\/kapitalis.com\/tunisie\/2020\/09\/14\/le-budget-du-ministere-de-leducation-ne-permet-pas-les-reformes-necessaires-dapres-fethi-salaouati\/\",\"name\":\"Le budget du minist\u00e8re de l'Education ne permet pas les r\u00e9formes n\u00e9cessaires, d'apr\u00e8s Fethi Salaouati - Kapitalis\",\"isPartOf\":{\"@id\":\"https:\/\/kapitalis.com\/tunisie\/#website\"},\"primaryImageOfPage\":{\"@id\":\"https:\/\/kapitalis.com\/tunisie\/2020\/09\/14\/le-budget-du-ministere-de-leducation-ne-permet-pas-les-reformes-necessaires-dapres-fethi-salaouati\/#primaryimage\"},\"image\":{\"@id\":\"https:\/\/kapitalis.com\/tunisie\/2020\/09\/14\/le-budget-du-ministere-de-leducation-ne-permet-pas-les-reformes-necessaires-dapres-fethi-salaouati\/#primaryimage\"},\"thumbnailUrl\":\"\",\"datePublished\":\"2020-09-14T10:52:16+00:00\",\"dateModified\":\"2020-09-14T10:52:21+00:00\",\"breadcrumb\":{\"@id\":\"https:\/\/kapitalis.com\/tunisie\/2020\/09\/14\/le-budget-du-ministere-de-leducation-ne-permet-pas-les-reformes-necessaires-dapres-fethi-salaouati\/#breadcrumb\"},\"inLanguage\":\"fr-FR\",\"potentialAction\":[{\"@type\":\"ReadAction\",\"target\":[\"https:\/\/kapitalis.com\/tunisie\/2020\/09\/14\/le-budget-du-ministere-de-leducation-ne-permet-pas-les-reformes-necessaires-dapres-fethi-salaouati\/\"]}]},{\"@type\":\"ImageObject\",\"inLanguage\":\"fr-FR\",\"@id\":\"https:\/\/kapitalis.com\/tunisie\/2020\/09\/14\/le-budget-du-ministere-de-leducation-ne-permet-pas-les-reformes-necessaires-dapres-fethi-salaouati\/#primaryimage\",\"url\":\"\",\"contentUrl\":\"\"},{\"@type\":\"BreadcrumbList\",\"@id\":\"https:\/\/kapitalis.com\/tunisie\/2020\/09\/14\/le-budget-du-ministere-de-leducation-ne-permet-pas-les-reformes-necessaires-dapres-fethi-salaouati\/#breadcrumb\",\"itemListElement\":[{\"@type\":\"ListItem\",\"position\":1,\"name\":\"Accueil\",\"item\":\"https:\/\/kapitalis.com\/tunisie\/\"},{\"@type\":\"ListItem\",\"position\":2,\"name\":\"Le budget du minist\u00e8re de l&rsquo;Education ne permet pas les r\u00e9formes n\u00e9cessaires, d&rsquo;apr\u00e8s Fethi Salaouati\"}]},{\"@type\":\"WebSite\",\"@id\":\"https:\/\/kapitalis.com\/tunisie\/#website\",\"url\":\"https:\/\/kapitalis.com\/tunisie\/\",\"name\":\"Kapitalis\",\"description\":\"L&#039;actualit\u00e9 en Tunisie et dans le monde\",\"publisher\":{\"@id\":\"https:\/\/kapitalis.com\/tunisie\/#organization\"},\"potentialAction\":[{\"@type\":\"SearchAction\",\"target\":{\"@type\":\"EntryPoint\",\"urlTemplate\":\"https:\/\/kapitalis.com\/tunisie\/?s={search_term_string}\"},\"query-input\":{\"@type\":\"PropertyValueSpecification\",\"valueRequired\":true,\"valueName\":\"search_term_string\"}}],\"inLanguage\":\"fr-FR\"},{\"@type\":\"Organization\",\"@id\":\"https:\/\/kapitalis.com\/tunisie\/#organization\",\"name\":\"Kapitalis\",\"url\":\"https:\/\/kapitalis.com\/tunisie\/\",\"logo\":{\"@type\":\"ImageObject\",\"inLanguage\":\"fr-FR\",\"@id\":\"https:\/\/kapitalis.com\/tunisie\/#\/schema\/logo\/image\/\",\"url\":\"https:\/\/kapitalis.com\/tunisie\/wp-content\/uploads\/2022\/05\/Kapitalis-big-size.png\",\"contentUrl\":\"https:\/\/kapitalis.com\/tunisie\/wp-content\/uploads\/2022\/05\/Kapitalis-big-size.png\",\"width\":5000,\"height\":1500,\"caption\":\"Kapitalis\"},\"image\":{\"@id\":\"https:\/\/kapitalis.com\/tunisie\/#\/schema\/logo\/image\/\"},\"sameAs\":[\"https:\/\/www.facebook.com\/KapitalisInfo\/\",\"https:\/\/x.com\/KapitalisInfo\",\"https:\/\/www.youtube.com\/channel\/UC-yDYrHyfFBWWZaOw3FPg9Q\"]},{\"@type\":\"Person\",\"@id\":\"https:\/\/kapitalis.com\/tunisie\/#\/schema\/person\/b35b8d631961131107263178aeb8019e\",\"name\":\"Cherif Benyounes\",\"url\":\"https:\/\/kapitalis.com\/tunisie\/author\/cherif\/\"}]}<\/script>\n<!-- \/ Yoast SEO plugin. -->","yoast_head_json":{"title":"Le budget du minist\u00e8re de l'Education ne permet pas les r\u00e9formes n\u00e9cessaires, d'apr\u00e8s Fethi Salaouati - Kapitalis","robots":{"index":"index","follow":"follow","max-snippet":"max-snippet:-1","max-image-preview":"max-image-preview:large","max-video-preview":"max-video-preview:-1"},"canonical":"https:\/\/kapitalis.com\/tunisie\/2020\/09\/14\/le-budget-du-ministere-de-leducation-ne-permet-pas-les-reformes-necessaires-dapres-fethi-salaouati\/","og_locale":"fr_FR","og_type":"article","og_title":"Le budget du minist\u00e8re de l'Education ne permet pas les r\u00e9formes n\u00e9cessaires, d'apr\u00e8s Fethi Salaouati - Kapitalis","og_description":"Alors que la Tunisie s&rsquo;appr\u00eate \u00e0 la rentr\u00e9e scolaire, l&rsquo;\u00e9tat des \u00e9coles est loin d&rsquo;\u00eatre satisfaisant. Des r\u00e9paration s&rsquo;imposent. Mais selon le ministre de l&rsquo;Education, Fethi Salaouati, le\u00a0budget allou\u00e9 au d\u00e9partement \u00abn\u2019est pas suffisant pour effectuer toutes les r\u00e9parations n\u00e9cessaires dans les\u00a0\u00e9tablissements \u00e9ducatifs\u00bb.","og_url":"https:\/\/kapitalis.com\/tunisie\/2020\/09\/14\/le-budget-du-ministere-de-leducation-ne-permet-pas-les-reformes-necessaires-dapres-fethi-salaouati\/","og_site_name":"Kapitalis","article_publisher":"https:\/\/www.facebook.com\/KapitalisInfo\/","article_published_time":"2020-09-14T10:52:16+00:00","article_modified_time":"2020-09-14T10:52:21+00:00","og_image":[{"width":1200,"height":630,"url":"https:\/\/kapitalis.com\/tunisie\/wp-content\/uploads\/2022\/05\/kapitalis-logo-fb.png","type":"image\/png"}],"author":"Cherif Benyounes","twitter_card":"summary_large_image","twitter_creator":"@KapitalisInfo","twitter_site":"@KapitalisInfo","twitter_misc":{"\u00c9crit par":"Cherif Benyounes","Dur\u00e9e de lecture estim\u00e9e":"1 minute"},"schema":{"@context":"https:\/\/schema.org","@graph":[{"@type":"Article","@id":"https:\/\/kapitalis.com\/tunisie\/2020\/09\/14\/le-budget-du-ministere-de-leducation-ne-permet-pas-les-reformes-necessaires-dapres-fethi-salaouati\/#article","isPartOf":{"@id":"https:\/\/kapitalis.com\/tunisie\/2020\/09\/14\/le-budget-du-ministere-de-leducation-ne-permet-pas-les-reformes-necessaires-dapres-fethi-salaouati\/"},"author":{"name":"Cherif Benyounes","@id":"https:\/\/kapitalis.com\/tunisie\/#\/schema\/person\/b35b8d631961131107263178aeb8019e"},"headline":"Le budget du minist\u00e8re de l&rsquo;Education ne permet pas les r\u00e9formes n\u00e9cessaires, d&rsquo;apr\u00e8s Fethi Salaouati","datePublished":"2020-09-14T10:52:16+00:00","dateModified":"2020-09-14T10:52:21+00:00","mainEntityOfPage":{"@id":"https:\/\/kapitalis.com\/tunisie\/2020\/09\/14\/le-budget-du-ministere-de-leducation-ne-permet-pas-les-reformes-necessaires-dapres-fethi-salaouati\/"},"wordCount":188,"commentCount":5,"publisher":{"@id":"https:\/\/kapitalis.com\/tunisie\/#organization"},"image":{"@id":"https:\/\/kapitalis.com\/tunisie\/2020\/09\/14\/le-budget-du-ministere-de-leducation-ne-permet-pas-les-reformes-necessaires-dapres-fethi-salaouati\/#primaryimage"},"thumbnailUrl":"","keywords":["Fethi Salaouati","Hichem Mechichi"],"articleSection":["POLITIQUE","SPORT","Tunisie"],"inLanguage":"fr-FR","potentialAction":[{"@type":"CommentAction","name":"Comment","target":["https:\/\/kapitalis.com\/tunisie\/2020\/09\/14\/le-budget-du-ministere-de-leducation-ne-permet-pas-les-reformes-necessaires-dapres-fethi-salaouati\/#respond"]}]},{"@type":"WebPage","@id":"https:\/\/kapitalis.com\/tunisie\/2020\/09\/14\/le-budget-du-ministere-de-leducation-ne-permet-pas-les-reformes-necessaires-dapres-fethi-salaouati\/","url":"https:\/\/kapitalis.com\/tunisie\/2020\/09\/14\/le-budget-du-ministere-de-leducation-ne-permet-pas-les-reformes-necessaires-dapres-fethi-salaouati\/","name":"Le budget du minist\u00e8re de l'Education ne permet pas les r\u00e9formes n\u00e9cessaires, d'apr\u00e8s Fethi Salaouati - Kapitalis","isPartOf":{"@id":"https:\/\/kapitalis.com\/tunisie\/#website"},"primaryImageOfPage":{"@id":"https:\/\/kapitalis.com\/tunisie\/2020\/09\/14\/le-budget-du-ministere-de-leducation-ne-permet-pas-les-reformes-necessaires-dapres-fethi-salaouati\/#primaryimage"},"image":{"@id":"https:\/\/kapitalis.com\/tunisie\/2020\/09\/14\/le-budget-du-ministere-de-leducation-ne-permet-pas-les-reformes-necessaires-dapres-fethi-salaouati\/#primaryimage"},"thumbnailUrl":"","datePublished":"2020-09-14T10:52:16+00:00","dateModified":"2020-09-14T10:52:21+00:00","breadcrumb":{"@id":"https:\/\/kapitalis.com\/tunisie\/2020\/09\/14\/le-budget-du-ministere-de-leducation-ne-permet-pas-les-reformes-necessaires-dapres-fethi-salaouati\/#breadcrumb"},"inLanguage":"fr-FR","potentialAction":[{"@type":"ReadAction","target":["https:\/\/kapitalis.com\/tunisie\/2020\/09\/14\/le-budget-du-ministere-de-leducation-ne-permet-pas-les-reformes-necessaires-dapres-fethi-salaouati\/"]}]},{"@type":"ImageObject","inLanguage":"fr-FR","@id":"https:\/\/kapitalis.com\/tunisie\/2020\/09\/14\/le-budget-du-ministere-de-leducation-ne-permet-pas-les-reformes-necessaires-dapres-fethi-salaouati\/#primaryimage","url":"","contentUrl":""},{"@type":"BreadcrumbList","@id":"https:\/\/kapitalis.com\/tunisie\/2020\/09\/14\/le-budget-du-ministere-de-leducation-ne-permet-pas-les-reformes-necessaires-dapres-fethi-salaouati\/#breadcrumb","itemListElement":[{"@type":"ListItem","position":1,"name":"Accueil","item":"https:\/\/kapitalis.com\/tunisie\/"},{"@type":"ListItem","position":2,"name":"Le budget du minist\u00e8re de l&rsquo;Education ne permet pas les r\u00e9formes n\u00e9cessaires, d&rsquo;apr\u00e8s Fethi Salaouati"}]},{"@type":"WebSite","@id":"https:\/\/kapitalis.com\/tunisie\/#website","url":"https:\/\/kapitalis.com\/tunisie\/","name":"Kapitalis","description":"L&#039;actualit\u00e9 en Tunisie et dans le monde","publisher":{"@id":"https:\/\/kapitalis.com\/tunisie\/#organization"},"potentialAction":[{"@type":"SearchAction","target":{"@type":"EntryPoint","urlTemplate":"https:\/\/kapitalis.com\/tunisie\/?s={search_term_string}"},"query-input":{"@type":"PropertyValueSpecification","valueRequired":true,"valueName":"search_term_string"}}],"inLanguage":"fr-FR"},{"@type":"Organization","@id":"https:\/\/kapitalis.com\/tunisie\/#organization","name":"Kapitalis","url":"https:\/\/kapitalis.com\/tunisie\/","logo":{"@type":"ImageObject","inLanguage":"fr-FR","@id":"https:\/\/kapitalis.com\/tunisie\/#\/schema\/logo\/image\/","url":"https:\/\/kapitalis.com\/tunisie\/wp-content\/uploads\/2022\/05\/Kapitalis-big-size.png","contentUrl":"https:\/\/kapitalis.com\/tunisie\/wp-content\/uploads\/2022\/05\/Kapitalis-big-size.png","width":5000,"height":1500,"caption":"Kapitalis"},"image":{"@id":"https:\/\/kapitalis.com\/tunisie\/#\/schema\/logo\/image\/"},"sameAs":["https:\/\/www.facebook.com\/KapitalisInfo\/","https:\/\/x.com\/KapitalisInfo","https:\/\/www.youtube.com\/channel\/UC-yDYrHyfFBWWZaOw3FPg9Q"]},{"@type":"Person","@id":"https:\/\/kapitalis.com\/tunisie\/#\/schema\/person\/b35b8d631961131107263178aeb8019e","name":"Cherif Benyounes","url":"https:\/\/kapitalis.com\/tunisie\/author\/cherif\/"}]}},"_links":{"self":[{"href":"https:\/\/kapitalis.com\/tunisie\/wp-json\/wp\/v2\/posts\/316248","targetHints":{"allow":["GET"]}}],"collection":[{"href":"https:\/\/kapitalis.com\/tunisie\/wp-json\/wp\/v2\/posts"}],"about":[{"href":"https:\/\/kapitalis.com\/tunisie\/wp-json\/wp\/v2\/types\/post"}],"author":[{"embeddable":true,"href":"https:\/\/kapitalis.com\/tunisie\/wp-json\/wp\/v2\/users\/24"}],"replies":[{"embeddable":true,"href":"https:\/\/kapitalis.com\/tunisie\/wp-json\/wp\/v2\/comments?post=316248"}],"version-history":[{"count":0,"href":"https:\/\/kapitalis.com\/tunisie\/wp-json\/wp\/v2\/posts\/316248\/revisions"}],"wp:featuredmedia":[{"embeddable":true,"href":"https:\/\/kapitalis.com\/tunisie\/wp-json\/wp\/v2\/media\/316250"}],"wp:attachment":[{"href":"https:\/\/kapitalis.com\/tunisie\/wp-json\/wp\/v2\/media?parent=316248"}],"wp:term":[{"taxonomy":"category","embeddable":true,"href":"https:\/\/kapitalis.com\/tunisie\/wp-json\/wp\/v2\/categories?post=316248"},{"taxonomy":"post_tag","embeddable":true,"href":"https:\/\/kapitalis.com\/tunisie\/wp-json\/wp\/v2\/tags?post=316248"}],"curies":[{"name":"wp","href":"https:\/\/api.w.org\/{rel}","templated":true}]}}