{"id":316268,"date":"2020-09-14T16:01:28","date_gmt":"2020-09-14T15:01:28","guid":{"rendered":"http:\/\/kapitalis.com\/tunisie\/?p=316268"},"modified":"2020-09-14T16:01:41","modified_gmt":"2020-09-14T15:01:41","slug":"intemperies-les-pecheurs-et-les-agriculteurs-appeles-a-la-vigilance","status":"publish","type":"post","link":"https:\/\/kapitalis.com\/tunisie\/2020\/09\/14\/intemperies-les-pecheurs-et-les-agriculteurs-appeles-a-la-vigilance\/","title":{"rendered":"Intemp\u00e9ries : Les p\u00eacheurs et les agriculteurs appel\u00e9s \u00e0 la vigilance"},"content":{"rendered":"\n<figure class=\"wp-block-image size-large\"><img decoding=\"async\" src=\"http:\/\/kapitalis.com\/tunisie\/wp-content\/uploads\/2016\/07\/Mer-agit\u00e9e-Tunisie.jpg\" alt=\"\" class=\"wp-image-58187\"\/><\/figure>\n\n\n\n<p><strong><em>Le minist\u00e8re de l&rsquo;Agriculture, des Ressources hydrauliques et de la P\u00eache maritime a appel\u00e9, lundi 14 septembre 2020, les citoyens et les agriculteurs \u00e0 la vigilance et \u00e0 ne pas s\u2019approcher des ouvrages hydrauliques, en l\u2019occurrence les barrages, les lacs collinaires et les cours des oueds, en raison des pr\u00e9visions m\u00e9t\u00e9orologiques, annon\u00e7ant des perturbations climatiques.<\/em><\/strong><\/p>\n\n\n\n<!--more-->\n\n\n\n<p>Le minist\u00e8re a \u00e9galement recommand\u00e9 aux p\u00eacheurs de ne pas s\u2019aventurer en mer et de prendre les pr\u00e9cautions n\u00e9cessaires pour fixer leurs embarcations \u00e0 quai, jusqu\u2019\u00e0 nouvel ordre.<\/p>\n\n\n\n<p>L\u2019Institut national de m\u00e9t\u00e9orologie (INM) avait annonc\u00e9, ce matin, des pluies temporairement orageuses et parfois intenses sur les r\u00e9gions est du pays, avec des chutes de gr\u00eale et des coups de foudre, par endroits. <\/p>\n\n\n\n<p>Ces pluies seront en quantit\u00e9s importantes notamment dans les gouvernorats de Nabeul, Sousse, Monastir et Mahdia. Elles int\u00e9resseront, l\u2019apr\u00e8s-midi, le gouvernorat de Sfax, puis ceux de Gab\u00e8s et M\u00e9denine. Les quantit\u00e9s enregistr\u00e9es varieront entre 40 et 60 mm et atteindront localement 90 mm.<\/p>\n","protected":false},"excerpt":{"rendered":"<p>Le minist\u00e8re de l&rsquo;Agriculture, des Ressources hydrauliques et de la P\u00eache maritime a appel\u00e9, lundi 14 septembre 2020, les citoyens et les agriculteurs \u00e0 la vigilance et \u00e0 ne pas s\u2019approcher des ouvrages hydrauliques, en l\u2019occurrence les barrages, les lacs collinaires et les cours des oueds, en raison des pr\u00e9visions m\u00e9t\u00e9orologiques, annon\u00e7ant des perturbations climatiques.<\/p>\n","protected":false},"author":8,"featured_media":0,"comment_status":"open","ping_status":"open","sticky":false,"template":"","format":"standard","meta":{"footnotes":""},"categories":[998,2433],"tags":[565,18959,82713,70382],"class_list":["post-316268","post","type-post","status-publish","format-standard","hentry","category-societe","category-tunisie","tag-mahdia","tag-mer-agitee","tag-perturbations-climatiques","tag-pluies-orageuses"],"yoast_head":"<!-- This site is optimized with the Yoast SEO plugin v26.6 - https:\/\/yoast.com\/wordpress\/plugins\/seo\/ -->\n<title>Intemp\u00e9ries : Les p\u00eacheurs et les agriculteurs appel\u00e9s \u00e0 la vigilance - Kapitalis<\/title>\n<meta name=\"robots\" content=\"index, follow, max-snippet:-1, max-image-preview:large, max-video-preview:-1\" \/>\n<link rel=\"canonical\" href=\"https:\/\/kapitalis.com\/tunisie\/2020\/09\/14\/intemperies-les-pecheurs-et-les-agriculteurs-appeles-a-la-vigilance\/\" \/>\n<meta property=\"og:locale\" content=\"fr_FR\" \/>\n<meta property=\"og:type\" content=\"article\" \/>\n<meta property=\"og:title\" content=\"Intemp\u00e9ries : Les p\u00eacheurs et les agriculteurs appel\u00e9s \u00e0 la vigilance - Kapitalis\" \/>\n<meta property=\"og:description\" content=\"Le minist\u00e8re de l&rsquo;Agriculture, des Ressources hydrauliques et de la P\u00eache maritime a appel\u00e9, lundi 14 septembre 2020, les citoyens et les agriculteurs \u00e0 la vigilance et \u00e0 ne pas s\u2019approcher des ouvrages hydrauliques, en l\u2019occurrence les barrages, les lacs collinaires et les cours des oueds, en raison des pr\u00e9visions m\u00e9t\u00e9orologiques, annon\u00e7ant des perturbations climatiques.\" \/>\n<meta property=\"og:url\" content=\"https:\/\/kapitalis.com\/tunisie\/2020\/09\/14\/intemperies-les-pecheurs-et-les-agriculteurs-appeles-a-la-vigilance\/\" \/>\n<meta property=\"og:site_name\" content=\"Kapitalis\" \/>\n<meta property=\"article:publisher\" content=\"https:\/\/www.facebook.com\/KapitalisInfo\/\" \/>\n<meta property=\"article:published_time\" content=\"2020-09-14T15:01:28+00:00\" \/>\n<meta property=\"article:modified_time\" content=\"2020-09-14T15:01:41+00:00\" \/>\n<meta property=\"og:image\" content=\"https:\/\/kapitalis.com\/tunisie\/wp-content\/uploads\/2022\/05\/kapitalis-logo-fb.png\" \/>\n\t<meta property=\"og:image:width\" content=\"1200\" \/>\n\t<meta property=\"og:image:height\" content=\"630\" \/>\n\t<meta property=\"og:image:type\" content=\"image\/png\" \/>\n<meta name=\"author\" content=\"webmaster kapitalis\" \/>\n<meta name=\"twitter:card\" content=\"summary_large_image\" \/>\n<meta name=\"twitter:creator\" content=\"@KapitalisInfo\" \/>\n<meta name=\"twitter:site\" content=\"@KapitalisInfo\" \/>\n<meta name=\"twitter:label1\" content=\"\u00c9crit par\" \/>\n\t<meta name=\"twitter:data1\" content=\"webmaster kapitalis\" \/>\n\t<meta name=\"twitter:label2\" content=\"Dur\u00e9e de lecture estim\u00e9e\" \/>\n\t<meta name=\"twitter:data2\" content=\"1 minute\" \/>\n<script type=\"application\/ld+json\" class=\"yoast-schema-graph\">{\"@context\":\"https:\/\/schema.org\",\"@graph\":[{\"@type\":\"Article\",\"@id\":\"https:\/\/kapitalis.com\/tunisie\/2020\/09\/14\/intemperies-les-pecheurs-et-les-agriculteurs-appeles-a-la-vigilance\/#article\",\"isPartOf\":{\"@id\":\"https:\/\/kapitalis.com\/tunisie\/2020\/09\/14\/intemperies-les-pecheurs-et-les-agriculteurs-appeles-a-la-vigilance\/\"},\"author\":{\"name\":\"webmaster kapitalis\",\"@id\":\"https:\/\/kapitalis.com\/tunisie\/#\/schema\/person\/d71f33a9ca44f7bad4698210b480c8e9\"},\"headline\":\"Intemp\u00e9ries : Les p\u00eacheurs et les agriculteurs appel\u00e9s \u00e0 la vigilance\",\"datePublished\":\"2020-09-14T15:01:28+00:00\",\"dateModified\":\"2020-09-14T15:01:41+00:00\",\"mainEntityOfPage\":{\"@id\":\"https:\/\/kapitalis.com\/tunisie\/2020\/09\/14\/intemperies-les-pecheurs-et-les-agriculteurs-appeles-a-la-vigilance\/\"},\"wordCount\":190,\"commentCount\":0,\"publisher\":{\"@id\":\"https:\/\/kapitalis.com\/tunisie\/#organization\"},\"keywords\":[\"Mahdia\",\"mer agit\u00e9e\",\"perturbations climatiques\",\"pluies orageuses\"],\"articleSection\":[\"SOCIETE\",\"Tunisie\"],\"inLanguage\":\"fr-FR\",\"potentialAction\":[{\"@type\":\"CommentAction\",\"name\":\"Comment\",\"target\":[\"https:\/\/kapitalis.com\/tunisie\/2020\/09\/14\/intemperies-les-pecheurs-et-les-agriculteurs-appeles-a-la-vigilance\/#respond\"]}]},{\"@type\":\"WebPage\",\"@id\":\"https:\/\/kapitalis.com\/tunisie\/2020\/09\/14\/intemperies-les-pecheurs-et-les-agriculteurs-appeles-a-la-vigilance\/\",\"url\":\"https:\/\/kapitalis.com\/tunisie\/2020\/09\/14\/intemperies-les-pecheurs-et-les-agriculteurs-appeles-a-la-vigilance\/\",\"name\":\"Intemp\u00e9ries : Les p\u00eacheurs et les agriculteurs appel\u00e9s \u00e0 la vigilance - Kapitalis\",\"isPartOf\":{\"@id\":\"https:\/\/kapitalis.com\/tunisie\/#website\"},\"datePublished\":\"2020-09-14T15:01:28+00:00\",\"dateModified\":\"2020-09-14T15:01:41+00:00\",\"breadcrumb\":{\"@id\":\"https:\/\/kapitalis.com\/tunisie\/2020\/09\/14\/intemperies-les-pecheurs-et-les-agriculteurs-appeles-a-la-vigilance\/#breadcrumb\"},\"inLanguage\":\"fr-FR\",\"potentialAction\":[{\"@type\":\"ReadAction\",\"target\":[\"https:\/\/kapitalis.com\/tunisie\/2020\/09\/14\/intemperies-les-pecheurs-et-les-agriculteurs-appeles-a-la-vigilance\/\"]}]},{\"@type\":\"BreadcrumbList\",\"@id\":\"https:\/\/kapitalis.com\/tunisie\/2020\/09\/14\/intemperies-les-pecheurs-et-les-agriculteurs-appeles-a-la-vigilance\/#breadcrumb\",\"itemListElement\":[{\"@type\":\"ListItem\",\"position\":1,\"name\":\"Accueil\",\"item\":\"https:\/\/kapitalis.com\/tunisie\/\"},{\"@type\":\"ListItem\",\"position\":2,\"name\":\"Intemp\u00e9ries : Les p\u00eacheurs et les agriculteurs appel\u00e9s \u00e0 la vigilance\"}]},{\"@type\":\"WebSite\",\"@id\":\"https:\/\/kapitalis.com\/tunisie\/#website\",\"url\":\"https:\/\/kapitalis.com\/tunisie\/\",\"name\":\"Kapitalis\",\"description\":\"L&#039;actualit\u00e9 en Tunisie et dans le monde\",\"publisher\":{\"@id\":\"https:\/\/kapitalis.com\/tunisie\/#organization\"},\"potentialAction\":[{\"@type\":\"SearchAction\",\"target\":{\"@type\":\"EntryPoint\",\"urlTemplate\":\"https:\/\/kapitalis.com\/tunisie\/?s={search_term_string}\"},\"query-input\":{\"@type\":\"PropertyValueSpecification\",\"valueRequired\":true,\"valueName\":\"search_term_string\"}}],\"inLanguage\":\"fr-FR\"},{\"@type\":\"Organization\",\"@id\":\"https:\/\/kapitalis.com\/tunisie\/#organization\",\"name\":\"Kapitalis\",\"url\":\"https:\/\/kapitalis.com\/tunisie\/\",\"logo\":{\"@type\":\"ImageObject\",\"inLanguage\":\"fr-FR\",\"@id\":\"https:\/\/kapitalis.com\/tunisie\/#\/schema\/logo\/image\/\",\"url\":\"https:\/\/kapitalis.com\/tunisie\/wp-content\/uploads\/2022\/05\/Kapitalis-big-size.png\",\"contentUrl\":\"https:\/\/kapitalis.com\/tunisie\/wp-content\/uploads\/2022\/05\/Kapitalis-big-size.png\",\"width\":5000,\"height\":1500,\"caption\":\"Kapitalis\"},\"image\":{\"@id\":\"https:\/\/kapitalis.com\/tunisie\/#\/schema\/logo\/image\/\"},\"sameAs\":[\"https:\/\/www.facebook.com\/KapitalisInfo\/\",\"https:\/\/x.com\/KapitalisInfo\",\"https:\/\/www.youtube.com\/channel\/UC-yDYrHyfFBWWZaOw3FPg9Q\"]},{\"@type\":\"Person\",\"@id\":\"https:\/\/kapitalis.com\/tunisie\/#\/schema\/person\/d71f33a9ca44f7bad4698210b480c8e9\",\"name\":\"webmaster kapitalis\",\"url\":\"https:\/\/kapitalis.com\/tunisie\/author\/webmaster-kapitalis\/\"}]}<\/script>\n<!-- \/ Yoast SEO plugin. -->","yoast_head_json":{"title":"Intemp\u00e9ries : Les p\u00eacheurs et les agriculteurs appel\u00e9s \u00e0 la vigilance - Kapitalis","robots":{"index":"index","follow":"follow","max-snippet":"max-snippet:-1","max-image-preview":"max-image-preview:large","max-video-preview":"max-video-preview:-1"},"canonical":"https:\/\/kapitalis.com\/tunisie\/2020\/09\/14\/intemperies-les-pecheurs-et-les-agriculteurs-appeles-a-la-vigilance\/","og_locale":"fr_FR","og_type":"article","og_title":"Intemp\u00e9ries : Les p\u00eacheurs et les agriculteurs appel\u00e9s \u00e0 la vigilance - Kapitalis","og_description":"Le minist\u00e8re de l&rsquo;Agriculture, des Ressources hydrauliques et de la P\u00eache maritime a appel\u00e9, lundi 14 septembre 2020, les citoyens et les agriculteurs \u00e0 la vigilance et \u00e0 ne pas s\u2019approcher des ouvrages hydrauliques, en l\u2019occurrence les barrages, les lacs collinaires et les cours des oueds, en raison des pr\u00e9visions m\u00e9t\u00e9orologiques, annon\u00e7ant des perturbations climatiques.","og_url":"https:\/\/kapitalis.com\/tunisie\/2020\/09\/14\/intemperies-les-pecheurs-et-les-agriculteurs-appeles-a-la-vigilance\/","og_site_name":"Kapitalis","article_publisher":"https:\/\/www.facebook.com\/KapitalisInfo\/","article_published_time":"2020-09-14T15:01:28+00:00","article_modified_time":"2020-09-14T15:01:41+00:00","og_image":[{"width":1200,"height":630,"url":"https:\/\/kapitalis.com\/tunisie\/wp-content\/uploads\/2022\/05\/kapitalis-logo-fb.png","type":"image\/png"}],"author":"webmaster kapitalis","twitter_card":"summary_large_image","twitter_creator":"@KapitalisInfo","twitter_site":"@KapitalisInfo","twitter_misc":{"\u00c9crit par":"webmaster kapitalis","Dur\u00e9e de lecture estim\u00e9e":"1 minute"},"schema":{"@context":"https:\/\/schema.org","@graph":[{"@type":"Article","@id":"https:\/\/kapitalis.com\/tunisie\/2020\/09\/14\/intemperies-les-pecheurs-et-les-agriculteurs-appeles-a-la-vigilance\/#article","isPartOf":{"@id":"https:\/\/kapitalis.com\/tunisie\/2020\/09\/14\/intemperies-les-pecheurs-et-les-agriculteurs-appeles-a-la-vigilance\/"},"author":{"name":"webmaster kapitalis","@id":"https:\/\/kapitalis.com\/tunisie\/#\/schema\/person\/d71f33a9ca44f7bad4698210b480c8e9"},"headline":"Intemp\u00e9ries : Les p\u00eacheurs et les agriculteurs appel\u00e9s \u00e0 la vigilance","datePublished":"2020-09-14T15:01:28+00:00","dateModified":"2020-09-14T15:01:41+00:00","mainEntityOfPage":{"@id":"https:\/\/kapitalis.com\/tunisie\/2020\/09\/14\/intemperies-les-pecheurs-et-les-agriculteurs-appeles-a-la-vigilance\/"},"wordCount":190,"commentCount":0,"publisher":{"@id":"https:\/\/kapitalis.com\/tunisie\/#organization"},"keywords":["Mahdia","mer agit\u00e9e","perturbations climatiques","pluies orageuses"],"articleSection":["SOCIETE","Tunisie"],"inLanguage":"fr-FR","potentialAction":[{"@type":"CommentAction","name":"Comment","target":["https:\/\/kapitalis.com\/tunisie\/2020\/09\/14\/intemperies-les-pecheurs-et-les-agriculteurs-appeles-a-la-vigilance\/#respond"]}]},{"@type":"WebPage","@id":"https:\/\/kapitalis.com\/tunisie\/2020\/09\/14\/intemperies-les-pecheurs-et-les-agriculteurs-appeles-a-la-vigilance\/","url":"https:\/\/kapitalis.com\/tunisie\/2020\/09\/14\/intemperies-les-pecheurs-et-les-agriculteurs-appeles-a-la-vigilance\/","name":"Intemp\u00e9ries : Les p\u00eacheurs et les agriculteurs appel\u00e9s \u00e0 la vigilance - Kapitalis","isPartOf":{"@id":"https:\/\/kapitalis.com\/tunisie\/#website"},"datePublished":"2020-09-14T15:01:28+00:00","dateModified":"2020-09-14T15:01:41+00:00","breadcrumb":{"@id":"https:\/\/kapitalis.com\/tunisie\/2020\/09\/14\/intemperies-les-pecheurs-et-les-agriculteurs-appeles-a-la-vigilance\/#breadcrumb"},"inLanguage":"fr-FR","potentialAction":[{"@type":"ReadAction","target":["https:\/\/kapitalis.com\/tunisie\/2020\/09\/14\/intemperies-les-pecheurs-et-les-agriculteurs-appeles-a-la-vigilance\/"]}]},{"@type":"BreadcrumbList","@id":"https:\/\/kapitalis.com\/tunisie\/2020\/09\/14\/intemperies-les-pecheurs-et-les-agriculteurs-appeles-a-la-vigilance\/#breadcrumb","itemListElement":[{"@type":"ListItem","position":1,"name":"Accueil","item":"https:\/\/kapitalis.com\/tunisie\/"},{"@type":"ListItem","position":2,"name":"Intemp\u00e9ries : Les p\u00eacheurs et les agriculteurs appel\u00e9s \u00e0 la vigilance"}]},{"@type":"WebSite","@id":"https:\/\/kapitalis.com\/tunisie\/#website","url":"https:\/\/kapitalis.com\/tunisie\/","name":"Kapitalis","description":"L&#039;actualit\u00e9 en Tunisie et dans le monde","publisher":{"@id":"https:\/\/kapitalis.com\/tunisie\/#organization"},"potentialAction":[{"@type":"SearchAction","target":{"@type":"EntryPoint","urlTemplate":"https:\/\/kapitalis.com\/tunisie\/?s={search_term_string}"},"query-input":{"@type":"PropertyValueSpecification","valueRequired":true,"valueName":"search_term_string"}}],"inLanguage":"fr-FR"},{"@type":"Organization","@id":"https:\/\/kapitalis.com\/tunisie\/#organization","name":"Kapitalis","url":"https:\/\/kapitalis.com\/tunisie\/","logo":{"@type":"ImageObject","inLanguage":"fr-FR","@id":"https:\/\/kapitalis.com\/tunisie\/#\/schema\/logo\/image\/","url":"https:\/\/kapitalis.com\/tunisie\/wp-content\/uploads\/2022\/05\/Kapitalis-big-size.png","contentUrl":"https:\/\/kapitalis.com\/tunisie\/wp-content\/uploads\/2022\/05\/Kapitalis-big-size.png","width":5000,"height":1500,"caption":"Kapitalis"},"image":{"@id":"https:\/\/kapitalis.com\/tunisie\/#\/schema\/logo\/image\/"},"sameAs":["https:\/\/www.facebook.com\/KapitalisInfo\/","https:\/\/x.com\/KapitalisInfo","https:\/\/www.youtube.com\/channel\/UC-yDYrHyfFBWWZaOw3FPg9Q"]},{"@type":"Person","@id":"https:\/\/kapitalis.com\/tunisie\/#\/schema\/person\/d71f33a9ca44f7bad4698210b480c8e9","name":"webmaster kapitalis","url":"https:\/\/kapitalis.com\/tunisie\/author\/webmaster-kapitalis\/"}]}},"_links":{"self":[{"href":"https:\/\/kapitalis.com\/tunisie\/wp-json\/wp\/v2\/posts\/316268","targetHints":{"allow":["GET"]}}],"collection":[{"href":"https:\/\/kapitalis.com\/tunisie\/wp-json\/wp\/v2\/posts"}],"about":[{"href":"https:\/\/kapitalis.com\/tunisie\/wp-json\/wp\/v2\/types\/post"}],"author":[{"embeddable":true,"href":"https:\/\/kapitalis.com\/tunisie\/wp-json\/wp\/v2\/users\/8"}],"replies":[{"embeddable":true,"href":"https:\/\/kapitalis.com\/tunisie\/wp-json\/wp\/v2\/comments?post=316268"}],"version-history":[{"count":0,"href":"https:\/\/kapitalis.com\/tunisie\/wp-json\/wp\/v2\/posts\/316268\/revisions"}],"wp:attachment":[{"href":"https:\/\/kapitalis.com\/tunisie\/wp-json\/wp\/v2\/media?parent=316268"}],"wp:term":[{"taxonomy":"category","embeddable":true,"href":"https:\/\/kapitalis.com\/tunisie\/wp-json\/wp\/v2\/categories?post=316268"},{"taxonomy":"post_tag","embeddable":true,"href":"https:\/\/kapitalis.com\/tunisie\/wp-json\/wp\/v2\/tags?post=316268"}],"curies":[{"name":"wp","href":"https:\/\/api.w.org\/{rel}","templated":true}]}}