{"id":316384,"date":"2020-09-15T04:16:42","date_gmt":"2020-09-15T03:16:42","guid":{"rendered":"http:\/\/kapitalis.com\/tunisie\/?p=316384"},"modified":"2020-09-15T07:48:54","modified_gmt":"2020-09-15T06:48:54","slug":"coronavirus-tunisie-repartition-des-5090-cas-actifs-et-point-sur-la-situation-epidemiologique","status":"publish","type":"post","link":"https:\/\/kapitalis.com\/tunisie\/2020\/09\/15\/coronavirus-tunisie-repartition-des-5090-cas-actifs-et-point-sur-la-situation-epidemiologique\/","title":{"rendered":"Coronavirus-Tunisie : R\u00e9partition des 5090 cas actifs et point sur la situation \u00e9pid\u00e9miologique"},"content":{"rendered":"\n<figure class=\"wp-block-image size-large\"><img decoding=\"async\" src=\"http:\/\/kapitalis.com\/tunisie\/wp-content\/uploads\/2020\/09\/Coronavirus-Tunisie-Pt-12-Sept-2020.jpg\" alt=\"\" class=\"wp-image-316388\"\/><\/figure>\n\n\n\n<p><strong><em>Avec 747 nouvelles contaminations au coronavirus enregistr\u00e9es les 11 et 12 septembre 2020, le nombre total de cas d\u00e9pist\u00e9s en Tunisie depuis l&rsquo;apparition de la pand\u00e9mie en mars denier, s&rsquo;\u00e9l\u00e8ve d\u00e9sormais \u00e0 7382, dont 6181 d\u00e9pist\u00e9es depuis la r\u00e9ouverture des fronti\u00e8res, le 27 juin courant. Ci-dessous la r\u00e9partition g\u00e9ographique des nouveaux cas et un point sur la situation \u00e9pid\u00e9miologique par gouvernorat.<\/em><\/strong><\/p>\n\n\n\n<!--more-->\n\n\n\n<p>Selon le rapport diffus\u00e9, lundi soir, par le minist\u00e8re de la Sant\u00e9, on compte \u00e0 ce jours 5090 cas actifs, dont 131 admis \u00e0 l\u2019h\u00f4pital (30 en r\u00e9animation), sachant que 13,5% des personnes positives au coronavirus pr\u00e9sentent des sympt\u00f4mes.<\/p>\n\n\n\n<p>Le nombre de d\u00e9c\u00e8s par le coronavirus a \u00e9galement connu une hausse, sachant que 117 personnes sont d\u00e9c\u00e9d\u00e9es, dont 67 depuis la r\u00e9ouverture des fronti\u00e8res tunisiennes le 27 juin dernier.<\/p>\n\n\n\n<p><em>Ci-dessous un point sur la situation \u00e9pid\u00e9miologique par gouvernorat :<\/em><\/p>\n\n\n\n<figure class=\"wp-block-image size-large\"><img decoding=\"async\" src=\"http:\/\/kapitalis.com\/tunisie\/wp-content\/uploads\/2020\/09\/Tunisie-coronavirus-pt-120920.jpg\" alt=\"\" class=\"wp-image-316386\"\/><\/figure>\n\n\n\n<p class=\"has-text-align-right\"><strong>Y. N.<\/strong><\/p>\n","protected":false},"excerpt":{"rendered":"<p>Avec 747 nouvelles contaminations au coronavirus enregistr\u00e9es les 11 et 12 septembre 2020, le nombre total de cas d\u00e9pist\u00e9s en Tunisie depuis l&rsquo;apparition de la pand\u00e9mie en mars denier, s&rsquo;\u00e9l\u00e8ve d\u00e9sormais \u00e0 7382, dont 6181 d\u00e9pist\u00e9es depuis la r\u00e9ouverture des fronti\u00e8res, le 27 juin courant. Ci-dessous la r\u00e9partition g\u00e9ographique des nouveaux cas et un point&#8230;<\/p>\n","protected":false},"author":6,"featured_media":316386,"comment_status":"open","ping_status":"open","sticky":false,"template":"","format":"standard","meta":{"footnotes":""},"categories":[998,2433],"tags":[76446,73060,82725,80371,77716,80372,62643],"class_list":["post-316384","post","type-post","status-publish","format-standard","has-post-thumbnail","hentry","category-societe","category-tunisie","tag-contaminations","tag-coronavirus","tag-propagation-pandemie","tag-reouverture-frontieres","tag-repartition-geographique","tag-situation-epidemiologique","tag-tunisie"],"yoast_head":"<!-- This site is optimized with the Yoast SEO plugin v26.6 - https:\/\/yoast.com\/wordpress\/plugins\/seo\/ -->\n<title>Coronavirus-Tunisie : R\u00e9partition des 5090 cas actifs et point sur la situation \u00e9pid\u00e9miologique - Kapitalis<\/title>\n<meta name=\"robots\" content=\"index, follow, max-snippet:-1, max-image-preview:large, max-video-preview:-1\" \/>\n<link rel=\"canonical\" href=\"https:\/\/kapitalis.com\/tunisie\/2020\/09\/15\/coronavirus-tunisie-repartition-des-5090-cas-actifs-et-point-sur-la-situation-epidemiologique\/\" \/>\n<meta property=\"og:locale\" content=\"fr_FR\" \/>\n<meta property=\"og:type\" content=\"article\" \/>\n<meta property=\"og:title\" content=\"Coronavirus-Tunisie : R\u00e9partition des 5090 cas actifs et point sur la situation \u00e9pid\u00e9miologique - Kapitalis\" \/>\n<meta property=\"og:description\" content=\"Avec 747 nouvelles contaminations au coronavirus enregistr\u00e9es les 11 et 12 septembre 2020, le nombre total de cas d\u00e9pist\u00e9s en Tunisie depuis l&rsquo;apparition de la pand\u00e9mie en mars denier, s&rsquo;\u00e9l\u00e8ve d\u00e9sormais \u00e0 7382, dont 6181 d\u00e9pist\u00e9es depuis la r\u00e9ouverture des fronti\u00e8res, le 27 juin courant. Ci-dessous la r\u00e9partition g\u00e9ographique des nouveaux cas et un point...\" \/>\n<meta property=\"og:url\" content=\"https:\/\/kapitalis.com\/tunisie\/2020\/09\/15\/coronavirus-tunisie-repartition-des-5090-cas-actifs-et-point-sur-la-situation-epidemiologique\/\" \/>\n<meta property=\"og:site_name\" content=\"Kapitalis\" \/>\n<meta property=\"article:publisher\" content=\"https:\/\/www.facebook.com\/KapitalisInfo\/\" \/>\n<meta property=\"article:published_time\" content=\"2020-09-15T03:16:42+00:00\" \/>\n<meta property=\"article:modified_time\" content=\"2020-09-15T06:48:54+00:00\" \/>\n<meta property=\"og:image\" content=\"https:\/\/kapitalis.com\/tunisie\/wp-content\/uploads\/2022\/05\/kapitalis-logo-fb.png\" \/>\n\t<meta property=\"og:image:width\" content=\"1200\" \/>\n\t<meta property=\"og:image:height\" content=\"630\" \/>\n\t<meta property=\"og:image:type\" content=\"image\/png\" \/>\n<meta name=\"author\" content=\"Yusra NY\" \/>\n<meta name=\"twitter:card\" content=\"summary_large_image\" \/>\n<meta name=\"twitter:creator\" content=\"@KapitalisInfo\" \/>\n<meta name=\"twitter:site\" content=\"@KapitalisInfo\" \/>\n<meta name=\"twitter:label1\" content=\"\u00c9crit par\" \/>\n\t<meta name=\"twitter:data1\" content=\"Yusra NY\" \/>\n\t<meta name=\"twitter:label2\" content=\"Dur\u00e9e de lecture estim\u00e9e\" \/>\n\t<meta name=\"twitter:data2\" content=\"1 minute\" \/>\n<script type=\"application\/ld+json\" class=\"yoast-schema-graph\">{\"@context\":\"https:\/\/schema.org\",\"@graph\":[{\"@type\":\"Article\",\"@id\":\"https:\/\/kapitalis.com\/tunisie\/2020\/09\/15\/coronavirus-tunisie-repartition-des-5090-cas-actifs-et-point-sur-la-situation-epidemiologique\/#article\",\"isPartOf\":{\"@id\":\"https:\/\/kapitalis.com\/tunisie\/2020\/09\/15\/coronavirus-tunisie-repartition-des-5090-cas-actifs-et-point-sur-la-situation-epidemiologique\/\"},\"author\":{\"name\":\"Yusra NY\",\"@id\":\"https:\/\/kapitalis.com\/tunisie\/#\/schema\/person\/74bbde0154d49d790a92aaeac5bc01d5\"},\"headline\":\"Coronavirus-Tunisie : R\u00e9partition des 5090 cas actifs et point sur la situation \u00e9pid\u00e9miologique\",\"datePublished\":\"2020-09-15T03:16:42+00:00\",\"dateModified\":\"2020-09-15T06:48:54+00:00\",\"mainEntityOfPage\":{\"@id\":\"https:\/\/kapitalis.com\/tunisie\/2020\/09\/15\/coronavirus-tunisie-repartition-des-5090-cas-actifs-et-point-sur-la-situation-epidemiologique\/\"},\"wordCount\":165,\"commentCount\":0,\"publisher\":{\"@id\":\"https:\/\/kapitalis.com\/tunisie\/#organization\"},\"image\":{\"@id\":\"https:\/\/kapitalis.com\/tunisie\/2020\/09\/15\/coronavirus-tunisie-repartition-des-5090-cas-actifs-et-point-sur-la-situation-epidemiologique\/#primaryimage\"},\"thumbnailUrl\":\"\",\"keywords\":[\"contaminations\",\"Coronavirus\",\"propagation pand\u00e9mie\",\"r\u00e9ouverture fronti\u00e8res\",\"r\u00e9partition g\u00e9ographique\",\"situation \u00e9pid\u00e9miologique\",\"Tunisie\"],\"articleSection\":[\"SOCIETE\",\"Tunisie\"],\"inLanguage\":\"fr-FR\",\"potentialAction\":[{\"@type\":\"CommentAction\",\"name\":\"Comment\",\"target\":[\"https:\/\/kapitalis.com\/tunisie\/2020\/09\/15\/coronavirus-tunisie-repartition-des-5090-cas-actifs-et-point-sur-la-situation-epidemiologique\/#respond\"]}]},{\"@type\":\"WebPage\",\"@id\":\"https:\/\/kapitalis.com\/tunisie\/2020\/09\/15\/coronavirus-tunisie-repartition-des-5090-cas-actifs-et-point-sur-la-situation-epidemiologique\/\",\"url\":\"https:\/\/kapitalis.com\/tunisie\/2020\/09\/15\/coronavirus-tunisie-repartition-des-5090-cas-actifs-et-point-sur-la-situation-epidemiologique\/\",\"name\":\"Coronavirus-Tunisie : R\u00e9partition des 5090 cas actifs et point sur la situation \u00e9pid\u00e9miologique - Kapitalis\",\"isPartOf\":{\"@id\":\"https:\/\/kapitalis.com\/tunisie\/#website\"},\"primaryImageOfPage\":{\"@id\":\"https:\/\/kapitalis.com\/tunisie\/2020\/09\/15\/coronavirus-tunisie-repartition-des-5090-cas-actifs-et-point-sur-la-situation-epidemiologique\/#primaryimage\"},\"image\":{\"@id\":\"https:\/\/kapitalis.com\/tunisie\/2020\/09\/15\/coronavirus-tunisie-repartition-des-5090-cas-actifs-et-point-sur-la-situation-epidemiologique\/#primaryimage\"},\"thumbnailUrl\":\"\",\"datePublished\":\"2020-09-15T03:16:42+00:00\",\"dateModified\":\"2020-09-15T06:48:54+00:00\",\"breadcrumb\":{\"@id\":\"https:\/\/kapitalis.com\/tunisie\/2020\/09\/15\/coronavirus-tunisie-repartition-des-5090-cas-actifs-et-point-sur-la-situation-epidemiologique\/#breadcrumb\"},\"inLanguage\":\"fr-FR\",\"potentialAction\":[{\"@type\":\"ReadAction\",\"target\":[\"https:\/\/kapitalis.com\/tunisie\/2020\/09\/15\/coronavirus-tunisie-repartition-des-5090-cas-actifs-et-point-sur-la-situation-epidemiologique\/\"]}]},{\"@type\":\"ImageObject\",\"inLanguage\":\"fr-FR\",\"@id\":\"https:\/\/kapitalis.com\/tunisie\/2020\/09\/15\/coronavirus-tunisie-repartition-des-5090-cas-actifs-et-point-sur-la-situation-epidemiologique\/#primaryimage\",\"url\":\"\",\"contentUrl\":\"\"},{\"@type\":\"BreadcrumbList\",\"@id\":\"https:\/\/kapitalis.com\/tunisie\/2020\/09\/15\/coronavirus-tunisie-repartition-des-5090-cas-actifs-et-point-sur-la-situation-epidemiologique\/#breadcrumb\",\"itemListElement\":[{\"@type\":\"ListItem\",\"position\":1,\"name\":\"Accueil\",\"item\":\"https:\/\/kapitalis.com\/tunisie\/\"},{\"@type\":\"ListItem\",\"position\":2,\"name\":\"Coronavirus-Tunisie : R\u00e9partition des 5090 cas actifs et point sur la situation \u00e9pid\u00e9miologique\"}]},{\"@type\":\"WebSite\",\"@id\":\"https:\/\/kapitalis.com\/tunisie\/#website\",\"url\":\"https:\/\/kapitalis.com\/tunisie\/\",\"name\":\"Kapitalis\",\"description\":\"L&#039;actualit\u00e9 en Tunisie et dans le monde\",\"publisher\":{\"@id\":\"https:\/\/kapitalis.com\/tunisie\/#organization\"},\"potentialAction\":[{\"@type\":\"SearchAction\",\"target\":{\"@type\":\"EntryPoint\",\"urlTemplate\":\"https:\/\/kapitalis.com\/tunisie\/?s={search_term_string}\"},\"query-input\":{\"@type\":\"PropertyValueSpecification\",\"valueRequired\":true,\"valueName\":\"search_term_string\"}}],\"inLanguage\":\"fr-FR\"},{\"@type\":\"Organization\",\"@id\":\"https:\/\/kapitalis.com\/tunisie\/#organization\",\"name\":\"Kapitalis\",\"url\":\"https:\/\/kapitalis.com\/tunisie\/\",\"logo\":{\"@type\":\"ImageObject\",\"inLanguage\":\"fr-FR\",\"@id\":\"https:\/\/kapitalis.com\/tunisie\/#\/schema\/logo\/image\/\",\"url\":\"https:\/\/kapitalis.com\/tunisie\/wp-content\/uploads\/2022\/05\/Kapitalis-big-size.png\",\"contentUrl\":\"https:\/\/kapitalis.com\/tunisie\/wp-content\/uploads\/2022\/05\/Kapitalis-big-size.png\",\"width\":5000,\"height\":1500,\"caption\":\"Kapitalis\"},\"image\":{\"@id\":\"https:\/\/kapitalis.com\/tunisie\/#\/schema\/logo\/image\/\"},\"sameAs\":[\"https:\/\/www.facebook.com\/KapitalisInfo\/\",\"https:\/\/x.com\/KapitalisInfo\",\"https:\/\/www.youtube.com\/channel\/UC-yDYrHyfFBWWZaOw3FPg9Q\"]},{\"@type\":\"Person\",\"@id\":\"https:\/\/kapitalis.com\/tunisie\/#\/schema\/person\/74bbde0154d49d790a92aaeac5bc01d5\",\"name\":\"Yusra NY\",\"url\":\"https:\/\/kapitalis.com\/tunisie\/author\/yuza_adam\/\"}]}<\/script>\n<!-- \/ Yoast SEO plugin. -->","yoast_head_json":{"title":"Coronavirus-Tunisie : R\u00e9partition des 5090 cas actifs et point sur la situation \u00e9pid\u00e9miologique - Kapitalis","robots":{"index":"index","follow":"follow","max-snippet":"max-snippet:-1","max-image-preview":"max-image-preview:large","max-video-preview":"max-video-preview:-1"},"canonical":"https:\/\/kapitalis.com\/tunisie\/2020\/09\/15\/coronavirus-tunisie-repartition-des-5090-cas-actifs-et-point-sur-la-situation-epidemiologique\/","og_locale":"fr_FR","og_type":"article","og_title":"Coronavirus-Tunisie : R\u00e9partition des 5090 cas actifs et point sur la situation \u00e9pid\u00e9miologique - Kapitalis","og_description":"Avec 747 nouvelles contaminations au coronavirus enregistr\u00e9es les 11 et 12 septembre 2020, le nombre total de cas d\u00e9pist\u00e9s en Tunisie depuis l&rsquo;apparition de la pand\u00e9mie en mars denier, s&rsquo;\u00e9l\u00e8ve d\u00e9sormais \u00e0 7382, dont 6181 d\u00e9pist\u00e9es depuis la r\u00e9ouverture des fronti\u00e8res, le 27 juin courant. Ci-dessous la r\u00e9partition g\u00e9ographique des nouveaux cas et un point...","og_url":"https:\/\/kapitalis.com\/tunisie\/2020\/09\/15\/coronavirus-tunisie-repartition-des-5090-cas-actifs-et-point-sur-la-situation-epidemiologique\/","og_site_name":"Kapitalis","article_publisher":"https:\/\/www.facebook.com\/KapitalisInfo\/","article_published_time":"2020-09-15T03:16:42+00:00","article_modified_time":"2020-09-15T06:48:54+00:00","og_image":[{"width":1200,"height":630,"url":"https:\/\/kapitalis.com\/tunisie\/wp-content\/uploads\/2022\/05\/kapitalis-logo-fb.png","type":"image\/png"}],"author":"Yusra NY","twitter_card":"summary_large_image","twitter_creator":"@KapitalisInfo","twitter_site":"@KapitalisInfo","twitter_misc":{"\u00c9crit par":"Yusra NY","Dur\u00e9e de lecture estim\u00e9e":"1 minute"},"schema":{"@context":"https:\/\/schema.org","@graph":[{"@type":"Article","@id":"https:\/\/kapitalis.com\/tunisie\/2020\/09\/15\/coronavirus-tunisie-repartition-des-5090-cas-actifs-et-point-sur-la-situation-epidemiologique\/#article","isPartOf":{"@id":"https:\/\/kapitalis.com\/tunisie\/2020\/09\/15\/coronavirus-tunisie-repartition-des-5090-cas-actifs-et-point-sur-la-situation-epidemiologique\/"},"author":{"name":"Yusra NY","@id":"https:\/\/kapitalis.com\/tunisie\/#\/schema\/person\/74bbde0154d49d790a92aaeac5bc01d5"},"headline":"Coronavirus-Tunisie : R\u00e9partition des 5090 cas actifs et point sur la situation \u00e9pid\u00e9miologique","datePublished":"2020-09-15T03:16:42+00:00","dateModified":"2020-09-15T06:48:54+00:00","mainEntityOfPage":{"@id":"https:\/\/kapitalis.com\/tunisie\/2020\/09\/15\/coronavirus-tunisie-repartition-des-5090-cas-actifs-et-point-sur-la-situation-epidemiologique\/"},"wordCount":165,"commentCount":0,"publisher":{"@id":"https:\/\/kapitalis.com\/tunisie\/#organization"},"image":{"@id":"https:\/\/kapitalis.com\/tunisie\/2020\/09\/15\/coronavirus-tunisie-repartition-des-5090-cas-actifs-et-point-sur-la-situation-epidemiologique\/#primaryimage"},"thumbnailUrl":"","keywords":["contaminations","Coronavirus","propagation pand\u00e9mie","r\u00e9ouverture fronti\u00e8res","r\u00e9partition g\u00e9ographique","situation \u00e9pid\u00e9miologique","Tunisie"],"articleSection":["SOCIETE","Tunisie"],"inLanguage":"fr-FR","potentialAction":[{"@type":"CommentAction","name":"Comment","target":["https:\/\/kapitalis.com\/tunisie\/2020\/09\/15\/coronavirus-tunisie-repartition-des-5090-cas-actifs-et-point-sur-la-situation-epidemiologique\/#respond"]}]},{"@type":"WebPage","@id":"https:\/\/kapitalis.com\/tunisie\/2020\/09\/15\/coronavirus-tunisie-repartition-des-5090-cas-actifs-et-point-sur-la-situation-epidemiologique\/","url":"https:\/\/kapitalis.com\/tunisie\/2020\/09\/15\/coronavirus-tunisie-repartition-des-5090-cas-actifs-et-point-sur-la-situation-epidemiologique\/","name":"Coronavirus-Tunisie : R\u00e9partition des 5090 cas actifs et point sur la situation \u00e9pid\u00e9miologique - Kapitalis","isPartOf":{"@id":"https:\/\/kapitalis.com\/tunisie\/#website"},"primaryImageOfPage":{"@id":"https:\/\/kapitalis.com\/tunisie\/2020\/09\/15\/coronavirus-tunisie-repartition-des-5090-cas-actifs-et-point-sur-la-situation-epidemiologique\/#primaryimage"},"image":{"@id":"https:\/\/kapitalis.com\/tunisie\/2020\/09\/15\/coronavirus-tunisie-repartition-des-5090-cas-actifs-et-point-sur-la-situation-epidemiologique\/#primaryimage"},"thumbnailUrl":"","datePublished":"2020-09-15T03:16:42+00:00","dateModified":"2020-09-15T06:48:54+00:00","breadcrumb":{"@id":"https:\/\/kapitalis.com\/tunisie\/2020\/09\/15\/coronavirus-tunisie-repartition-des-5090-cas-actifs-et-point-sur-la-situation-epidemiologique\/#breadcrumb"},"inLanguage":"fr-FR","potentialAction":[{"@type":"ReadAction","target":["https:\/\/kapitalis.com\/tunisie\/2020\/09\/15\/coronavirus-tunisie-repartition-des-5090-cas-actifs-et-point-sur-la-situation-epidemiologique\/"]}]},{"@type":"ImageObject","inLanguage":"fr-FR","@id":"https:\/\/kapitalis.com\/tunisie\/2020\/09\/15\/coronavirus-tunisie-repartition-des-5090-cas-actifs-et-point-sur-la-situation-epidemiologique\/#primaryimage","url":"","contentUrl":""},{"@type":"BreadcrumbList","@id":"https:\/\/kapitalis.com\/tunisie\/2020\/09\/15\/coronavirus-tunisie-repartition-des-5090-cas-actifs-et-point-sur-la-situation-epidemiologique\/#breadcrumb","itemListElement":[{"@type":"ListItem","position":1,"name":"Accueil","item":"https:\/\/kapitalis.com\/tunisie\/"},{"@type":"ListItem","position":2,"name":"Coronavirus-Tunisie : R\u00e9partition des 5090 cas actifs et point sur la situation \u00e9pid\u00e9miologique"}]},{"@type":"WebSite","@id":"https:\/\/kapitalis.com\/tunisie\/#website","url":"https:\/\/kapitalis.com\/tunisie\/","name":"Kapitalis","description":"L&#039;actualit\u00e9 en Tunisie et dans le monde","publisher":{"@id":"https:\/\/kapitalis.com\/tunisie\/#organization"},"potentialAction":[{"@type":"SearchAction","target":{"@type":"EntryPoint","urlTemplate":"https:\/\/kapitalis.com\/tunisie\/?s={search_term_string}"},"query-input":{"@type":"PropertyValueSpecification","valueRequired":true,"valueName":"search_term_string"}}],"inLanguage":"fr-FR"},{"@type":"Organization","@id":"https:\/\/kapitalis.com\/tunisie\/#organization","name":"Kapitalis","url":"https:\/\/kapitalis.com\/tunisie\/","logo":{"@type":"ImageObject","inLanguage":"fr-FR","@id":"https:\/\/kapitalis.com\/tunisie\/#\/schema\/logo\/image\/","url":"https:\/\/kapitalis.com\/tunisie\/wp-content\/uploads\/2022\/05\/Kapitalis-big-size.png","contentUrl":"https:\/\/kapitalis.com\/tunisie\/wp-content\/uploads\/2022\/05\/Kapitalis-big-size.png","width":5000,"height":1500,"caption":"Kapitalis"},"image":{"@id":"https:\/\/kapitalis.com\/tunisie\/#\/schema\/logo\/image\/"},"sameAs":["https:\/\/www.facebook.com\/KapitalisInfo\/","https:\/\/x.com\/KapitalisInfo","https:\/\/www.youtube.com\/channel\/UC-yDYrHyfFBWWZaOw3FPg9Q"]},{"@type":"Person","@id":"https:\/\/kapitalis.com\/tunisie\/#\/schema\/person\/74bbde0154d49d790a92aaeac5bc01d5","name":"Yusra NY","url":"https:\/\/kapitalis.com\/tunisie\/author\/yuza_adam\/"}]}},"_links":{"self":[{"href":"https:\/\/kapitalis.com\/tunisie\/wp-json\/wp\/v2\/posts\/316384","targetHints":{"allow":["GET"]}}],"collection":[{"href":"https:\/\/kapitalis.com\/tunisie\/wp-json\/wp\/v2\/posts"}],"about":[{"href":"https:\/\/kapitalis.com\/tunisie\/wp-json\/wp\/v2\/types\/post"}],"author":[{"embeddable":true,"href":"https:\/\/kapitalis.com\/tunisie\/wp-json\/wp\/v2\/users\/6"}],"replies":[{"embeddable":true,"href":"https:\/\/kapitalis.com\/tunisie\/wp-json\/wp\/v2\/comments?post=316384"}],"version-history":[{"count":0,"href":"https:\/\/kapitalis.com\/tunisie\/wp-json\/wp\/v2\/posts\/316384\/revisions"}],"wp:featuredmedia":[{"embeddable":true,"href":"https:\/\/kapitalis.com\/tunisie\/wp-json\/wp\/v2\/media\/316386"}],"wp:attachment":[{"href":"https:\/\/kapitalis.com\/tunisie\/wp-json\/wp\/v2\/media?parent=316384"}],"wp:term":[{"taxonomy":"category","embeddable":true,"href":"https:\/\/kapitalis.com\/tunisie\/wp-json\/wp\/v2\/categories?post=316384"},{"taxonomy":"post_tag","embeddable":true,"href":"https:\/\/kapitalis.com\/tunisie\/wp-json\/wp\/v2\/tags?post=316384"}],"curies":[{"name":"wp","href":"https:\/\/api.w.org\/{rel}","templated":true}]}}