{"id":316628,"date":"2020-09-16T13:00:26","date_gmt":"2020-09-16T12:00:26","guid":{"rendered":"http:\/\/kapitalis.com\/tunisie\/?p=316628"},"modified":"2020-09-16T15:14:04","modified_gmt":"2020-09-16T14:14:04","slug":"soupcons-de-corruption-autour-du-representant-de-tunisair-en-espagne-les-precisions-de-la-compagnie","status":"publish","type":"post","link":"https:\/\/kapitalis.com\/tunisie\/2020\/09\/16\/soupcons-de-corruption-autour-du-representant-de-tunisair-en-espagne-les-precisions-de-la-compagnie\/","title":{"rendered":"Soup\u00e7ons de corruption autour du repr\u00e9sentant de Tunisair en Espagne : Les pr\u00e9cisions de la compagnie"},"content":{"rendered":"\n<figure class=\"wp-block-image size-large\"><img decoding=\"async\" src=\"http:\/\/kapitalis.com\/tunisie\/wp-content\/uploads\/2016\/02\/Tunisair.jpg\" alt=\"\" class=\"wp-image-39009\"\/><\/figure>\n\n\n\n<p><strong><em>Face aux informations d\u00e9voil\u00e9es avant-hier, lundi 14 septembre 2020, par l&rsquo;Instance nationale de lutte contre la corruption&nbsp;(Inlucc) sur l&rsquo;existence de soup\u00e7ons de corruption financi\u00e8re et administrative autour d&rsquo;un repr\u00e9sentant de Tunisair en Espagne et au Portugal, la compagnie a\u00e9rienne nationale a publi\u00e9, ce mercredi, un communiqu\u00e9 pour revenir sur ce dossier.<\/em><\/strong><\/p>\n\n\n\n<!--more-->\n\n\n\n<p>Tunisair a indiqu\u00e9 que cette affaire remonte \u00e0 l\u2019ann\u00e9e 2017, assurant qu\u2019une enqu\u00eate administrative avait d\u00e9j\u00e0 \u00e9t\u00e9 ouverte \u00e0 cet effet et que celle-ci avait bel et bien r\u00e9v\u00e9l\u00e9 l\u2019existence de d\u00e9passements commis par son repr\u00e9sentant.<\/p>\n\n\n\n<p>Le dossier a par ailleurs \u00e9t\u00e9 transf\u00e9r\u00e9 \u00e0 la justice en septembre 2017, ajoute le communiqu\u00e9, soulignant que des mesures administratives avaient \u00e9t\u00e9 prises \u00e0 l\u2019encontre de la personne concern\u00e9e.<\/p>\n\n\n\n<p>Rappelons que l&rsquo;Inlucc a fait savoir que l&#8217;employ\u00e9 en question avait sign\u00e9 un contrat de partenariat avec une agence de publicit\u00e9 cr\u00e9\u00e9e par sa femme quelques jours plus t\u00f4t et que le contrat pr\u00e9voyait notamment la fourniture d\u2019articles publicitaires d\u2019une valeur de 24.000 euros, soit pr\u00e8s des deux tiers du montant autoris\u00e9e par la loi.<\/p>\n\n\n\n<p>Mais ce n&rsquo;est pas tout. Selon le rapport de l&rsquo;Inlucc, le responsable avait commis d&rsquo;autres d\u00e9passements, comme le fait de collaborer, au Portugal, avec le propri\u00e9taire d\u2019une agence de voyages qui devait \u00e0 Tunisair un montant de 200.000 euros et qui faisait l\u2019objet de poursuites par d\u2019autres institutions cr\u00e9anci\u00e8res, ou encore de continuer \u00e0 travailler avec un agent de voyages ayant d\u00e9clar\u00e9 faillite au Portugal et d\u00e9m\u00e9nag\u00e9 en Espagne.<\/p>\n\n\n\n<p class=\"has-text-align-right\"><strong>C. B. Y.<\/strong><\/p>\n","protected":false},"excerpt":{"rendered":"<p>Face aux informations d\u00e9voil\u00e9es avant-hier, lundi 14 septembre 2020, par l&rsquo;Instance nationale de lutte contre la corruption&nbsp;(Inlucc) sur l&rsquo;existence de soup\u00e7ons de corruption financi\u00e8re et administrative autour d&rsquo;un repr\u00e9sentant de Tunisair en Espagne et au Portugal, la compagnie a\u00e9rienne nationale a publi\u00e9, ce mercredi, un communiqu\u00e9 pour revenir sur ce dossier.<\/p>\n","protected":false},"author":24,"featured_media":0,"comment_status":"open","ping_status":"open","sticky":false,"template":"","format":"standard","meta":{"footnotes":""},"categories":[995,2433],"tags":[64471,22391,1501],"class_list":["post-316628","post","type-post","status-publish","format-standard","hentry","category-economie","category-tunisie","tag-corruption","tag-inlucc","tag-tunisair"],"yoast_head":"<!-- This site is optimized with the Yoast SEO plugin v26.6 - https:\/\/yoast.com\/wordpress\/plugins\/seo\/ -->\n<title>Soup\u00e7ons de corruption autour du repr\u00e9sentant de Tunisair en Espagne : Les pr\u00e9cisions de la compagnie - Kapitalis<\/title>\n<meta name=\"robots\" content=\"index, follow, max-snippet:-1, max-image-preview:large, max-video-preview:-1\" \/>\n<link rel=\"canonical\" href=\"https:\/\/kapitalis.com\/tunisie\/2020\/09\/16\/soupcons-de-corruption-autour-du-representant-de-tunisair-en-espagne-les-precisions-de-la-compagnie\/\" \/>\n<meta property=\"og:locale\" content=\"fr_FR\" \/>\n<meta property=\"og:type\" content=\"article\" \/>\n<meta property=\"og:title\" content=\"Soup\u00e7ons de corruption autour du repr\u00e9sentant de Tunisair en Espagne : Les pr\u00e9cisions de la compagnie - Kapitalis\" \/>\n<meta property=\"og:description\" content=\"Face aux informations d\u00e9voil\u00e9es avant-hier, lundi 14 septembre 2020, par l&rsquo;Instance nationale de lutte contre la corruption&nbsp;(Inlucc) sur l&rsquo;existence de soup\u00e7ons de corruption financi\u00e8re et administrative autour d&rsquo;un repr\u00e9sentant de Tunisair en Espagne et au Portugal, la compagnie a\u00e9rienne nationale a publi\u00e9, ce mercredi, un communiqu\u00e9 pour revenir sur ce dossier.\" \/>\n<meta property=\"og:url\" content=\"https:\/\/kapitalis.com\/tunisie\/2020\/09\/16\/soupcons-de-corruption-autour-du-representant-de-tunisair-en-espagne-les-precisions-de-la-compagnie\/\" \/>\n<meta property=\"og:site_name\" content=\"Kapitalis\" \/>\n<meta property=\"article:publisher\" content=\"https:\/\/www.facebook.com\/KapitalisInfo\/\" \/>\n<meta property=\"article:published_time\" content=\"2020-09-16T12:00:26+00:00\" \/>\n<meta property=\"article:modified_time\" content=\"2020-09-16T14:14:04+00:00\" \/>\n<meta property=\"og:image\" content=\"http:\/\/kapitalis.com\/tunisie\/wp-content\/uploads\/2016\/02\/Tunisair.jpg\" \/>\n<meta name=\"author\" content=\"Cherif Benyounes\" \/>\n<meta name=\"twitter:card\" content=\"summary_large_image\" \/>\n<meta name=\"twitter:creator\" content=\"@KapitalisInfo\" \/>\n<meta name=\"twitter:site\" content=\"@KapitalisInfo\" \/>\n<meta name=\"twitter:label1\" content=\"\u00c9crit par\" \/>\n\t<meta name=\"twitter:data1\" content=\"Cherif Benyounes\" \/>\n\t<meta name=\"twitter:label2\" content=\"Dur\u00e9e de lecture estim\u00e9e\" \/>\n\t<meta name=\"twitter:data2\" content=\"1 minute\" \/>\n<script type=\"application\/ld+json\" class=\"yoast-schema-graph\">{\"@context\":\"https:\/\/schema.org\",\"@graph\":[{\"@type\":\"Article\",\"@id\":\"https:\/\/kapitalis.com\/tunisie\/2020\/09\/16\/soupcons-de-corruption-autour-du-representant-de-tunisair-en-espagne-les-precisions-de-la-compagnie\/#article\",\"isPartOf\":{\"@id\":\"https:\/\/kapitalis.com\/tunisie\/2020\/09\/16\/soupcons-de-corruption-autour-du-representant-de-tunisair-en-espagne-les-precisions-de-la-compagnie\/\"},\"author\":{\"name\":\"Cherif Benyounes\",\"@id\":\"https:\/\/kapitalis.com\/tunisie\/#\/schema\/person\/b35b8d631961131107263178aeb8019e\"},\"headline\":\"Soup\u00e7ons de corruption autour du repr\u00e9sentant de Tunisair en Espagne : Les pr\u00e9cisions de la compagnie\",\"datePublished\":\"2020-09-16T12:00:26+00:00\",\"dateModified\":\"2020-09-16T14:14:04+00:00\",\"mainEntityOfPage\":{\"@id\":\"https:\/\/kapitalis.com\/tunisie\/2020\/09\/16\/soupcons-de-corruption-autour-du-representant-de-tunisair-en-espagne-les-precisions-de-la-compagnie\/\"},\"wordCount\":288,\"commentCount\":2,\"publisher\":{\"@id\":\"https:\/\/kapitalis.com\/tunisie\/#organization\"},\"image\":{\"@id\":\"https:\/\/kapitalis.com\/tunisie\/2020\/09\/16\/soupcons-de-corruption-autour-du-representant-de-tunisair-en-espagne-les-precisions-de-la-compagnie\/#primaryimage\"},\"thumbnailUrl\":\"http:\/\/kapitalis.com\/tunisie\/wp-content\/uploads\/2016\/02\/Tunisair.jpg\",\"keywords\":[\"corruption\",\"INLUCC\",\"Tunisair\"],\"articleSection\":[\"ECONOMIE\",\"Tunisie\"],\"inLanguage\":\"fr-FR\",\"potentialAction\":[{\"@type\":\"CommentAction\",\"name\":\"Comment\",\"target\":[\"https:\/\/kapitalis.com\/tunisie\/2020\/09\/16\/soupcons-de-corruption-autour-du-representant-de-tunisair-en-espagne-les-precisions-de-la-compagnie\/#respond\"]}]},{\"@type\":\"WebPage\",\"@id\":\"https:\/\/kapitalis.com\/tunisie\/2020\/09\/16\/soupcons-de-corruption-autour-du-representant-de-tunisair-en-espagne-les-precisions-de-la-compagnie\/\",\"url\":\"https:\/\/kapitalis.com\/tunisie\/2020\/09\/16\/soupcons-de-corruption-autour-du-representant-de-tunisair-en-espagne-les-precisions-de-la-compagnie\/\",\"name\":\"Soup\u00e7ons de corruption autour du repr\u00e9sentant de Tunisair en Espagne : Les pr\u00e9cisions de la compagnie - Kapitalis\",\"isPartOf\":{\"@id\":\"https:\/\/kapitalis.com\/tunisie\/#website\"},\"primaryImageOfPage\":{\"@id\":\"https:\/\/kapitalis.com\/tunisie\/2020\/09\/16\/soupcons-de-corruption-autour-du-representant-de-tunisair-en-espagne-les-precisions-de-la-compagnie\/#primaryimage\"},\"image\":{\"@id\":\"https:\/\/kapitalis.com\/tunisie\/2020\/09\/16\/soupcons-de-corruption-autour-du-representant-de-tunisair-en-espagne-les-precisions-de-la-compagnie\/#primaryimage\"},\"thumbnailUrl\":\"http:\/\/kapitalis.com\/tunisie\/wp-content\/uploads\/2016\/02\/Tunisair.jpg\",\"datePublished\":\"2020-09-16T12:00:26+00:00\",\"dateModified\":\"2020-09-16T14:14:04+00:00\",\"breadcrumb\":{\"@id\":\"https:\/\/kapitalis.com\/tunisie\/2020\/09\/16\/soupcons-de-corruption-autour-du-representant-de-tunisair-en-espagne-les-precisions-de-la-compagnie\/#breadcrumb\"},\"inLanguage\":\"fr-FR\",\"potentialAction\":[{\"@type\":\"ReadAction\",\"target\":[\"https:\/\/kapitalis.com\/tunisie\/2020\/09\/16\/soupcons-de-corruption-autour-du-representant-de-tunisair-en-espagne-les-precisions-de-la-compagnie\/\"]}]},{\"@type\":\"ImageObject\",\"inLanguage\":\"fr-FR\",\"@id\":\"https:\/\/kapitalis.com\/tunisie\/2020\/09\/16\/soupcons-de-corruption-autour-du-representant-de-tunisair-en-espagne-les-precisions-de-la-compagnie\/#primaryimage\",\"url\":\"http:\/\/kapitalis.com\/tunisie\/wp-content\/uploads\/2016\/02\/Tunisair.jpg\",\"contentUrl\":\"http:\/\/kapitalis.com\/tunisie\/wp-content\/uploads\/2016\/02\/Tunisair.jpg\"},{\"@type\":\"BreadcrumbList\",\"@id\":\"https:\/\/kapitalis.com\/tunisie\/2020\/09\/16\/soupcons-de-corruption-autour-du-representant-de-tunisair-en-espagne-les-precisions-de-la-compagnie\/#breadcrumb\",\"itemListElement\":[{\"@type\":\"ListItem\",\"position\":1,\"name\":\"Accueil\",\"item\":\"https:\/\/kapitalis.com\/tunisie\/\"},{\"@type\":\"ListItem\",\"position\":2,\"name\":\"Soup\u00e7ons de corruption autour du repr\u00e9sentant de Tunisair en Espagne : Les pr\u00e9cisions de la compagnie\"}]},{\"@type\":\"WebSite\",\"@id\":\"https:\/\/kapitalis.com\/tunisie\/#website\",\"url\":\"https:\/\/kapitalis.com\/tunisie\/\",\"name\":\"Kapitalis\",\"description\":\"L&#039;actualit\u00e9 en Tunisie et dans le monde\",\"publisher\":{\"@id\":\"https:\/\/kapitalis.com\/tunisie\/#organization\"},\"potentialAction\":[{\"@type\":\"SearchAction\",\"target\":{\"@type\":\"EntryPoint\",\"urlTemplate\":\"https:\/\/kapitalis.com\/tunisie\/?s={search_term_string}\"},\"query-input\":{\"@type\":\"PropertyValueSpecification\",\"valueRequired\":true,\"valueName\":\"search_term_string\"}}],\"inLanguage\":\"fr-FR\"},{\"@type\":\"Organization\",\"@id\":\"https:\/\/kapitalis.com\/tunisie\/#organization\",\"name\":\"Kapitalis\",\"url\":\"https:\/\/kapitalis.com\/tunisie\/\",\"logo\":{\"@type\":\"ImageObject\",\"inLanguage\":\"fr-FR\",\"@id\":\"https:\/\/kapitalis.com\/tunisie\/#\/schema\/logo\/image\/\",\"url\":\"https:\/\/kapitalis.com\/tunisie\/wp-content\/uploads\/2022\/05\/Kapitalis-big-size.png\",\"contentUrl\":\"https:\/\/kapitalis.com\/tunisie\/wp-content\/uploads\/2022\/05\/Kapitalis-big-size.png\",\"width\":5000,\"height\":1500,\"caption\":\"Kapitalis\"},\"image\":{\"@id\":\"https:\/\/kapitalis.com\/tunisie\/#\/schema\/logo\/image\/\"},\"sameAs\":[\"https:\/\/www.facebook.com\/KapitalisInfo\/\",\"https:\/\/x.com\/KapitalisInfo\",\"https:\/\/www.youtube.com\/channel\/UC-yDYrHyfFBWWZaOw3FPg9Q\"]},{\"@type\":\"Person\",\"@id\":\"https:\/\/kapitalis.com\/tunisie\/#\/schema\/person\/b35b8d631961131107263178aeb8019e\",\"name\":\"Cherif Benyounes\",\"url\":\"https:\/\/kapitalis.com\/tunisie\/author\/cherif\/\"}]}<\/script>\n<!-- \/ Yoast SEO plugin. -->","yoast_head_json":{"title":"Soup\u00e7ons de corruption autour du repr\u00e9sentant de Tunisair en Espagne : Les pr\u00e9cisions de la compagnie - Kapitalis","robots":{"index":"index","follow":"follow","max-snippet":"max-snippet:-1","max-image-preview":"max-image-preview:large","max-video-preview":"max-video-preview:-1"},"canonical":"https:\/\/kapitalis.com\/tunisie\/2020\/09\/16\/soupcons-de-corruption-autour-du-representant-de-tunisair-en-espagne-les-precisions-de-la-compagnie\/","og_locale":"fr_FR","og_type":"article","og_title":"Soup\u00e7ons de corruption autour du repr\u00e9sentant de Tunisair en Espagne : Les pr\u00e9cisions de la compagnie - Kapitalis","og_description":"Face aux informations d\u00e9voil\u00e9es avant-hier, lundi 14 septembre 2020, par l&rsquo;Instance nationale de lutte contre la corruption&nbsp;(Inlucc) sur l&rsquo;existence de soup\u00e7ons de corruption financi\u00e8re et administrative autour d&rsquo;un repr\u00e9sentant de Tunisair en Espagne et au Portugal, la compagnie a\u00e9rienne nationale a publi\u00e9, ce mercredi, un communiqu\u00e9 pour revenir sur ce dossier.","og_url":"https:\/\/kapitalis.com\/tunisie\/2020\/09\/16\/soupcons-de-corruption-autour-du-representant-de-tunisair-en-espagne-les-precisions-de-la-compagnie\/","og_site_name":"Kapitalis","article_publisher":"https:\/\/www.facebook.com\/KapitalisInfo\/","article_published_time":"2020-09-16T12:00:26+00:00","article_modified_time":"2020-09-16T14:14:04+00:00","og_image":[{"url":"http:\/\/kapitalis.com\/tunisie\/wp-content\/uploads\/2016\/02\/Tunisair.jpg","type":"","width":"","height":""}],"author":"Cherif Benyounes","twitter_card":"summary_large_image","twitter_creator":"@KapitalisInfo","twitter_site":"@KapitalisInfo","twitter_misc":{"\u00c9crit par":"Cherif Benyounes","Dur\u00e9e de lecture estim\u00e9e":"1 minute"},"schema":{"@context":"https:\/\/schema.org","@graph":[{"@type":"Article","@id":"https:\/\/kapitalis.com\/tunisie\/2020\/09\/16\/soupcons-de-corruption-autour-du-representant-de-tunisair-en-espagne-les-precisions-de-la-compagnie\/#article","isPartOf":{"@id":"https:\/\/kapitalis.com\/tunisie\/2020\/09\/16\/soupcons-de-corruption-autour-du-representant-de-tunisair-en-espagne-les-precisions-de-la-compagnie\/"},"author":{"name":"Cherif Benyounes","@id":"https:\/\/kapitalis.com\/tunisie\/#\/schema\/person\/b35b8d631961131107263178aeb8019e"},"headline":"Soup\u00e7ons de corruption autour du repr\u00e9sentant de Tunisair en Espagne : Les pr\u00e9cisions de la compagnie","datePublished":"2020-09-16T12:00:26+00:00","dateModified":"2020-09-16T14:14:04+00:00","mainEntityOfPage":{"@id":"https:\/\/kapitalis.com\/tunisie\/2020\/09\/16\/soupcons-de-corruption-autour-du-representant-de-tunisair-en-espagne-les-precisions-de-la-compagnie\/"},"wordCount":288,"commentCount":2,"publisher":{"@id":"https:\/\/kapitalis.com\/tunisie\/#organization"},"image":{"@id":"https:\/\/kapitalis.com\/tunisie\/2020\/09\/16\/soupcons-de-corruption-autour-du-representant-de-tunisair-en-espagne-les-precisions-de-la-compagnie\/#primaryimage"},"thumbnailUrl":"http:\/\/kapitalis.com\/tunisie\/wp-content\/uploads\/2016\/02\/Tunisair.jpg","keywords":["corruption","INLUCC","Tunisair"],"articleSection":["ECONOMIE","Tunisie"],"inLanguage":"fr-FR","potentialAction":[{"@type":"CommentAction","name":"Comment","target":["https:\/\/kapitalis.com\/tunisie\/2020\/09\/16\/soupcons-de-corruption-autour-du-representant-de-tunisair-en-espagne-les-precisions-de-la-compagnie\/#respond"]}]},{"@type":"WebPage","@id":"https:\/\/kapitalis.com\/tunisie\/2020\/09\/16\/soupcons-de-corruption-autour-du-representant-de-tunisair-en-espagne-les-precisions-de-la-compagnie\/","url":"https:\/\/kapitalis.com\/tunisie\/2020\/09\/16\/soupcons-de-corruption-autour-du-representant-de-tunisair-en-espagne-les-precisions-de-la-compagnie\/","name":"Soup\u00e7ons de corruption autour du repr\u00e9sentant de Tunisair en Espagne : Les pr\u00e9cisions de la compagnie - Kapitalis","isPartOf":{"@id":"https:\/\/kapitalis.com\/tunisie\/#website"},"primaryImageOfPage":{"@id":"https:\/\/kapitalis.com\/tunisie\/2020\/09\/16\/soupcons-de-corruption-autour-du-representant-de-tunisair-en-espagne-les-precisions-de-la-compagnie\/#primaryimage"},"image":{"@id":"https:\/\/kapitalis.com\/tunisie\/2020\/09\/16\/soupcons-de-corruption-autour-du-representant-de-tunisair-en-espagne-les-precisions-de-la-compagnie\/#primaryimage"},"thumbnailUrl":"http:\/\/kapitalis.com\/tunisie\/wp-content\/uploads\/2016\/02\/Tunisair.jpg","datePublished":"2020-09-16T12:00:26+00:00","dateModified":"2020-09-16T14:14:04+00:00","breadcrumb":{"@id":"https:\/\/kapitalis.com\/tunisie\/2020\/09\/16\/soupcons-de-corruption-autour-du-representant-de-tunisair-en-espagne-les-precisions-de-la-compagnie\/#breadcrumb"},"inLanguage":"fr-FR","potentialAction":[{"@type":"ReadAction","target":["https:\/\/kapitalis.com\/tunisie\/2020\/09\/16\/soupcons-de-corruption-autour-du-representant-de-tunisair-en-espagne-les-precisions-de-la-compagnie\/"]}]},{"@type":"ImageObject","inLanguage":"fr-FR","@id":"https:\/\/kapitalis.com\/tunisie\/2020\/09\/16\/soupcons-de-corruption-autour-du-representant-de-tunisair-en-espagne-les-precisions-de-la-compagnie\/#primaryimage","url":"http:\/\/kapitalis.com\/tunisie\/wp-content\/uploads\/2016\/02\/Tunisair.jpg","contentUrl":"http:\/\/kapitalis.com\/tunisie\/wp-content\/uploads\/2016\/02\/Tunisair.jpg"},{"@type":"BreadcrumbList","@id":"https:\/\/kapitalis.com\/tunisie\/2020\/09\/16\/soupcons-de-corruption-autour-du-representant-de-tunisair-en-espagne-les-precisions-de-la-compagnie\/#breadcrumb","itemListElement":[{"@type":"ListItem","position":1,"name":"Accueil","item":"https:\/\/kapitalis.com\/tunisie\/"},{"@type":"ListItem","position":2,"name":"Soup\u00e7ons de corruption autour du repr\u00e9sentant de Tunisair en Espagne : Les pr\u00e9cisions de la compagnie"}]},{"@type":"WebSite","@id":"https:\/\/kapitalis.com\/tunisie\/#website","url":"https:\/\/kapitalis.com\/tunisie\/","name":"Kapitalis","description":"L&#039;actualit\u00e9 en Tunisie et dans le monde","publisher":{"@id":"https:\/\/kapitalis.com\/tunisie\/#organization"},"potentialAction":[{"@type":"SearchAction","target":{"@type":"EntryPoint","urlTemplate":"https:\/\/kapitalis.com\/tunisie\/?s={search_term_string}"},"query-input":{"@type":"PropertyValueSpecification","valueRequired":true,"valueName":"search_term_string"}}],"inLanguage":"fr-FR"},{"@type":"Organization","@id":"https:\/\/kapitalis.com\/tunisie\/#organization","name":"Kapitalis","url":"https:\/\/kapitalis.com\/tunisie\/","logo":{"@type":"ImageObject","inLanguage":"fr-FR","@id":"https:\/\/kapitalis.com\/tunisie\/#\/schema\/logo\/image\/","url":"https:\/\/kapitalis.com\/tunisie\/wp-content\/uploads\/2022\/05\/Kapitalis-big-size.png","contentUrl":"https:\/\/kapitalis.com\/tunisie\/wp-content\/uploads\/2022\/05\/Kapitalis-big-size.png","width":5000,"height":1500,"caption":"Kapitalis"},"image":{"@id":"https:\/\/kapitalis.com\/tunisie\/#\/schema\/logo\/image\/"},"sameAs":["https:\/\/www.facebook.com\/KapitalisInfo\/","https:\/\/x.com\/KapitalisInfo","https:\/\/www.youtube.com\/channel\/UC-yDYrHyfFBWWZaOw3FPg9Q"]},{"@type":"Person","@id":"https:\/\/kapitalis.com\/tunisie\/#\/schema\/person\/b35b8d631961131107263178aeb8019e","name":"Cherif Benyounes","url":"https:\/\/kapitalis.com\/tunisie\/author\/cherif\/"}]}},"_links":{"self":[{"href":"https:\/\/kapitalis.com\/tunisie\/wp-json\/wp\/v2\/posts\/316628","targetHints":{"allow":["GET"]}}],"collection":[{"href":"https:\/\/kapitalis.com\/tunisie\/wp-json\/wp\/v2\/posts"}],"about":[{"href":"https:\/\/kapitalis.com\/tunisie\/wp-json\/wp\/v2\/types\/post"}],"author":[{"embeddable":true,"href":"https:\/\/kapitalis.com\/tunisie\/wp-json\/wp\/v2\/users\/24"}],"replies":[{"embeddable":true,"href":"https:\/\/kapitalis.com\/tunisie\/wp-json\/wp\/v2\/comments?post=316628"}],"version-history":[{"count":0,"href":"https:\/\/kapitalis.com\/tunisie\/wp-json\/wp\/v2\/posts\/316628\/revisions"}],"wp:attachment":[{"href":"https:\/\/kapitalis.com\/tunisie\/wp-json\/wp\/v2\/media?parent=316628"}],"wp:term":[{"taxonomy":"category","embeddable":true,"href":"https:\/\/kapitalis.com\/tunisie\/wp-json\/wp\/v2\/categories?post=316628"},{"taxonomy":"post_tag","embeddable":true,"href":"https:\/\/kapitalis.com\/tunisie\/wp-json\/wp\/v2\/tags?post=316628"}],"curies":[{"name":"wp","href":"https:\/\/api.w.org\/{rel}","templated":true}]}}