{"id":316780,"date":"2020-09-17T11:01:26","date_gmt":"2020-09-17T10:01:26","guid":{"rendered":"http:\/\/kapitalis.com\/tunisie\/?p=316780"},"modified":"2020-09-17T11:01:31","modified_gmt":"2020-09-17T10:01:31","slug":"yadh-ibn-achour-donnera-la-conference-inaugurale-de-beit-al-hikma-pour-lannee-2020-2021","status":"publish","type":"post","link":"https:\/\/kapitalis.com\/tunisie\/2020\/09\/17\/yadh-ibn-achour-donnera-la-conference-inaugurale-de-beit-al-hikma-pour-lannee-2020-2021\/","title":{"rendered":"Yadh Ibn Achour donnera la conf\u00e9rence inaugurale de Beit Al-Hikma pour l&rsquo;ann\u00e9e 2020-2021"},"content":{"rendered":"\n<figure class=\"wp-block-image size-large\"><img decoding=\"async\" src=\"http:\/\/kapitalis.com\/tunisie\/wp-content\/uploads\/2020\/09\/Yadh-Ben-Achour-Beit-El-Hikma.jpg\" alt=\"\" class=\"wp-image-316781\"\/><\/figure>\n\n\n\n<p><strong><em>La conf\u00e9rence inaugurale de l\u2019ann\u00e9e acad\u00e9mique 2020-2021 \u00e0 l\u2019Acad\u00e9mie tunisienne des sciences, des lettres et des arts (Beit Al-Hikma) aura lieu le samedi 3 octobre 2020, \u00e0 10h00, au si\u00e8ge de l\u2019Acad\u00e9mie \u00e0 Carthage.<\/em><\/strong><\/p>\n\n\n\n<!--more-->\n\n\n\n<p>La conf\u00e9rence portera sur le th\u00e8me : <em>\u00ab\u00c9lites et masses dans le discours de l\u2019orthodoxie sunnite\u00bb<\/em> et sera donn\u00e9e par le professeur Yadh Ibn Achour.<\/p>\n\n\n\n<p>\u00c0 cette occasion, l\u2019Acad\u00e9mie octroie le Prix Jeune Chercheur 2020.<\/p>\n\n\n\n<p>Yadh Ben Achour, n\u00e9 le 1er juin 1945 \u00e0 La Marsa, est un juriste et universitaire tunisien, sp\u00e9cialiste des th\u00e9ories politiques islamiques et de droit public.<\/p>\n\n\n\n<p>Il est l&rsquo;auteur de nombreux ouvrages dont <em>\u00ab\u00a0Politique, religion et droit dans le monde arabe\u00a0\u00bb<\/em>, 1992; <em>\u00ab\u00a0Normes, foi et loi en particulier dans l&rsquo;islam\u00a0\u00bb<\/em>, 1993; <em>\u00ab\u00a0Aux fondements de l&rsquo;orthodoxie sunnite\u00a0\u00bb<\/em>, 2008; <em>\u00ab\u00a0La deuxi\u00e8me F\u00e2tiha. L&rsquo;islam et la pens\u00e9e des droits de l&rsquo;homme\u00a0\u00bb<\/em>, 2011 ; <em>\u00ab\u00a0Tunisie : une r\u00e9volution en pays d&rsquo;islam\u00a0\u00bb<\/em>, 2016; <em>\u00ab\u00a0L&rsquo;Islam et la d\u00e9mocratie : une r\u00e9volution int\u00e9rieure\u00a0\u00bb<\/em>, 2020.<\/p>\n\n\n\n<p class=\"has-text-align-right\"><strong>I. B. <\/strong><\/p>\n","protected":false},"excerpt":{"rendered":"<p>La conf\u00e9rence inaugurale de l\u2019ann\u00e9e acad\u00e9mique 2020-2021 \u00e0 l\u2019Acad\u00e9mie tunisienne des sciences, des lettres et des arts (Beit Al-Hikma) aura lieu le samedi 3 octobre 2020, \u00e0 10h00, au si\u00e8ge de l\u2019Acad\u00e9mie \u00e0 Carthage.<\/p>\n","protected":false},"author":8,"featured_media":316781,"comment_status":"open","ping_status":"open","sticky":false,"template":"","format":"standard","meta":{"footnotes":""},"categories":[994,2433],"tags":[79410,1234,82819],"class_list":["post-316780","post","type-post","status-publish","format-standard","has-post-thumbnail","hentry","category-culture","category-tunisie","tag-beit-al-hikma-2","tag-carthage","tag-yadh-ibn-achour"],"yoast_head":"<!-- This site is optimized with the Yoast SEO plugin v26.6 - https:\/\/yoast.com\/wordpress\/plugins\/seo\/ -->\n<title>Yadh Ibn Achour donnera la conf\u00e9rence inaugurale de Beit Al-Hikma pour l&#039;ann\u00e9e 2020-2021 - Kapitalis<\/title>\n<meta name=\"robots\" content=\"index, follow, max-snippet:-1, max-image-preview:large, max-video-preview:-1\" \/>\n<link rel=\"canonical\" href=\"https:\/\/kapitalis.com\/tunisie\/2020\/09\/17\/yadh-ibn-achour-donnera-la-conference-inaugurale-de-beit-al-hikma-pour-lannee-2020-2021\/\" \/>\n<meta property=\"og:locale\" content=\"fr_FR\" \/>\n<meta property=\"og:type\" content=\"article\" \/>\n<meta property=\"og:title\" content=\"Yadh Ibn Achour donnera la conf\u00e9rence inaugurale de Beit Al-Hikma pour l&#039;ann\u00e9e 2020-2021 - Kapitalis\" \/>\n<meta property=\"og:description\" content=\"La conf\u00e9rence inaugurale de l\u2019ann\u00e9e acad\u00e9mique 2020-2021 \u00e0 l\u2019Acad\u00e9mie tunisienne des sciences, des lettres et des arts (Beit Al-Hikma) aura lieu le samedi 3 octobre 2020, \u00e0 10h00, au si\u00e8ge de l\u2019Acad\u00e9mie \u00e0 Carthage.\" \/>\n<meta property=\"og:url\" content=\"https:\/\/kapitalis.com\/tunisie\/2020\/09\/17\/yadh-ibn-achour-donnera-la-conference-inaugurale-de-beit-al-hikma-pour-lannee-2020-2021\/\" \/>\n<meta property=\"og:site_name\" content=\"Kapitalis\" \/>\n<meta property=\"article:publisher\" content=\"https:\/\/www.facebook.com\/KapitalisInfo\/\" \/>\n<meta property=\"article:published_time\" content=\"2020-09-17T10:01:26+00:00\" \/>\n<meta property=\"article:modified_time\" content=\"2020-09-17T10:01:31+00:00\" \/>\n<meta property=\"og:image\" content=\"https:\/\/kapitalis.com\/tunisie\/wp-content\/uploads\/2022\/05\/kapitalis-logo-fb.png\" \/>\n\t<meta property=\"og:image:width\" content=\"1200\" \/>\n\t<meta property=\"og:image:height\" content=\"630\" \/>\n\t<meta property=\"og:image:type\" content=\"image\/png\" \/>\n<meta name=\"author\" content=\"webmaster kapitalis\" \/>\n<meta name=\"twitter:card\" content=\"summary_large_image\" \/>\n<meta name=\"twitter:creator\" content=\"@KapitalisInfo\" \/>\n<meta name=\"twitter:site\" content=\"@KapitalisInfo\" \/>\n<meta name=\"twitter:label1\" content=\"\u00c9crit par\" \/>\n\t<meta name=\"twitter:data1\" content=\"webmaster kapitalis\" \/>\n\t<meta name=\"twitter:label2\" content=\"Dur\u00e9e de lecture estim\u00e9e\" \/>\n\t<meta name=\"twitter:data2\" content=\"1 minute\" \/>\n<script type=\"application\/ld+json\" class=\"yoast-schema-graph\">{\"@context\":\"https:\/\/schema.org\",\"@graph\":[{\"@type\":\"Article\",\"@id\":\"https:\/\/kapitalis.com\/tunisie\/2020\/09\/17\/yadh-ibn-achour-donnera-la-conference-inaugurale-de-beit-al-hikma-pour-lannee-2020-2021\/#article\",\"isPartOf\":{\"@id\":\"https:\/\/kapitalis.com\/tunisie\/2020\/09\/17\/yadh-ibn-achour-donnera-la-conference-inaugurale-de-beit-al-hikma-pour-lannee-2020-2021\/\"},\"author\":{\"name\":\"webmaster kapitalis\",\"@id\":\"https:\/\/kapitalis.com\/tunisie\/#\/schema\/person\/d71f33a9ca44f7bad4698210b480c8e9\"},\"headline\":\"Yadh Ibn Achour donnera la conf\u00e9rence inaugurale de Beit Al-Hikma pour l&rsquo;ann\u00e9e 2020-2021\",\"datePublished\":\"2020-09-17T10:01:26+00:00\",\"dateModified\":\"2020-09-17T10:01:31+00:00\",\"mainEntityOfPage\":{\"@id\":\"https:\/\/kapitalis.com\/tunisie\/2020\/09\/17\/yadh-ibn-achour-donnera-la-conference-inaugurale-de-beit-al-hikma-pour-lannee-2020-2021\/\"},\"wordCount\":178,\"commentCount\":0,\"publisher\":{\"@id\":\"https:\/\/kapitalis.com\/tunisie\/#organization\"},\"image\":{\"@id\":\"https:\/\/kapitalis.com\/tunisie\/2020\/09\/17\/yadh-ibn-achour-donnera-la-conference-inaugurale-de-beit-al-hikma-pour-lannee-2020-2021\/#primaryimage\"},\"thumbnailUrl\":\"\",\"keywords\":[\"Beit Al-Hikma\",\"Carthage\",\"Yadh Ibn Achour\"],\"articleSection\":[\"CULTURE\",\"Tunisie\"],\"inLanguage\":\"fr-FR\",\"potentialAction\":[{\"@type\":\"CommentAction\",\"name\":\"Comment\",\"target\":[\"https:\/\/kapitalis.com\/tunisie\/2020\/09\/17\/yadh-ibn-achour-donnera-la-conference-inaugurale-de-beit-al-hikma-pour-lannee-2020-2021\/#respond\"]}]},{\"@type\":\"WebPage\",\"@id\":\"https:\/\/kapitalis.com\/tunisie\/2020\/09\/17\/yadh-ibn-achour-donnera-la-conference-inaugurale-de-beit-al-hikma-pour-lannee-2020-2021\/\",\"url\":\"https:\/\/kapitalis.com\/tunisie\/2020\/09\/17\/yadh-ibn-achour-donnera-la-conference-inaugurale-de-beit-al-hikma-pour-lannee-2020-2021\/\",\"name\":\"Yadh Ibn Achour donnera la conf\u00e9rence inaugurale de Beit Al-Hikma pour l'ann\u00e9e 2020-2021 - Kapitalis\",\"isPartOf\":{\"@id\":\"https:\/\/kapitalis.com\/tunisie\/#website\"},\"primaryImageOfPage\":{\"@id\":\"https:\/\/kapitalis.com\/tunisie\/2020\/09\/17\/yadh-ibn-achour-donnera-la-conference-inaugurale-de-beit-al-hikma-pour-lannee-2020-2021\/#primaryimage\"},\"image\":{\"@id\":\"https:\/\/kapitalis.com\/tunisie\/2020\/09\/17\/yadh-ibn-achour-donnera-la-conference-inaugurale-de-beit-al-hikma-pour-lannee-2020-2021\/#primaryimage\"},\"thumbnailUrl\":\"\",\"datePublished\":\"2020-09-17T10:01:26+00:00\",\"dateModified\":\"2020-09-17T10:01:31+00:00\",\"breadcrumb\":{\"@id\":\"https:\/\/kapitalis.com\/tunisie\/2020\/09\/17\/yadh-ibn-achour-donnera-la-conference-inaugurale-de-beit-al-hikma-pour-lannee-2020-2021\/#breadcrumb\"},\"inLanguage\":\"fr-FR\",\"potentialAction\":[{\"@type\":\"ReadAction\",\"target\":[\"https:\/\/kapitalis.com\/tunisie\/2020\/09\/17\/yadh-ibn-achour-donnera-la-conference-inaugurale-de-beit-al-hikma-pour-lannee-2020-2021\/\"]}]},{\"@type\":\"ImageObject\",\"inLanguage\":\"fr-FR\",\"@id\":\"https:\/\/kapitalis.com\/tunisie\/2020\/09\/17\/yadh-ibn-achour-donnera-la-conference-inaugurale-de-beit-al-hikma-pour-lannee-2020-2021\/#primaryimage\",\"url\":\"\",\"contentUrl\":\"\"},{\"@type\":\"BreadcrumbList\",\"@id\":\"https:\/\/kapitalis.com\/tunisie\/2020\/09\/17\/yadh-ibn-achour-donnera-la-conference-inaugurale-de-beit-al-hikma-pour-lannee-2020-2021\/#breadcrumb\",\"itemListElement\":[{\"@type\":\"ListItem\",\"position\":1,\"name\":\"Accueil\",\"item\":\"https:\/\/kapitalis.com\/tunisie\/\"},{\"@type\":\"ListItem\",\"position\":2,\"name\":\"Yadh Ibn Achour donnera la conf\u00e9rence inaugurale de Beit Al-Hikma pour l&rsquo;ann\u00e9e 2020-2021\"}]},{\"@type\":\"WebSite\",\"@id\":\"https:\/\/kapitalis.com\/tunisie\/#website\",\"url\":\"https:\/\/kapitalis.com\/tunisie\/\",\"name\":\"Kapitalis\",\"description\":\"L&#039;actualit\u00e9 en Tunisie et dans le monde\",\"publisher\":{\"@id\":\"https:\/\/kapitalis.com\/tunisie\/#organization\"},\"potentialAction\":[{\"@type\":\"SearchAction\",\"target\":{\"@type\":\"EntryPoint\",\"urlTemplate\":\"https:\/\/kapitalis.com\/tunisie\/?s={search_term_string}\"},\"query-input\":{\"@type\":\"PropertyValueSpecification\",\"valueRequired\":true,\"valueName\":\"search_term_string\"}}],\"inLanguage\":\"fr-FR\"},{\"@type\":\"Organization\",\"@id\":\"https:\/\/kapitalis.com\/tunisie\/#organization\",\"name\":\"Kapitalis\",\"url\":\"https:\/\/kapitalis.com\/tunisie\/\",\"logo\":{\"@type\":\"ImageObject\",\"inLanguage\":\"fr-FR\",\"@id\":\"https:\/\/kapitalis.com\/tunisie\/#\/schema\/logo\/image\/\",\"url\":\"https:\/\/kapitalis.com\/tunisie\/wp-content\/uploads\/2022\/05\/Kapitalis-big-size.png\",\"contentUrl\":\"https:\/\/kapitalis.com\/tunisie\/wp-content\/uploads\/2022\/05\/Kapitalis-big-size.png\",\"width\":5000,\"height\":1500,\"caption\":\"Kapitalis\"},\"image\":{\"@id\":\"https:\/\/kapitalis.com\/tunisie\/#\/schema\/logo\/image\/\"},\"sameAs\":[\"https:\/\/www.facebook.com\/KapitalisInfo\/\",\"https:\/\/x.com\/KapitalisInfo\",\"https:\/\/www.youtube.com\/channel\/UC-yDYrHyfFBWWZaOw3FPg9Q\"]},{\"@type\":\"Person\",\"@id\":\"https:\/\/kapitalis.com\/tunisie\/#\/schema\/person\/d71f33a9ca44f7bad4698210b480c8e9\",\"name\":\"webmaster kapitalis\",\"url\":\"https:\/\/kapitalis.com\/tunisie\/author\/webmaster-kapitalis\/\"}]}<\/script>\n<!-- \/ Yoast SEO plugin. -->","yoast_head_json":{"title":"Yadh Ibn Achour donnera la conf\u00e9rence inaugurale de Beit Al-Hikma pour l'ann\u00e9e 2020-2021 - Kapitalis","robots":{"index":"index","follow":"follow","max-snippet":"max-snippet:-1","max-image-preview":"max-image-preview:large","max-video-preview":"max-video-preview:-1"},"canonical":"https:\/\/kapitalis.com\/tunisie\/2020\/09\/17\/yadh-ibn-achour-donnera-la-conference-inaugurale-de-beit-al-hikma-pour-lannee-2020-2021\/","og_locale":"fr_FR","og_type":"article","og_title":"Yadh Ibn Achour donnera la conf\u00e9rence inaugurale de Beit Al-Hikma pour l'ann\u00e9e 2020-2021 - Kapitalis","og_description":"La conf\u00e9rence inaugurale de l\u2019ann\u00e9e acad\u00e9mique 2020-2021 \u00e0 l\u2019Acad\u00e9mie tunisienne des sciences, des lettres et des arts (Beit Al-Hikma) aura lieu le samedi 3 octobre 2020, \u00e0 10h00, au si\u00e8ge de l\u2019Acad\u00e9mie \u00e0 Carthage.","og_url":"https:\/\/kapitalis.com\/tunisie\/2020\/09\/17\/yadh-ibn-achour-donnera-la-conference-inaugurale-de-beit-al-hikma-pour-lannee-2020-2021\/","og_site_name":"Kapitalis","article_publisher":"https:\/\/www.facebook.com\/KapitalisInfo\/","article_published_time":"2020-09-17T10:01:26+00:00","article_modified_time":"2020-09-17T10:01:31+00:00","og_image":[{"width":1200,"height":630,"url":"https:\/\/kapitalis.com\/tunisie\/wp-content\/uploads\/2022\/05\/kapitalis-logo-fb.png","type":"image\/png"}],"author":"webmaster kapitalis","twitter_card":"summary_large_image","twitter_creator":"@KapitalisInfo","twitter_site":"@KapitalisInfo","twitter_misc":{"\u00c9crit par":"webmaster kapitalis","Dur\u00e9e de lecture estim\u00e9e":"1 minute"},"schema":{"@context":"https:\/\/schema.org","@graph":[{"@type":"Article","@id":"https:\/\/kapitalis.com\/tunisie\/2020\/09\/17\/yadh-ibn-achour-donnera-la-conference-inaugurale-de-beit-al-hikma-pour-lannee-2020-2021\/#article","isPartOf":{"@id":"https:\/\/kapitalis.com\/tunisie\/2020\/09\/17\/yadh-ibn-achour-donnera-la-conference-inaugurale-de-beit-al-hikma-pour-lannee-2020-2021\/"},"author":{"name":"webmaster kapitalis","@id":"https:\/\/kapitalis.com\/tunisie\/#\/schema\/person\/d71f33a9ca44f7bad4698210b480c8e9"},"headline":"Yadh Ibn Achour donnera la conf\u00e9rence inaugurale de Beit Al-Hikma pour l&rsquo;ann\u00e9e 2020-2021","datePublished":"2020-09-17T10:01:26+00:00","dateModified":"2020-09-17T10:01:31+00:00","mainEntityOfPage":{"@id":"https:\/\/kapitalis.com\/tunisie\/2020\/09\/17\/yadh-ibn-achour-donnera-la-conference-inaugurale-de-beit-al-hikma-pour-lannee-2020-2021\/"},"wordCount":178,"commentCount":0,"publisher":{"@id":"https:\/\/kapitalis.com\/tunisie\/#organization"},"image":{"@id":"https:\/\/kapitalis.com\/tunisie\/2020\/09\/17\/yadh-ibn-achour-donnera-la-conference-inaugurale-de-beit-al-hikma-pour-lannee-2020-2021\/#primaryimage"},"thumbnailUrl":"","keywords":["Beit Al-Hikma","Carthage","Yadh Ibn Achour"],"articleSection":["CULTURE","Tunisie"],"inLanguage":"fr-FR","potentialAction":[{"@type":"CommentAction","name":"Comment","target":["https:\/\/kapitalis.com\/tunisie\/2020\/09\/17\/yadh-ibn-achour-donnera-la-conference-inaugurale-de-beit-al-hikma-pour-lannee-2020-2021\/#respond"]}]},{"@type":"WebPage","@id":"https:\/\/kapitalis.com\/tunisie\/2020\/09\/17\/yadh-ibn-achour-donnera-la-conference-inaugurale-de-beit-al-hikma-pour-lannee-2020-2021\/","url":"https:\/\/kapitalis.com\/tunisie\/2020\/09\/17\/yadh-ibn-achour-donnera-la-conference-inaugurale-de-beit-al-hikma-pour-lannee-2020-2021\/","name":"Yadh Ibn Achour donnera la conf\u00e9rence inaugurale de Beit Al-Hikma pour l'ann\u00e9e 2020-2021 - Kapitalis","isPartOf":{"@id":"https:\/\/kapitalis.com\/tunisie\/#website"},"primaryImageOfPage":{"@id":"https:\/\/kapitalis.com\/tunisie\/2020\/09\/17\/yadh-ibn-achour-donnera-la-conference-inaugurale-de-beit-al-hikma-pour-lannee-2020-2021\/#primaryimage"},"image":{"@id":"https:\/\/kapitalis.com\/tunisie\/2020\/09\/17\/yadh-ibn-achour-donnera-la-conference-inaugurale-de-beit-al-hikma-pour-lannee-2020-2021\/#primaryimage"},"thumbnailUrl":"","datePublished":"2020-09-17T10:01:26+00:00","dateModified":"2020-09-17T10:01:31+00:00","breadcrumb":{"@id":"https:\/\/kapitalis.com\/tunisie\/2020\/09\/17\/yadh-ibn-achour-donnera-la-conference-inaugurale-de-beit-al-hikma-pour-lannee-2020-2021\/#breadcrumb"},"inLanguage":"fr-FR","potentialAction":[{"@type":"ReadAction","target":["https:\/\/kapitalis.com\/tunisie\/2020\/09\/17\/yadh-ibn-achour-donnera-la-conference-inaugurale-de-beit-al-hikma-pour-lannee-2020-2021\/"]}]},{"@type":"ImageObject","inLanguage":"fr-FR","@id":"https:\/\/kapitalis.com\/tunisie\/2020\/09\/17\/yadh-ibn-achour-donnera-la-conference-inaugurale-de-beit-al-hikma-pour-lannee-2020-2021\/#primaryimage","url":"","contentUrl":""},{"@type":"BreadcrumbList","@id":"https:\/\/kapitalis.com\/tunisie\/2020\/09\/17\/yadh-ibn-achour-donnera-la-conference-inaugurale-de-beit-al-hikma-pour-lannee-2020-2021\/#breadcrumb","itemListElement":[{"@type":"ListItem","position":1,"name":"Accueil","item":"https:\/\/kapitalis.com\/tunisie\/"},{"@type":"ListItem","position":2,"name":"Yadh Ibn Achour donnera la conf\u00e9rence inaugurale de Beit Al-Hikma pour l&rsquo;ann\u00e9e 2020-2021"}]},{"@type":"WebSite","@id":"https:\/\/kapitalis.com\/tunisie\/#website","url":"https:\/\/kapitalis.com\/tunisie\/","name":"Kapitalis","description":"L&#039;actualit\u00e9 en Tunisie et dans le monde","publisher":{"@id":"https:\/\/kapitalis.com\/tunisie\/#organization"},"potentialAction":[{"@type":"SearchAction","target":{"@type":"EntryPoint","urlTemplate":"https:\/\/kapitalis.com\/tunisie\/?s={search_term_string}"},"query-input":{"@type":"PropertyValueSpecification","valueRequired":true,"valueName":"search_term_string"}}],"inLanguage":"fr-FR"},{"@type":"Organization","@id":"https:\/\/kapitalis.com\/tunisie\/#organization","name":"Kapitalis","url":"https:\/\/kapitalis.com\/tunisie\/","logo":{"@type":"ImageObject","inLanguage":"fr-FR","@id":"https:\/\/kapitalis.com\/tunisie\/#\/schema\/logo\/image\/","url":"https:\/\/kapitalis.com\/tunisie\/wp-content\/uploads\/2022\/05\/Kapitalis-big-size.png","contentUrl":"https:\/\/kapitalis.com\/tunisie\/wp-content\/uploads\/2022\/05\/Kapitalis-big-size.png","width":5000,"height":1500,"caption":"Kapitalis"},"image":{"@id":"https:\/\/kapitalis.com\/tunisie\/#\/schema\/logo\/image\/"},"sameAs":["https:\/\/www.facebook.com\/KapitalisInfo\/","https:\/\/x.com\/KapitalisInfo","https:\/\/www.youtube.com\/channel\/UC-yDYrHyfFBWWZaOw3FPg9Q"]},{"@type":"Person","@id":"https:\/\/kapitalis.com\/tunisie\/#\/schema\/person\/d71f33a9ca44f7bad4698210b480c8e9","name":"webmaster kapitalis","url":"https:\/\/kapitalis.com\/tunisie\/author\/webmaster-kapitalis\/"}]}},"_links":{"self":[{"href":"https:\/\/kapitalis.com\/tunisie\/wp-json\/wp\/v2\/posts\/316780","targetHints":{"allow":["GET"]}}],"collection":[{"href":"https:\/\/kapitalis.com\/tunisie\/wp-json\/wp\/v2\/posts"}],"about":[{"href":"https:\/\/kapitalis.com\/tunisie\/wp-json\/wp\/v2\/types\/post"}],"author":[{"embeddable":true,"href":"https:\/\/kapitalis.com\/tunisie\/wp-json\/wp\/v2\/users\/8"}],"replies":[{"embeddable":true,"href":"https:\/\/kapitalis.com\/tunisie\/wp-json\/wp\/v2\/comments?post=316780"}],"version-history":[{"count":0,"href":"https:\/\/kapitalis.com\/tunisie\/wp-json\/wp\/v2\/posts\/316780\/revisions"}],"wp:featuredmedia":[{"embeddable":true,"href":"https:\/\/kapitalis.com\/tunisie\/wp-json\/wp\/v2\/media\/316781"}],"wp:attachment":[{"href":"https:\/\/kapitalis.com\/tunisie\/wp-json\/wp\/v2\/media?parent=316780"}],"wp:term":[{"taxonomy":"category","embeddable":true,"href":"https:\/\/kapitalis.com\/tunisie\/wp-json\/wp\/v2\/categories?post=316780"},{"taxonomy":"post_tag","embeddable":true,"href":"https:\/\/kapitalis.com\/tunisie\/wp-json\/wp\/v2\/tags?post=316780"}],"curies":[{"name":"wp","href":"https:\/\/api.w.org\/{rel}","templated":true}]}}