{"id":316826,"date":"2020-09-17T15:31:13","date_gmt":"2020-09-17T14:31:13","guid":{"rendered":"http:\/\/kapitalis.com\/tunisie\/?p=316826"},"modified":"2020-09-17T15:31:22","modified_gmt":"2020-09-17T14:31:22","slug":"don-japonais-dun-minibus-pour-les-eleves-de-lecole-primaire-dutique-nouvelle","status":"publish","type":"post","link":"https:\/\/kapitalis.com\/tunisie\/2020\/09\/17\/don-japonais-dun-minibus-pour-les-eleves-de-lecole-primaire-dutique-nouvelle\/","title":{"rendered":"Don japonais d\u2019un minibus pour les \u00e9l\u00e8ves de l\u2019Ecole primaire d\u2019Utique Nouvelle"},"content":{"rendered":"\n<figure class=\"wp-block-image size-large\"><img decoding=\"async\" src=\"http:\/\/kapitalis.com\/tunisie\/wp-content\/uploads\/2020\/09\/Don-japonais-Ecole-Utique-Nouvelle.jpg\" alt=\"\" class=\"wp-image-316827\"\/><\/figure>\n\n\n\n<p><strong><em>La c\u00e9r\u00e9monie de signature du contrat relatif au \u00abProjet d\u2019acquisition d\u2019un minibus destin\u00e9 pour le transport des \u00e9coliers de l\u2019\u00e9cole primaire d\u2019Utique Nouvelle s\u2019est tenue le 17 septembre 2020, \u00e0 l\u2019\u00e9cole en question.<\/em><\/strong><\/p>\n\n\n\n<!--more-->\n\n\n\n<p>La c\u00e9r\u00e9monie a eu lieu en pr\u00e9sence de Mohamed Gouider, gouverneur de Bizerte, d\u2019Habib Hammami, maire d\u2019Utique et de Rami Laamouri, d\u00e9l\u00e9gu\u00e9 d\u2019Utique Nouvelle.<\/p>\n\n\n\n<p>Le contrat de don a \u00e9t\u00e9 sign\u00e9 par Shinsuke Shimizu, ambassadeur du Japon en Tunisie, et Hafedh Dhouadi, pr\u00e9sident de l\u2019Association de d\u00e9veloppement local d\u2019Utique Nouvelle.<\/p>\n\n\n\n<p>Le don, entrant dans le cadre des <em>\u00abDons aux projets locaux contribuant \u00e0 la s\u00e9curit\u00e9 humaine<\/em>\u00bb, est d\u2019un montant 173.673 DT et doit financer l\u2019achat d\u2019un minibus, qui permettra \u00e0 l\u2019Association de d\u00e9veloppement local d\u2019Utique Nouvelle d\u2019assurer le transport scolaire des \u00e9l\u00e8ves de l\u2019Ecole primaire d\u2019Utique Nouvelle qui n\u2019ont pas de moyen de transport. Le minibus sera \u00e9galement utilis\u00e9 pour les diff\u00e9rentes activit\u00e9s p\u00e9riscolaires et culturelles pendant les vacances et les weekends.<\/p>\n\n\n\n<p>Cette \u00e9cole a \u00e9t\u00e9 r\u00e9nov\u00e9e par un don japonais en 2013 avec la construction de 3 salles de classe suppl\u00e9mentaires et l\u2019am\u00e9nagement d\u2019une aire sportive, d\u2019un mur de cl\u00f4ture et d\u2019une cour de r\u00e9cr\u00e9ation.<\/p>\n\n\n\n<p>Le don aux projets locaux contribuant \u00e0 la s\u00e9curit\u00e9 humaine a \u00e9t\u00e9 instaur\u00e9 en 1996 pour que les ONGs et les collectivit\u00e9s locales puissent r\u00e9pondre rapidement et efficacement \u00e0 divers besoins de d\u00e9veloppement, bien que la taille du projet soit relativement petite.<\/p>\n\n\n\n<p>Les organisations \u00e9ligibles sont celles \u00e0 but non lucratif, telle que les ONGs, les collectivit\u00e9s locales, les \u00e9tablissements \u00e9ducatifs tels que les \u00e9coles primaires et secondaires, et les \u00e9tablissements m\u00e9dicaux. Le don vise \u00e0 l\u2019am\u00e9lioration des besoins humains fondamentaux comme la construction d\u2019\u00e9coles primaires et secondaires, l\u2019am\u00e9nagement d\u2019\u00e9quipements m\u00e9dicaux dans les h\u00f4pitaux, et le forage de puits.<\/p>\n\n\n\n<p>Depuis 1996, 128 projets ont \u00e9t\u00e9 r\u00e9alis\u00e9s en Tunisie dans ce cadre de coop\u00e9ration.<\/p>\n","protected":false},"excerpt":{"rendered":"<p>La c\u00e9r\u00e9monie de signature du contrat relatif au \u00abProjet d\u2019acquisition d\u2019un minibus destin\u00e9 pour le transport des \u00e9coliers de l\u2019\u00e9cole primaire d\u2019Utique Nouvelle s\u2019est tenue le 17 septembre 2020, \u00e0 l\u2019\u00e9cole en question.<\/p>\n","protected":false},"author":8,"featured_media":316827,"comment_status":"open","ping_status":"open","sticky":false,"template":"","format":"standard","meta":{"footnotes":""},"categories":[998,2433],"tags":[82839,82841,82840,75191,82842,82838],"class_list":["post-316826","post","type-post","status-publish","format-standard","has-post-thumbnail","hentry","category-societe","category-tunisie","tag-don-japonais","tag-habib-hammami","tag-hafedh-dhouadi","tag-mohamed-gouider","tag-rami-laamouri","tag-utique-nouvelle"],"yoast_head":"<!-- This site is optimized with the Yoast SEO plugin v26.6 - https:\/\/yoast.com\/wordpress\/plugins\/seo\/ -->\n<title>Don japonais d\u2019un minibus pour les \u00e9l\u00e8ves de l\u2019Ecole primaire d\u2019Utique Nouvelle - Kapitalis<\/title>\n<meta name=\"robots\" content=\"index, follow, max-snippet:-1, max-image-preview:large, max-video-preview:-1\" \/>\n<link rel=\"canonical\" href=\"https:\/\/kapitalis.com\/tunisie\/2020\/09\/17\/don-japonais-dun-minibus-pour-les-eleves-de-lecole-primaire-dutique-nouvelle\/\" \/>\n<meta property=\"og:locale\" content=\"fr_FR\" \/>\n<meta property=\"og:type\" content=\"article\" \/>\n<meta property=\"og:title\" content=\"Don japonais d\u2019un minibus pour les \u00e9l\u00e8ves de l\u2019Ecole primaire d\u2019Utique Nouvelle - Kapitalis\" \/>\n<meta property=\"og:description\" content=\"La c\u00e9r\u00e9monie de signature du contrat relatif au \u00abProjet d\u2019acquisition d\u2019un minibus destin\u00e9 pour le transport des \u00e9coliers de l\u2019\u00e9cole primaire d\u2019Utique Nouvelle s\u2019est tenue le 17 septembre 2020, \u00e0 l\u2019\u00e9cole en question.\" \/>\n<meta property=\"og:url\" content=\"https:\/\/kapitalis.com\/tunisie\/2020\/09\/17\/don-japonais-dun-minibus-pour-les-eleves-de-lecole-primaire-dutique-nouvelle\/\" \/>\n<meta property=\"og:site_name\" content=\"Kapitalis\" \/>\n<meta property=\"article:publisher\" content=\"https:\/\/www.facebook.com\/KapitalisInfo\/\" \/>\n<meta property=\"article:published_time\" content=\"2020-09-17T14:31:13+00:00\" \/>\n<meta property=\"article:modified_time\" content=\"2020-09-17T14:31:22+00:00\" \/>\n<meta property=\"og:image\" content=\"https:\/\/kapitalis.com\/tunisie\/wp-content\/uploads\/2022\/05\/kapitalis-logo-fb.png\" \/>\n\t<meta property=\"og:image:width\" content=\"1200\" \/>\n\t<meta property=\"og:image:height\" content=\"630\" \/>\n\t<meta property=\"og:image:type\" content=\"image\/png\" \/>\n<meta name=\"author\" content=\"webmaster kapitalis\" \/>\n<meta name=\"twitter:card\" content=\"summary_large_image\" \/>\n<meta name=\"twitter:creator\" content=\"@KapitalisInfo\" \/>\n<meta name=\"twitter:site\" content=\"@KapitalisInfo\" \/>\n<meta name=\"twitter:label1\" content=\"\u00c9crit par\" \/>\n\t<meta name=\"twitter:data1\" content=\"webmaster kapitalis\" \/>\n\t<meta name=\"twitter:label2\" content=\"Dur\u00e9e de lecture estim\u00e9e\" \/>\n\t<meta name=\"twitter:data2\" content=\"2 minutes\" \/>\n<script type=\"application\/ld+json\" class=\"yoast-schema-graph\">{\"@context\":\"https:\/\/schema.org\",\"@graph\":[{\"@type\":\"Article\",\"@id\":\"https:\/\/kapitalis.com\/tunisie\/2020\/09\/17\/don-japonais-dun-minibus-pour-les-eleves-de-lecole-primaire-dutique-nouvelle\/#article\",\"isPartOf\":{\"@id\":\"https:\/\/kapitalis.com\/tunisie\/2020\/09\/17\/don-japonais-dun-minibus-pour-les-eleves-de-lecole-primaire-dutique-nouvelle\/\"},\"author\":{\"name\":\"webmaster kapitalis\",\"@id\":\"https:\/\/kapitalis.com\/tunisie\/#\/schema\/person\/d71f33a9ca44f7bad4698210b480c8e9\"},\"headline\":\"Don japonais d\u2019un minibus pour les \u00e9l\u00e8ves de l\u2019Ecole primaire d\u2019Utique Nouvelle\",\"datePublished\":\"2020-09-17T14:31:13+00:00\",\"dateModified\":\"2020-09-17T14:31:22+00:00\",\"mainEntityOfPage\":{\"@id\":\"https:\/\/kapitalis.com\/tunisie\/2020\/09\/17\/don-japonais-dun-minibus-pour-les-eleves-de-lecole-primaire-dutique-nouvelle\/\"},\"wordCount\":366,\"commentCount\":0,\"publisher\":{\"@id\":\"https:\/\/kapitalis.com\/tunisie\/#organization\"},\"image\":{\"@id\":\"https:\/\/kapitalis.com\/tunisie\/2020\/09\/17\/don-japonais-dun-minibus-pour-les-eleves-de-lecole-primaire-dutique-nouvelle\/#primaryimage\"},\"thumbnailUrl\":\"\",\"keywords\":[\"don japonais\",\"Habib Hammami\",\"Hafedh Dhouadi\",\"Mohamed Gouider\",\"Rami Laamouri\",\"Utique Nouvelle\"],\"articleSection\":[\"SOCIETE\",\"Tunisie\"],\"inLanguage\":\"fr-FR\",\"potentialAction\":[{\"@type\":\"CommentAction\",\"name\":\"Comment\",\"target\":[\"https:\/\/kapitalis.com\/tunisie\/2020\/09\/17\/don-japonais-dun-minibus-pour-les-eleves-de-lecole-primaire-dutique-nouvelle\/#respond\"]}]},{\"@type\":\"WebPage\",\"@id\":\"https:\/\/kapitalis.com\/tunisie\/2020\/09\/17\/don-japonais-dun-minibus-pour-les-eleves-de-lecole-primaire-dutique-nouvelle\/\",\"url\":\"https:\/\/kapitalis.com\/tunisie\/2020\/09\/17\/don-japonais-dun-minibus-pour-les-eleves-de-lecole-primaire-dutique-nouvelle\/\",\"name\":\"Don japonais d\u2019un minibus pour les \u00e9l\u00e8ves de l\u2019Ecole primaire d\u2019Utique Nouvelle - Kapitalis\",\"isPartOf\":{\"@id\":\"https:\/\/kapitalis.com\/tunisie\/#website\"},\"primaryImageOfPage\":{\"@id\":\"https:\/\/kapitalis.com\/tunisie\/2020\/09\/17\/don-japonais-dun-minibus-pour-les-eleves-de-lecole-primaire-dutique-nouvelle\/#primaryimage\"},\"image\":{\"@id\":\"https:\/\/kapitalis.com\/tunisie\/2020\/09\/17\/don-japonais-dun-minibus-pour-les-eleves-de-lecole-primaire-dutique-nouvelle\/#primaryimage\"},\"thumbnailUrl\":\"\",\"datePublished\":\"2020-09-17T14:31:13+00:00\",\"dateModified\":\"2020-09-17T14:31:22+00:00\",\"breadcrumb\":{\"@id\":\"https:\/\/kapitalis.com\/tunisie\/2020\/09\/17\/don-japonais-dun-minibus-pour-les-eleves-de-lecole-primaire-dutique-nouvelle\/#breadcrumb\"},\"inLanguage\":\"fr-FR\",\"potentialAction\":[{\"@type\":\"ReadAction\",\"target\":[\"https:\/\/kapitalis.com\/tunisie\/2020\/09\/17\/don-japonais-dun-minibus-pour-les-eleves-de-lecole-primaire-dutique-nouvelle\/\"]}]},{\"@type\":\"ImageObject\",\"inLanguage\":\"fr-FR\",\"@id\":\"https:\/\/kapitalis.com\/tunisie\/2020\/09\/17\/don-japonais-dun-minibus-pour-les-eleves-de-lecole-primaire-dutique-nouvelle\/#primaryimage\",\"url\":\"\",\"contentUrl\":\"\"},{\"@type\":\"BreadcrumbList\",\"@id\":\"https:\/\/kapitalis.com\/tunisie\/2020\/09\/17\/don-japonais-dun-minibus-pour-les-eleves-de-lecole-primaire-dutique-nouvelle\/#breadcrumb\",\"itemListElement\":[{\"@type\":\"ListItem\",\"position\":1,\"name\":\"Accueil\",\"item\":\"https:\/\/kapitalis.com\/tunisie\/\"},{\"@type\":\"ListItem\",\"position\":2,\"name\":\"Don japonais d\u2019un minibus pour les \u00e9l\u00e8ves de l\u2019Ecole primaire d\u2019Utique Nouvelle\"}]},{\"@type\":\"WebSite\",\"@id\":\"https:\/\/kapitalis.com\/tunisie\/#website\",\"url\":\"https:\/\/kapitalis.com\/tunisie\/\",\"name\":\"Kapitalis\",\"description\":\"L&#039;actualit\u00e9 en Tunisie et dans le monde\",\"publisher\":{\"@id\":\"https:\/\/kapitalis.com\/tunisie\/#organization\"},\"potentialAction\":[{\"@type\":\"SearchAction\",\"target\":{\"@type\":\"EntryPoint\",\"urlTemplate\":\"https:\/\/kapitalis.com\/tunisie\/?s={search_term_string}\"},\"query-input\":{\"@type\":\"PropertyValueSpecification\",\"valueRequired\":true,\"valueName\":\"search_term_string\"}}],\"inLanguage\":\"fr-FR\"},{\"@type\":\"Organization\",\"@id\":\"https:\/\/kapitalis.com\/tunisie\/#organization\",\"name\":\"Kapitalis\",\"url\":\"https:\/\/kapitalis.com\/tunisie\/\",\"logo\":{\"@type\":\"ImageObject\",\"inLanguage\":\"fr-FR\",\"@id\":\"https:\/\/kapitalis.com\/tunisie\/#\/schema\/logo\/image\/\",\"url\":\"https:\/\/kapitalis.com\/tunisie\/wp-content\/uploads\/2022\/05\/Kapitalis-big-size.png\",\"contentUrl\":\"https:\/\/kapitalis.com\/tunisie\/wp-content\/uploads\/2022\/05\/Kapitalis-big-size.png\",\"width\":5000,\"height\":1500,\"caption\":\"Kapitalis\"},\"image\":{\"@id\":\"https:\/\/kapitalis.com\/tunisie\/#\/schema\/logo\/image\/\"},\"sameAs\":[\"https:\/\/www.facebook.com\/KapitalisInfo\/\",\"https:\/\/x.com\/KapitalisInfo\",\"https:\/\/www.youtube.com\/channel\/UC-yDYrHyfFBWWZaOw3FPg9Q\"]},{\"@type\":\"Person\",\"@id\":\"https:\/\/kapitalis.com\/tunisie\/#\/schema\/person\/d71f33a9ca44f7bad4698210b480c8e9\",\"name\":\"webmaster kapitalis\",\"url\":\"https:\/\/kapitalis.com\/tunisie\/author\/webmaster-kapitalis\/\"}]}<\/script>\n<!-- \/ Yoast SEO plugin. -->","yoast_head_json":{"title":"Don japonais d\u2019un minibus pour les \u00e9l\u00e8ves de l\u2019Ecole primaire d\u2019Utique Nouvelle - Kapitalis","robots":{"index":"index","follow":"follow","max-snippet":"max-snippet:-1","max-image-preview":"max-image-preview:large","max-video-preview":"max-video-preview:-1"},"canonical":"https:\/\/kapitalis.com\/tunisie\/2020\/09\/17\/don-japonais-dun-minibus-pour-les-eleves-de-lecole-primaire-dutique-nouvelle\/","og_locale":"fr_FR","og_type":"article","og_title":"Don japonais d\u2019un minibus pour les \u00e9l\u00e8ves de l\u2019Ecole primaire d\u2019Utique Nouvelle - Kapitalis","og_description":"La c\u00e9r\u00e9monie de signature du contrat relatif au \u00abProjet d\u2019acquisition d\u2019un minibus destin\u00e9 pour le transport des \u00e9coliers de l\u2019\u00e9cole primaire d\u2019Utique Nouvelle s\u2019est tenue le 17 septembre 2020, \u00e0 l\u2019\u00e9cole en question.","og_url":"https:\/\/kapitalis.com\/tunisie\/2020\/09\/17\/don-japonais-dun-minibus-pour-les-eleves-de-lecole-primaire-dutique-nouvelle\/","og_site_name":"Kapitalis","article_publisher":"https:\/\/www.facebook.com\/KapitalisInfo\/","article_published_time":"2020-09-17T14:31:13+00:00","article_modified_time":"2020-09-17T14:31:22+00:00","og_image":[{"width":1200,"height":630,"url":"https:\/\/kapitalis.com\/tunisie\/wp-content\/uploads\/2022\/05\/kapitalis-logo-fb.png","type":"image\/png"}],"author":"webmaster kapitalis","twitter_card":"summary_large_image","twitter_creator":"@KapitalisInfo","twitter_site":"@KapitalisInfo","twitter_misc":{"\u00c9crit par":"webmaster kapitalis","Dur\u00e9e de lecture estim\u00e9e":"2 minutes"},"schema":{"@context":"https:\/\/schema.org","@graph":[{"@type":"Article","@id":"https:\/\/kapitalis.com\/tunisie\/2020\/09\/17\/don-japonais-dun-minibus-pour-les-eleves-de-lecole-primaire-dutique-nouvelle\/#article","isPartOf":{"@id":"https:\/\/kapitalis.com\/tunisie\/2020\/09\/17\/don-japonais-dun-minibus-pour-les-eleves-de-lecole-primaire-dutique-nouvelle\/"},"author":{"name":"webmaster kapitalis","@id":"https:\/\/kapitalis.com\/tunisie\/#\/schema\/person\/d71f33a9ca44f7bad4698210b480c8e9"},"headline":"Don japonais d\u2019un minibus pour les \u00e9l\u00e8ves de l\u2019Ecole primaire d\u2019Utique Nouvelle","datePublished":"2020-09-17T14:31:13+00:00","dateModified":"2020-09-17T14:31:22+00:00","mainEntityOfPage":{"@id":"https:\/\/kapitalis.com\/tunisie\/2020\/09\/17\/don-japonais-dun-minibus-pour-les-eleves-de-lecole-primaire-dutique-nouvelle\/"},"wordCount":366,"commentCount":0,"publisher":{"@id":"https:\/\/kapitalis.com\/tunisie\/#organization"},"image":{"@id":"https:\/\/kapitalis.com\/tunisie\/2020\/09\/17\/don-japonais-dun-minibus-pour-les-eleves-de-lecole-primaire-dutique-nouvelle\/#primaryimage"},"thumbnailUrl":"","keywords":["don japonais","Habib Hammami","Hafedh Dhouadi","Mohamed Gouider","Rami Laamouri","Utique Nouvelle"],"articleSection":["SOCIETE","Tunisie"],"inLanguage":"fr-FR","potentialAction":[{"@type":"CommentAction","name":"Comment","target":["https:\/\/kapitalis.com\/tunisie\/2020\/09\/17\/don-japonais-dun-minibus-pour-les-eleves-de-lecole-primaire-dutique-nouvelle\/#respond"]}]},{"@type":"WebPage","@id":"https:\/\/kapitalis.com\/tunisie\/2020\/09\/17\/don-japonais-dun-minibus-pour-les-eleves-de-lecole-primaire-dutique-nouvelle\/","url":"https:\/\/kapitalis.com\/tunisie\/2020\/09\/17\/don-japonais-dun-minibus-pour-les-eleves-de-lecole-primaire-dutique-nouvelle\/","name":"Don japonais d\u2019un minibus pour les \u00e9l\u00e8ves de l\u2019Ecole primaire d\u2019Utique Nouvelle - Kapitalis","isPartOf":{"@id":"https:\/\/kapitalis.com\/tunisie\/#website"},"primaryImageOfPage":{"@id":"https:\/\/kapitalis.com\/tunisie\/2020\/09\/17\/don-japonais-dun-minibus-pour-les-eleves-de-lecole-primaire-dutique-nouvelle\/#primaryimage"},"image":{"@id":"https:\/\/kapitalis.com\/tunisie\/2020\/09\/17\/don-japonais-dun-minibus-pour-les-eleves-de-lecole-primaire-dutique-nouvelle\/#primaryimage"},"thumbnailUrl":"","datePublished":"2020-09-17T14:31:13+00:00","dateModified":"2020-09-17T14:31:22+00:00","breadcrumb":{"@id":"https:\/\/kapitalis.com\/tunisie\/2020\/09\/17\/don-japonais-dun-minibus-pour-les-eleves-de-lecole-primaire-dutique-nouvelle\/#breadcrumb"},"inLanguage":"fr-FR","potentialAction":[{"@type":"ReadAction","target":["https:\/\/kapitalis.com\/tunisie\/2020\/09\/17\/don-japonais-dun-minibus-pour-les-eleves-de-lecole-primaire-dutique-nouvelle\/"]}]},{"@type":"ImageObject","inLanguage":"fr-FR","@id":"https:\/\/kapitalis.com\/tunisie\/2020\/09\/17\/don-japonais-dun-minibus-pour-les-eleves-de-lecole-primaire-dutique-nouvelle\/#primaryimage","url":"","contentUrl":""},{"@type":"BreadcrumbList","@id":"https:\/\/kapitalis.com\/tunisie\/2020\/09\/17\/don-japonais-dun-minibus-pour-les-eleves-de-lecole-primaire-dutique-nouvelle\/#breadcrumb","itemListElement":[{"@type":"ListItem","position":1,"name":"Accueil","item":"https:\/\/kapitalis.com\/tunisie\/"},{"@type":"ListItem","position":2,"name":"Don japonais d\u2019un minibus pour les \u00e9l\u00e8ves de l\u2019Ecole primaire d\u2019Utique Nouvelle"}]},{"@type":"WebSite","@id":"https:\/\/kapitalis.com\/tunisie\/#website","url":"https:\/\/kapitalis.com\/tunisie\/","name":"Kapitalis","description":"L&#039;actualit\u00e9 en Tunisie et dans le monde","publisher":{"@id":"https:\/\/kapitalis.com\/tunisie\/#organization"},"potentialAction":[{"@type":"SearchAction","target":{"@type":"EntryPoint","urlTemplate":"https:\/\/kapitalis.com\/tunisie\/?s={search_term_string}"},"query-input":{"@type":"PropertyValueSpecification","valueRequired":true,"valueName":"search_term_string"}}],"inLanguage":"fr-FR"},{"@type":"Organization","@id":"https:\/\/kapitalis.com\/tunisie\/#organization","name":"Kapitalis","url":"https:\/\/kapitalis.com\/tunisie\/","logo":{"@type":"ImageObject","inLanguage":"fr-FR","@id":"https:\/\/kapitalis.com\/tunisie\/#\/schema\/logo\/image\/","url":"https:\/\/kapitalis.com\/tunisie\/wp-content\/uploads\/2022\/05\/Kapitalis-big-size.png","contentUrl":"https:\/\/kapitalis.com\/tunisie\/wp-content\/uploads\/2022\/05\/Kapitalis-big-size.png","width":5000,"height":1500,"caption":"Kapitalis"},"image":{"@id":"https:\/\/kapitalis.com\/tunisie\/#\/schema\/logo\/image\/"},"sameAs":["https:\/\/www.facebook.com\/KapitalisInfo\/","https:\/\/x.com\/KapitalisInfo","https:\/\/www.youtube.com\/channel\/UC-yDYrHyfFBWWZaOw3FPg9Q"]},{"@type":"Person","@id":"https:\/\/kapitalis.com\/tunisie\/#\/schema\/person\/d71f33a9ca44f7bad4698210b480c8e9","name":"webmaster kapitalis","url":"https:\/\/kapitalis.com\/tunisie\/author\/webmaster-kapitalis\/"}]}},"_links":{"self":[{"href":"https:\/\/kapitalis.com\/tunisie\/wp-json\/wp\/v2\/posts\/316826","targetHints":{"allow":["GET"]}}],"collection":[{"href":"https:\/\/kapitalis.com\/tunisie\/wp-json\/wp\/v2\/posts"}],"about":[{"href":"https:\/\/kapitalis.com\/tunisie\/wp-json\/wp\/v2\/types\/post"}],"author":[{"embeddable":true,"href":"https:\/\/kapitalis.com\/tunisie\/wp-json\/wp\/v2\/users\/8"}],"replies":[{"embeddable":true,"href":"https:\/\/kapitalis.com\/tunisie\/wp-json\/wp\/v2\/comments?post=316826"}],"version-history":[{"count":0,"href":"https:\/\/kapitalis.com\/tunisie\/wp-json\/wp\/v2\/posts\/316826\/revisions"}],"wp:featuredmedia":[{"embeddable":true,"href":"https:\/\/kapitalis.com\/tunisie\/wp-json\/wp\/v2\/media\/316827"}],"wp:attachment":[{"href":"https:\/\/kapitalis.com\/tunisie\/wp-json\/wp\/v2\/media?parent=316826"}],"wp:term":[{"taxonomy":"category","embeddable":true,"href":"https:\/\/kapitalis.com\/tunisie\/wp-json\/wp\/v2\/categories?post=316826"},{"taxonomy":"post_tag","embeddable":true,"href":"https:\/\/kapitalis.com\/tunisie\/wp-json\/wp\/v2\/tags?post=316826"}],"curies":[{"name":"wp","href":"https:\/\/api.w.org\/{rel}","templated":true}]}}