{"id":316854,"date":"2020-09-17T18:15:27","date_gmt":"2020-09-17T17:15:27","guid":{"rendered":"http:\/\/kapitalis.com\/tunisie\/?p=316854"},"modified":"2020-09-17T18:15:33","modified_gmt":"2020-09-17T17:15:33","slug":"tunisie-le-ministere-de-la-defense-alerte-contre-des-pages-fake-sur-facebook-et-twitter","status":"publish","type":"post","link":"https:\/\/kapitalis.com\/tunisie\/2020\/09\/17\/tunisie-le-ministere-de-la-defense-alerte-contre-des-pages-fake-sur-facebook-et-twitter\/","title":{"rendered":"Tunisie : Le minist\u00e8re de la D\u00e9fense alerte contre des pages fake sur Facebook et Twitter"},"content":{"rendered":"\n<figure class=\"wp-block-image size-large\"><img decoding=\"async\" src=\"http:\/\/kapitalis.com\/tunisie\/wp-content\/uploads\/2020\/03\/minist\u00e8re-D\u00e9fense.jpg\" alt=\"\" class=\"wp-image-290760\"\/><\/figure>\n\n\n\n<p><br><strong><em>Derni\u00e8re manifestation de la guerre d\u2019usure livr\u00e9e \u00e0 l\u2019Etat tunisien pour l\u2019affaiblir, la prolif\u00e9ration de pages fake sur Facebook et Twitter attribu\u00e9s au minist\u00e8re de la D\u00e9fense et \u00e0 l\u2019Arm\u00e9e nationales pour semer le trouble, la d\u00e9sinformation et les rumeurs devenus l\u2019une des armes des guerres de 4e et 5e g\u00e9n\u00e9ration<\/em><\/strong>.<\/p>\n\n\n\n<!--more-->\n\n\n\n<p>Le minist\u00e8re de la D\u00e9fense nationale a rendu public un communiqu\u00e9, ce jeudi 17 septembre 2020, alertant sur l\u2019existence de pages fake sur Facebook et Twitter se faisant passer pour les pages officielles du minist\u00e8re, de l\u2019Arm\u00e9e ou d\u2019institutions en relevant. Elle pr\u00e9cise que ces pages usurpent l\u2019identit\u00e9 du ministr\u00e8re et ne peuvent en aucun \u00eatre une source pour les informations le concernant.<\/p>\n\n\n\n<p>Le minist\u00e8re de la D\u00e9fense nationale n\u2019a aucune page sur les r\u00e9seaux sociaux et pr\u00e9cise que l\u2019unique source d\u2019information le concernant est son <strong><a href=\"http:\/\/www.defense.tn\/\" target=\"_blank\" aria-label=\"undefined (s\u2019ouvre dans un nouvel onglet)\" rel=\"noreferrer noopener\">site web officiel<\/a><\/strong>. <\/p>\n","protected":false},"excerpt":{"rendered":"<p>Derni\u00e8re manifestation de la guerre d\u2019usure livr\u00e9e \u00e0 l\u2019Etat tunisien pour l\u2019affaiblir, la prolif\u00e9ration de pages fake sur Facebook et Twitter attribu\u00e9s au minist\u00e8re de la D\u00e9fense et \u00e0 l\u2019Arm\u00e9e nationales pour semer le trouble, la d\u00e9sinformation et les rumeurs devenus l\u2019une des armes des guerres de 4e et 5e g\u00e9n\u00e9ration.<\/p>\n","protected":false},"author":8,"featured_media":0,"comment_status":"open","ping_status":"open","sticky":false,"template":"","format":"standard","meta":{"footnotes":""},"categories":[996,997,2433],"tags":[1570,3500,82849,614,5280],"class_list":["post-316854","post","type-post","status-publish","format-standard","hentry","category-media","category-politique","category-tunisie","tag-armee-nationale","tag-facebook","tag-guerre-de-5e-generation","tag-ministere-de-la-defense","tag-twitter"],"yoast_head":"<!-- This site is optimized with the Yoast SEO plugin v26.6 - https:\/\/yoast.com\/wordpress\/plugins\/seo\/ -->\n<title>Tunisie : Le minist\u00e8re de la D\u00e9fense alerte contre des pages fake sur Facebook et Twitter - Kapitalis<\/title>\n<meta name=\"robots\" content=\"index, follow, max-snippet:-1, max-image-preview:large, max-video-preview:-1\" \/>\n<link rel=\"canonical\" href=\"https:\/\/kapitalis.com\/tunisie\/2020\/09\/17\/tunisie-le-ministere-de-la-defense-alerte-contre-des-pages-fake-sur-facebook-et-twitter\/\" \/>\n<meta property=\"og:locale\" content=\"fr_FR\" \/>\n<meta property=\"og:type\" content=\"article\" \/>\n<meta property=\"og:title\" content=\"Tunisie : Le minist\u00e8re de la D\u00e9fense alerte contre des pages fake sur Facebook et Twitter - Kapitalis\" \/>\n<meta property=\"og:description\" content=\"Derni\u00e8re manifestation de la guerre d\u2019usure livr\u00e9e \u00e0 l\u2019Etat tunisien pour l\u2019affaiblir, la prolif\u00e9ration de pages fake sur Facebook et Twitter attribu\u00e9s au minist\u00e8re de la D\u00e9fense et \u00e0 l\u2019Arm\u00e9e nationales pour semer le trouble, la d\u00e9sinformation et les rumeurs devenus l\u2019une des armes des guerres de 4e et 5e g\u00e9n\u00e9ration.\" \/>\n<meta property=\"og:url\" content=\"https:\/\/kapitalis.com\/tunisie\/2020\/09\/17\/tunisie-le-ministere-de-la-defense-alerte-contre-des-pages-fake-sur-facebook-et-twitter\/\" \/>\n<meta property=\"og:site_name\" content=\"Kapitalis\" \/>\n<meta property=\"article:publisher\" content=\"https:\/\/www.facebook.com\/KapitalisInfo\/\" \/>\n<meta property=\"article:published_time\" content=\"2020-09-17T17:15:27+00:00\" \/>\n<meta property=\"article:modified_time\" content=\"2020-09-17T17:15:33+00:00\" \/>\n<meta property=\"og:image\" content=\"https:\/\/kapitalis.com\/tunisie\/wp-content\/uploads\/2022\/05\/kapitalis-logo-fb.png\" \/>\n\t<meta property=\"og:image:width\" content=\"1200\" \/>\n\t<meta property=\"og:image:height\" content=\"630\" \/>\n\t<meta property=\"og:image:type\" content=\"image\/png\" \/>\n<meta name=\"author\" content=\"webmaster kapitalis\" \/>\n<meta name=\"twitter:card\" content=\"summary_large_image\" \/>\n<meta name=\"twitter:creator\" content=\"@KapitalisInfo\" \/>\n<meta name=\"twitter:site\" content=\"@KapitalisInfo\" \/>\n<meta name=\"twitter:label1\" content=\"\u00c9crit par\" \/>\n\t<meta name=\"twitter:data1\" content=\"webmaster kapitalis\" \/>\n\t<meta name=\"twitter:label2\" content=\"Dur\u00e9e de lecture estim\u00e9e\" \/>\n\t<meta name=\"twitter:data2\" content=\"1 minute\" \/>\n<script type=\"application\/ld+json\" class=\"yoast-schema-graph\">{\"@context\":\"https:\/\/schema.org\",\"@graph\":[{\"@type\":\"Article\",\"@id\":\"https:\/\/kapitalis.com\/tunisie\/2020\/09\/17\/tunisie-le-ministere-de-la-defense-alerte-contre-des-pages-fake-sur-facebook-et-twitter\/#article\",\"isPartOf\":{\"@id\":\"https:\/\/kapitalis.com\/tunisie\/2020\/09\/17\/tunisie-le-ministere-de-la-defense-alerte-contre-des-pages-fake-sur-facebook-et-twitter\/\"},\"author\":{\"name\":\"webmaster kapitalis\",\"@id\":\"https:\/\/kapitalis.com\/tunisie\/#\/schema\/person\/d71f33a9ca44f7bad4698210b480c8e9\"},\"headline\":\"Tunisie : Le minist\u00e8re de la D\u00e9fense alerte contre des pages fake sur Facebook et Twitter\",\"datePublished\":\"2020-09-17T17:15:27+00:00\",\"dateModified\":\"2020-09-17T17:15:33+00:00\",\"mainEntityOfPage\":{\"@id\":\"https:\/\/kapitalis.com\/tunisie\/2020\/09\/17\/tunisie-le-ministere-de-la-defense-alerte-contre-des-pages-fake-sur-facebook-et-twitter\/\"},\"wordCount\":185,\"commentCount\":1,\"publisher\":{\"@id\":\"https:\/\/kapitalis.com\/tunisie\/#organization\"},\"keywords\":[\"arm\u00e9e nationale\",\"Facebook\",\"guerre de 5e g\u00e9n\u00e9ration\",\"minist\u00e8re de la D\u00e9fense\",\"twitter\"],\"articleSection\":[\"MEDIA\",\"POLITIQUE\",\"Tunisie\"],\"inLanguage\":\"fr-FR\",\"potentialAction\":[{\"@type\":\"CommentAction\",\"name\":\"Comment\",\"target\":[\"https:\/\/kapitalis.com\/tunisie\/2020\/09\/17\/tunisie-le-ministere-de-la-defense-alerte-contre-des-pages-fake-sur-facebook-et-twitter\/#respond\"]}]},{\"@type\":\"WebPage\",\"@id\":\"https:\/\/kapitalis.com\/tunisie\/2020\/09\/17\/tunisie-le-ministere-de-la-defense-alerte-contre-des-pages-fake-sur-facebook-et-twitter\/\",\"url\":\"https:\/\/kapitalis.com\/tunisie\/2020\/09\/17\/tunisie-le-ministere-de-la-defense-alerte-contre-des-pages-fake-sur-facebook-et-twitter\/\",\"name\":\"Tunisie : Le minist\u00e8re de la D\u00e9fense alerte contre des pages fake sur Facebook et Twitter - Kapitalis\",\"isPartOf\":{\"@id\":\"https:\/\/kapitalis.com\/tunisie\/#website\"},\"datePublished\":\"2020-09-17T17:15:27+00:00\",\"dateModified\":\"2020-09-17T17:15:33+00:00\",\"breadcrumb\":{\"@id\":\"https:\/\/kapitalis.com\/tunisie\/2020\/09\/17\/tunisie-le-ministere-de-la-defense-alerte-contre-des-pages-fake-sur-facebook-et-twitter\/#breadcrumb\"},\"inLanguage\":\"fr-FR\",\"potentialAction\":[{\"@type\":\"ReadAction\",\"target\":[\"https:\/\/kapitalis.com\/tunisie\/2020\/09\/17\/tunisie-le-ministere-de-la-defense-alerte-contre-des-pages-fake-sur-facebook-et-twitter\/\"]}]},{\"@type\":\"BreadcrumbList\",\"@id\":\"https:\/\/kapitalis.com\/tunisie\/2020\/09\/17\/tunisie-le-ministere-de-la-defense-alerte-contre-des-pages-fake-sur-facebook-et-twitter\/#breadcrumb\",\"itemListElement\":[{\"@type\":\"ListItem\",\"position\":1,\"name\":\"Accueil\",\"item\":\"https:\/\/kapitalis.com\/tunisie\/\"},{\"@type\":\"ListItem\",\"position\":2,\"name\":\"Tunisie : Le minist\u00e8re de la D\u00e9fense alerte contre des pages fake sur Facebook et Twitter\"}]},{\"@type\":\"WebSite\",\"@id\":\"https:\/\/kapitalis.com\/tunisie\/#website\",\"url\":\"https:\/\/kapitalis.com\/tunisie\/\",\"name\":\"Kapitalis\",\"description\":\"L&#039;actualit\u00e9 en Tunisie et dans le monde\",\"publisher\":{\"@id\":\"https:\/\/kapitalis.com\/tunisie\/#organization\"},\"potentialAction\":[{\"@type\":\"SearchAction\",\"target\":{\"@type\":\"EntryPoint\",\"urlTemplate\":\"https:\/\/kapitalis.com\/tunisie\/?s={search_term_string}\"},\"query-input\":{\"@type\":\"PropertyValueSpecification\",\"valueRequired\":true,\"valueName\":\"search_term_string\"}}],\"inLanguage\":\"fr-FR\"},{\"@type\":\"Organization\",\"@id\":\"https:\/\/kapitalis.com\/tunisie\/#organization\",\"name\":\"Kapitalis\",\"url\":\"https:\/\/kapitalis.com\/tunisie\/\",\"logo\":{\"@type\":\"ImageObject\",\"inLanguage\":\"fr-FR\",\"@id\":\"https:\/\/kapitalis.com\/tunisie\/#\/schema\/logo\/image\/\",\"url\":\"https:\/\/kapitalis.com\/tunisie\/wp-content\/uploads\/2022\/05\/Kapitalis-big-size.png\",\"contentUrl\":\"https:\/\/kapitalis.com\/tunisie\/wp-content\/uploads\/2022\/05\/Kapitalis-big-size.png\",\"width\":5000,\"height\":1500,\"caption\":\"Kapitalis\"},\"image\":{\"@id\":\"https:\/\/kapitalis.com\/tunisie\/#\/schema\/logo\/image\/\"},\"sameAs\":[\"https:\/\/www.facebook.com\/KapitalisInfo\/\",\"https:\/\/x.com\/KapitalisInfo\",\"https:\/\/www.youtube.com\/channel\/UC-yDYrHyfFBWWZaOw3FPg9Q\"]},{\"@type\":\"Person\",\"@id\":\"https:\/\/kapitalis.com\/tunisie\/#\/schema\/person\/d71f33a9ca44f7bad4698210b480c8e9\",\"name\":\"webmaster kapitalis\",\"url\":\"https:\/\/kapitalis.com\/tunisie\/author\/webmaster-kapitalis\/\"}]}<\/script>\n<!-- \/ Yoast SEO plugin. -->","yoast_head_json":{"title":"Tunisie : Le minist\u00e8re de la D\u00e9fense alerte contre des pages fake sur Facebook et Twitter - Kapitalis","robots":{"index":"index","follow":"follow","max-snippet":"max-snippet:-1","max-image-preview":"max-image-preview:large","max-video-preview":"max-video-preview:-1"},"canonical":"https:\/\/kapitalis.com\/tunisie\/2020\/09\/17\/tunisie-le-ministere-de-la-defense-alerte-contre-des-pages-fake-sur-facebook-et-twitter\/","og_locale":"fr_FR","og_type":"article","og_title":"Tunisie : Le minist\u00e8re de la D\u00e9fense alerte contre des pages fake sur Facebook et Twitter - Kapitalis","og_description":"Derni\u00e8re manifestation de la guerre d\u2019usure livr\u00e9e \u00e0 l\u2019Etat tunisien pour l\u2019affaiblir, la prolif\u00e9ration de pages fake sur Facebook et Twitter attribu\u00e9s au minist\u00e8re de la D\u00e9fense et \u00e0 l\u2019Arm\u00e9e nationales pour semer le trouble, la d\u00e9sinformation et les rumeurs devenus l\u2019une des armes des guerres de 4e et 5e g\u00e9n\u00e9ration.","og_url":"https:\/\/kapitalis.com\/tunisie\/2020\/09\/17\/tunisie-le-ministere-de-la-defense-alerte-contre-des-pages-fake-sur-facebook-et-twitter\/","og_site_name":"Kapitalis","article_publisher":"https:\/\/www.facebook.com\/KapitalisInfo\/","article_published_time":"2020-09-17T17:15:27+00:00","article_modified_time":"2020-09-17T17:15:33+00:00","og_image":[{"width":1200,"height":630,"url":"https:\/\/kapitalis.com\/tunisie\/wp-content\/uploads\/2022\/05\/kapitalis-logo-fb.png","type":"image\/png"}],"author":"webmaster kapitalis","twitter_card":"summary_large_image","twitter_creator":"@KapitalisInfo","twitter_site":"@KapitalisInfo","twitter_misc":{"\u00c9crit par":"webmaster kapitalis","Dur\u00e9e de lecture estim\u00e9e":"1 minute"},"schema":{"@context":"https:\/\/schema.org","@graph":[{"@type":"Article","@id":"https:\/\/kapitalis.com\/tunisie\/2020\/09\/17\/tunisie-le-ministere-de-la-defense-alerte-contre-des-pages-fake-sur-facebook-et-twitter\/#article","isPartOf":{"@id":"https:\/\/kapitalis.com\/tunisie\/2020\/09\/17\/tunisie-le-ministere-de-la-defense-alerte-contre-des-pages-fake-sur-facebook-et-twitter\/"},"author":{"name":"webmaster kapitalis","@id":"https:\/\/kapitalis.com\/tunisie\/#\/schema\/person\/d71f33a9ca44f7bad4698210b480c8e9"},"headline":"Tunisie : Le minist\u00e8re de la D\u00e9fense alerte contre des pages fake sur Facebook et Twitter","datePublished":"2020-09-17T17:15:27+00:00","dateModified":"2020-09-17T17:15:33+00:00","mainEntityOfPage":{"@id":"https:\/\/kapitalis.com\/tunisie\/2020\/09\/17\/tunisie-le-ministere-de-la-defense-alerte-contre-des-pages-fake-sur-facebook-et-twitter\/"},"wordCount":185,"commentCount":1,"publisher":{"@id":"https:\/\/kapitalis.com\/tunisie\/#organization"},"keywords":["arm\u00e9e nationale","Facebook","guerre de 5e g\u00e9n\u00e9ration","minist\u00e8re de la D\u00e9fense","twitter"],"articleSection":["MEDIA","POLITIQUE","Tunisie"],"inLanguage":"fr-FR","potentialAction":[{"@type":"CommentAction","name":"Comment","target":["https:\/\/kapitalis.com\/tunisie\/2020\/09\/17\/tunisie-le-ministere-de-la-defense-alerte-contre-des-pages-fake-sur-facebook-et-twitter\/#respond"]}]},{"@type":"WebPage","@id":"https:\/\/kapitalis.com\/tunisie\/2020\/09\/17\/tunisie-le-ministere-de-la-defense-alerte-contre-des-pages-fake-sur-facebook-et-twitter\/","url":"https:\/\/kapitalis.com\/tunisie\/2020\/09\/17\/tunisie-le-ministere-de-la-defense-alerte-contre-des-pages-fake-sur-facebook-et-twitter\/","name":"Tunisie : Le minist\u00e8re de la D\u00e9fense alerte contre des pages fake sur Facebook et Twitter - Kapitalis","isPartOf":{"@id":"https:\/\/kapitalis.com\/tunisie\/#website"},"datePublished":"2020-09-17T17:15:27+00:00","dateModified":"2020-09-17T17:15:33+00:00","breadcrumb":{"@id":"https:\/\/kapitalis.com\/tunisie\/2020\/09\/17\/tunisie-le-ministere-de-la-defense-alerte-contre-des-pages-fake-sur-facebook-et-twitter\/#breadcrumb"},"inLanguage":"fr-FR","potentialAction":[{"@type":"ReadAction","target":["https:\/\/kapitalis.com\/tunisie\/2020\/09\/17\/tunisie-le-ministere-de-la-defense-alerte-contre-des-pages-fake-sur-facebook-et-twitter\/"]}]},{"@type":"BreadcrumbList","@id":"https:\/\/kapitalis.com\/tunisie\/2020\/09\/17\/tunisie-le-ministere-de-la-defense-alerte-contre-des-pages-fake-sur-facebook-et-twitter\/#breadcrumb","itemListElement":[{"@type":"ListItem","position":1,"name":"Accueil","item":"https:\/\/kapitalis.com\/tunisie\/"},{"@type":"ListItem","position":2,"name":"Tunisie : Le minist\u00e8re de la D\u00e9fense alerte contre des pages fake sur Facebook et Twitter"}]},{"@type":"WebSite","@id":"https:\/\/kapitalis.com\/tunisie\/#website","url":"https:\/\/kapitalis.com\/tunisie\/","name":"Kapitalis","description":"L&#039;actualit\u00e9 en Tunisie et dans le monde","publisher":{"@id":"https:\/\/kapitalis.com\/tunisie\/#organization"},"potentialAction":[{"@type":"SearchAction","target":{"@type":"EntryPoint","urlTemplate":"https:\/\/kapitalis.com\/tunisie\/?s={search_term_string}"},"query-input":{"@type":"PropertyValueSpecification","valueRequired":true,"valueName":"search_term_string"}}],"inLanguage":"fr-FR"},{"@type":"Organization","@id":"https:\/\/kapitalis.com\/tunisie\/#organization","name":"Kapitalis","url":"https:\/\/kapitalis.com\/tunisie\/","logo":{"@type":"ImageObject","inLanguage":"fr-FR","@id":"https:\/\/kapitalis.com\/tunisie\/#\/schema\/logo\/image\/","url":"https:\/\/kapitalis.com\/tunisie\/wp-content\/uploads\/2022\/05\/Kapitalis-big-size.png","contentUrl":"https:\/\/kapitalis.com\/tunisie\/wp-content\/uploads\/2022\/05\/Kapitalis-big-size.png","width":5000,"height":1500,"caption":"Kapitalis"},"image":{"@id":"https:\/\/kapitalis.com\/tunisie\/#\/schema\/logo\/image\/"},"sameAs":["https:\/\/www.facebook.com\/KapitalisInfo\/","https:\/\/x.com\/KapitalisInfo","https:\/\/www.youtube.com\/channel\/UC-yDYrHyfFBWWZaOw3FPg9Q"]},{"@type":"Person","@id":"https:\/\/kapitalis.com\/tunisie\/#\/schema\/person\/d71f33a9ca44f7bad4698210b480c8e9","name":"webmaster kapitalis","url":"https:\/\/kapitalis.com\/tunisie\/author\/webmaster-kapitalis\/"}]}},"_links":{"self":[{"href":"https:\/\/kapitalis.com\/tunisie\/wp-json\/wp\/v2\/posts\/316854","targetHints":{"allow":["GET"]}}],"collection":[{"href":"https:\/\/kapitalis.com\/tunisie\/wp-json\/wp\/v2\/posts"}],"about":[{"href":"https:\/\/kapitalis.com\/tunisie\/wp-json\/wp\/v2\/types\/post"}],"author":[{"embeddable":true,"href":"https:\/\/kapitalis.com\/tunisie\/wp-json\/wp\/v2\/users\/8"}],"replies":[{"embeddable":true,"href":"https:\/\/kapitalis.com\/tunisie\/wp-json\/wp\/v2\/comments?post=316854"}],"version-history":[{"count":0,"href":"https:\/\/kapitalis.com\/tunisie\/wp-json\/wp\/v2\/posts\/316854\/revisions"}],"wp:attachment":[{"href":"https:\/\/kapitalis.com\/tunisie\/wp-json\/wp\/v2\/media?parent=316854"}],"wp:term":[{"taxonomy":"category","embeddable":true,"href":"https:\/\/kapitalis.com\/tunisie\/wp-json\/wp\/v2\/categories?post=316854"},{"taxonomy":"post_tag","embeddable":true,"href":"https:\/\/kapitalis.com\/tunisie\/wp-json\/wp\/v2\/tags?post=316854"}],"curies":[{"name":"wp","href":"https:\/\/api.w.org\/{rel}","templated":true}]}}