{"id":31690,"date":"2015-12-23T12:30:51","date_gmt":"2015-12-23T11:30:51","guid":{"rendered":"http:\/\/kapitalis.com\/tunisie\/?p=31690"},"modified":"2015-12-23T13:16:00","modified_gmt":"2015-12-23T12:16:00","slug":"jendouba-il-preparait-des-attentats-pour-les-fetes-de-fin-dannee","status":"publish","type":"post","link":"https:\/\/kapitalis.com\/tunisie\/2015\/12\/23\/jendouba-il-preparait-des-attentats-pour-les-fetes-de-fin-dannee\/","title":{"rendered":"Jendouba : Il pr\u00e9parait des attentats pour les f\u00eates de fin d\u2019ann\u00e9e"},"content":{"rendered":"<p style=\"text-align: center;\"><img loading=\"lazy\" decoding=\"async\" class=\"alignnone size-full wp-image-24627\" src=\"http:\/\/kapitalis.com\/tunisie\/wp-content\/uploads\/2015\/11\/arrestation-terroristes.jpeg\" alt=\"arrestation-terroristes\" width=\"626\" height=\"380\" \/><\/p>\n<p><em><strong>La police a arr\u00eat\u00e9, \u00e0 Jendouba, un pr\u00e9sum\u00e9 terroriste, qui planifiait des attentats et des assassinats de personnalit\u00e9s politiques, m\u00e9diatiques et s\u00e9curitaires.<\/strong><\/em><\/p>\n<p><!--more--><\/p>\n<p>Le minist\u00e8re de l\u2019Int\u00e9rieur a annonc\u00e9, aujourd\u2019hui, dans un communiqu\u00e9, que le suspect \u00e9tait en relation avec des terroristes retranch\u00e9s dans les montagnes de Jendouba et d\u2019autres se trouvant en Libye. Ils planifiaient, notamment, des attaques, lors des f\u00eates de fin d\u2019ann\u00e9e, contre des restaurants touristiques dans la capitale.<\/p>\n<p>Apr\u00e8s la fin de l\u2019enqu\u00eate polici\u00e8re, le takfiriste sera d\u00e9f\u00e9r\u00e9 devant le p\u00f4le juridiciaire de lutte contre le terrorisme et le crime organis\u00e9.<\/p>\n<p style=\"text-align: right;\"><strong>Y. N.<\/strong><\/p>\n<p>&nbsp;<\/p>\n","protected":false},"excerpt":{"rendered":"<p>La police a arr\u00eat\u00e9, \u00e0 Jendouba, un pr\u00e9sum\u00e9 terroriste, qui planifiait des attentats et des assassinats de personnalit\u00e9s politiques, m\u00e9diatiques et s\u00e9curitaires.<\/p>\n","protected":false},"author":6,"featured_media":0,"comment_status":"open","ping_status":"open","sticky":false,"template":"","format":"standard","meta":{"footnotes":""},"categories":[998,2433],"tags":[4328,3659,105,11068,616,2765,898],"class_list":["post-31690","post","type-post","status-publish","format-standard","hentry","category-societe","category-tunisie","tag-assassinats","tag-attaques","tag-attentat","tag-fetes-de-fin-dannee","tag-ministere-interieur","tag-takfiriste","tag-terroriste"],"yoast_head":"<!-- This site is optimized with the Yoast SEO plugin v26.6 - https:\/\/yoast.com\/wordpress\/plugins\/seo\/ -->\n<title>Jendouba : Il pr\u00e9parait des attentats pour les f\u00eates de fin d\u2019ann\u00e9e - Kapitalis<\/title>\n<meta name=\"robots\" content=\"index, follow, max-snippet:-1, max-image-preview:large, max-video-preview:-1\" \/>\n<link rel=\"canonical\" href=\"https:\/\/kapitalis.com\/tunisie\/2015\/12\/23\/jendouba-il-preparait-des-attentats-pour-les-fetes-de-fin-dannee\/\" \/>\n<meta property=\"og:locale\" content=\"fr_FR\" \/>\n<meta property=\"og:type\" content=\"article\" \/>\n<meta property=\"og:title\" content=\"Jendouba : Il pr\u00e9parait des attentats pour les f\u00eates de fin d\u2019ann\u00e9e - Kapitalis\" \/>\n<meta property=\"og:description\" content=\"La police a arr\u00eat\u00e9, \u00e0 Jendouba, un pr\u00e9sum\u00e9 terroriste, qui planifiait des attentats et des assassinats de personnalit\u00e9s politiques, m\u00e9diatiques et s\u00e9curitaires.\" \/>\n<meta property=\"og:url\" content=\"https:\/\/kapitalis.com\/tunisie\/2015\/12\/23\/jendouba-il-preparait-des-attentats-pour-les-fetes-de-fin-dannee\/\" \/>\n<meta property=\"og:site_name\" content=\"Kapitalis\" \/>\n<meta property=\"article:publisher\" content=\"https:\/\/www.facebook.com\/KapitalisInfo\/\" \/>\n<meta property=\"article:published_time\" content=\"2015-12-23T11:30:51+00:00\" \/>\n<meta property=\"article:modified_time\" content=\"2015-12-23T12:16:00+00:00\" \/>\n<meta property=\"og:image\" content=\"http:\/\/kapitalis.com\/tunisie\/wp-content\/uploads\/2015\/11\/arrestation-terroristes.jpeg\" \/>\n<meta name=\"author\" content=\"Yusra NY\" \/>\n<meta name=\"twitter:card\" content=\"summary_large_image\" \/>\n<meta name=\"twitter:creator\" content=\"@KapitalisInfo\" \/>\n<meta name=\"twitter:site\" content=\"@KapitalisInfo\" \/>\n<meta name=\"twitter:label1\" content=\"\u00c9crit par\" \/>\n\t<meta name=\"twitter:data1\" content=\"Yusra NY\" \/>\n\t<meta name=\"twitter:label2\" content=\"Dur\u00e9e de lecture estim\u00e9e\" \/>\n\t<meta name=\"twitter:data2\" content=\"1 minute\" \/>\n<script type=\"application\/ld+json\" class=\"yoast-schema-graph\">{\"@context\":\"https:\/\/schema.org\",\"@graph\":[{\"@type\":\"Article\",\"@id\":\"https:\/\/kapitalis.com\/tunisie\/2015\/12\/23\/jendouba-il-preparait-des-attentats-pour-les-fetes-de-fin-dannee\/#article\",\"isPartOf\":{\"@id\":\"https:\/\/kapitalis.com\/tunisie\/2015\/12\/23\/jendouba-il-preparait-des-attentats-pour-les-fetes-de-fin-dannee\/\"},\"author\":{\"name\":\"Yusra NY\",\"@id\":\"https:\/\/kapitalis.com\/tunisie\/#\/schema\/person\/74bbde0154d49d790a92aaeac5bc01d5\"},\"headline\":\"Jendouba : Il pr\u00e9parait des attentats pour les f\u00eates de fin d\u2019ann\u00e9e\",\"datePublished\":\"2015-12-23T11:30:51+00:00\",\"dateModified\":\"2015-12-23T12:16:00+00:00\",\"mainEntityOfPage\":{\"@id\":\"https:\/\/kapitalis.com\/tunisie\/2015\/12\/23\/jendouba-il-preparait-des-attentats-pour-les-fetes-de-fin-dannee\/\"},\"wordCount\":132,\"commentCount\":0,\"publisher\":{\"@id\":\"https:\/\/kapitalis.com\/tunisie\/#organization\"},\"image\":{\"@id\":\"https:\/\/kapitalis.com\/tunisie\/2015\/12\/23\/jendouba-il-preparait-des-attentats-pour-les-fetes-de-fin-dannee\/#primaryimage\"},\"thumbnailUrl\":\"http:\/\/kapitalis.com\/tunisie\/wp-content\/uploads\/2015\/11\/arrestation-terroristes.jpeg\",\"keywords\":[\"assassinats\",\"attaques\",\"attentat\",\"f\u00eates de fin d'ann\u00e9e\",\"minist\u00e8re int\u00e9rieur\",\"takfiriste\",\"terroriste\"],\"articleSection\":[\"SOCIETE\",\"Tunisie\"],\"inLanguage\":\"fr-FR\",\"potentialAction\":[{\"@type\":\"CommentAction\",\"name\":\"Comment\",\"target\":[\"https:\/\/kapitalis.com\/tunisie\/2015\/12\/23\/jendouba-il-preparait-des-attentats-pour-les-fetes-de-fin-dannee\/#respond\"]}]},{\"@type\":\"WebPage\",\"@id\":\"https:\/\/kapitalis.com\/tunisie\/2015\/12\/23\/jendouba-il-preparait-des-attentats-pour-les-fetes-de-fin-dannee\/\",\"url\":\"https:\/\/kapitalis.com\/tunisie\/2015\/12\/23\/jendouba-il-preparait-des-attentats-pour-les-fetes-de-fin-dannee\/\",\"name\":\"Jendouba : Il pr\u00e9parait des attentats pour les f\u00eates de fin d\u2019ann\u00e9e - Kapitalis\",\"isPartOf\":{\"@id\":\"https:\/\/kapitalis.com\/tunisie\/#website\"},\"primaryImageOfPage\":{\"@id\":\"https:\/\/kapitalis.com\/tunisie\/2015\/12\/23\/jendouba-il-preparait-des-attentats-pour-les-fetes-de-fin-dannee\/#primaryimage\"},\"image\":{\"@id\":\"https:\/\/kapitalis.com\/tunisie\/2015\/12\/23\/jendouba-il-preparait-des-attentats-pour-les-fetes-de-fin-dannee\/#primaryimage\"},\"thumbnailUrl\":\"http:\/\/kapitalis.com\/tunisie\/wp-content\/uploads\/2015\/11\/arrestation-terroristes.jpeg\",\"datePublished\":\"2015-12-23T11:30:51+00:00\",\"dateModified\":\"2015-12-23T12:16:00+00:00\",\"breadcrumb\":{\"@id\":\"https:\/\/kapitalis.com\/tunisie\/2015\/12\/23\/jendouba-il-preparait-des-attentats-pour-les-fetes-de-fin-dannee\/#breadcrumb\"},\"inLanguage\":\"fr-FR\",\"potentialAction\":[{\"@type\":\"ReadAction\",\"target\":[\"https:\/\/kapitalis.com\/tunisie\/2015\/12\/23\/jendouba-il-preparait-des-attentats-pour-les-fetes-de-fin-dannee\/\"]}]},{\"@type\":\"ImageObject\",\"inLanguage\":\"fr-FR\",\"@id\":\"https:\/\/kapitalis.com\/tunisie\/2015\/12\/23\/jendouba-il-preparait-des-attentats-pour-les-fetes-de-fin-dannee\/#primaryimage\",\"url\":\"http:\/\/kapitalis.com\/tunisie\/wp-content\/uploads\/2015\/11\/arrestation-terroristes.jpeg\",\"contentUrl\":\"http:\/\/kapitalis.com\/tunisie\/wp-content\/uploads\/2015\/11\/arrestation-terroristes.jpeg\"},{\"@type\":\"BreadcrumbList\",\"@id\":\"https:\/\/kapitalis.com\/tunisie\/2015\/12\/23\/jendouba-il-preparait-des-attentats-pour-les-fetes-de-fin-dannee\/#breadcrumb\",\"itemListElement\":[{\"@type\":\"ListItem\",\"position\":1,\"name\":\"Accueil\",\"item\":\"https:\/\/kapitalis.com\/tunisie\/\"},{\"@type\":\"ListItem\",\"position\":2,\"name\":\"Jendouba : Il pr\u00e9parait des attentats pour les f\u00eates de fin d\u2019ann\u00e9e\"}]},{\"@type\":\"WebSite\",\"@id\":\"https:\/\/kapitalis.com\/tunisie\/#website\",\"url\":\"https:\/\/kapitalis.com\/tunisie\/\",\"name\":\"Kapitalis\",\"description\":\"L&#039;actualit\u00e9 en Tunisie et dans le monde\",\"publisher\":{\"@id\":\"https:\/\/kapitalis.com\/tunisie\/#organization\"},\"potentialAction\":[{\"@type\":\"SearchAction\",\"target\":{\"@type\":\"EntryPoint\",\"urlTemplate\":\"https:\/\/kapitalis.com\/tunisie\/?s={search_term_string}\"},\"query-input\":{\"@type\":\"PropertyValueSpecification\",\"valueRequired\":true,\"valueName\":\"search_term_string\"}}],\"inLanguage\":\"fr-FR\"},{\"@type\":\"Organization\",\"@id\":\"https:\/\/kapitalis.com\/tunisie\/#organization\",\"name\":\"Kapitalis\",\"url\":\"https:\/\/kapitalis.com\/tunisie\/\",\"logo\":{\"@type\":\"ImageObject\",\"inLanguage\":\"fr-FR\",\"@id\":\"https:\/\/kapitalis.com\/tunisie\/#\/schema\/logo\/image\/\",\"url\":\"https:\/\/kapitalis.com\/tunisie\/wp-content\/uploads\/2022\/05\/Kapitalis-big-size.png\",\"contentUrl\":\"https:\/\/kapitalis.com\/tunisie\/wp-content\/uploads\/2022\/05\/Kapitalis-big-size.png\",\"width\":5000,\"height\":1500,\"caption\":\"Kapitalis\"},\"image\":{\"@id\":\"https:\/\/kapitalis.com\/tunisie\/#\/schema\/logo\/image\/\"},\"sameAs\":[\"https:\/\/www.facebook.com\/KapitalisInfo\/\",\"https:\/\/x.com\/KapitalisInfo\",\"https:\/\/www.youtube.com\/channel\/UC-yDYrHyfFBWWZaOw3FPg9Q\"]},{\"@type\":\"Person\",\"@id\":\"https:\/\/kapitalis.com\/tunisie\/#\/schema\/person\/74bbde0154d49d790a92aaeac5bc01d5\",\"name\":\"Yusra NY\",\"url\":\"https:\/\/kapitalis.com\/tunisie\/author\/yuza_adam\/\"}]}<\/script>\n<!-- \/ Yoast SEO plugin. -->","yoast_head_json":{"title":"Jendouba : Il pr\u00e9parait des attentats pour les f\u00eates de fin d\u2019ann\u00e9e - Kapitalis","robots":{"index":"index","follow":"follow","max-snippet":"max-snippet:-1","max-image-preview":"max-image-preview:large","max-video-preview":"max-video-preview:-1"},"canonical":"https:\/\/kapitalis.com\/tunisie\/2015\/12\/23\/jendouba-il-preparait-des-attentats-pour-les-fetes-de-fin-dannee\/","og_locale":"fr_FR","og_type":"article","og_title":"Jendouba : Il pr\u00e9parait des attentats pour les f\u00eates de fin d\u2019ann\u00e9e - Kapitalis","og_description":"La police a arr\u00eat\u00e9, \u00e0 Jendouba, un pr\u00e9sum\u00e9 terroriste, qui planifiait des attentats et des assassinats de personnalit\u00e9s politiques, m\u00e9diatiques et s\u00e9curitaires.","og_url":"https:\/\/kapitalis.com\/tunisie\/2015\/12\/23\/jendouba-il-preparait-des-attentats-pour-les-fetes-de-fin-dannee\/","og_site_name":"Kapitalis","article_publisher":"https:\/\/www.facebook.com\/KapitalisInfo\/","article_published_time":"2015-12-23T11:30:51+00:00","article_modified_time":"2015-12-23T12:16:00+00:00","og_image":[{"url":"http:\/\/kapitalis.com\/tunisie\/wp-content\/uploads\/2015\/11\/arrestation-terroristes.jpeg","type":"","width":"","height":""}],"author":"Yusra NY","twitter_card":"summary_large_image","twitter_creator":"@KapitalisInfo","twitter_site":"@KapitalisInfo","twitter_misc":{"\u00c9crit par":"Yusra NY","Dur\u00e9e de lecture estim\u00e9e":"1 minute"},"schema":{"@context":"https:\/\/schema.org","@graph":[{"@type":"Article","@id":"https:\/\/kapitalis.com\/tunisie\/2015\/12\/23\/jendouba-il-preparait-des-attentats-pour-les-fetes-de-fin-dannee\/#article","isPartOf":{"@id":"https:\/\/kapitalis.com\/tunisie\/2015\/12\/23\/jendouba-il-preparait-des-attentats-pour-les-fetes-de-fin-dannee\/"},"author":{"name":"Yusra NY","@id":"https:\/\/kapitalis.com\/tunisie\/#\/schema\/person\/74bbde0154d49d790a92aaeac5bc01d5"},"headline":"Jendouba : Il pr\u00e9parait des attentats pour les f\u00eates de fin d\u2019ann\u00e9e","datePublished":"2015-12-23T11:30:51+00:00","dateModified":"2015-12-23T12:16:00+00:00","mainEntityOfPage":{"@id":"https:\/\/kapitalis.com\/tunisie\/2015\/12\/23\/jendouba-il-preparait-des-attentats-pour-les-fetes-de-fin-dannee\/"},"wordCount":132,"commentCount":0,"publisher":{"@id":"https:\/\/kapitalis.com\/tunisie\/#organization"},"image":{"@id":"https:\/\/kapitalis.com\/tunisie\/2015\/12\/23\/jendouba-il-preparait-des-attentats-pour-les-fetes-de-fin-dannee\/#primaryimage"},"thumbnailUrl":"http:\/\/kapitalis.com\/tunisie\/wp-content\/uploads\/2015\/11\/arrestation-terroristes.jpeg","keywords":["assassinats","attaques","attentat","f\u00eates de fin d'ann\u00e9e","minist\u00e8re int\u00e9rieur","takfiriste","terroriste"],"articleSection":["SOCIETE","Tunisie"],"inLanguage":"fr-FR","potentialAction":[{"@type":"CommentAction","name":"Comment","target":["https:\/\/kapitalis.com\/tunisie\/2015\/12\/23\/jendouba-il-preparait-des-attentats-pour-les-fetes-de-fin-dannee\/#respond"]}]},{"@type":"WebPage","@id":"https:\/\/kapitalis.com\/tunisie\/2015\/12\/23\/jendouba-il-preparait-des-attentats-pour-les-fetes-de-fin-dannee\/","url":"https:\/\/kapitalis.com\/tunisie\/2015\/12\/23\/jendouba-il-preparait-des-attentats-pour-les-fetes-de-fin-dannee\/","name":"Jendouba : Il pr\u00e9parait des attentats pour les f\u00eates de fin d\u2019ann\u00e9e - Kapitalis","isPartOf":{"@id":"https:\/\/kapitalis.com\/tunisie\/#website"},"primaryImageOfPage":{"@id":"https:\/\/kapitalis.com\/tunisie\/2015\/12\/23\/jendouba-il-preparait-des-attentats-pour-les-fetes-de-fin-dannee\/#primaryimage"},"image":{"@id":"https:\/\/kapitalis.com\/tunisie\/2015\/12\/23\/jendouba-il-preparait-des-attentats-pour-les-fetes-de-fin-dannee\/#primaryimage"},"thumbnailUrl":"http:\/\/kapitalis.com\/tunisie\/wp-content\/uploads\/2015\/11\/arrestation-terroristes.jpeg","datePublished":"2015-12-23T11:30:51+00:00","dateModified":"2015-12-23T12:16:00+00:00","breadcrumb":{"@id":"https:\/\/kapitalis.com\/tunisie\/2015\/12\/23\/jendouba-il-preparait-des-attentats-pour-les-fetes-de-fin-dannee\/#breadcrumb"},"inLanguage":"fr-FR","potentialAction":[{"@type":"ReadAction","target":["https:\/\/kapitalis.com\/tunisie\/2015\/12\/23\/jendouba-il-preparait-des-attentats-pour-les-fetes-de-fin-dannee\/"]}]},{"@type":"ImageObject","inLanguage":"fr-FR","@id":"https:\/\/kapitalis.com\/tunisie\/2015\/12\/23\/jendouba-il-preparait-des-attentats-pour-les-fetes-de-fin-dannee\/#primaryimage","url":"http:\/\/kapitalis.com\/tunisie\/wp-content\/uploads\/2015\/11\/arrestation-terroristes.jpeg","contentUrl":"http:\/\/kapitalis.com\/tunisie\/wp-content\/uploads\/2015\/11\/arrestation-terroristes.jpeg"},{"@type":"BreadcrumbList","@id":"https:\/\/kapitalis.com\/tunisie\/2015\/12\/23\/jendouba-il-preparait-des-attentats-pour-les-fetes-de-fin-dannee\/#breadcrumb","itemListElement":[{"@type":"ListItem","position":1,"name":"Accueil","item":"https:\/\/kapitalis.com\/tunisie\/"},{"@type":"ListItem","position":2,"name":"Jendouba : Il pr\u00e9parait des attentats pour les f\u00eates de fin d\u2019ann\u00e9e"}]},{"@type":"WebSite","@id":"https:\/\/kapitalis.com\/tunisie\/#website","url":"https:\/\/kapitalis.com\/tunisie\/","name":"Kapitalis","description":"L&#039;actualit\u00e9 en Tunisie et dans le monde","publisher":{"@id":"https:\/\/kapitalis.com\/tunisie\/#organization"},"potentialAction":[{"@type":"SearchAction","target":{"@type":"EntryPoint","urlTemplate":"https:\/\/kapitalis.com\/tunisie\/?s={search_term_string}"},"query-input":{"@type":"PropertyValueSpecification","valueRequired":true,"valueName":"search_term_string"}}],"inLanguage":"fr-FR"},{"@type":"Organization","@id":"https:\/\/kapitalis.com\/tunisie\/#organization","name":"Kapitalis","url":"https:\/\/kapitalis.com\/tunisie\/","logo":{"@type":"ImageObject","inLanguage":"fr-FR","@id":"https:\/\/kapitalis.com\/tunisie\/#\/schema\/logo\/image\/","url":"https:\/\/kapitalis.com\/tunisie\/wp-content\/uploads\/2022\/05\/Kapitalis-big-size.png","contentUrl":"https:\/\/kapitalis.com\/tunisie\/wp-content\/uploads\/2022\/05\/Kapitalis-big-size.png","width":5000,"height":1500,"caption":"Kapitalis"},"image":{"@id":"https:\/\/kapitalis.com\/tunisie\/#\/schema\/logo\/image\/"},"sameAs":["https:\/\/www.facebook.com\/KapitalisInfo\/","https:\/\/x.com\/KapitalisInfo","https:\/\/www.youtube.com\/channel\/UC-yDYrHyfFBWWZaOw3FPg9Q"]},{"@type":"Person","@id":"https:\/\/kapitalis.com\/tunisie\/#\/schema\/person\/74bbde0154d49d790a92aaeac5bc01d5","name":"Yusra NY","url":"https:\/\/kapitalis.com\/tunisie\/author\/yuza_adam\/"}]}},"_links":{"self":[{"href":"https:\/\/kapitalis.com\/tunisie\/wp-json\/wp\/v2\/posts\/31690","targetHints":{"allow":["GET"]}}],"collection":[{"href":"https:\/\/kapitalis.com\/tunisie\/wp-json\/wp\/v2\/posts"}],"about":[{"href":"https:\/\/kapitalis.com\/tunisie\/wp-json\/wp\/v2\/types\/post"}],"author":[{"embeddable":true,"href":"https:\/\/kapitalis.com\/tunisie\/wp-json\/wp\/v2\/users\/6"}],"replies":[{"embeddable":true,"href":"https:\/\/kapitalis.com\/tunisie\/wp-json\/wp\/v2\/comments?post=31690"}],"version-history":[{"count":0,"href":"https:\/\/kapitalis.com\/tunisie\/wp-json\/wp\/v2\/posts\/31690\/revisions"}],"wp:attachment":[{"href":"https:\/\/kapitalis.com\/tunisie\/wp-json\/wp\/v2\/media?parent=31690"}],"wp:term":[{"taxonomy":"category","embeddable":true,"href":"https:\/\/kapitalis.com\/tunisie\/wp-json\/wp\/v2\/categories?post=31690"},{"taxonomy":"post_tag","embeddable":true,"href":"https:\/\/kapitalis.com\/tunisie\/wp-json\/wp\/v2\/tags?post=31690"}],"curies":[{"name":"wp","href":"https:\/\/api.w.org\/{rel}","templated":true}]}}