{"id":317085,"date":"2020-09-19T13:55:34","date_gmt":"2020-09-19T12:55:34","guid":{"rendered":"http:\/\/kapitalis.com\/tunisie\/?p=317085"},"modified":"2020-09-19T13:55:37","modified_gmt":"2020-09-19T12:55:37","slug":"bourse-de-tunis-le-tunindex-reduit-sa-perte-depuis-le-debut-de-lannee-a-34","status":"publish","type":"post","link":"https:\/\/kapitalis.com\/tunisie\/2020\/09\/19\/bourse-de-tunis-le-tunindex-reduit-sa-perte-depuis-le-debut-de-lannee-a-34\/","title":{"rendered":"Bourse de Tunis : Le Tunindex r\u00e9duit sa perte depuis le d\u00e9but de l\u2019ann\u00e9e \u00e0 -3,4%"},"content":{"rendered":"\n<figure class=\"wp-block-image size-large\"><img decoding=\"async\" src=\"http:\/\/kapitalis.com\/tunisie\/wp-content\/uploads\/2015\/09\/Siege-de-la-Bourse-de-Tunis.jpg\" alt=\"\" class=\"wp-image-12181\"\/><\/figure>\n\n\n\n<p><strong><em>Sur sa lanc\u00e9e, le march\u00e9 de la Bourse de Tunis a align\u00e9, 14 au 18 septembre 2020, une quatri\u00e8me semaine haussi\u00e8re de suite. L\u2019indice de r\u00e9f\u00e9rence, le Tunindex, a progress\u00e9 de 0,3% \u00e0 6.881,57 points, effa\u00e7ant ainsi une partie de sa contre-performance annuelle (une baisse de 3,4% \u00e0 ce jour).<\/em><\/strong><\/p>\n\n\n\n<!--more-->\n\n\n\n<p>Les volumes ont affich\u00e9 une certaine accalmie comparativement \u00e0 la semaine du 11 septembre. Pr\u00e8s de 26MDT ont \u00e9t\u00e9 transig\u00e9s sur le march\u00e9, soit une moyenne quotidienne de 5 MDT. A noter que la s\u00e9ance du lundi a connu la r\u00e9alisation d\u2019une transaction de bloc sur le titre Poulina Group Holding pour 2,8MDT.<\/p>\n\n\n\n<p>Le titre ATL s\u2019est offert la meilleure performance de la semaine. L\u2019action s\u2019est envol\u00e9e de 24% \u00e0 1,760DT, en drainant des capitaux de 124.000DT. La performance annuelle du leasing a, ainsi, bascul\u00e9 en territoire positif (une avanc\u00e9e de 3,5%).<\/p>\n\n\n\n<p>Le titre Cerealis a figur\u00e9 parmi les plus grands gagnants de la semaine. Dans un volume de 232.000 DT, l\u2019action du sp\u00e9cialiste des snacks sal\u00e9s et sucr\u00e9s a bondi de 7,2% \u00e0 7,610DT. Malgr\u00e9 la crise du Covid-19, la soci\u00e9t\u00e9 m\u00e8re du groupe a connu un bon d\u00e9marrage en 2020: une croissance des revenus de 7% \u00e0 7,5MDT et une appr\u00e9ciation du b\u00e9n\u00e9fice net de 45% \u00e0 1,3MDT.<\/p>\n\n\n\n<p>AMS a sign\u00e9 la moins bonne performance de la semaine. Dans de tr\u00e8s faibles \u00e9changes de 2.000 DT, le sp\u00e9cialiste de la robinetterie et de la casserolerie a perdu 20% de sa capitalisation \u00e0 7MDT. La reprise de l\u2019activit\u00e9 annonc\u00e9e pour le lundi 14 septembre 2020 n\u2019a finalement pas eu lieu.<\/p>\n\n\n\n<p>\u00c9galement dans le rouge, le titre Somocer a d\u00e9viss\u00e9 de 12% \u00e0 0,990DT. La valeur a amass\u00e9 des capitaux de 1,2MDT sur la semaine.<\/p>\n\n\n\n<p>Terminant dans le vert (+0,7% \u00e0 13,590Dt), le titre SAH Lilas s\u2019est plac\u00e9 au premier rang dans le tableau des \u00e9changes avec un flux hebdomadaire de 4,8MDT.<\/p>\n\n\n\n<p><strong><em>Source <\/em><\/strong>:<a href=\"https:\/\/www.tunisievaleurs.com\/\" target=\"_blank\" aria-label=\"undefined (s\u2019ouvre dans un nouvel onglet)\" rel=\"noreferrer noopener\"> Tunisie Valeurs. <\/a><\/p>\n","protected":false},"excerpt":{"rendered":"<p>Sur sa lanc\u00e9e, le march\u00e9 de la Bourse de Tunis a align\u00e9, 14 au 18 septembre 2020, une quatri\u00e8me semaine haussi\u00e8re de suite. L\u2019indice de r\u00e9f\u00e9rence, le Tunindex, a progress\u00e9 de 0,3% \u00e0 6.881,57 points, effa\u00e7ant ainsi une partie de sa contre-performance annuelle (une baisse de 3,4% \u00e0 ce jour).<\/p>\n","protected":false},"author":8,"featured_media":0,"comment_status":"open","ping_status":"open","sticky":false,"template":"","format":"standard","meta":{"footnotes":""},"categories":[1],"tags":[3063,80296,3268,16896,78527,1055,924],"class_list":["post-317085","post","type-post","status-publish","format-standard","hentry","category-non-classe","tag-ams","tag-atl-leasing","tag-bourse-de-tunis","tag-cerealis","tag-sah-lilas","tag-somocer","tag-tunindex"],"yoast_head":"<!-- This site is optimized with the Yoast SEO plugin v26.6 - https:\/\/yoast.com\/wordpress\/plugins\/seo\/ -->\n<title>Bourse de Tunis : Le Tunindex r\u00e9duit sa perte depuis le d\u00e9but de l\u2019ann\u00e9e \u00e0 -3,4% - Kapitalis<\/title>\n<meta name=\"robots\" content=\"index, follow, max-snippet:-1, max-image-preview:large, max-video-preview:-1\" \/>\n<link rel=\"canonical\" href=\"https:\/\/kapitalis.com\/tunisie\/2020\/09\/19\/bourse-de-tunis-le-tunindex-reduit-sa-perte-depuis-le-debut-de-lannee-a-34\/\" \/>\n<meta property=\"og:locale\" content=\"fr_FR\" \/>\n<meta property=\"og:type\" content=\"article\" \/>\n<meta property=\"og:title\" content=\"Bourse de Tunis : Le Tunindex r\u00e9duit sa perte depuis le d\u00e9but de l\u2019ann\u00e9e \u00e0 -3,4% - Kapitalis\" \/>\n<meta property=\"og:description\" content=\"Sur sa lanc\u00e9e, le march\u00e9 de la Bourse de Tunis a align\u00e9, 14 au 18 septembre 2020, une quatri\u00e8me semaine haussi\u00e8re de suite. L\u2019indice de r\u00e9f\u00e9rence, le Tunindex, a progress\u00e9 de 0,3% \u00e0 6.881,57 points, effa\u00e7ant ainsi une partie de sa contre-performance annuelle (une baisse de 3,4% \u00e0 ce jour).\" \/>\n<meta property=\"og:url\" content=\"https:\/\/kapitalis.com\/tunisie\/2020\/09\/19\/bourse-de-tunis-le-tunindex-reduit-sa-perte-depuis-le-debut-de-lannee-a-34\/\" \/>\n<meta property=\"og:site_name\" content=\"Kapitalis\" \/>\n<meta property=\"article:publisher\" content=\"https:\/\/www.facebook.com\/KapitalisInfo\/\" \/>\n<meta property=\"article:published_time\" content=\"2020-09-19T12:55:34+00:00\" \/>\n<meta property=\"article:modified_time\" content=\"2020-09-19T12:55:37+00:00\" \/>\n<meta property=\"og:image\" content=\"http:\/\/kapitalis.com\/tunisie\/wp-content\/uploads\/2015\/09\/Siege-de-la-Bourse-de-Tunis.jpg\" \/>\n<meta name=\"author\" content=\"webmaster kapitalis\" \/>\n<meta name=\"twitter:card\" content=\"summary_large_image\" \/>\n<meta name=\"twitter:creator\" content=\"@KapitalisInfo\" \/>\n<meta name=\"twitter:site\" content=\"@KapitalisInfo\" \/>\n<meta name=\"twitter:label1\" content=\"\u00c9crit par\" \/>\n\t<meta name=\"twitter:data1\" content=\"webmaster kapitalis\" \/>\n\t<meta name=\"twitter:label2\" content=\"Dur\u00e9e de lecture estim\u00e9e\" \/>\n\t<meta name=\"twitter:data2\" content=\"2 minutes\" \/>\n<script type=\"application\/ld+json\" class=\"yoast-schema-graph\">{\"@context\":\"https:\/\/schema.org\",\"@graph\":[{\"@type\":\"Article\",\"@id\":\"https:\/\/kapitalis.com\/tunisie\/2020\/09\/19\/bourse-de-tunis-le-tunindex-reduit-sa-perte-depuis-le-debut-de-lannee-a-34\/#article\",\"isPartOf\":{\"@id\":\"https:\/\/kapitalis.com\/tunisie\/2020\/09\/19\/bourse-de-tunis-le-tunindex-reduit-sa-perte-depuis-le-debut-de-lannee-a-34\/\"},\"author\":{\"name\":\"webmaster kapitalis\",\"@id\":\"https:\/\/kapitalis.com\/tunisie\/#\/schema\/person\/d71f33a9ca44f7bad4698210b480c8e9\"},\"headline\":\"Bourse de Tunis : Le Tunindex r\u00e9duit sa perte depuis le d\u00e9but de l\u2019ann\u00e9e \u00e0 -3,4%\",\"datePublished\":\"2020-09-19T12:55:34+00:00\",\"dateModified\":\"2020-09-19T12:55:37+00:00\",\"mainEntityOfPage\":{\"@id\":\"https:\/\/kapitalis.com\/tunisie\/2020\/09\/19\/bourse-de-tunis-le-tunindex-reduit-sa-perte-depuis-le-debut-de-lannee-a-34\/\"},\"wordCount\":336,\"commentCount\":0,\"publisher\":{\"@id\":\"https:\/\/kapitalis.com\/tunisie\/#organization\"},\"image\":{\"@id\":\"https:\/\/kapitalis.com\/tunisie\/2020\/09\/19\/bourse-de-tunis-le-tunindex-reduit-sa-perte-depuis-le-debut-de-lannee-a-34\/#primaryimage\"},\"thumbnailUrl\":\"http:\/\/kapitalis.com\/tunisie\/wp-content\/uploads\/2015\/09\/Siege-de-la-Bourse-de-Tunis.jpg\",\"keywords\":[\"AMS\",\"ATL Leasing\",\"Bourse de Tunis\",\"Cerealis\",\"SAH Lilas\",\"Somocer\",\"Tunindex\"],\"inLanguage\":\"fr-FR\",\"potentialAction\":[{\"@type\":\"CommentAction\",\"name\":\"Comment\",\"target\":[\"https:\/\/kapitalis.com\/tunisie\/2020\/09\/19\/bourse-de-tunis-le-tunindex-reduit-sa-perte-depuis-le-debut-de-lannee-a-34\/#respond\"]}]},{\"@type\":\"WebPage\",\"@id\":\"https:\/\/kapitalis.com\/tunisie\/2020\/09\/19\/bourse-de-tunis-le-tunindex-reduit-sa-perte-depuis-le-debut-de-lannee-a-34\/\",\"url\":\"https:\/\/kapitalis.com\/tunisie\/2020\/09\/19\/bourse-de-tunis-le-tunindex-reduit-sa-perte-depuis-le-debut-de-lannee-a-34\/\",\"name\":\"Bourse de Tunis : Le Tunindex r\u00e9duit sa perte depuis le d\u00e9but de l\u2019ann\u00e9e \u00e0 -3,4% - Kapitalis\",\"isPartOf\":{\"@id\":\"https:\/\/kapitalis.com\/tunisie\/#website\"},\"primaryImageOfPage\":{\"@id\":\"https:\/\/kapitalis.com\/tunisie\/2020\/09\/19\/bourse-de-tunis-le-tunindex-reduit-sa-perte-depuis-le-debut-de-lannee-a-34\/#primaryimage\"},\"image\":{\"@id\":\"https:\/\/kapitalis.com\/tunisie\/2020\/09\/19\/bourse-de-tunis-le-tunindex-reduit-sa-perte-depuis-le-debut-de-lannee-a-34\/#primaryimage\"},\"thumbnailUrl\":\"http:\/\/kapitalis.com\/tunisie\/wp-content\/uploads\/2015\/09\/Siege-de-la-Bourse-de-Tunis.jpg\",\"datePublished\":\"2020-09-19T12:55:34+00:00\",\"dateModified\":\"2020-09-19T12:55:37+00:00\",\"breadcrumb\":{\"@id\":\"https:\/\/kapitalis.com\/tunisie\/2020\/09\/19\/bourse-de-tunis-le-tunindex-reduit-sa-perte-depuis-le-debut-de-lannee-a-34\/#breadcrumb\"},\"inLanguage\":\"fr-FR\",\"potentialAction\":[{\"@type\":\"ReadAction\",\"target\":[\"https:\/\/kapitalis.com\/tunisie\/2020\/09\/19\/bourse-de-tunis-le-tunindex-reduit-sa-perte-depuis-le-debut-de-lannee-a-34\/\"]}]},{\"@type\":\"ImageObject\",\"inLanguage\":\"fr-FR\",\"@id\":\"https:\/\/kapitalis.com\/tunisie\/2020\/09\/19\/bourse-de-tunis-le-tunindex-reduit-sa-perte-depuis-le-debut-de-lannee-a-34\/#primaryimage\",\"url\":\"http:\/\/kapitalis.com\/tunisie\/wp-content\/uploads\/2015\/09\/Siege-de-la-Bourse-de-Tunis.jpg\",\"contentUrl\":\"http:\/\/kapitalis.com\/tunisie\/wp-content\/uploads\/2015\/09\/Siege-de-la-Bourse-de-Tunis.jpg\"},{\"@type\":\"BreadcrumbList\",\"@id\":\"https:\/\/kapitalis.com\/tunisie\/2020\/09\/19\/bourse-de-tunis-le-tunindex-reduit-sa-perte-depuis-le-debut-de-lannee-a-34\/#breadcrumb\",\"itemListElement\":[{\"@type\":\"ListItem\",\"position\":1,\"name\":\"Accueil\",\"item\":\"https:\/\/kapitalis.com\/tunisie\/\"},{\"@type\":\"ListItem\",\"position\":2,\"name\":\"Bourse de Tunis : Le Tunindex r\u00e9duit sa perte depuis le d\u00e9but de l\u2019ann\u00e9e \u00e0 -3,4%\"}]},{\"@type\":\"WebSite\",\"@id\":\"https:\/\/kapitalis.com\/tunisie\/#website\",\"url\":\"https:\/\/kapitalis.com\/tunisie\/\",\"name\":\"Kapitalis\",\"description\":\"L&#039;actualit\u00e9 en Tunisie et dans le monde\",\"publisher\":{\"@id\":\"https:\/\/kapitalis.com\/tunisie\/#organization\"},\"potentialAction\":[{\"@type\":\"SearchAction\",\"target\":{\"@type\":\"EntryPoint\",\"urlTemplate\":\"https:\/\/kapitalis.com\/tunisie\/?s={search_term_string}\"},\"query-input\":{\"@type\":\"PropertyValueSpecification\",\"valueRequired\":true,\"valueName\":\"search_term_string\"}}],\"inLanguage\":\"fr-FR\"},{\"@type\":\"Organization\",\"@id\":\"https:\/\/kapitalis.com\/tunisie\/#organization\",\"name\":\"Kapitalis\",\"url\":\"https:\/\/kapitalis.com\/tunisie\/\",\"logo\":{\"@type\":\"ImageObject\",\"inLanguage\":\"fr-FR\",\"@id\":\"https:\/\/kapitalis.com\/tunisie\/#\/schema\/logo\/image\/\",\"url\":\"https:\/\/kapitalis.com\/tunisie\/wp-content\/uploads\/2022\/05\/Kapitalis-big-size.png\",\"contentUrl\":\"https:\/\/kapitalis.com\/tunisie\/wp-content\/uploads\/2022\/05\/Kapitalis-big-size.png\",\"width\":5000,\"height\":1500,\"caption\":\"Kapitalis\"},\"image\":{\"@id\":\"https:\/\/kapitalis.com\/tunisie\/#\/schema\/logo\/image\/\"},\"sameAs\":[\"https:\/\/www.facebook.com\/KapitalisInfo\/\",\"https:\/\/x.com\/KapitalisInfo\",\"https:\/\/www.youtube.com\/channel\/UC-yDYrHyfFBWWZaOw3FPg9Q\"]},{\"@type\":\"Person\",\"@id\":\"https:\/\/kapitalis.com\/tunisie\/#\/schema\/person\/d71f33a9ca44f7bad4698210b480c8e9\",\"name\":\"webmaster kapitalis\",\"url\":\"https:\/\/kapitalis.com\/tunisie\/author\/webmaster-kapitalis\/\"}]}<\/script>\n<!-- \/ Yoast SEO plugin. -->","yoast_head_json":{"title":"Bourse de Tunis : Le Tunindex r\u00e9duit sa perte depuis le d\u00e9but de l\u2019ann\u00e9e \u00e0 -3,4% - Kapitalis","robots":{"index":"index","follow":"follow","max-snippet":"max-snippet:-1","max-image-preview":"max-image-preview:large","max-video-preview":"max-video-preview:-1"},"canonical":"https:\/\/kapitalis.com\/tunisie\/2020\/09\/19\/bourse-de-tunis-le-tunindex-reduit-sa-perte-depuis-le-debut-de-lannee-a-34\/","og_locale":"fr_FR","og_type":"article","og_title":"Bourse de Tunis : Le Tunindex r\u00e9duit sa perte depuis le d\u00e9but de l\u2019ann\u00e9e \u00e0 -3,4% - Kapitalis","og_description":"Sur sa lanc\u00e9e, le march\u00e9 de la Bourse de Tunis a align\u00e9, 14 au 18 septembre 2020, une quatri\u00e8me semaine haussi\u00e8re de suite. L\u2019indice de r\u00e9f\u00e9rence, le Tunindex, a progress\u00e9 de 0,3% \u00e0 6.881,57 points, effa\u00e7ant ainsi une partie de sa contre-performance annuelle (une baisse de 3,4% \u00e0 ce jour).","og_url":"https:\/\/kapitalis.com\/tunisie\/2020\/09\/19\/bourse-de-tunis-le-tunindex-reduit-sa-perte-depuis-le-debut-de-lannee-a-34\/","og_site_name":"Kapitalis","article_publisher":"https:\/\/www.facebook.com\/KapitalisInfo\/","article_published_time":"2020-09-19T12:55:34+00:00","article_modified_time":"2020-09-19T12:55:37+00:00","og_image":[{"url":"http:\/\/kapitalis.com\/tunisie\/wp-content\/uploads\/2015\/09\/Siege-de-la-Bourse-de-Tunis.jpg","type":"","width":"","height":""}],"author":"webmaster kapitalis","twitter_card":"summary_large_image","twitter_creator":"@KapitalisInfo","twitter_site":"@KapitalisInfo","twitter_misc":{"\u00c9crit par":"webmaster kapitalis","Dur\u00e9e de lecture estim\u00e9e":"2 minutes"},"schema":{"@context":"https:\/\/schema.org","@graph":[{"@type":"Article","@id":"https:\/\/kapitalis.com\/tunisie\/2020\/09\/19\/bourse-de-tunis-le-tunindex-reduit-sa-perte-depuis-le-debut-de-lannee-a-34\/#article","isPartOf":{"@id":"https:\/\/kapitalis.com\/tunisie\/2020\/09\/19\/bourse-de-tunis-le-tunindex-reduit-sa-perte-depuis-le-debut-de-lannee-a-34\/"},"author":{"name":"webmaster kapitalis","@id":"https:\/\/kapitalis.com\/tunisie\/#\/schema\/person\/d71f33a9ca44f7bad4698210b480c8e9"},"headline":"Bourse de Tunis : Le Tunindex r\u00e9duit sa perte depuis le d\u00e9but de l\u2019ann\u00e9e \u00e0 -3,4%","datePublished":"2020-09-19T12:55:34+00:00","dateModified":"2020-09-19T12:55:37+00:00","mainEntityOfPage":{"@id":"https:\/\/kapitalis.com\/tunisie\/2020\/09\/19\/bourse-de-tunis-le-tunindex-reduit-sa-perte-depuis-le-debut-de-lannee-a-34\/"},"wordCount":336,"commentCount":0,"publisher":{"@id":"https:\/\/kapitalis.com\/tunisie\/#organization"},"image":{"@id":"https:\/\/kapitalis.com\/tunisie\/2020\/09\/19\/bourse-de-tunis-le-tunindex-reduit-sa-perte-depuis-le-debut-de-lannee-a-34\/#primaryimage"},"thumbnailUrl":"http:\/\/kapitalis.com\/tunisie\/wp-content\/uploads\/2015\/09\/Siege-de-la-Bourse-de-Tunis.jpg","keywords":["AMS","ATL Leasing","Bourse de Tunis","Cerealis","SAH Lilas","Somocer","Tunindex"],"inLanguage":"fr-FR","potentialAction":[{"@type":"CommentAction","name":"Comment","target":["https:\/\/kapitalis.com\/tunisie\/2020\/09\/19\/bourse-de-tunis-le-tunindex-reduit-sa-perte-depuis-le-debut-de-lannee-a-34\/#respond"]}]},{"@type":"WebPage","@id":"https:\/\/kapitalis.com\/tunisie\/2020\/09\/19\/bourse-de-tunis-le-tunindex-reduit-sa-perte-depuis-le-debut-de-lannee-a-34\/","url":"https:\/\/kapitalis.com\/tunisie\/2020\/09\/19\/bourse-de-tunis-le-tunindex-reduit-sa-perte-depuis-le-debut-de-lannee-a-34\/","name":"Bourse de Tunis : Le Tunindex r\u00e9duit sa perte depuis le d\u00e9but de l\u2019ann\u00e9e \u00e0 -3,4% - Kapitalis","isPartOf":{"@id":"https:\/\/kapitalis.com\/tunisie\/#website"},"primaryImageOfPage":{"@id":"https:\/\/kapitalis.com\/tunisie\/2020\/09\/19\/bourse-de-tunis-le-tunindex-reduit-sa-perte-depuis-le-debut-de-lannee-a-34\/#primaryimage"},"image":{"@id":"https:\/\/kapitalis.com\/tunisie\/2020\/09\/19\/bourse-de-tunis-le-tunindex-reduit-sa-perte-depuis-le-debut-de-lannee-a-34\/#primaryimage"},"thumbnailUrl":"http:\/\/kapitalis.com\/tunisie\/wp-content\/uploads\/2015\/09\/Siege-de-la-Bourse-de-Tunis.jpg","datePublished":"2020-09-19T12:55:34+00:00","dateModified":"2020-09-19T12:55:37+00:00","breadcrumb":{"@id":"https:\/\/kapitalis.com\/tunisie\/2020\/09\/19\/bourse-de-tunis-le-tunindex-reduit-sa-perte-depuis-le-debut-de-lannee-a-34\/#breadcrumb"},"inLanguage":"fr-FR","potentialAction":[{"@type":"ReadAction","target":["https:\/\/kapitalis.com\/tunisie\/2020\/09\/19\/bourse-de-tunis-le-tunindex-reduit-sa-perte-depuis-le-debut-de-lannee-a-34\/"]}]},{"@type":"ImageObject","inLanguage":"fr-FR","@id":"https:\/\/kapitalis.com\/tunisie\/2020\/09\/19\/bourse-de-tunis-le-tunindex-reduit-sa-perte-depuis-le-debut-de-lannee-a-34\/#primaryimage","url":"http:\/\/kapitalis.com\/tunisie\/wp-content\/uploads\/2015\/09\/Siege-de-la-Bourse-de-Tunis.jpg","contentUrl":"http:\/\/kapitalis.com\/tunisie\/wp-content\/uploads\/2015\/09\/Siege-de-la-Bourse-de-Tunis.jpg"},{"@type":"BreadcrumbList","@id":"https:\/\/kapitalis.com\/tunisie\/2020\/09\/19\/bourse-de-tunis-le-tunindex-reduit-sa-perte-depuis-le-debut-de-lannee-a-34\/#breadcrumb","itemListElement":[{"@type":"ListItem","position":1,"name":"Accueil","item":"https:\/\/kapitalis.com\/tunisie\/"},{"@type":"ListItem","position":2,"name":"Bourse de Tunis : Le Tunindex r\u00e9duit sa perte depuis le d\u00e9but de l\u2019ann\u00e9e \u00e0 -3,4%"}]},{"@type":"WebSite","@id":"https:\/\/kapitalis.com\/tunisie\/#website","url":"https:\/\/kapitalis.com\/tunisie\/","name":"Kapitalis","description":"L&#039;actualit\u00e9 en Tunisie et dans le monde","publisher":{"@id":"https:\/\/kapitalis.com\/tunisie\/#organization"},"potentialAction":[{"@type":"SearchAction","target":{"@type":"EntryPoint","urlTemplate":"https:\/\/kapitalis.com\/tunisie\/?s={search_term_string}"},"query-input":{"@type":"PropertyValueSpecification","valueRequired":true,"valueName":"search_term_string"}}],"inLanguage":"fr-FR"},{"@type":"Organization","@id":"https:\/\/kapitalis.com\/tunisie\/#organization","name":"Kapitalis","url":"https:\/\/kapitalis.com\/tunisie\/","logo":{"@type":"ImageObject","inLanguage":"fr-FR","@id":"https:\/\/kapitalis.com\/tunisie\/#\/schema\/logo\/image\/","url":"https:\/\/kapitalis.com\/tunisie\/wp-content\/uploads\/2022\/05\/Kapitalis-big-size.png","contentUrl":"https:\/\/kapitalis.com\/tunisie\/wp-content\/uploads\/2022\/05\/Kapitalis-big-size.png","width":5000,"height":1500,"caption":"Kapitalis"},"image":{"@id":"https:\/\/kapitalis.com\/tunisie\/#\/schema\/logo\/image\/"},"sameAs":["https:\/\/www.facebook.com\/KapitalisInfo\/","https:\/\/x.com\/KapitalisInfo","https:\/\/www.youtube.com\/channel\/UC-yDYrHyfFBWWZaOw3FPg9Q"]},{"@type":"Person","@id":"https:\/\/kapitalis.com\/tunisie\/#\/schema\/person\/d71f33a9ca44f7bad4698210b480c8e9","name":"webmaster kapitalis","url":"https:\/\/kapitalis.com\/tunisie\/author\/webmaster-kapitalis\/"}]}},"_links":{"self":[{"href":"https:\/\/kapitalis.com\/tunisie\/wp-json\/wp\/v2\/posts\/317085","targetHints":{"allow":["GET"]}}],"collection":[{"href":"https:\/\/kapitalis.com\/tunisie\/wp-json\/wp\/v2\/posts"}],"about":[{"href":"https:\/\/kapitalis.com\/tunisie\/wp-json\/wp\/v2\/types\/post"}],"author":[{"embeddable":true,"href":"https:\/\/kapitalis.com\/tunisie\/wp-json\/wp\/v2\/users\/8"}],"replies":[{"embeddable":true,"href":"https:\/\/kapitalis.com\/tunisie\/wp-json\/wp\/v2\/comments?post=317085"}],"version-history":[{"count":0,"href":"https:\/\/kapitalis.com\/tunisie\/wp-json\/wp\/v2\/posts\/317085\/revisions"}],"wp:attachment":[{"href":"https:\/\/kapitalis.com\/tunisie\/wp-json\/wp\/v2\/media?parent=317085"}],"wp:term":[{"taxonomy":"category","embeddable":true,"href":"https:\/\/kapitalis.com\/tunisie\/wp-json\/wp\/v2\/categories?post=317085"},{"taxonomy":"post_tag","embeddable":true,"href":"https:\/\/kapitalis.com\/tunisie\/wp-json\/wp\/v2\/tags?post=317085"}],"curies":[{"name":"wp","href":"https:\/\/api.w.org\/{rel}","templated":true}]}}