{"id":317096,"date":"2020-09-19T18:31:41","date_gmt":"2020-09-19T17:31:41","guid":{"rendered":"http:\/\/kapitalis.com\/tunisie\/?p=317096"},"modified":"2020-09-20T07:39:42","modified_gmt":"2020-09-20T06:39:42","slug":"coronavirus-repartition-des-6107-cas-actifs-en-tunisie","status":"publish","type":"post","link":"https:\/\/kapitalis.com\/tunisie\/2020\/09\/19\/coronavirus-repartition-des-6107-cas-actifs-en-tunisie\/","title":{"rendered":"Coronavirus : R\u00e9partition des 6107 cas actifs en Tunisie"},"content":{"rendered":"\n<figure class=\"wp-block-image size-large\"><img decoding=\"async\" src=\"http:\/\/kapitalis.com\/tunisie\/wp-content\/uploads\/2020\/09\/Tunisie-coronavirus-au-15-sept-2020.jpg\" alt=\"\" class=\"wp-image-316905\"\/><\/figure>\n\n\n\n<p><strong><em>Avec 540 nouvelles contaminations au coronavirus d\u00e9pist\u00e9es au 16 septembre 2020, le nombre de cas enregistr\u00e9s en Tunisie depuis l&rsquo;apparition de la pand\u00e9mie, en mars dernier, s&rsquo;\u00e9l\u00e8ve d\u00e9sormais \u00e0 9110, dont 6107 cas actifs. Ci-dessous la r\u00e9partition des contaminations par gouvernorat et un point sur la situation \u00e9pid\u00e9miologique.<\/em><\/strong><\/p>\n\n\n\n<!--more-->\n\n\n\n<p>Selon le rapport du minist\u00e8re de la Sant\u00e9, diffus\u00e9 ce samedi, sur les 6107 personnes qui portent encore le virus \u00e0 ce jour, 860 pr\u00e9sentent des sympt\u00f4mes, 152 sont hospitalis\u00e9es, dont 54 en r\u00e9animation (18 sous respiration artificielle).<\/p>\n\n\n\n<p>Le nombre de d\u00e9c\u00e8s caus\u00e9s par le coronavirus est \u00e9galement en hausse : on compte depuis mars dernier, 138&nbsp;d\u00e9c\u00e8s dans tout le territoire, dont 24 \u00e0 Sousse, 18 \u00e0 Tunis, 17 \u00e0 Gab\u00e8s et 11 \u00e0 Ben Arous.<\/p>\n\n\n\n<p>Ci-dessous un point sur la situation \u00e9pid\u00e9miologique :<\/p>\n\n\n\n<div class=\"wp-block-image\"><figure class=\"aligncenter size-large is-resized\"><img decoding=\"async\" src=\"http:\/\/kapitalis.com\/tunisie\/wp-content\/uploads\/2020\/09\/tunisie-corona-150620.jpg\" alt=\"\" class=\"wp-image-317123\" width=\"500\"\/><\/figure><\/div>\n","protected":false},"excerpt":{"rendered":"<p>Avec 540 nouvelles contaminations au coronavirus d\u00e9pist\u00e9es au 16 septembre 2020, le nombre de cas enregistr\u00e9s en Tunisie depuis l&rsquo;apparition de la pand\u00e9mie, en mars dernier, s&rsquo;\u00e9l\u00e8ve d\u00e9sormais \u00e0 9110, dont 6107 cas actifs. Ci-dessous la r\u00e9partition des contaminations par gouvernorat et un point sur la situation \u00e9pid\u00e9miologique.<\/p>\n","protected":false},"author":6,"featured_media":317123,"comment_status":"open","ping_status":"open","sticky":false,"template":"","format":"standard","meta":{"footnotes":""},"categories":[998,2433],"tags":[82631,73060,75291,76242,810,62643],"class_list":["post-317096","post","type-post","status-publish","format-standard","has-post-thumbnail","hentry","category-societe","category-tunisie","tag-cas-actifs","tag-coronavirus","tag-covid-19","tag-pandemie","tag-sante","tag-tunisie"],"yoast_head":"<!-- This site is optimized with the Yoast SEO plugin v26.6 - https:\/\/yoast.com\/wordpress\/plugins\/seo\/ -->\n<title>Coronavirus : R\u00e9partition des 6107 cas actifs en Tunisie - Kapitalis<\/title>\n<meta name=\"robots\" content=\"index, follow, max-snippet:-1, max-image-preview:large, max-video-preview:-1\" \/>\n<link rel=\"canonical\" href=\"https:\/\/kapitalis.com\/tunisie\/2020\/09\/19\/coronavirus-repartition-des-6107-cas-actifs-en-tunisie\/\" \/>\n<meta property=\"og:locale\" content=\"fr_FR\" \/>\n<meta property=\"og:type\" content=\"article\" \/>\n<meta property=\"og:title\" content=\"Coronavirus : R\u00e9partition des 6107 cas actifs en Tunisie - Kapitalis\" \/>\n<meta property=\"og:description\" content=\"Avec 540 nouvelles contaminations au coronavirus d\u00e9pist\u00e9es au 16 septembre 2020, le nombre de cas enregistr\u00e9s en Tunisie depuis l&rsquo;apparition de la pand\u00e9mie, en mars dernier, s&rsquo;\u00e9l\u00e8ve d\u00e9sormais \u00e0 9110, dont 6107 cas actifs. Ci-dessous la r\u00e9partition des contaminations par gouvernorat et un point sur la situation \u00e9pid\u00e9miologique.\" \/>\n<meta property=\"og:url\" content=\"https:\/\/kapitalis.com\/tunisie\/2020\/09\/19\/coronavirus-repartition-des-6107-cas-actifs-en-tunisie\/\" \/>\n<meta property=\"og:site_name\" content=\"Kapitalis\" \/>\n<meta property=\"article:publisher\" content=\"https:\/\/www.facebook.com\/KapitalisInfo\/\" \/>\n<meta property=\"article:published_time\" content=\"2020-09-19T17:31:41+00:00\" \/>\n<meta property=\"article:modified_time\" content=\"2020-09-20T06:39:42+00:00\" \/>\n<meta property=\"og:image\" content=\"https:\/\/kapitalis.com\/tunisie\/wp-content\/uploads\/2022\/05\/kapitalis-logo-fb.png\" \/>\n\t<meta property=\"og:image:width\" content=\"1200\" \/>\n\t<meta property=\"og:image:height\" content=\"630\" \/>\n\t<meta property=\"og:image:type\" content=\"image\/png\" \/>\n<meta name=\"author\" content=\"Yusra NY\" \/>\n<meta name=\"twitter:card\" content=\"summary_large_image\" \/>\n<meta name=\"twitter:creator\" content=\"@KapitalisInfo\" \/>\n<meta name=\"twitter:site\" content=\"@KapitalisInfo\" \/>\n<meta name=\"twitter:label1\" content=\"\u00c9crit par\" \/>\n\t<meta name=\"twitter:data1\" content=\"Yusra NY\" \/>\n\t<meta name=\"twitter:label2\" content=\"Dur\u00e9e de lecture estim\u00e9e\" \/>\n\t<meta name=\"twitter:data2\" content=\"1 minute\" \/>\n<script type=\"application\/ld+json\" class=\"yoast-schema-graph\">{\"@context\":\"https:\/\/schema.org\",\"@graph\":[{\"@type\":\"Article\",\"@id\":\"https:\/\/kapitalis.com\/tunisie\/2020\/09\/19\/coronavirus-repartition-des-6107-cas-actifs-en-tunisie\/#article\",\"isPartOf\":{\"@id\":\"https:\/\/kapitalis.com\/tunisie\/2020\/09\/19\/coronavirus-repartition-des-6107-cas-actifs-en-tunisie\/\"},\"author\":{\"name\":\"Yusra NY\",\"@id\":\"https:\/\/kapitalis.com\/tunisie\/#\/schema\/person\/74bbde0154d49d790a92aaeac5bc01d5\"},\"headline\":\"Coronavirus : R\u00e9partition des 6107 cas actifs en Tunisie\",\"datePublished\":\"2020-09-19T17:31:41+00:00\",\"dateModified\":\"2020-09-20T06:39:42+00:00\",\"mainEntityOfPage\":{\"@id\":\"https:\/\/kapitalis.com\/tunisie\/2020\/09\/19\/coronavirus-repartition-des-6107-cas-actifs-en-tunisie\/\"},\"wordCount\":140,\"commentCount\":0,\"publisher\":{\"@id\":\"https:\/\/kapitalis.com\/tunisie\/#organization\"},\"image\":{\"@id\":\"https:\/\/kapitalis.com\/tunisie\/2020\/09\/19\/coronavirus-repartition-des-6107-cas-actifs-en-tunisie\/#primaryimage\"},\"thumbnailUrl\":\"\",\"keywords\":[\"cas actifs\",\"Coronavirus\",\"Covid-19\",\"pand\u00e9mie\",\"Sant\u00e9\",\"Tunisie\"],\"articleSection\":[\"SOCIETE\",\"Tunisie\"],\"inLanguage\":\"fr-FR\",\"potentialAction\":[{\"@type\":\"CommentAction\",\"name\":\"Comment\",\"target\":[\"https:\/\/kapitalis.com\/tunisie\/2020\/09\/19\/coronavirus-repartition-des-6107-cas-actifs-en-tunisie\/#respond\"]}]},{\"@type\":\"WebPage\",\"@id\":\"https:\/\/kapitalis.com\/tunisie\/2020\/09\/19\/coronavirus-repartition-des-6107-cas-actifs-en-tunisie\/\",\"url\":\"https:\/\/kapitalis.com\/tunisie\/2020\/09\/19\/coronavirus-repartition-des-6107-cas-actifs-en-tunisie\/\",\"name\":\"Coronavirus : R\u00e9partition des 6107 cas actifs en Tunisie - Kapitalis\",\"isPartOf\":{\"@id\":\"https:\/\/kapitalis.com\/tunisie\/#website\"},\"primaryImageOfPage\":{\"@id\":\"https:\/\/kapitalis.com\/tunisie\/2020\/09\/19\/coronavirus-repartition-des-6107-cas-actifs-en-tunisie\/#primaryimage\"},\"image\":{\"@id\":\"https:\/\/kapitalis.com\/tunisie\/2020\/09\/19\/coronavirus-repartition-des-6107-cas-actifs-en-tunisie\/#primaryimage\"},\"thumbnailUrl\":\"\",\"datePublished\":\"2020-09-19T17:31:41+00:00\",\"dateModified\":\"2020-09-20T06:39:42+00:00\",\"breadcrumb\":{\"@id\":\"https:\/\/kapitalis.com\/tunisie\/2020\/09\/19\/coronavirus-repartition-des-6107-cas-actifs-en-tunisie\/#breadcrumb\"},\"inLanguage\":\"fr-FR\",\"potentialAction\":[{\"@type\":\"ReadAction\",\"target\":[\"https:\/\/kapitalis.com\/tunisie\/2020\/09\/19\/coronavirus-repartition-des-6107-cas-actifs-en-tunisie\/\"]}]},{\"@type\":\"ImageObject\",\"inLanguage\":\"fr-FR\",\"@id\":\"https:\/\/kapitalis.com\/tunisie\/2020\/09\/19\/coronavirus-repartition-des-6107-cas-actifs-en-tunisie\/#primaryimage\",\"url\":\"\",\"contentUrl\":\"\"},{\"@type\":\"BreadcrumbList\",\"@id\":\"https:\/\/kapitalis.com\/tunisie\/2020\/09\/19\/coronavirus-repartition-des-6107-cas-actifs-en-tunisie\/#breadcrumb\",\"itemListElement\":[{\"@type\":\"ListItem\",\"position\":1,\"name\":\"Accueil\",\"item\":\"https:\/\/kapitalis.com\/tunisie\/\"},{\"@type\":\"ListItem\",\"position\":2,\"name\":\"Coronavirus : R\u00e9partition des 6107 cas actifs en Tunisie\"}]},{\"@type\":\"WebSite\",\"@id\":\"https:\/\/kapitalis.com\/tunisie\/#website\",\"url\":\"https:\/\/kapitalis.com\/tunisie\/\",\"name\":\"Kapitalis\",\"description\":\"L&#039;actualit\u00e9 en Tunisie et dans le monde\",\"publisher\":{\"@id\":\"https:\/\/kapitalis.com\/tunisie\/#organization\"},\"potentialAction\":[{\"@type\":\"SearchAction\",\"target\":{\"@type\":\"EntryPoint\",\"urlTemplate\":\"https:\/\/kapitalis.com\/tunisie\/?s={search_term_string}\"},\"query-input\":{\"@type\":\"PropertyValueSpecification\",\"valueRequired\":true,\"valueName\":\"search_term_string\"}}],\"inLanguage\":\"fr-FR\"},{\"@type\":\"Organization\",\"@id\":\"https:\/\/kapitalis.com\/tunisie\/#organization\",\"name\":\"Kapitalis\",\"url\":\"https:\/\/kapitalis.com\/tunisie\/\",\"logo\":{\"@type\":\"ImageObject\",\"inLanguage\":\"fr-FR\",\"@id\":\"https:\/\/kapitalis.com\/tunisie\/#\/schema\/logo\/image\/\",\"url\":\"https:\/\/kapitalis.com\/tunisie\/wp-content\/uploads\/2022\/05\/Kapitalis-big-size.png\",\"contentUrl\":\"https:\/\/kapitalis.com\/tunisie\/wp-content\/uploads\/2022\/05\/Kapitalis-big-size.png\",\"width\":5000,\"height\":1500,\"caption\":\"Kapitalis\"},\"image\":{\"@id\":\"https:\/\/kapitalis.com\/tunisie\/#\/schema\/logo\/image\/\"},\"sameAs\":[\"https:\/\/www.facebook.com\/KapitalisInfo\/\",\"https:\/\/x.com\/KapitalisInfo\",\"https:\/\/www.youtube.com\/channel\/UC-yDYrHyfFBWWZaOw3FPg9Q\"]},{\"@type\":\"Person\",\"@id\":\"https:\/\/kapitalis.com\/tunisie\/#\/schema\/person\/74bbde0154d49d790a92aaeac5bc01d5\",\"name\":\"Yusra NY\",\"url\":\"https:\/\/kapitalis.com\/tunisie\/author\/yuza_adam\/\"}]}<\/script>\n<!-- \/ Yoast SEO plugin. -->","yoast_head_json":{"title":"Coronavirus : R\u00e9partition des 6107 cas actifs en Tunisie - Kapitalis","robots":{"index":"index","follow":"follow","max-snippet":"max-snippet:-1","max-image-preview":"max-image-preview:large","max-video-preview":"max-video-preview:-1"},"canonical":"https:\/\/kapitalis.com\/tunisie\/2020\/09\/19\/coronavirus-repartition-des-6107-cas-actifs-en-tunisie\/","og_locale":"fr_FR","og_type":"article","og_title":"Coronavirus : R\u00e9partition des 6107 cas actifs en Tunisie - Kapitalis","og_description":"Avec 540 nouvelles contaminations au coronavirus d\u00e9pist\u00e9es au 16 septembre 2020, le nombre de cas enregistr\u00e9s en Tunisie depuis l&rsquo;apparition de la pand\u00e9mie, en mars dernier, s&rsquo;\u00e9l\u00e8ve d\u00e9sormais \u00e0 9110, dont 6107 cas actifs. Ci-dessous la r\u00e9partition des contaminations par gouvernorat et un point sur la situation \u00e9pid\u00e9miologique.","og_url":"https:\/\/kapitalis.com\/tunisie\/2020\/09\/19\/coronavirus-repartition-des-6107-cas-actifs-en-tunisie\/","og_site_name":"Kapitalis","article_publisher":"https:\/\/www.facebook.com\/KapitalisInfo\/","article_published_time":"2020-09-19T17:31:41+00:00","article_modified_time":"2020-09-20T06:39:42+00:00","og_image":[{"width":1200,"height":630,"url":"https:\/\/kapitalis.com\/tunisie\/wp-content\/uploads\/2022\/05\/kapitalis-logo-fb.png","type":"image\/png"}],"author":"Yusra NY","twitter_card":"summary_large_image","twitter_creator":"@KapitalisInfo","twitter_site":"@KapitalisInfo","twitter_misc":{"\u00c9crit par":"Yusra NY","Dur\u00e9e de lecture estim\u00e9e":"1 minute"},"schema":{"@context":"https:\/\/schema.org","@graph":[{"@type":"Article","@id":"https:\/\/kapitalis.com\/tunisie\/2020\/09\/19\/coronavirus-repartition-des-6107-cas-actifs-en-tunisie\/#article","isPartOf":{"@id":"https:\/\/kapitalis.com\/tunisie\/2020\/09\/19\/coronavirus-repartition-des-6107-cas-actifs-en-tunisie\/"},"author":{"name":"Yusra NY","@id":"https:\/\/kapitalis.com\/tunisie\/#\/schema\/person\/74bbde0154d49d790a92aaeac5bc01d5"},"headline":"Coronavirus : R\u00e9partition des 6107 cas actifs en Tunisie","datePublished":"2020-09-19T17:31:41+00:00","dateModified":"2020-09-20T06:39:42+00:00","mainEntityOfPage":{"@id":"https:\/\/kapitalis.com\/tunisie\/2020\/09\/19\/coronavirus-repartition-des-6107-cas-actifs-en-tunisie\/"},"wordCount":140,"commentCount":0,"publisher":{"@id":"https:\/\/kapitalis.com\/tunisie\/#organization"},"image":{"@id":"https:\/\/kapitalis.com\/tunisie\/2020\/09\/19\/coronavirus-repartition-des-6107-cas-actifs-en-tunisie\/#primaryimage"},"thumbnailUrl":"","keywords":["cas actifs","Coronavirus","Covid-19","pand\u00e9mie","Sant\u00e9","Tunisie"],"articleSection":["SOCIETE","Tunisie"],"inLanguage":"fr-FR","potentialAction":[{"@type":"CommentAction","name":"Comment","target":["https:\/\/kapitalis.com\/tunisie\/2020\/09\/19\/coronavirus-repartition-des-6107-cas-actifs-en-tunisie\/#respond"]}]},{"@type":"WebPage","@id":"https:\/\/kapitalis.com\/tunisie\/2020\/09\/19\/coronavirus-repartition-des-6107-cas-actifs-en-tunisie\/","url":"https:\/\/kapitalis.com\/tunisie\/2020\/09\/19\/coronavirus-repartition-des-6107-cas-actifs-en-tunisie\/","name":"Coronavirus : R\u00e9partition des 6107 cas actifs en Tunisie - Kapitalis","isPartOf":{"@id":"https:\/\/kapitalis.com\/tunisie\/#website"},"primaryImageOfPage":{"@id":"https:\/\/kapitalis.com\/tunisie\/2020\/09\/19\/coronavirus-repartition-des-6107-cas-actifs-en-tunisie\/#primaryimage"},"image":{"@id":"https:\/\/kapitalis.com\/tunisie\/2020\/09\/19\/coronavirus-repartition-des-6107-cas-actifs-en-tunisie\/#primaryimage"},"thumbnailUrl":"","datePublished":"2020-09-19T17:31:41+00:00","dateModified":"2020-09-20T06:39:42+00:00","breadcrumb":{"@id":"https:\/\/kapitalis.com\/tunisie\/2020\/09\/19\/coronavirus-repartition-des-6107-cas-actifs-en-tunisie\/#breadcrumb"},"inLanguage":"fr-FR","potentialAction":[{"@type":"ReadAction","target":["https:\/\/kapitalis.com\/tunisie\/2020\/09\/19\/coronavirus-repartition-des-6107-cas-actifs-en-tunisie\/"]}]},{"@type":"ImageObject","inLanguage":"fr-FR","@id":"https:\/\/kapitalis.com\/tunisie\/2020\/09\/19\/coronavirus-repartition-des-6107-cas-actifs-en-tunisie\/#primaryimage","url":"","contentUrl":""},{"@type":"BreadcrumbList","@id":"https:\/\/kapitalis.com\/tunisie\/2020\/09\/19\/coronavirus-repartition-des-6107-cas-actifs-en-tunisie\/#breadcrumb","itemListElement":[{"@type":"ListItem","position":1,"name":"Accueil","item":"https:\/\/kapitalis.com\/tunisie\/"},{"@type":"ListItem","position":2,"name":"Coronavirus : R\u00e9partition des 6107 cas actifs en Tunisie"}]},{"@type":"WebSite","@id":"https:\/\/kapitalis.com\/tunisie\/#website","url":"https:\/\/kapitalis.com\/tunisie\/","name":"Kapitalis","description":"L&#039;actualit\u00e9 en Tunisie et dans le monde","publisher":{"@id":"https:\/\/kapitalis.com\/tunisie\/#organization"},"potentialAction":[{"@type":"SearchAction","target":{"@type":"EntryPoint","urlTemplate":"https:\/\/kapitalis.com\/tunisie\/?s={search_term_string}"},"query-input":{"@type":"PropertyValueSpecification","valueRequired":true,"valueName":"search_term_string"}}],"inLanguage":"fr-FR"},{"@type":"Organization","@id":"https:\/\/kapitalis.com\/tunisie\/#organization","name":"Kapitalis","url":"https:\/\/kapitalis.com\/tunisie\/","logo":{"@type":"ImageObject","inLanguage":"fr-FR","@id":"https:\/\/kapitalis.com\/tunisie\/#\/schema\/logo\/image\/","url":"https:\/\/kapitalis.com\/tunisie\/wp-content\/uploads\/2022\/05\/Kapitalis-big-size.png","contentUrl":"https:\/\/kapitalis.com\/tunisie\/wp-content\/uploads\/2022\/05\/Kapitalis-big-size.png","width":5000,"height":1500,"caption":"Kapitalis"},"image":{"@id":"https:\/\/kapitalis.com\/tunisie\/#\/schema\/logo\/image\/"},"sameAs":["https:\/\/www.facebook.com\/KapitalisInfo\/","https:\/\/x.com\/KapitalisInfo","https:\/\/www.youtube.com\/channel\/UC-yDYrHyfFBWWZaOw3FPg9Q"]},{"@type":"Person","@id":"https:\/\/kapitalis.com\/tunisie\/#\/schema\/person\/74bbde0154d49d790a92aaeac5bc01d5","name":"Yusra NY","url":"https:\/\/kapitalis.com\/tunisie\/author\/yuza_adam\/"}]}},"_links":{"self":[{"href":"https:\/\/kapitalis.com\/tunisie\/wp-json\/wp\/v2\/posts\/317096","targetHints":{"allow":["GET"]}}],"collection":[{"href":"https:\/\/kapitalis.com\/tunisie\/wp-json\/wp\/v2\/posts"}],"about":[{"href":"https:\/\/kapitalis.com\/tunisie\/wp-json\/wp\/v2\/types\/post"}],"author":[{"embeddable":true,"href":"https:\/\/kapitalis.com\/tunisie\/wp-json\/wp\/v2\/users\/6"}],"replies":[{"embeddable":true,"href":"https:\/\/kapitalis.com\/tunisie\/wp-json\/wp\/v2\/comments?post=317096"}],"version-history":[{"count":0,"href":"https:\/\/kapitalis.com\/tunisie\/wp-json\/wp\/v2\/posts\/317096\/revisions"}],"wp:featuredmedia":[{"embeddable":true,"href":"https:\/\/kapitalis.com\/tunisie\/wp-json\/wp\/v2\/media\/317123"}],"wp:attachment":[{"href":"https:\/\/kapitalis.com\/tunisie\/wp-json\/wp\/v2\/media?parent=317096"}],"wp:term":[{"taxonomy":"category","embeddable":true,"href":"https:\/\/kapitalis.com\/tunisie\/wp-json\/wp\/v2\/categories?post=317096"},{"taxonomy":"post_tag","embeddable":true,"href":"https:\/\/kapitalis.com\/tunisie\/wp-json\/wp\/v2\/tags?post=317096"}],"curies":[{"name":"wp","href":"https:\/\/api.w.org\/{rel}","templated":true}]}}