{"id":3172706,"date":"2022-08-17T12:39:10","date_gmt":"2022-08-17T11:39:10","guid":{"rendered":"https:\/\/kapitalis.com\/tunisie\/?p=3172706"},"modified":"2022-08-17T12:39:13","modified_gmt":"2022-08-17T11:39:13","slug":"fortissimo-festival-a-el-jem-un-grand-moment-de-musique-italienne","status":"publish","type":"post","link":"https:\/\/kapitalis.com\/tunisie\/2022\/08\/17\/fortissimo-festival-a-el-jem-un-grand-moment-de-musique-italienne\/","title":{"rendered":"Fortissimo Festival\u00a0\u00e0 El Jem\u00a0: Un grand moment de musique italienne"},"content":{"rendered":"\n<p><em><strong>Apr\u00e8s le Festival international de musique symphonique, l\u2019Amphith\u00e9\u00e2tre d\u2019El Jem accueille le mois prochain le Fortissimo Festival avec deux grands concerts d\u00e9di\u00e9s \u00e0 Morricone et Pasolini.<\/strong><\/em><\/p>\n\n\n\n<!--more-->\n\n\n\n<p>La 4<sup>e<\/sup> \u00e9dition du Fortissimo Festival aura lieu les 22 et 23 septembre prochain. Un grand \u00e9v\u00e9nement artistique soutenu entre-autres par l\u2019Institut culturel italien de Tunis et l\u2019Agence de mise en valeur du patrimoine et de promotion culturelle.<\/p>\n\n\n\n<p>Le festival se tiendra sur deux jours, d\u2019abord avec un hommage au grand compositeur et chef d\u2019orchestre Ennio Morricone par l\u2019Orchestre philarmonique de Calabre et l\u2019Orchestre \u00ab&nbsp;Les solistes de Megrine&nbsp;\u00bb, sous la direction du maestro Philippo Arila.<\/p>\n\n\n\n<p>La deuxi\u00e8me soir\u00e9e sera d\u00e9di\u00e9e \u00e0 l\u2019\u0153uvre de l\u2019\u00e9crivain et r\u00e9alisateur italien Pier Paolo Pasolini, et sera assur\u00e9e pa le quintette \u00e0 cordes de l\u2019Orchestre de Calabre, accompagn\u00e9 par le pianiste Jovanny Pandolfo.<\/p>\n\n\n\n<p class=\"has-text-align-right\"><strong>F.B<\/strong><\/p>\n","protected":false},"excerpt":{"rendered":"<p>Apr\u00e8s le Festival international de musique symphonique, l\u2019Amphith\u00e9\u00e2tre d\u2019El Jem accueille le mois prochain le Fortissimo Festival avec deux grands concerts d\u00e9di\u00e9s \u00e0 Morricone et Pasolini.<\/p>\n","protected":false},"author":26,"featured_media":3173886,"comment_status":"open","ping_status":"open","sticky":false,"template":"","format":"standard","meta":{"footnotes":""},"categories":[994,2433],"tags":[86416,102109,102111,102110,102112,62643],"class_list":["post-3172706","post","type-post","status-publish","format-standard","has-post-thumbnail","hentry","category-culture","category-tunisie","tag-el-jem-2","tag-fortissimo-festival","tag-morricone","tag-musique-italienne","tag-pasolini","tag-tunisie"],"yoast_head":"<!-- This site is optimized with the Yoast SEO plugin v26.6 - https:\/\/yoast.com\/wordpress\/plugins\/seo\/ -->\n<title>Fortissimo Festival\u00a0\u00e0 El Jem\u00a0: Un grand moment de musique italienne - Kapitalis<\/title>\n<meta name=\"robots\" content=\"index, follow, max-snippet:-1, max-image-preview:large, max-video-preview:-1\" \/>\n<link rel=\"canonical\" href=\"https:\/\/kapitalis.com\/tunisie\/2022\/08\/17\/fortissimo-festival-a-el-jem-un-grand-moment-de-musique-italienne\/\" \/>\n<meta property=\"og:locale\" content=\"fr_FR\" \/>\n<meta property=\"og:type\" content=\"article\" \/>\n<meta property=\"og:title\" content=\"Fortissimo Festival\u00a0\u00e0 El Jem\u00a0: Un grand moment de musique italienne - Kapitalis\" \/>\n<meta property=\"og:description\" content=\"Apr\u00e8s le Festival international de musique symphonique, l\u2019Amphith\u00e9\u00e2tre d\u2019El Jem accueille le mois prochain le Fortissimo Festival avec deux grands concerts d\u00e9di\u00e9s \u00e0 Morricone et Pasolini.\" \/>\n<meta property=\"og:url\" content=\"https:\/\/kapitalis.com\/tunisie\/2022\/08\/17\/fortissimo-festival-a-el-jem-un-grand-moment-de-musique-italienne\/\" \/>\n<meta property=\"og:site_name\" content=\"Kapitalis\" \/>\n<meta property=\"article:publisher\" content=\"https:\/\/www.facebook.com\/KapitalisInfo\/\" \/>\n<meta property=\"article:published_time\" content=\"2022-08-17T11:39:10+00:00\" \/>\n<meta property=\"article:modified_time\" content=\"2022-08-17T11:39:13+00:00\" \/>\n<meta property=\"og:image\" content=\"https:\/\/kapitalis.com\/tunisie\/wp-content\/uploads\/2022\/08\/Fortissimo-Festival.jpg\" \/>\n\t<meta property=\"og:image:width\" content=\"1200\" \/>\n\t<meta property=\"og:image:height\" content=\"630\" \/>\n\t<meta property=\"og:image:type\" content=\"image\/jpeg\" \/>\n<meta name=\"author\" content=\"Fawz BenAli\" \/>\n<meta name=\"twitter:card\" content=\"summary_large_image\" \/>\n<meta name=\"twitter:creator\" content=\"@KapitalisInfo\" \/>\n<meta name=\"twitter:site\" content=\"@KapitalisInfo\" \/>\n<meta name=\"twitter:label1\" content=\"\u00c9crit par\" \/>\n\t<meta name=\"twitter:data1\" content=\"Fawz BenAli\" \/>\n\t<meta name=\"twitter:label2\" content=\"Dur\u00e9e de lecture estim\u00e9e\" \/>\n\t<meta name=\"twitter:data2\" content=\"1 minute\" \/>\n<script type=\"application\/ld+json\" class=\"yoast-schema-graph\">{\"@context\":\"https:\/\/schema.org\",\"@graph\":[{\"@type\":\"Article\",\"@id\":\"https:\/\/kapitalis.com\/tunisie\/2022\/08\/17\/fortissimo-festival-a-el-jem-un-grand-moment-de-musique-italienne\/#article\",\"isPartOf\":{\"@id\":\"https:\/\/kapitalis.com\/tunisie\/2022\/08\/17\/fortissimo-festival-a-el-jem-un-grand-moment-de-musique-italienne\/\"},\"author\":{\"name\":\"Fawz BenAli\",\"@id\":\"https:\/\/kapitalis.com\/tunisie\/#\/schema\/person\/73a5ecc1f6ae540c6ed91342eadca948\"},\"headline\":\"Fortissimo Festival\u00a0\u00e0 El Jem\u00a0: Un grand moment de musique italienne\",\"datePublished\":\"2022-08-17T11:39:10+00:00\",\"dateModified\":\"2022-08-17T11:39:13+00:00\",\"mainEntityOfPage\":{\"@id\":\"https:\/\/kapitalis.com\/tunisie\/2022\/08\/17\/fortissimo-festival-a-el-jem-un-grand-moment-de-musique-italienne\/\"},\"wordCount\":165,\"commentCount\":0,\"publisher\":{\"@id\":\"https:\/\/kapitalis.com\/tunisie\/#organization\"},\"image\":{\"@id\":\"https:\/\/kapitalis.com\/tunisie\/2022\/08\/17\/fortissimo-festival-a-el-jem-un-grand-moment-de-musique-italienne\/#primaryimage\"},\"thumbnailUrl\":\"https:\/\/kapitalis.com\/tunisie\/wp-content\/uploads\/2022\/08\/Fortissimo-Festival.jpg\",\"keywords\":[\"El Jem\",\"Fortissimo Festival\",\"Morricone\",\"musique italienne\",\"Pasolini\",\"Tunisie\"],\"articleSection\":[\"CULTURE\",\"Tunisie\"],\"inLanguage\":\"fr-FR\",\"potentialAction\":[{\"@type\":\"CommentAction\",\"name\":\"Comment\",\"target\":[\"https:\/\/kapitalis.com\/tunisie\/2022\/08\/17\/fortissimo-festival-a-el-jem-un-grand-moment-de-musique-italienne\/#respond\"]}]},{\"@type\":\"WebPage\",\"@id\":\"https:\/\/kapitalis.com\/tunisie\/2022\/08\/17\/fortissimo-festival-a-el-jem-un-grand-moment-de-musique-italienne\/\",\"url\":\"https:\/\/kapitalis.com\/tunisie\/2022\/08\/17\/fortissimo-festival-a-el-jem-un-grand-moment-de-musique-italienne\/\",\"name\":\"Fortissimo Festival\u00a0\u00e0 El Jem\u00a0: Un grand moment de musique italienne - Kapitalis\",\"isPartOf\":{\"@id\":\"https:\/\/kapitalis.com\/tunisie\/#website\"},\"primaryImageOfPage\":{\"@id\":\"https:\/\/kapitalis.com\/tunisie\/2022\/08\/17\/fortissimo-festival-a-el-jem-un-grand-moment-de-musique-italienne\/#primaryimage\"},\"image\":{\"@id\":\"https:\/\/kapitalis.com\/tunisie\/2022\/08\/17\/fortissimo-festival-a-el-jem-un-grand-moment-de-musique-italienne\/#primaryimage\"},\"thumbnailUrl\":\"https:\/\/kapitalis.com\/tunisie\/wp-content\/uploads\/2022\/08\/Fortissimo-Festival.jpg\",\"datePublished\":\"2022-08-17T11:39:10+00:00\",\"dateModified\":\"2022-08-17T11:39:13+00:00\",\"breadcrumb\":{\"@id\":\"https:\/\/kapitalis.com\/tunisie\/2022\/08\/17\/fortissimo-festival-a-el-jem-un-grand-moment-de-musique-italienne\/#breadcrumb\"},\"inLanguage\":\"fr-FR\",\"potentialAction\":[{\"@type\":\"ReadAction\",\"target\":[\"https:\/\/kapitalis.com\/tunisie\/2022\/08\/17\/fortissimo-festival-a-el-jem-un-grand-moment-de-musique-italienne\/\"]}]},{\"@type\":\"ImageObject\",\"inLanguage\":\"fr-FR\",\"@id\":\"https:\/\/kapitalis.com\/tunisie\/2022\/08\/17\/fortissimo-festival-a-el-jem-un-grand-moment-de-musique-italienne\/#primaryimage\",\"url\":\"https:\/\/kapitalis.com\/tunisie\/wp-content\/uploads\/2022\/08\/Fortissimo-Festival.jpg\",\"contentUrl\":\"https:\/\/kapitalis.com\/tunisie\/wp-content\/uploads\/2022\/08\/Fortissimo-Festival.jpg\",\"width\":1200,\"height\":630},{\"@type\":\"BreadcrumbList\",\"@id\":\"https:\/\/kapitalis.com\/tunisie\/2022\/08\/17\/fortissimo-festival-a-el-jem-un-grand-moment-de-musique-italienne\/#breadcrumb\",\"itemListElement\":[{\"@type\":\"ListItem\",\"position\":1,\"name\":\"Accueil\",\"item\":\"https:\/\/kapitalis.com\/tunisie\/\"},{\"@type\":\"ListItem\",\"position\":2,\"name\":\"Fortissimo Festival\u00a0\u00e0 El Jem\u00a0: Un grand moment de musique italienne\"}]},{\"@type\":\"WebSite\",\"@id\":\"https:\/\/kapitalis.com\/tunisie\/#website\",\"url\":\"https:\/\/kapitalis.com\/tunisie\/\",\"name\":\"Kapitalis\",\"description\":\"L&#039;actualit\u00e9 en Tunisie et dans le monde\",\"publisher\":{\"@id\":\"https:\/\/kapitalis.com\/tunisie\/#organization\"},\"potentialAction\":[{\"@type\":\"SearchAction\",\"target\":{\"@type\":\"EntryPoint\",\"urlTemplate\":\"https:\/\/kapitalis.com\/tunisie\/?s={search_term_string}\"},\"query-input\":{\"@type\":\"PropertyValueSpecification\",\"valueRequired\":true,\"valueName\":\"search_term_string\"}}],\"inLanguage\":\"fr-FR\"},{\"@type\":\"Organization\",\"@id\":\"https:\/\/kapitalis.com\/tunisie\/#organization\",\"name\":\"Kapitalis\",\"url\":\"https:\/\/kapitalis.com\/tunisie\/\",\"logo\":{\"@type\":\"ImageObject\",\"inLanguage\":\"fr-FR\",\"@id\":\"https:\/\/kapitalis.com\/tunisie\/#\/schema\/logo\/image\/\",\"url\":\"https:\/\/kapitalis.com\/tunisie\/wp-content\/uploads\/2022\/05\/Kapitalis-big-size.png\",\"contentUrl\":\"https:\/\/kapitalis.com\/tunisie\/wp-content\/uploads\/2022\/05\/Kapitalis-big-size.png\",\"width\":5000,\"height\":1500,\"caption\":\"Kapitalis\"},\"image\":{\"@id\":\"https:\/\/kapitalis.com\/tunisie\/#\/schema\/logo\/image\/\"},\"sameAs\":[\"https:\/\/www.facebook.com\/KapitalisInfo\/\",\"https:\/\/x.com\/KapitalisInfo\",\"https:\/\/www.youtube.com\/channel\/UC-yDYrHyfFBWWZaOw3FPg9Q\"]},{\"@type\":\"Person\",\"@id\":\"https:\/\/kapitalis.com\/tunisie\/#\/schema\/person\/73a5ecc1f6ae540c6ed91342eadca948\",\"name\":\"Fawz BenAli\",\"url\":\"https:\/\/kapitalis.com\/tunisie\/author\/fawz\/\"}]}<\/script>\n<!-- \/ Yoast SEO plugin. -->","yoast_head_json":{"title":"Fortissimo Festival\u00a0\u00e0 El Jem\u00a0: Un grand moment de musique italienne - Kapitalis","robots":{"index":"index","follow":"follow","max-snippet":"max-snippet:-1","max-image-preview":"max-image-preview:large","max-video-preview":"max-video-preview:-1"},"canonical":"https:\/\/kapitalis.com\/tunisie\/2022\/08\/17\/fortissimo-festival-a-el-jem-un-grand-moment-de-musique-italienne\/","og_locale":"fr_FR","og_type":"article","og_title":"Fortissimo Festival\u00a0\u00e0 El Jem\u00a0: Un grand moment de musique italienne - Kapitalis","og_description":"Apr\u00e8s le Festival international de musique symphonique, l\u2019Amphith\u00e9\u00e2tre d\u2019El Jem accueille le mois prochain le Fortissimo Festival avec deux grands concerts d\u00e9di\u00e9s \u00e0 Morricone et Pasolini.","og_url":"https:\/\/kapitalis.com\/tunisie\/2022\/08\/17\/fortissimo-festival-a-el-jem-un-grand-moment-de-musique-italienne\/","og_site_name":"Kapitalis","article_publisher":"https:\/\/www.facebook.com\/KapitalisInfo\/","article_published_time":"2022-08-17T11:39:10+00:00","article_modified_time":"2022-08-17T11:39:13+00:00","og_image":[{"width":1200,"height":630,"url":"https:\/\/kapitalis.com\/tunisie\/wp-content\/uploads\/2022\/08\/Fortissimo-Festival.jpg","type":"image\/jpeg"}],"author":"Fawz BenAli","twitter_card":"summary_large_image","twitter_creator":"@KapitalisInfo","twitter_site":"@KapitalisInfo","twitter_misc":{"\u00c9crit par":"Fawz BenAli","Dur\u00e9e de lecture estim\u00e9e":"1 minute"},"schema":{"@context":"https:\/\/schema.org","@graph":[{"@type":"Article","@id":"https:\/\/kapitalis.com\/tunisie\/2022\/08\/17\/fortissimo-festival-a-el-jem-un-grand-moment-de-musique-italienne\/#article","isPartOf":{"@id":"https:\/\/kapitalis.com\/tunisie\/2022\/08\/17\/fortissimo-festival-a-el-jem-un-grand-moment-de-musique-italienne\/"},"author":{"name":"Fawz BenAli","@id":"https:\/\/kapitalis.com\/tunisie\/#\/schema\/person\/73a5ecc1f6ae540c6ed91342eadca948"},"headline":"Fortissimo Festival\u00a0\u00e0 El Jem\u00a0: Un grand moment de musique italienne","datePublished":"2022-08-17T11:39:10+00:00","dateModified":"2022-08-17T11:39:13+00:00","mainEntityOfPage":{"@id":"https:\/\/kapitalis.com\/tunisie\/2022\/08\/17\/fortissimo-festival-a-el-jem-un-grand-moment-de-musique-italienne\/"},"wordCount":165,"commentCount":0,"publisher":{"@id":"https:\/\/kapitalis.com\/tunisie\/#organization"},"image":{"@id":"https:\/\/kapitalis.com\/tunisie\/2022\/08\/17\/fortissimo-festival-a-el-jem-un-grand-moment-de-musique-italienne\/#primaryimage"},"thumbnailUrl":"https:\/\/kapitalis.com\/tunisie\/wp-content\/uploads\/2022\/08\/Fortissimo-Festival.jpg","keywords":["El Jem","Fortissimo Festival","Morricone","musique italienne","Pasolini","Tunisie"],"articleSection":["CULTURE","Tunisie"],"inLanguage":"fr-FR","potentialAction":[{"@type":"CommentAction","name":"Comment","target":["https:\/\/kapitalis.com\/tunisie\/2022\/08\/17\/fortissimo-festival-a-el-jem-un-grand-moment-de-musique-italienne\/#respond"]}]},{"@type":"WebPage","@id":"https:\/\/kapitalis.com\/tunisie\/2022\/08\/17\/fortissimo-festival-a-el-jem-un-grand-moment-de-musique-italienne\/","url":"https:\/\/kapitalis.com\/tunisie\/2022\/08\/17\/fortissimo-festival-a-el-jem-un-grand-moment-de-musique-italienne\/","name":"Fortissimo Festival\u00a0\u00e0 El Jem\u00a0: Un grand moment de musique italienne - Kapitalis","isPartOf":{"@id":"https:\/\/kapitalis.com\/tunisie\/#website"},"primaryImageOfPage":{"@id":"https:\/\/kapitalis.com\/tunisie\/2022\/08\/17\/fortissimo-festival-a-el-jem-un-grand-moment-de-musique-italienne\/#primaryimage"},"image":{"@id":"https:\/\/kapitalis.com\/tunisie\/2022\/08\/17\/fortissimo-festival-a-el-jem-un-grand-moment-de-musique-italienne\/#primaryimage"},"thumbnailUrl":"https:\/\/kapitalis.com\/tunisie\/wp-content\/uploads\/2022\/08\/Fortissimo-Festival.jpg","datePublished":"2022-08-17T11:39:10+00:00","dateModified":"2022-08-17T11:39:13+00:00","breadcrumb":{"@id":"https:\/\/kapitalis.com\/tunisie\/2022\/08\/17\/fortissimo-festival-a-el-jem-un-grand-moment-de-musique-italienne\/#breadcrumb"},"inLanguage":"fr-FR","potentialAction":[{"@type":"ReadAction","target":["https:\/\/kapitalis.com\/tunisie\/2022\/08\/17\/fortissimo-festival-a-el-jem-un-grand-moment-de-musique-italienne\/"]}]},{"@type":"ImageObject","inLanguage":"fr-FR","@id":"https:\/\/kapitalis.com\/tunisie\/2022\/08\/17\/fortissimo-festival-a-el-jem-un-grand-moment-de-musique-italienne\/#primaryimage","url":"https:\/\/kapitalis.com\/tunisie\/wp-content\/uploads\/2022\/08\/Fortissimo-Festival.jpg","contentUrl":"https:\/\/kapitalis.com\/tunisie\/wp-content\/uploads\/2022\/08\/Fortissimo-Festival.jpg","width":1200,"height":630},{"@type":"BreadcrumbList","@id":"https:\/\/kapitalis.com\/tunisie\/2022\/08\/17\/fortissimo-festival-a-el-jem-un-grand-moment-de-musique-italienne\/#breadcrumb","itemListElement":[{"@type":"ListItem","position":1,"name":"Accueil","item":"https:\/\/kapitalis.com\/tunisie\/"},{"@type":"ListItem","position":2,"name":"Fortissimo Festival\u00a0\u00e0 El Jem\u00a0: Un grand moment de musique italienne"}]},{"@type":"WebSite","@id":"https:\/\/kapitalis.com\/tunisie\/#website","url":"https:\/\/kapitalis.com\/tunisie\/","name":"Kapitalis","description":"L&#039;actualit\u00e9 en Tunisie et dans le monde","publisher":{"@id":"https:\/\/kapitalis.com\/tunisie\/#organization"},"potentialAction":[{"@type":"SearchAction","target":{"@type":"EntryPoint","urlTemplate":"https:\/\/kapitalis.com\/tunisie\/?s={search_term_string}"},"query-input":{"@type":"PropertyValueSpecification","valueRequired":true,"valueName":"search_term_string"}}],"inLanguage":"fr-FR"},{"@type":"Organization","@id":"https:\/\/kapitalis.com\/tunisie\/#organization","name":"Kapitalis","url":"https:\/\/kapitalis.com\/tunisie\/","logo":{"@type":"ImageObject","inLanguage":"fr-FR","@id":"https:\/\/kapitalis.com\/tunisie\/#\/schema\/logo\/image\/","url":"https:\/\/kapitalis.com\/tunisie\/wp-content\/uploads\/2022\/05\/Kapitalis-big-size.png","contentUrl":"https:\/\/kapitalis.com\/tunisie\/wp-content\/uploads\/2022\/05\/Kapitalis-big-size.png","width":5000,"height":1500,"caption":"Kapitalis"},"image":{"@id":"https:\/\/kapitalis.com\/tunisie\/#\/schema\/logo\/image\/"},"sameAs":["https:\/\/www.facebook.com\/KapitalisInfo\/","https:\/\/x.com\/KapitalisInfo","https:\/\/www.youtube.com\/channel\/UC-yDYrHyfFBWWZaOw3FPg9Q"]},{"@type":"Person","@id":"https:\/\/kapitalis.com\/tunisie\/#\/schema\/person\/73a5ecc1f6ae540c6ed91342eadca948","name":"Fawz BenAli","url":"https:\/\/kapitalis.com\/tunisie\/author\/fawz\/"}]}},"_links":{"self":[{"href":"https:\/\/kapitalis.com\/tunisie\/wp-json\/wp\/v2\/posts\/3172706","targetHints":{"allow":["GET"]}}],"collection":[{"href":"https:\/\/kapitalis.com\/tunisie\/wp-json\/wp\/v2\/posts"}],"about":[{"href":"https:\/\/kapitalis.com\/tunisie\/wp-json\/wp\/v2\/types\/post"}],"author":[{"embeddable":true,"href":"https:\/\/kapitalis.com\/tunisie\/wp-json\/wp\/v2\/users\/26"}],"replies":[{"embeddable":true,"href":"https:\/\/kapitalis.com\/tunisie\/wp-json\/wp\/v2\/comments?post=3172706"}],"version-history":[{"count":0,"href":"https:\/\/kapitalis.com\/tunisie\/wp-json\/wp\/v2\/posts\/3172706\/revisions"}],"wp:featuredmedia":[{"embeddable":true,"href":"https:\/\/kapitalis.com\/tunisie\/wp-json\/wp\/v2\/media\/3173886"}],"wp:attachment":[{"href":"https:\/\/kapitalis.com\/tunisie\/wp-json\/wp\/v2\/media?parent=3172706"}],"wp:term":[{"taxonomy":"category","embeddable":true,"href":"https:\/\/kapitalis.com\/tunisie\/wp-json\/wp\/v2\/categories?post=3172706"},{"taxonomy":"post_tag","embeddable":true,"href":"https:\/\/kapitalis.com\/tunisie\/wp-json\/wp\/v2\/tags?post=3172706"}],"curies":[{"name":"wp","href":"https:\/\/api.w.org\/{rel}","templated":true}]}}