{"id":317354,"date":"2020-09-22T07:20:42","date_gmt":"2020-09-22T06:20:42","guid":{"rendered":"http:\/\/kapitalis.com\/tunisie\/?p=317354"},"modified":"2020-09-22T07:20:45","modified_gmt":"2020-09-22T06:20:45","slug":"appele-a-la-rescousse-par-le-chef-de-gouvernement-taoufik-baccar-en-mode-pompier","status":"publish","type":"post","link":"https:\/\/kapitalis.com\/tunisie\/2020\/09\/22\/appele-a-la-rescousse-par-le-chef-de-gouvernement-taoufik-baccar-en-mode-pompier\/","title":{"rendered":"Appel\u00e9 \u00e0 la rescousse par le chef de gouvernement : Taoufik Baccar en mode pompier"},"content":{"rendered":"\n<figure class=\"wp-block-image size-large\"><img decoding=\"async\" src=\"http:\/\/kapitalis.com\/tunisie\/wp-content\/uploads\/2018\/06\/Taoufik-Baccar.jpg\" alt=\"\" class=\"wp-image-162330\"\/><\/figure>\n\n\n\n<p><strong><em>L&rsquo;<strong><em>ancien ministre des Finances (1999-2004)<\/em><\/strong> et<\/em><\/strong> <strong><em>ancien gouverneur de la Banque centrale de Tunisie (2004-2011), Taoufik Baccar, vient d&rsquo;\u00eatre appel\u00e9 \u00e0 la rescousse et nomm\u00e9 conseiller \u00e9conomique du chef de gouvernement Hichem Mechichi. <\/em><\/strong><\/p>\n\n\n\n<!--more-->\n\n\n\n<p>Ce dernier, \u00e9narque dont l&rsquo;\u00e9conomie n&rsquo;est pas le point fort, doit faire face \u00e0 une situation pour le moins catastrophique, avec tous les clignotants au rouge et des d\u00e9ficits sur pratiquement tous les front et des marges de man\u0153uvres budg\u00e9taires tr\u00e8s restreintes sinon nulles, alors que la poursuite du recours \u00e0 l&rsquo;endettement, int\u00e9rieur et ext\u00e9rieur, est devenu hypoth\u00e9tique, la notation souveraine de la Tunisie \u00e9tant d\u00e9j\u00e0 tr\u00e8s mauvaise et qui risque d&rsquo;\u00eatre aggrav\u00e9e prochainement par le agences de notation. <\/p>\n\n\n\n<p>Que pourra apporter M. Baccar, dont la science \u00e9conomique et financi\u00e8re est certaine ? Il pourra faire le pompier en proposant des pistes de sortie de crise, mais le chef de gouvernement aura-t-il suffisamment de courage pour les mettre en oeuvre, quitte \u00e0 bouleverser certaines situations de rente ou \u00e0 brusquer des \u00e9quilibres socio-\u00e9conomiques pr\u00e9caires ? Qu&rsquo;on nous permette d&rsquo;en douter, mais on ne demande qu&rsquo;\u00e0 \u00eatre d\u00e9menti. <\/p>\n\n\n\n<p class=\"has-text-align-right\"><strong>I. B. <\/strong>            <\/p>\n","protected":false},"excerpt":{"rendered":"<p>L&rsquo;ancien ministre des Finances (1999-2004) et ancien gouverneur de la Banque centrale de Tunisie (2004-2011), Taoufik Baccar, vient d&rsquo;\u00eatre appel\u00e9 \u00e0 la rescousse et nomm\u00e9 conseiller \u00e9conomique du chef de gouvernement Hichem Mechichi.<\/p>\n","protected":false},"author":8,"featured_media":0,"comment_status":"open","ping_status":"open","sticky":false,"template":"","format":"standard","meta":{"footnotes":""},"categories":[995,997,2433],"tags":[74899,5826],"class_list":["post-317354","post","type-post","status-publish","format-standard","hentry","category-economie","category-politique","category-tunisie","tag-hichem-mechichi","tag-taoufik-baccar"],"yoast_head":"<!-- This site is optimized with the Yoast SEO plugin v26.6 - https:\/\/yoast.com\/wordpress\/plugins\/seo\/ -->\n<title>Appel\u00e9 \u00e0 la rescousse par le chef de gouvernement : Taoufik Baccar en mode pompier - Kapitalis<\/title>\n<meta name=\"robots\" content=\"index, follow, max-snippet:-1, max-image-preview:large, max-video-preview:-1\" \/>\n<link rel=\"canonical\" href=\"https:\/\/kapitalis.com\/tunisie\/2020\/09\/22\/appele-a-la-rescousse-par-le-chef-de-gouvernement-taoufik-baccar-en-mode-pompier\/\" \/>\n<meta property=\"og:locale\" content=\"fr_FR\" \/>\n<meta property=\"og:type\" content=\"article\" \/>\n<meta property=\"og:title\" content=\"Appel\u00e9 \u00e0 la rescousse par le chef de gouvernement : Taoufik Baccar en mode pompier - Kapitalis\" \/>\n<meta property=\"og:description\" content=\"L&rsquo;ancien ministre des Finances (1999-2004) et ancien gouverneur de la Banque centrale de Tunisie (2004-2011), Taoufik Baccar, vient d&rsquo;\u00eatre appel\u00e9 \u00e0 la rescousse et nomm\u00e9 conseiller \u00e9conomique du chef de gouvernement Hichem Mechichi.\" \/>\n<meta property=\"og:url\" content=\"https:\/\/kapitalis.com\/tunisie\/2020\/09\/22\/appele-a-la-rescousse-par-le-chef-de-gouvernement-taoufik-baccar-en-mode-pompier\/\" \/>\n<meta property=\"og:site_name\" content=\"Kapitalis\" \/>\n<meta property=\"article:publisher\" content=\"https:\/\/www.facebook.com\/KapitalisInfo\/\" \/>\n<meta property=\"article:published_time\" content=\"2020-09-22T06:20:42+00:00\" \/>\n<meta property=\"article:modified_time\" content=\"2020-09-22T06:20:45+00:00\" \/>\n<meta property=\"og:image\" content=\"http:\/\/kapitalis.com\/tunisie\/wp-content\/uploads\/2018\/06\/Taoufik-Baccar.jpg\" \/>\n<meta name=\"author\" content=\"webmaster kapitalis\" \/>\n<meta name=\"twitter:card\" content=\"summary_large_image\" \/>\n<meta name=\"twitter:creator\" content=\"@KapitalisInfo\" \/>\n<meta name=\"twitter:site\" content=\"@KapitalisInfo\" \/>\n<meta name=\"twitter:label1\" content=\"\u00c9crit par\" \/>\n\t<meta name=\"twitter:data1\" content=\"webmaster kapitalis\" \/>\n\t<meta name=\"twitter:label2\" content=\"Dur\u00e9e de lecture estim\u00e9e\" \/>\n\t<meta name=\"twitter:data2\" content=\"1 minute\" \/>\n<script type=\"application\/ld+json\" class=\"yoast-schema-graph\">{\"@context\":\"https:\/\/schema.org\",\"@graph\":[{\"@type\":\"Article\",\"@id\":\"https:\/\/kapitalis.com\/tunisie\/2020\/09\/22\/appele-a-la-rescousse-par-le-chef-de-gouvernement-taoufik-baccar-en-mode-pompier\/#article\",\"isPartOf\":{\"@id\":\"https:\/\/kapitalis.com\/tunisie\/2020\/09\/22\/appele-a-la-rescousse-par-le-chef-de-gouvernement-taoufik-baccar-en-mode-pompier\/\"},\"author\":{\"name\":\"webmaster kapitalis\",\"@id\":\"https:\/\/kapitalis.com\/tunisie\/#\/schema\/person\/d71f33a9ca44f7bad4698210b480c8e9\"},\"headline\":\"Appel\u00e9 \u00e0 la rescousse par le chef de gouvernement : Taoufik Baccar en mode pompier\",\"datePublished\":\"2020-09-22T06:20:42+00:00\",\"dateModified\":\"2020-09-22T06:20:45+00:00\",\"mainEntityOfPage\":{\"@id\":\"https:\/\/kapitalis.com\/tunisie\/2020\/09\/22\/appele-a-la-rescousse-par-le-chef-de-gouvernement-taoufik-baccar-en-mode-pompier\/\"},\"wordCount\":206,\"commentCount\":2,\"publisher\":{\"@id\":\"https:\/\/kapitalis.com\/tunisie\/#organization\"},\"image\":{\"@id\":\"https:\/\/kapitalis.com\/tunisie\/2020\/09\/22\/appele-a-la-rescousse-par-le-chef-de-gouvernement-taoufik-baccar-en-mode-pompier\/#primaryimage\"},\"thumbnailUrl\":\"http:\/\/kapitalis.com\/tunisie\/wp-content\/uploads\/2018\/06\/Taoufik-Baccar.jpg\",\"keywords\":[\"Hichem Mechichi\",\"Taoufik Baccar\"],\"articleSection\":[\"ECONOMIE\",\"POLITIQUE\",\"Tunisie\"],\"inLanguage\":\"fr-FR\",\"potentialAction\":[{\"@type\":\"CommentAction\",\"name\":\"Comment\",\"target\":[\"https:\/\/kapitalis.com\/tunisie\/2020\/09\/22\/appele-a-la-rescousse-par-le-chef-de-gouvernement-taoufik-baccar-en-mode-pompier\/#respond\"]}]},{\"@type\":\"WebPage\",\"@id\":\"https:\/\/kapitalis.com\/tunisie\/2020\/09\/22\/appele-a-la-rescousse-par-le-chef-de-gouvernement-taoufik-baccar-en-mode-pompier\/\",\"url\":\"https:\/\/kapitalis.com\/tunisie\/2020\/09\/22\/appele-a-la-rescousse-par-le-chef-de-gouvernement-taoufik-baccar-en-mode-pompier\/\",\"name\":\"Appel\u00e9 \u00e0 la rescousse par le chef de gouvernement : Taoufik Baccar en mode pompier - Kapitalis\",\"isPartOf\":{\"@id\":\"https:\/\/kapitalis.com\/tunisie\/#website\"},\"primaryImageOfPage\":{\"@id\":\"https:\/\/kapitalis.com\/tunisie\/2020\/09\/22\/appele-a-la-rescousse-par-le-chef-de-gouvernement-taoufik-baccar-en-mode-pompier\/#primaryimage\"},\"image\":{\"@id\":\"https:\/\/kapitalis.com\/tunisie\/2020\/09\/22\/appele-a-la-rescousse-par-le-chef-de-gouvernement-taoufik-baccar-en-mode-pompier\/#primaryimage\"},\"thumbnailUrl\":\"http:\/\/kapitalis.com\/tunisie\/wp-content\/uploads\/2018\/06\/Taoufik-Baccar.jpg\",\"datePublished\":\"2020-09-22T06:20:42+00:00\",\"dateModified\":\"2020-09-22T06:20:45+00:00\",\"breadcrumb\":{\"@id\":\"https:\/\/kapitalis.com\/tunisie\/2020\/09\/22\/appele-a-la-rescousse-par-le-chef-de-gouvernement-taoufik-baccar-en-mode-pompier\/#breadcrumb\"},\"inLanguage\":\"fr-FR\",\"potentialAction\":[{\"@type\":\"ReadAction\",\"target\":[\"https:\/\/kapitalis.com\/tunisie\/2020\/09\/22\/appele-a-la-rescousse-par-le-chef-de-gouvernement-taoufik-baccar-en-mode-pompier\/\"]}]},{\"@type\":\"ImageObject\",\"inLanguage\":\"fr-FR\",\"@id\":\"https:\/\/kapitalis.com\/tunisie\/2020\/09\/22\/appele-a-la-rescousse-par-le-chef-de-gouvernement-taoufik-baccar-en-mode-pompier\/#primaryimage\",\"url\":\"http:\/\/kapitalis.com\/tunisie\/wp-content\/uploads\/2018\/06\/Taoufik-Baccar.jpg\",\"contentUrl\":\"http:\/\/kapitalis.com\/tunisie\/wp-content\/uploads\/2018\/06\/Taoufik-Baccar.jpg\"},{\"@type\":\"BreadcrumbList\",\"@id\":\"https:\/\/kapitalis.com\/tunisie\/2020\/09\/22\/appele-a-la-rescousse-par-le-chef-de-gouvernement-taoufik-baccar-en-mode-pompier\/#breadcrumb\",\"itemListElement\":[{\"@type\":\"ListItem\",\"position\":1,\"name\":\"Accueil\",\"item\":\"https:\/\/kapitalis.com\/tunisie\/\"},{\"@type\":\"ListItem\",\"position\":2,\"name\":\"Appel\u00e9 \u00e0 la rescousse par le chef de gouvernement : Taoufik Baccar en mode pompier\"}]},{\"@type\":\"WebSite\",\"@id\":\"https:\/\/kapitalis.com\/tunisie\/#website\",\"url\":\"https:\/\/kapitalis.com\/tunisie\/\",\"name\":\"Kapitalis\",\"description\":\"L&#039;actualit\u00e9 en Tunisie et dans le monde\",\"publisher\":{\"@id\":\"https:\/\/kapitalis.com\/tunisie\/#organization\"},\"potentialAction\":[{\"@type\":\"SearchAction\",\"target\":{\"@type\":\"EntryPoint\",\"urlTemplate\":\"https:\/\/kapitalis.com\/tunisie\/?s={search_term_string}\"},\"query-input\":{\"@type\":\"PropertyValueSpecification\",\"valueRequired\":true,\"valueName\":\"search_term_string\"}}],\"inLanguage\":\"fr-FR\"},{\"@type\":\"Organization\",\"@id\":\"https:\/\/kapitalis.com\/tunisie\/#organization\",\"name\":\"Kapitalis\",\"url\":\"https:\/\/kapitalis.com\/tunisie\/\",\"logo\":{\"@type\":\"ImageObject\",\"inLanguage\":\"fr-FR\",\"@id\":\"https:\/\/kapitalis.com\/tunisie\/#\/schema\/logo\/image\/\",\"url\":\"https:\/\/kapitalis.com\/tunisie\/wp-content\/uploads\/2022\/05\/Kapitalis-big-size.png\",\"contentUrl\":\"https:\/\/kapitalis.com\/tunisie\/wp-content\/uploads\/2022\/05\/Kapitalis-big-size.png\",\"width\":5000,\"height\":1500,\"caption\":\"Kapitalis\"},\"image\":{\"@id\":\"https:\/\/kapitalis.com\/tunisie\/#\/schema\/logo\/image\/\"},\"sameAs\":[\"https:\/\/www.facebook.com\/KapitalisInfo\/\",\"https:\/\/x.com\/KapitalisInfo\",\"https:\/\/www.youtube.com\/channel\/UC-yDYrHyfFBWWZaOw3FPg9Q\"]},{\"@type\":\"Person\",\"@id\":\"https:\/\/kapitalis.com\/tunisie\/#\/schema\/person\/d71f33a9ca44f7bad4698210b480c8e9\",\"name\":\"webmaster kapitalis\",\"url\":\"https:\/\/kapitalis.com\/tunisie\/author\/webmaster-kapitalis\/\"}]}<\/script>\n<!-- \/ Yoast SEO plugin. -->","yoast_head_json":{"title":"Appel\u00e9 \u00e0 la rescousse par le chef de gouvernement : Taoufik Baccar en mode pompier - Kapitalis","robots":{"index":"index","follow":"follow","max-snippet":"max-snippet:-1","max-image-preview":"max-image-preview:large","max-video-preview":"max-video-preview:-1"},"canonical":"https:\/\/kapitalis.com\/tunisie\/2020\/09\/22\/appele-a-la-rescousse-par-le-chef-de-gouvernement-taoufik-baccar-en-mode-pompier\/","og_locale":"fr_FR","og_type":"article","og_title":"Appel\u00e9 \u00e0 la rescousse par le chef de gouvernement : Taoufik Baccar en mode pompier - Kapitalis","og_description":"L&rsquo;ancien ministre des Finances (1999-2004) et ancien gouverneur de la Banque centrale de Tunisie (2004-2011), Taoufik Baccar, vient d&rsquo;\u00eatre appel\u00e9 \u00e0 la rescousse et nomm\u00e9 conseiller \u00e9conomique du chef de gouvernement Hichem Mechichi.","og_url":"https:\/\/kapitalis.com\/tunisie\/2020\/09\/22\/appele-a-la-rescousse-par-le-chef-de-gouvernement-taoufik-baccar-en-mode-pompier\/","og_site_name":"Kapitalis","article_publisher":"https:\/\/www.facebook.com\/KapitalisInfo\/","article_published_time":"2020-09-22T06:20:42+00:00","article_modified_time":"2020-09-22T06:20:45+00:00","og_image":[{"url":"http:\/\/kapitalis.com\/tunisie\/wp-content\/uploads\/2018\/06\/Taoufik-Baccar.jpg","type":"","width":"","height":""}],"author":"webmaster kapitalis","twitter_card":"summary_large_image","twitter_creator":"@KapitalisInfo","twitter_site":"@KapitalisInfo","twitter_misc":{"\u00c9crit par":"webmaster kapitalis","Dur\u00e9e de lecture estim\u00e9e":"1 minute"},"schema":{"@context":"https:\/\/schema.org","@graph":[{"@type":"Article","@id":"https:\/\/kapitalis.com\/tunisie\/2020\/09\/22\/appele-a-la-rescousse-par-le-chef-de-gouvernement-taoufik-baccar-en-mode-pompier\/#article","isPartOf":{"@id":"https:\/\/kapitalis.com\/tunisie\/2020\/09\/22\/appele-a-la-rescousse-par-le-chef-de-gouvernement-taoufik-baccar-en-mode-pompier\/"},"author":{"name":"webmaster kapitalis","@id":"https:\/\/kapitalis.com\/tunisie\/#\/schema\/person\/d71f33a9ca44f7bad4698210b480c8e9"},"headline":"Appel\u00e9 \u00e0 la rescousse par le chef de gouvernement : Taoufik Baccar en mode pompier","datePublished":"2020-09-22T06:20:42+00:00","dateModified":"2020-09-22T06:20:45+00:00","mainEntityOfPage":{"@id":"https:\/\/kapitalis.com\/tunisie\/2020\/09\/22\/appele-a-la-rescousse-par-le-chef-de-gouvernement-taoufik-baccar-en-mode-pompier\/"},"wordCount":206,"commentCount":2,"publisher":{"@id":"https:\/\/kapitalis.com\/tunisie\/#organization"},"image":{"@id":"https:\/\/kapitalis.com\/tunisie\/2020\/09\/22\/appele-a-la-rescousse-par-le-chef-de-gouvernement-taoufik-baccar-en-mode-pompier\/#primaryimage"},"thumbnailUrl":"http:\/\/kapitalis.com\/tunisie\/wp-content\/uploads\/2018\/06\/Taoufik-Baccar.jpg","keywords":["Hichem Mechichi","Taoufik Baccar"],"articleSection":["ECONOMIE","POLITIQUE","Tunisie"],"inLanguage":"fr-FR","potentialAction":[{"@type":"CommentAction","name":"Comment","target":["https:\/\/kapitalis.com\/tunisie\/2020\/09\/22\/appele-a-la-rescousse-par-le-chef-de-gouvernement-taoufik-baccar-en-mode-pompier\/#respond"]}]},{"@type":"WebPage","@id":"https:\/\/kapitalis.com\/tunisie\/2020\/09\/22\/appele-a-la-rescousse-par-le-chef-de-gouvernement-taoufik-baccar-en-mode-pompier\/","url":"https:\/\/kapitalis.com\/tunisie\/2020\/09\/22\/appele-a-la-rescousse-par-le-chef-de-gouvernement-taoufik-baccar-en-mode-pompier\/","name":"Appel\u00e9 \u00e0 la rescousse par le chef de gouvernement : Taoufik Baccar en mode pompier - Kapitalis","isPartOf":{"@id":"https:\/\/kapitalis.com\/tunisie\/#website"},"primaryImageOfPage":{"@id":"https:\/\/kapitalis.com\/tunisie\/2020\/09\/22\/appele-a-la-rescousse-par-le-chef-de-gouvernement-taoufik-baccar-en-mode-pompier\/#primaryimage"},"image":{"@id":"https:\/\/kapitalis.com\/tunisie\/2020\/09\/22\/appele-a-la-rescousse-par-le-chef-de-gouvernement-taoufik-baccar-en-mode-pompier\/#primaryimage"},"thumbnailUrl":"http:\/\/kapitalis.com\/tunisie\/wp-content\/uploads\/2018\/06\/Taoufik-Baccar.jpg","datePublished":"2020-09-22T06:20:42+00:00","dateModified":"2020-09-22T06:20:45+00:00","breadcrumb":{"@id":"https:\/\/kapitalis.com\/tunisie\/2020\/09\/22\/appele-a-la-rescousse-par-le-chef-de-gouvernement-taoufik-baccar-en-mode-pompier\/#breadcrumb"},"inLanguage":"fr-FR","potentialAction":[{"@type":"ReadAction","target":["https:\/\/kapitalis.com\/tunisie\/2020\/09\/22\/appele-a-la-rescousse-par-le-chef-de-gouvernement-taoufik-baccar-en-mode-pompier\/"]}]},{"@type":"ImageObject","inLanguage":"fr-FR","@id":"https:\/\/kapitalis.com\/tunisie\/2020\/09\/22\/appele-a-la-rescousse-par-le-chef-de-gouvernement-taoufik-baccar-en-mode-pompier\/#primaryimage","url":"http:\/\/kapitalis.com\/tunisie\/wp-content\/uploads\/2018\/06\/Taoufik-Baccar.jpg","contentUrl":"http:\/\/kapitalis.com\/tunisie\/wp-content\/uploads\/2018\/06\/Taoufik-Baccar.jpg"},{"@type":"BreadcrumbList","@id":"https:\/\/kapitalis.com\/tunisie\/2020\/09\/22\/appele-a-la-rescousse-par-le-chef-de-gouvernement-taoufik-baccar-en-mode-pompier\/#breadcrumb","itemListElement":[{"@type":"ListItem","position":1,"name":"Accueil","item":"https:\/\/kapitalis.com\/tunisie\/"},{"@type":"ListItem","position":2,"name":"Appel\u00e9 \u00e0 la rescousse par le chef de gouvernement : Taoufik Baccar en mode pompier"}]},{"@type":"WebSite","@id":"https:\/\/kapitalis.com\/tunisie\/#website","url":"https:\/\/kapitalis.com\/tunisie\/","name":"Kapitalis","description":"L&#039;actualit\u00e9 en Tunisie et dans le monde","publisher":{"@id":"https:\/\/kapitalis.com\/tunisie\/#organization"},"potentialAction":[{"@type":"SearchAction","target":{"@type":"EntryPoint","urlTemplate":"https:\/\/kapitalis.com\/tunisie\/?s={search_term_string}"},"query-input":{"@type":"PropertyValueSpecification","valueRequired":true,"valueName":"search_term_string"}}],"inLanguage":"fr-FR"},{"@type":"Organization","@id":"https:\/\/kapitalis.com\/tunisie\/#organization","name":"Kapitalis","url":"https:\/\/kapitalis.com\/tunisie\/","logo":{"@type":"ImageObject","inLanguage":"fr-FR","@id":"https:\/\/kapitalis.com\/tunisie\/#\/schema\/logo\/image\/","url":"https:\/\/kapitalis.com\/tunisie\/wp-content\/uploads\/2022\/05\/Kapitalis-big-size.png","contentUrl":"https:\/\/kapitalis.com\/tunisie\/wp-content\/uploads\/2022\/05\/Kapitalis-big-size.png","width":5000,"height":1500,"caption":"Kapitalis"},"image":{"@id":"https:\/\/kapitalis.com\/tunisie\/#\/schema\/logo\/image\/"},"sameAs":["https:\/\/www.facebook.com\/KapitalisInfo\/","https:\/\/x.com\/KapitalisInfo","https:\/\/www.youtube.com\/channel\/UC-yDYrHyfFBWWZaOw3FPg9Q"]},{"@type":"Person","@id":"https:\/\/kapitalis.com\/tunisie\/#\/schema\/person\/d71f33a9ca44f7bad4698210b480c8e9","name":"webmaster kapitalis","url":"https:\/\/kapitalis.com\/tunisie\/author\/webmaster-kapitalis\/"}]}},"_links":{"self":[{"href":"https:\/\/kapitalis.com\/tunisie\/wp-json\/wp\/v2\/posts\/317354","targetHints":{"allow":["GET"]}}],"collection":[{"href":"https:\/\/kapitalis.com\/tunisie\/wp-json\/wp\/v2\/posts"}],"about":[{"href":"https:\/\/kapitalis.com\/tunisie\/wp-json\/wp\/v2\/types\/post"}],"author":[{"embeddable":true,"href":"https:\/\/kapitalis.com\/tunisie\/wp-json\/wp\/v2\/users\/8"}],"replies":[{"embeddable":true,"href":"https:\/\/kapitalis.com\/tunisie\/wp-json\/wp\/v2\/comments?post=317354"}],"version-history":[{"count":0,"href":"https:\/\/kapitalis.com\/tunisie\/wp-json\/wp\/v2\/posts\/317354\/revisions"}],"wp:attachment":[{"href":"https:\/\/kapitalis.com\/tunisie\/wp-json\/wp\/v2\/media?parent=317354"}],"wp:term":[{"taxonomy":"category","embeddable":true,"href":"https:\/\/kapitalis.com\/tunisie\/wp-json\/wp\/v2\/categories?post=317354"},{"taxonomy":"post_tag","embeddable":true,"href":"https:\/\/kapitalis.com\/tunisie\/wp-json\/wp\/v2\/tags?post=317354"}],"curies":[{"name":"wp","href":"https:\/\/api.w.org\/{rel}","templated":true}]}}