{"id":317364,"date":"2020-09-22T08:20:30","date_gmt":"2020-09-22T07:20:30","guid":{"rendered":"http:\/\/kapitalis.com\/tunisie\/?p=317364"},"modified":"2020-09-22T08:20:32","modified_gmt":"2020-09-22T07:20:32","slug":"la-langue-francaise-bete-noire-de-seifeddine-makhlouf","status":"publish","type":"post","link":"https:\/\/kapitalis.com\/tunisie\/2020\/09\/22\/la-langue-francaise-bete-noire-de-seifeddine-makhlouf\/","title":{"rendered":"La langue fran\u00e7aise, b\u00eate noire de Se\u00effeddine Makhlouf"},"content":{"rendered":"\n<figure class=\"wp-block-image size-large\"><img decoding=\"async\" src=\"http:\/\/kapitalis.com\/tunisie\/wp-content\/uploads\/2020\/07\/seifeddine-makhlouf.jpg\" alt=\"\" class=\"wp-image-307445\"\/><figcaption><em>Difficile de trouver une photo o\u00f9 ce pseudo-r\u00e9volutionnaire n&rsquo;est pas en col\u00e8re. <\/em><\/figcaption><\/figure>\n\n\n\n<p><strong><em>Le d\u00e9put\u00e9 Se\u00effeddine Makhlouf, porte-parole de la coalition extr\u00e9miste Al-Karama est un unilingue notoire et il d\u00e9teste la langue fran\u00e7aise et le fait savoir. Ci-apr\u00e8s le post de cet agitateur francophobe qui croit b\u00eatement que le patriotisme se mesure par la haine de la France, o\u00f9 il adore pourtant se rendre (apr\u00e8s avoir sollicit\u00e9 un visa aupr\u00e8s des services consulaires fran\u00e7ais) et prendre y des selfies comme un ado excit\u00e9.<\/em><\/strong><\/p>\n\n\n\n<!--more-->\n\n\n\n<p>Seifeddine Makhlouf ne rate aucune occasion pour afficher aussi sa haine de la langue fran\u00e7aise, langue que les complex\u00e9s unilingues comme lui, au lieu de l\u2019apprendre, disent que c&rsquo;est la langue du colonisateur et qu\u2019il faille l\u2019\u00e9liminer, alors, qu\u2019ils le veuillent ou pas, elle fait partie de notre diversit\u00e9 culturelle tunisienne, signe aussi de notre richesse et de notre ouverture.<\/p>\n\n\n\n<div class=\"wp-block-image\"><figure class=\"aligncenter size-large is-resized\"><img loading=\"lazy\" decoding=\"async\" src=\"http:\/\/kapitalis.com\/tunisie\/wp-content\/uploads\/2020\/09\/Post-Makhlouf.jpg\" alt=\"\" class=\"wp-image-317366\" width=\"361\" height=\"542\"\/><figcaption><em>Post de Makhlouf.<\/em><\/figcaption><\/figure><\/div>\n\n\n\n<p>Commentant le match de Supercoupe ayant oppos\u00e9, dimanche dernier, 20 septembre 2020, \u00e0 Rad\u00e8s, l&rsquo;Esp\u00e9rance sportive de Tunis (EST) au Club sportif sfaxien (CSS), M. Makhlouf, l&rsquo;Esp\u00e9rantiste, a \u00e9t\u00e9 outr\u00e9 par le fait que la feuille d&rsquo;arbitrage, les licences des joueurs, le tableau d&rsquo;affichage et les panneaux publicitaires aient utilis\u00e9 la langue fran\u00e7aise. Haram ! Sacril\u00e8ge ! Sa joie a \u00e9t\u00e9, de ce fait, transform\u00e9e en col\u00e8re, avouera-t-il. <\/p>\n\n\n\n<p> <\/p>\n\n\n\n<div class=\"wp-block-image\"><figure class=\"aligncenter size-large\"><img decoding=\"async\" src=\"http:\/\/kapitalis.com\/tunisie\/wp-content\/uploads\/2020\/09\/Commentaires-sur-le-post-de-Makhlouf.jpg\" alt=\"\" class=\"wp-image-317368\"\/><figcaption><em>Commentaires du m\u00eame acabit des membres du fan club de l&rsquo;ancien indicateur de police devenu r\u00e9volutionnaire de la 25e heure.. <\/em><\/figcaption><\/figure><\/div>\n\n\n\n<p>Les commentaires des membres du fan club de Seifeddine Makhlouf que l\u2019on peut lire sous son commentaire sont d\u2019une telle platitude haineuse et revancharde qu\u2019ils font vraiment piti\u00e9, car ils ne peuvent \u00e9maner que de personnes malades ou d\u00e9s\u00e9quilibr\u00e9es.<\/p>\n\n\n\n<p class=\"has-text-align-right\"><strong>I. B.<\/strong><\/p>\n","protected":false},"excerpt":{"rendered":"<p>Le d\u00e9put\u00e9 Se\u00effeddine Makhlouf, porte-parole de la coalition extr\u00e9miste Al-Karama est un unilingue notoire et il d\u00e9teste la langue fran\u00e7aise et le fait savoir. Ci-apr\u00e8s le post de cet agitateur francophobe qui croit b\u00eatement que le patriotisme se mesure par la haine de la France, o\u00f9 il adore pourtant se rendre (apr\u00e8s avoir sollicit\u00e9 un&#8230;<\/p>\n","protected":false},"author":8,"featured_media":317366,"comment_status":"open","ping_status":"open","sticky":false,"template":"","format":"standard","meta":{"footnotes":""},"categories":[997,2433],"tags":[395,82976,10895,8752],"class_list":["post-317364","post","type-post","status-publish","format-standard","has-post-thumbnail","hentry","category-politique","category-tunisie","tag-france","tag-francophobie","tag-langue-francaise","tag-seifeddine-makhlouf"],"yoast_head":"<!-- This site is optimized with the Yoast SEO plugin v26.6 - https:\/\/yoast.com\/wordpress\/plugins\/seo\/ -->\n<title>La langue fran\u00e7aise, b\u00eate noire de Se\u00effeddine Makhlouf - Kapitalis<\/title>\n<meta name=\"robots\" content=\"index, follow, max-snippet:-1, max-image-preview:large, max-video-preview:-1\" \/>\n<link rel=\"canonical\" href=\"https:\/\/kapitalis.com\/tunisie\/2020\/09\/22\/la-langue-francaise-bete-noire-de-seifeddine-makhlouf\/\" \/>\n<meta property=\"og:locale\" content=\"fr_FR\" \/>\n<meta property=\"og:type\" content=\"article\" \/>\n<meta property=\"og:title\" content=\"La langue fran\u00e7aise, b\u00eate noire de Se\u00effeddine Makhlouf - Kapitalis\" \/>\n<meta property=\"og:description\" content=\"Le d\u00e9put\u00e9 Se\u00effeddine Makhlouf, porte-parole de la coalition extr\u00e9miste Al-Karama est un unilingue notoire et il d\u00e9teste la langue fran\u00e7aise et le fait savoir. Ci-apr\u00e8s le post de cet agitateur francophobe qui croit b\u00eatement que le patriotisme se mesure par la haine de la France, o\u00f9 il adore pourtant se rendre (apr\u00e8s avoir sollicit\u00e9 un...\" \/>\n<meta property=\"og:url\" content=\"https:\/\/kapitalis.com\/tunisie\/2020\/09\/22\/la-langue-francaise-bete-noire-de-seifeddine-makhlouf\/\" \/>\n<meta property=\"og:site_name\" content=\"Kapitalis\" \/>\n<meta property=\"article:publisher\" content=\"https:\/\/www.facebook.com\/KapitalisInfo\/\" \/>\n<meta property=\"article:published_time\" content=\"2020-09-22T07:20:30+00:00\" \/>\n<meta property=\"article:modified_time\" content=\"2020-09-22T07:20:32+00:00\" \/>\n<meta property=\"og:image\" content=\"https:\/\/kapitalis.com\/tunisie\/wp-content\/uploads\/2022\/05\/kapitalis-logo-fb.png\" \/>\n\t<meta property=\"og:image:width\" content=\"1200\" \/>\n\t<meta property=\"og:image:height\" content=\"630\" \/>\n\t<meta property=\"og:image:type\" content=\"image\/png\" \/>\n<meta name=\"author\" content=\"webmaster kapitalis\" \/>\n<meta name=\"twitter:card\" content=\"summary_large_image\" \/>\n<meta name=\"twitter:creator\" content=\"@KapitalisInfo\" \/>\n<meta name=\"twitter:site\" content=\"@KapitalisInfo\" \/>\n<meta name=\"twitter:label1\" content=\"\u00c9crit par\" \/>\n\t<meta name=\"twitter:data1\" content=\"webmaster kapitalis\" \/>\n\t<meta name=\"twitter:label2\" content=\"Dur\u00e9e de lecture estim\u00e9e\" \/>\n\t<meta name=\"twitter:data2\" content=\"2 minutes\" \/>\n<script type=\"application\/ld+json\" class=\"yoast-schema-graph\">{\"@context\":\"https:\/\/schema.org\",\"@graph\":[{\"@type\":\"Article\",\"@id\":\"https:\/\/kapitalis.com\/tunisie\/2020\/09\/22\/la-langue-francaise-bete-noire-de-seifeddine-makhlouf\/#article\",\"isPartOf\":{\"@id\":\"https:\/\/kapitalis.com\/tunisie\/2020\/09\/22\/la-langue-francaise-bete-noire-de-seifeddine-makhlouf\/\"},\"author\":{\"name\":\"webmaster kapitalis\",\"@id\":\"https:\/\/kapitalis.com\/tunisie\/#\/schema\/person\/d71f33a9ca44f7bad4698210b480c8e9\"},\"headline\":\"La langue fran\u00e7aise, b\u00eate noire de Se\u00effeddine Makhlouf\",\"datePublished\":\"2020-09-22T07:20:30+00:00\",\"dateModified\":\"2020-09-22T07:20:32+00:00\",\"mainEntityOfPage\":{\"@id\":\"https:\/\/kapitalis.com\/tunisie\/2020\/09\/22\/la-langue-francaise-bete-noire-de-seifeddine-makhlouf\/\"},\"wordCount\":313,\"commentCount\":18,\"publisher\":{\"@id\":\"https:\/\/kapitalis.com\/tunisie\/#organization\"},\"image\":{\"@id\":\"https:\/\/kapitalis.com\/tunisie\/2020\/09\/22\/la-langue-francaise-bete-noire-de-seifeddine-makhlouf\/#primaryimage\"},\"thumbnailUrl\":\"\",\"keywords\":[\"France\",\"francophobie\",\"langue fran\u00e7aise\",\"Seifeddine Makhlouf\"],\"articleSection\":[\"POLITIQUE\",\"Tunisie\"],\"inLanguage\":\"fr-FR\",\"potentialAction\":[{\"@type\":\"CommentAction\",\"name\":\"Comment\",\"target\":[\"https:\/\/kapitalis.com\/tunisie\/2020\/09\/22\/la-langue-francaise-bete-noire-de-seifeddine-makhlouf\/#respond\"]}]},{\"@type\":\"WebPage\",\"@id\":\"https:\/\/kapitalis.com\/tunisie\/2020\/09\/22\/la-langue-francaise-bete-noire-de-seifeddine-makhlouf\/\",\"url\":\"https:\/\/kapitalis.com\/tunisie\/2020\/09\/22\/la-langue-francaise-bete-noire-de-seifeddine-makhlouf\/\",\"name\":\"La langue fran\u00e7aise, b\u00eate noire de Se\u00effeddine Makhlouf - Kapitalis\",\"isPartOf\":{\"@id\":\"https:\/\/kapitalis.com\/tunisie\/#website\"},\"primaryImageOfPage\":{\"@id\":\"https:\/\/kapitalis.com\/tunisie\/2020\/09\/22\/la-langue-francaise-bete-noire-de-seifeddine-makhlouf\/#primaryimage\"},\"image\":{\"@id\":\"https:\/\/kapitalis.com\/tunisie\/2020\/09\/22\/la-langue-francaise-bete-noire-de-seifeddine-makhlouf\/#primaryimage\"},\"thumbnailUrl\":\"\",\"datePublished\":\"2020-09-22T07:20:30+00:00\",\"dateModified\":\"2020-09-22T07:20:32+00:00\",\"breadcrumb\":{\"@id\":\"https:\/\/kapitalis.com\/tunisie\/2020\/09\/22\/la-langue-francaise-bete-noire-de-seifeddine-makhlouf\/#breadcrumb\"},\"inLanguage\":\"fr-FR\",\"potentialAction\":[{\"@type\":\"ReadAction\",\"target\":[\"https:\/\/kapitalis.com\/tunisie\/2020\/09\/22\/la-langue-francaise-bete-noire-de-seifeddine-makhlouf\/\"]}]},{\"@type\":\"ImageObject\",\"inLanguage\":\"fr-FR\",\"@id\":\"https:\/\/kapitalis.com\/tunisie\/2020\/09\/22\/la-langue-francaise-bete-noire-de-seifeddine-makhlouf\/#primaryimage\",\"url\":\"\",\"contentUrl\":\"\"},{\"@type\":\"BreadcrumbList\",\"@id\":\"https:\/\/kapitalis.com\/tunisie\/2020\/09\/22\/la-langue-francaise-bete-noire-de-seifeddine-makhlouf\/#breadcrumb\",\"itemListElement\":[{\"@type\":\"ListItem\",\"position\":1,\"name\":\"Accueil\",\"item\":\"https:\/\/kapitalis.com\/tunisie\/\"},{\"@type\":\"ListItem\",\"position\":2,\"name\":\"La langue fran\u00e7aise, b\u00eate noire de Se\u00effeddine Makhlouf\"}]},{\"@type\":\"WebSite\",\"@id\":\"https:\/\/kapitalis.com\/tunisie\/#website\",\"url\":\"https:\/\/kapitalis.com\/tunisie\/\",\"name\":\"Kapitalis\",\"description\":\"L&#039;actualit\u00e9 en Tunisie et dans le monde\",\"publisher\":{\"@id\":\"https:\/\/kapitalis.com\/tunisie\/#organization\"},\"potentialAction\":[{\"@type\":\"SearchAction\",\"target\":{\"@type\":\"EntryPoint\",\"urlTemplate\":\"https:\/\/kapitalis.com\/tunisie\/?s={search_term_string}\"},\"query-input\":{\"@type\":\"PropertyValueSpecification\",\"valueRequired\":true,\"valueName\":\"search_term_string\"}}],\"inLanguage\":\"fr-FR\"},{\"@type\":\"Organization\",\"@id\":\"https:\/\/kapitalis.com\/tunisie\/#organization\",\"name\":\"Kapitalis\",\"url\":\"https:\/\/kapitalis.com\/tunisie\/\",\"logo\":{\"@type\":\"ImageObject\",\"inLanguage\":\"fr-FR\",\"@id\":\"https:\/\/kapitalis.com\/tunisie\/#\/schema\/logo\/image\/\",\"url\":\"https:\/\/kapitalis.com\/tunisie\/wp-content\/uploads\/2022\/05\/Kapitalis-big-size.png\",\"contentUrl\":\"https:\/\/kapitalis.com\/tunisie\/wp-content\/uploads\/2022\/05\/Kapitalis-big-size.png\",\"width\":5000,\"height\":1500,\"caption\":\"Kapitalis\"},\"image\":{\"@id\":\"https:\/\/kapitalis.com\/tunisie\/#\/schema\/logo\/image\/\"},\"sameAs\":[\"https:\/\/www.facebook.com\/KapitalisInfo\/\",\"https:\/\/x.com\/KapitalisInfo\",\"https:\/\/www.youtube.com\/channel\/UC-yDYrHyfFBWWZaOw3FPg9Q\"]},{\"@type\":\"Person\",\"@id\":\"https:\/\/kapitalis.com\/tunisie\/#\/schema\/person\/d71f33a9ca44f7bad4698210b480c8e9\",\"name\":\"webmaster kapitalis\",\"url\":\"https:\/\/kapitalis.com\/tunisie\/author\/webmaster-kapitalis\/\"}]}<\/script>\n<!-- \/ Yoast SEO plugin. -->","yoast_head_json":{"title":"La langue fran\u00e7aise, b\u00eate noire de Se\u00effeddine Makhlouf - Kapitalis","robots":{"index":"index","follow":"follow","max-snippet":"max-snippet:-1","max-image-preview":"max-image-preview:large","max-video-preview":"max-video-preview:-1"},"canonical":"https:\/\/kapitalis.com\/tunisie\/2020\/09\/22\/la-langue-francaise-bete-noire-de-seifeddine-makhlouf\/","og_locale":"fr_FR","og_type":"article","og_title":"La langue fran\u00e7aise, b\u00eate noire de Se\u00effeddine Makhlouf - Kapitalis","og_description":"Le d\u00e9put\u00e9 Se\u00effeddine Makhlouf, porte-parole de la coalition extr\u00e9miste Al-Karama est un unilingue notoire et il d\u00e9teste la langue fran\u00e7aise et le fait savoir. Ci-apr\u00e8s le post de cet agitateur francophobe qui croit b\u00eatement que le patriotisme se mesure par la haine de la France, o\u00f9 il adore pourtant se rendre (apr\u00e8s avoir sollicit\u00e9 un...","og_url":"https:\/\/kapitalis.com\/tunisie\/2020\/09\/22\/la-langue-francaise-bete-noire-de-seifeddine-makhlouf\/","og_site_name":"Kapitalis","article_publisher":"https:\/\/www.facebook.com\/KapitalisInfo\/","article_published_time":"2020-09-22T07:20:30+00:00","article_modified_time":"2020-09-22T07:20:32+00:00","og_image":[{"width":1200,"height":630,"url":"https:\/\/kapitalis.com\/tunisie\/wp-content\/uploads\/2022\/05\/kapitalis-logo-fb.png","type":"image\/png"}],"author":"webmaster kapitalis","twitter_card":"summary_large_image","twitter_creator":"@KapitalisInfo","twitter_site":"@KapitalisInfo","twitter_misc":{"\u00c9crit par":"webmaster kapitalis","Dur\u00e9e de lecture estim\u00e9e":"2 minutes"},"schema":{"@context":"https:\/\/schema.org","@graph":[{"@type":"Article","@id":"https:\/\/kapitalis.com\/tunisie\/2020\/09\/22\/la-langue-francaise-bete-noire-de-seifeddine-makhlouf\/#article","isPartOf":{"@id":"https:\/\/kapitalis.com\/tunisie\/2020\/09\/22\/la-langue-francaise-bete-noire-de-seifeddine-makhlouf\/"},"author":{"name":"webmaster kapitalis","@id":"https:\/\/kapitalis.com\/tunisie\/#\/schema\/person\/d71f33a9ca44f7bad4698210b480c8e9"},"headline":"La langue fran\u00e7aise, b\u00eate noire de Se\u00effeddine Makhlouf","datePublished":"2020-09-22T07:20:30+00:00","dateModified":"2020-09-22T07:20:32+00:00","mainEntityOfPage":{"@id":"https:\/\/kapitalis.com\/tunisie\/2020\/09\/22\/la-langue-francaise-bete-noire-de-seifeddine-makhlouf\/"},"wordCount":313,"commentCount":18,"publisher":{"@id":"https:\/\/kapitalis.com\/tunisie\/#organization"},"image":{"@id":"https:\/\/kapitalis.com\/tunisie\/2020\/09\/22\/la-langue-francaise-bete-noire-de-seifeddine-makhlouf\/#primaryimage"},"thumbnailUrl":"","keywords":["France","francophobie","langue fran\u00e7aise","Seifeddine Makhlouf"],"articleSection":["POLITIQUE","Tunisie"],"inLanguage":"fr-FR","potentialAction":[{"@type":"CommentAction","name":"Comment","target":["https:\/\/kapitalis.com\/tunisie\/2020\/09\/22\/la-langue-francaise-bete-noire-de-seifeddine-makhlouf\/#respond"]}]},{"@type":"WebPage","@id":"https:\/\/kapitalis.com\/tunisie\/2020\/09\/22\/la-langue-francaise-bete-noire-de-seifeddine-makhlouf\/","url":"https:\/\/kapitalis.com\/tunisie\/2020\/09\/22\/la-langue-francaise-bete-noire-de-seifeddine-makhlouf\/","name":"La langue fran\u00e7aise, b\u00eate noire de Se\u00effeddine Makhlouf - Kapitalis","isPartOf":{"@id":"https:\/\/kapitalis.com\/tunisie\/#website"},"primaryImageOfPage":{"@id":"https:\/\/kapitalis.com\/tunisie\/2020\/09\/22\/la-langue-francaise-bete-noire-de-seifeddine-makhlouf\/#primaryimage"},"image":{"@id":"https:\/\/kapitalis.com\/tunisie\/2020\/09\/22\/la-langue-francaise-bete-noire-de-seifeddine-makhlouf\/#primaryimage"},"thumbnailUrl":"","datePublished":"2020-09-22T07:20:30+00:00","dateModified":"2020-09-22T07:20:32+00:00","breadcrumb":{"@id":"https:\/\/kapitalis.com\/tunisie\/2020\/09\/22\/la-langue-francaise-bete-noire-de-seifeddine-makhlouf\/#breadcrumb"},"inLanguage":"fr-FR","potentialAction":[{"@type":"ReadAction","target":["https:\/\/kapitalis.com\/tunisie\/2020\/09\/22\/la-langue-francaise-bete-noire-de-seifeddine-makhlouf\/"]}]},{"@type":"ImageObject","inLanguage":"fr-FR","@id":"https:\/\/kapitalis.com\/tunisie\/2020\/09\/22\/la-langue-francaise-bete-noire-de-seifeddine-makhlouf\/#primaryimage","url":"","contentUrl":""},{"@type":"BreadcrumbList","@id":"https:\/\/kapitalis.com\/tunisie\/2020\/09\/22\/la-langue-francaise-bete-noire-de-seifeddine-makhlouf\/#breadcrumb","itemListElement":[{"@type":"ListItem","position":1,"name":"Accueil","item":"https:\/\/kapitalis.com\/tunisie\/"},{"@type":"ListItem","position":2,"name":"La langue fran\u00e7aise, b\u00eate noire de Se\u00effeddine Makhlouf"}]},{"@type":"WebSite","@id":"https:\/\/kapitalis.com\/tunisie\/#website","url":"https:\/\/kapitalis.com\/tunisie\/","name":"Kapitalis","description":"L&#039;actualit\u00e9 en Tunisie et dans le monde","publisher":{"@id":"https:\/\/kapitalis.com\/tunisie\/#organization"},"potentialAction":[{"@type":"SearchAction","target":{"@type":"EntryPoint","urlTemplate":"https:\/\/kapitalis.com\/tunisie\/?s={search_term_string}"},"query-input":{"@type":"PropertyValueSpecification","valueRequired":true,"valueName":"search_term_string"}}],"inLanguage":"fr-FR"},{"@type":"Organization","@id":"https:\/\/kapitalis.com\/tunisie\/#organization","name":"Kapitalis","url":"https:\/\/kapitalis.com\/tunisie\/","logo":{"@type":"ImageObject","inLanguage":"fr-FR","@id":"https:\/\/kapitalis.com\/tunisie\/#\/schema\/logo\/image\/","url":"https:\/\/kapitalis.com\/tunisie\/wp-content\/uploads\/2022\/05\/Kapitalis-big-size.png","contentUrl":"https:\/\/kapitalis.com\/tunisie\/wp-content\/uploads\/2022\/05\/Kapitalis-big-size.png","width":5000,"height":1500,"caption":"Kapitalis"},"image":{"@id":"https:\/\/kapitalis.com\/tunisie\/#\/schema\/logo\/image\/"},"sameAs":["https:\/\/www.facebook.com\/KapitalisInfo\/","https:\/\/x.com\/KapitalisInfo","https:\/\/www.youtube.com\/channel\/UC-yDYrHyfFBWWZaOw3FPg9Q"]},{"@type":"Person","@id":"https:\/\/kapitalis.com\/tunisie\/#\/schema\/person\/d71f33a9ca44f7bad4698210b480c8e9","name":"webmaster kapitalis","url":"https:\/\/kapitalis.com\/tunisie\/author\/webmaster-kapitalis\/"}]}},"_links":{"self":[{"href":"https:\/\/kapitalis.com\/tunisie\/wp-json\/wp\/v2\/posts\/317364","targetHints":{"allow":["GET"]}}],"collection":[{"href":"https:\/\/kapitalis.com\/tunisie\/wp-json\/wp\/v2\/posts"}],"about":[{"href":"https:\/\/kapitalis.com\/tunisie\/wp-json\/wp\/v2\/types\/post"}],"author":[{"embeddable":true,"href":"https:\/\/kapitalis.com\/tunisie\/wp-json\/wp\/v2\/users\/8"}],"replies":[{"embeddable":true,"href":"https:\/\/kapitalis.com\/tunisie\/wp-json\/wp\/v2\/comments?post=317364"}],"version-history":[{"count":0,"href":"https:\/\/kapitalis.com\/tunisie\/wp-json\/wp\/v2\/posts\/317364\/revisions"}],"wp:featuredmedia":[{"embeddable":true,"href":"https:\/\/kapitalis.com\/tunisie\/wp-json\/wp\/v2\/media\/317366"}],"wp:attachment":[{"href":"https:\/\/kapitalis.com\/tunisie\/wp-json\/wp\/v2\/media?parent=317364"}],"wp:term":[{"taxonomy":"category","embeddable":true,"href":"https:\/\/kapitalis.com\/tunisie\/wp-json\/wp\/v2\/categories?post=317364"},{"taxonomy":"post_tag","embeddable":true,"href":"https:\/\/kapitalis.com\/tunisie\/wp-json\/wp\/v2\/tags?post=317364"}],"curies":[{"name":"wp","href":"https:\/\/api.w.org\/{rel}","templated":true}]}}