{"id":317393,"date":"2020-09-22T10:23:33","date_gmt":"2020-09-22T09:23:33","guid":{"rendered":"http:\/\/kapitalis.com\/tunisie\/?p=317393"},"modified":"2020-09-23T07:17:42","modified_gmt":"2020-09-23T06:17:42","slug":"faouzi-addad-appelle-a-la-gratuite-du-vaccin-contre-la-grippe-pour-une-categorie-de-citoyens","status":"publish","type":"post","link":"https:\/\/kapitalis.com\/tunisie\/2020\/09\/22\/faouzi-addad-appelle-a-la-gratuite-du-vaccin-contre-la-grippe-pour-une-categorie-de-citoyens\/","title":{"rendered":"Faouzi Addad appelle \u00e0 la gratuit\u00e9 du vaccin contre la grippe pour une cat\u00e9gorie de citoyens"},"content":{"rendered":"\n<figure class=\"wp-block-image size-large\"><img decoding=\"async\" src=\"http:\/\/kapitalis.com\/tunisie\/wp-content\/uploads\/2020\/09\/Faouzi-Addad.jpg\" alt=\"\" class=\"wp-image-317396\"\/><\/figure>\n\n\n\n<p><em><strong>Le professeur en cardiologie, Faouzi Addad, a insist\u00e9 aujourd&rsquo;hui, mardi 22 septembre 2020, sur la n\u00e9cessit\u00e9 de se faire vacciner contre la grippe saisonni\u00e8re, surtout pour les individus de plus de 65 ans et\/ou souffrant de maladies chroniques.<\/strong><\/em><\/p>\n\n\n\n<!--more-->\n\n\n\n<p>L&rsquo;invit\u00e9 de Shems Fm a par ailleurs indiqu\u00e9 qu&rsquo;il \u00e9tait favorable \u00e0 l&rsquo;id\u00e9e de rendre le vaccin de la grippe gratuit pour une cat\u00e9gorie de citoyens ayant des difficult\u00e9s financi\u00e8res, afin de les inciter \u00e0 le faire.<\/p>\n\n\n\n<p>Faouzi Addad a estim\u00e9, dans le m\u00eame contexte, que la vague de la grippe saisonni\u00e8re de cette ann\u00e9e sera particuli\u00e8rement laborieuse pour les m\u00e9decins, en raison de la similitude entre les sympt\u00f4mes de cette maladie et ceux de la Covid-19. D&rsquo;o\u00f9 l&rsquo;importance du vaccin pour les personnes risquant de d\u00e9velopper une forme grave du coronavirus en cas de contamination. <\/p>\n\n\n\n<p>En effet, en cas de sympt\u00f4mes chez une personne vaccin\u00e9e, il y a de fortes chances que ce soit la Covid-19. Une indication pr\u00e9cieuse pour d\u00e9tecter rapidement cette maladie et la traiter suffisamment t\u00f4t.<\/p>\n\n\n\n<p>Mais ce n&rsquo;est pas tout : le vaccin contre la grippe nous \u00e9vite la double infection (grippe et coronavirus en m\u00eame temps) qui peut aggraver l&rsquo;\u00e9tat sanitaire du malade.<\/p>\n\n\n\n<p>Faouzi Addad a, sur un autre plan, estim\u00e9 que la situation sanitaire du pays peut devenir hors contr\u00f4le dans les mois \u00e0 venir, tirant la sonnette d&rsquo;alarme et invitant les citoyens \u00e0 plus de vigilance. <\/p>\n\n\n\n<p class=\"has-text-align-right\"><strong>C. B. Y.<\/strong><\/p>\n\n\n\n<figure class=\"wp-block-embed-wordpress wp-block-embed is-type-wp-embed is-provider-kapitalis\"><div class=\"wp-block-embed__wrapper\">\n<blockquote class=\"wp-embedded-content\" data-secret=\"Lpuw7z8isI\"><a href=\"https:\/\/kapitalis.com\/tunisie\/2020\/05\/01\/coronavirus-pourquoi-faut-il-se-faire-vacciner-contre-la-grippe-saisonniere\/\">Coronavirus : Pourquoi faut-il se faire vacciner contre la grippe saisonni\u00e8re ?<\/a><\/blockquote><iframe loading=\"lazy\" class=\"wp-embedded-content\" sandbox=\"allow-scripts\" security=\"restricted\" style=\"position: absolute; clip: rect(1px, 1px, 1px, 1px);\" title=\"\u00ab\u00a0Coronavirus : Pourquoi faut-il se faire vacciner contre la grippe saisonni\u00e8re ?\u00a0\u00bb &#8212; Kapitalis\" src=\"https:\/\/kapitalis.com\/tunisie\/2020\/05\/01\/coronavirus-pourquoi-faut-il-se-faire-vacciner-contre-la-grippe-saisonniere\/embed\/#?secret=NrG1INS0id#?secret=Lpuw7z8isI\" data-secret=\"Lpuw7z8isI\" width=\"600\" height=\"338\" frameborder=\"0\" marginwidth=\"0\" marginheight=\"0\" scrolling=\"no\"><\/iframe>\n<\/div><\/figure>\n","protected":false},"excerpt":{"rendered":"<p>Le professeur en cardiologie, Faouzi Addad, a insist\u00e9 aujourd&rsquo;hui, mardi 22 septembre 2020, sur la n\u00e9cessit\u00e9 de se faire vacciner contre la grippe saisonni\u00e8re, surtout pour les individus de plus de 65 ans et\/ou souffrant de maladies chroniques.<\/p>\n","protected":false},"author":24,"featured_media":317396,"comment_status":"open","ping_status":"open","sticky":false,"template":"","format":"standard","meta":{"footnotes":""},"categories":[998,2433],"tags":[73060,75291,78147,75915],"class_list":["post-317393","post","type-post","status-publish","format-standard","has-post-thumbnail","hentry","category-societe","category-tunisie","tag-coronavirus","tag-covid-19","tag-faouzi-addad","tag-grippe-saisonniere"],"yoast_head":"<!-- This site is optimized with the Yoast SEO plugin v26.6 - https:\/\/yoast.com\/wordpress\/plugins\/seo\/ -->\n<title>Faouzi Addad appelle \u00e0 la gratuit\u00e9 du vaccin contre la grippe pour une cat\u00e9gorie de citoyens - Kapitalis<\/title>\n<meta name=\"robots\" content=\"index, follow, max-snippet:-1, max-image-preview:large, max-video-preview:-1\" \/>\n<link rel=\"canonical\" href=\"https:\/\/kapitalis.com\/tunisie\/2020\/09\/22\/faouzi-addad-appelle-a-la-gratuite-du-vaccin-contre-la-grippe-pour-une-categorie-de-citoyens\/\" \/>\n<meta property=\"og:locale\" content=\"fr_FR\" \/>\n<meta property=\"og:type\" content=\"article\" \/>\n<meta property=\"og:title\" content=\"Faouzi Addad appelle \u00e0 la gratuit\u00e9 du vaccin contre la grippe pour une cat\u00e9gorie de citoyens - Kapitalis\" \/>\n<meta property=\"og:description\" content=\"Le professeur en cardiologie, Faouzi Addad, a insist\u00e9 aujourd&rsquo;hui, mardi 22 septembre 2020, sur la n\u00e9cessit\u00e9 de se faire vacciner contre la grippe saisonni\u00e8re, surtout pour les individus de plus de 65 ans et\/ou souffrant de maladies chroniques.\" \/>\n<meta property=\"og:url\" content=\"https:\/\/kapitalis.com\/tunisie\/2020\/09\/22\/faouzi-addad-appelle-a-la-gratuite-du-vaccin-contre-la-grippe-pour-une-categorie-de-citoyens\/\" \/>\n<meta property=\"og:site_name\" content=\"Kapitalis\" \/>\n<meta property=\"article:publisher\" content=\"https:\/\/www.facebook.com\/KapitalisInfo\/\" \/>\n<meta property=\"article:published_time\" content=\"2020-09-22T09:23:33+00:00\" \/>\n<meta property=\"article:modified_time\" content=\"2020-09-23T06:17:42+00:00\" \/>\n<meta property=\"og:image\" content=\"https:\/\/kapitalis.com\/tunisie\/wp-content\/uploads\/2022\/05\/kapitalis-logo-fb.png\" \/>\n\t<meta property=\"og:image:width\" content=\"1200\" \/>\n\t<meta property=\"og:image:height\" content=\"630\" \/>\n\t<meta property=\"og:image:type\" content=\"image\/png\" \/>\n<meta name=\"author\" content=\"Cherif Benyounes\" \/>\n<meta name=\"twitter:card\" content=\"summary_large_image\" \/>\n<meta name=\"twitter:creator\" content=\"@KapitalisInfo\" \/>\n<meta name=\"twitter:site\" content=\"@KapitalisInfo\" \/>\n<meta name=\"twitter:label1\" content=\"\u00c9crit par\" \/>\n\t<meta name=\"twitter:data1\" content=\"Cherif Benyounes\" \/>\n\t<meta name=\"twitter:label2\" content=\"Dur\u00e9e de lecture estim\u00e9e\" \/>\n\t<meta name=\"twitter:data2\" content=\"1 minute\" \/>\n<script type=\"application\/ld+json\" class=\"yoast-schema-graph\">{\"@context\":\"https:\/\/schema.org\",\"@graph\":[{\"@type\":\"Article\",\"@id\":\"https:\/\/kapitalis.com\/tunisie\/2020\/09\/22\/faouzi-addad-appelle-a-la-gratuite-du-vaccin-contre-la-grippe-pour-une-categorie-de-citoyens\/#article\",\"isPartOf\":{\"@id\":\"https:\/\/kapitalis.com\/tunisie\/2020\/09\/22\/faouzi-addad-appelle-a-la-gratuite-du-vaccin-contre-la-grippe-pour-une-categorie-de-citoyens\/\"},\"author\":{\"name\":\"Cherif Benyounes\",\"@id\":\"https:\/\/kapitalis.com\/tunisie\/#\/schema\/person\/b35b8d631961131107263178aeb8019e\"},\"headline\":\"Faouzi Addad appelle \u00e0 la gratuit\u00e9 du vaccin contre la grippe pour une cat\u00e9gorie de citoyens\",\"datePublished\":\"2020-09-22T09:23:33+00:00\",\"dateModified\":\"2020-09-23T06:17:42+00:00\",\"mainEntityOfPage\":{\"@id\":\"https:\/\/kapitalis.com\/tunisie\/2020\/09\/22\/faouzi-addad-appelle-a-la-gratuite-du-vaccin-contre-la-grippe-pour-une-categorie-de-citoyens\/\"},\"wordCount\":270,\"commentCount\":1,\"publisher\":{\"@id\":\"https:\/\/kapitalis.com\/tunisie\/#organization\"},\"image\":{\"@id\":\"https:\/\/kapitalis.com\/tunisie\/2020\/09\/22\/faouzi-addad-appelle-a-la-gratuite-du-vaccin-contre-la-grippe-pour-une-categorie-de-citoyens\/#primaryimage\"},\"thumbnailUrl\":\"\",\"keywords\":[\"Coronavirus\",\"Covid-19\",\"Faouzi Addad\",\"grippe saisonni\u00e8re\"],\"articleSection\":[\"SOCIETE\",\"Tunisie\"],\"inLanguage\":\"fr-FR\",\"potentialAction\":[{\"@type\":\"CommentAction\",\"name\":\"Comment\",\"target\":[\"https:\/\/kapitalis.com\/tunisie\/2020\/09\/22\/faouzi-addad-appelle-a-la-gratuite-du-vaccin-contre-la-grippe-pour-une-categorie-de-citoyens\/#respond\"]}]},{\"@type\":\"WebPage\",\"@id\":\"https:\/\/kapitalis.com\/tunisie\/2020\/09\/22\/faouzi-addad-appelle-a-la-gratuite-du-vaccin-contre-la-grippe-pour-une-categorie-de-citoyens\/\",\"url\":\"https:\/\/kapitalis.com\/tunisie\/2020\/09\/22\/faouzi-addad-appelle-a-la-gratuite-du-vaccin-contre-la-grippe-pour-une-categorie-de-citoyens\/\",\"name\":\"Faouzi Addad appelle \u00e0 la gratuit\u00e9 du vaccin contre la grippe pour une cat\u00e9gorie de citoyens - Kapitalis\",\"isPartOf\":{\"@id\":\"https:\/\/kapitalis.com\/tunisie\/#website\"},\"primaryImageOfPage\":{\"@id\":\"https:\/\/kapitalis.com\/tunisie\/2020\/09\/22\/faouzi-addad-appelle-a-la-gratuite-du-vaccin-contre-la-grippe-pour-une-categorie-de-citoyens\/#primaryimage\"},\"image\":{\"@id\":\"https:\/\/kapitalis.com\/tunisie\/2020\/09\/22\/faouzi-addad-appelle-a-la-gratuite-du-vaccin-contre-la-grippe-pour-une-categorie-de-citoyens\/#primaryimage\"},\"thumbnailUrl\":\"\",\"datePublished\":\"2020-09-22T09:23:33+00:00\",\"dateModified\":\"2020-09-23T06:17:42+00:00\",\"breadcrumb\":{\"@id\":\"https:\/\/kapitalis.com\/tunisie\/2020\/09\/22\/faouzi-addad-appelle-a-la-gratuite-du-vaccin-contre-la-grippe-pour-une-categorie-de-citoyens\/#breadcrumb\"},\"inLanguage\":\"fr-FR\",\"potentialAction\":[{\"@type\":\"ReadAction\",\"target\":[\"https:\/\/kapitalis.com\/tunisie\/2020\/09\/22\/faouzi-addad-appelle-a-la-gratuite-du-vaccin-contre-la-grippe-pour-une-categorie-de-citoyens\/\"]}]},{\"@type\":\"ImageObject\",\"inLanguage\":\"fr-FR\",\"@id\":\"https:\/\/kapitalis.com\/tunisie\/2020\/09\/22\/faouzi-addad-appelle-a-la-gratuite-du-vaccin-contre-la-grippe-pour-une-categorie-de-citoyens\/#primaryimage\",\"url\":\"\",\"contentUrl\":\"\"},{\"@type\":\"BreadcrumbList\",\"@id\":\"https:\/\/kapitalis.com\/tunisie\/2020\/09\/22\/faouzi-addad-appelle-a-la-gratuite-du-vaccin-contre-la-grippe-pour-une-categorie-de-citoyens\/#breadcrumb\",\"itemListElement\":[{\"@type\":\"ListItem\",\"position\":1,\"name\":\"Accueil\",\"item\":\"https:\/\/kapitalis.com\/tunisie\/\"},{\"@type\":\"ListItem\",\"position\":2,\"name\":\"Faouzi Addad appelle \u00e0 la gratuit\u00e9 du vaccin contre la grippe pour une cat\u00e9gorie de citoyens\"}]},{\"@type\":\"WebSite\",\"@id\":\"https:\/\/kapitalis.com\/tunisie\/#website\",\"url\":\"https:\/\/kapitalis.com\/tunisie\/\",\"name\":\"Kapitalis\",\"description\":\"L&#039;actualit\u00e9 en Tunisie et dans le monde\",\"publisher\":{\"@id\":\"https:\/\/kapitalis.com\/tunisie\/#organization\"},\"potentialAction\":[{\"@type\":\"SearchAction\",\"target\":{\"@type\":\"EntryPoint\",\"urlTemplate\":\"https:\/\/kapitalis.com\/tunisie\/?s={search_term_string}\"},\"query-input\":{\"@type\":\"PropertyValueSpecification\",\"valueRequired\":true,\"valueName\":\"search_term_string\"}}],\"inLanguage\":\"fr-FR\"},{\"@type\":\"Organization\",\"@id\":\"https:\/\/kapitalis.com\/tunisie\/#organization\",\"name\":\"Kapitalis\",\"url\":\"https:\/\/kapitalis.com\/tunisie\/\",\"logo\":{\"@type\":\"ImageObject\",\"inLanguage\":\"fr-FR\",\"@id\":\"https:\/\/kapitalis.com\/tunisie\/#\/schema\/logo\/image\/\",\"url\":\"https:\/\/kapitalis.com\/tunisie\/wp-content\/uploads\/2022\/05\/Kapitalis-big-size.png\",\"contentUrl\":\"https:\/\/kapitalis.com\/tunisie\/wp-content\/uploads\/2022\/05\/Kapitalis-big-size.png\",\"width\":5000,\"height\":1500,\"caption\":\"Kapitalis\"},\"image\":{\"@id\":\"https:\/\/kapitalis.com\/tunisie\/#\/schema\/logo\/image\/\"},\"sameAs\":[\"https:\/\/www.facebook.com\/KapitalisInfo\/\",\"https:\/\/x.com\/KapitalisInfo\",\"https:\/\/www.youtube.com\/channel\/UC-yDYrHyfFBWWZaOw3FPg9Q\"]},{\"@type\":\"Person\",\"@id\":\"https:\/\/kapitalis.com\/tunisie\/#\/schema\/person\/b35b8d631961131107263178aeb8019e\",\"name\":\"Cherif Benyounes\",\"url\":\"https:\/\/kapitalis.com\/tunisie\/author\/cherif\/\"}]}<\/script>\n<!-- \/ Yoast SEO plugin. -->","yoast_head_json":{"title":"Faouzi Addad appelle \u00e0 la gratuit\u00e9 du vaccin contre la grippe pour une cat\u00e9gorie de citoyens - Kapitalis","robots":{"index":"index","follow":"follow","max-snippet":"max-snippet:-1","max-image-preview":"max-image-preview:large","max-video-preview":"max-video-preview:-1"},"canonical":"https:\/\/kapitalis.com\/tunisie\/2020\/09\/22\/faouzi-addad-appelle-a-la-gratuite-du-vaccin-contre-la-grippe-pour-une-categorie-de-citoyens\/","og_locale":"fr_FR","og_type":"article","og_title":"Faouzi Addad appelle \u00e0 la gratuit\u00e9 du vaccin contre la grippe pour une cat\u00e9gorie de citoyens - Kapitalis","og_description":"Le professeur en cardiologie, Faouzi Addad, a insist\u00e9 aujourd&rsquo;hui, mardi 22 septembre 2020, sur la n\u00e9cessit\u00e9 de se faire vacciner contre la grippe saisonni\u00e8re, surtout pour les individus de plus de 65 ans et\/ou souffrant de maladies chroniques.","og_url":"https:\/\/kapitalis.com\/tunisie\/2020\/09\/22\/faouzi-addad-appelle-a-la-gratuite-du-vaccin-contre-la-grippe-pour-une-categorie-de-citoyens\/","og_site_name":"Kapitalis","article_publisher":"https:\/\/www.facebook.com\/KapitalisInfo\/","article_published_time":"2020-09-22T09:23:33+00:00","article_modified_time":"2020-09-23T06:17:42+00:00","og_image":[{"width":1200,"height":630,"url":"https:\/\/kapitalis.com\/tunisie\/wp-content\/uploads\/2022\/05\/kapitalis-logo-fb.png","type":"image\/png"}],"author":"Cherif Benyounes","twitter_card":"summary_large_image","twitter_creator":"@KapitalisInfo","twitter_site":"@KapitalisInfo","twitter_misc":{"\u00c9crit par":"Cherif Benyounes","Dur\u00e9e de lecture estim\u00e9e":"1 minute"},"schema":{"@context":"https:\/\/schema.org","@graph":[{"@type":"Article","@id":"https:\/\/kapitalis.com\/tunisie\/2020\/09\/22\/faouzi-addad-appelle-a-la-gratuite-du-vaccin-contre-la-grippe-pour-une-categorie-de-citoyens\/#article","isPartOf":{"@id":"https:\/\/kapitalis.com\/tunisie\/2020\/09\/22\/faouzi-addad-appelle-a-la-gratuite-du-vaccin-contre-la-grippe-pour-une-categorie-de-citoyens\/"},"author":{"name":"Cherif Benyounes","@id":"https:\/\/kapitalis.com\/tunisie\/#\/schema\/person\/b35b8d631961131107263178aeb8019e"},"headline":"Faouzi Addad appelle \u00e0 la gratuit\u00e9 du vaccin contre la grippe pour une cat\u00e9gorie de citoyens","datePublished":"2020-09-22T09:23:33+00:00","dateModified":"2020-09-23T06:17:42+00:00","mainEntityOfPage":{"@id":"https:\/\/kapitalis.com\/tunisie\/2020\/09\/22\/faouzi-addad-appelle-a-la-gratuite-du-vaccin-contre-la-grippe-pour-une-categorie-de-citoyens\/"},"wordCount":270,"commentCount":1,"publisher":{"@id":"https:\/\/kapitalis.com\/tunisie\/#organization"},"image":{"@id":"https:\/\/kapitalis.com\/tunisie\/2020\/09\/22\/faouzi-addad-appelle-a-la-gratuite-du-vaccin-contre-la-grippe-pour-une-categorie-de-citoyens\/#primaryimage"},"thumbnailUrl":"","keywords":["Coronavirus","Covid-19","Faouzi Addad","grippe saisonni\u00e8re"],"articleSection":["SOCIETE","Tunisie"],"inLanguage":"fr-FR","potentialAction":[{"@type":"CommentAction","name":"Comment","target":["https:\/\/kapitalis.com\/tunisie\/2020\/09\/22\/faouzi-addad-appelle-a-la-gratuite-du-vaccin-contre-la-grippe-pour-une-categorie-de-citoyens\/#respond"]}]},{"@type":"WebPage","@id":"https:\/\/kapitalis.com\/tunisie\/2020\/09\/22\/faouzi-addad-appelle-a-la-gratuite-du-vaccin-contre-la-grippe-pour-une-categorie-de-citoyens\/","url":"https:\/\/kapitalis.com\/tunisie\/2020\/09\/22\/faouzi-addad-appelle-a-la-gratuite-du-vaccin-contre-la-grippe-pour-une-categorie-de-citoyens\/","name":"Faouzi Addad appelle \u00e0 la gratuit\u00e9 du vaccin contre la grippe pour une cat\u00e9gorie de citoyens - Kapitalis","isPartOf":{"@id":"https:\/\/kapitalis.com\/tunisie\/#website"},"primaryImageOfPage":{"@id":"https:\/\/kapitalis.com\/tunisie\/2020\/09\/22\/faouzi-addad-appelle-a-la-gratuite-du-vaccin-contre-la-grippe-pour-une-categorie-de-citoyens\/#primaryimage"},"image":{"@id":"https:\/\/kapitalis.com\/tunisie\/2020\/09\/22\/faouzi-addad-appelle-a-la-gratuite-du-vaccin-contre-la-grippe-pour-une-categorie-de-citoyens\/#primaryimage"},"thumbnailUrl":"","datePublished":"2020-09-22T09:23:33+00:00","dateModified":"2020-09-23T06:17:42+00:00","breadcrumb":{"@id":"https:\/\/kapitalis.com\/tunisie\/2020\/09\/22\/faouzi-addad-appelle-a-la-gratuite-du-vaccin-contre-la-grippe-pour-une-categorie-de-citoyens\/#breadcrumb"},"inLanguage":"fr-FR","potentialAction":[{"@type":"ReadAction","target":["https:\/\/kapitalis.com\/tunisie\/2020\/09\/22\/faouzi-addad-appelle-a-la-gratuite-du-vaccin-contre-la-grippe-pour-une-categorie-de-citoyens\/"]}]},{"@type":"ImageObject","inLanguage":"fr-FR","@id":"https:\/\/kapitalis.com\/tunisie\/2020\/09\/22\/faouzi-addad-appelle-a-la-gratuite-du-vaccin-contre-la-grippe-pour-une-categorie-de-citoyens\/#primaryimage","url":"","contentUrl":""},{"@type":"BreadcrumbList","@id":"https:\/\/kapitalis.com\/tunisie\/2020\/09\/22\/faouzi-addad-appelle-a-la-gratuite-du-vaccin-contre-la-grippe-pour-une-categorie-de-citoyens\/#breadcrumb","itemListElement":[{"@type":"ListItem","position":1,"name":"Accueil","item":"https:\/\/kapitalis.com\/tunisie\/"},{"@type":"ListItem","position":2,"name":"Faouzi Addad appelle \u00e0 la gratuit\u00e9 du vaccin contre la grippe pour une cat\u00e9gorie de citoyens"}]},{"@type":"WebSite","@id":"https:\/\/kapitalis.com\/tunisie\/#website","url":"https:\/\/kapitalis.com\/tunisie\/","name":"Kapitalis","description":"L&#039;actualit\u00e9 en Tunisie et dans le monde","publisher":{"@id":"https:\/\/kapitalis.com\/tunisie\/#organization"},"potentialAction":[{"@type":"SearchAction","target":{"@type":"EntryPoint","urlTemplate":"https:\/\/kapitalis.com\/tunisie\/?s={search_term_string}"},"query-input":{"@type":"PropertyValueSpecification","valueRequired":true,"valueName":"search_term_string"}}],"inLanguage":"fr-FR"},{"@type":"Organization","@id":"https:\/\/kapitalis.com\/tunisie\/#organization","name":"Kapitalis","url":"https:\/\/kapitalis.com\/tunisie\/","logo":{"@type":"ImageObject","inLanguage":"fr-FR","@id":"https:\/\/kapitalis.com\/tunisie\/#\/schema\/logo\/image\/","url":"https:\/\/kapitalis.com\/tunisie\/wp-content\/uploads\/2022\/05\/Kapitalis-big-size.png","contentUrl":"https:\/\/kapitalis.com\/tunisie\/wp-content\/uploads\/2022\/05\/Kapitalis-big-size.png","width":5000,"height":1500,"caption":"Kapitalis"},"image":{"@id":"https:\/\/kapitalis.com\/tunisie\/#\/schema\/logo\/image\/"},"sameAs":["https:\/\/www.facebook.com\/KapitalisInfo\/","https:\/\/x.com\/KapitalisInfo","https:\/\/www.youtube.com\/channel\/UC-yDYrHyfFBWWZaOw3FPg9Q"]},{"@type":"Person","@id":"https:\/\/kapitalis.com\/tunisie\/#\/schema\/person\/b35b8d631961131107263178aeb8019e","name":"Cherif Benyounes","url":"https:\/\/kapitalis.com\/tunisie\/author\/cherif\/"}]}},"_links":{"self":[{"href":"https:\/\/kapitalis.com\/tunisie\/wp-json\/wp\/v2\/posts\/317393","targetHints":{"allow":["GET"]}}],"collection":[{"href":"https:\/\/kapitalis.com\/tunisie\/wp-json\/wp\/v2\/posts"}],"about":[{"href":"https:\/\/kapitalis.com\/tunisie\/wp-json\/wp\/v2\/types\/post"}],"author":[{"embeddable":true,"href":"https:\/\/kapitalis.com\/tunisie\/wp-json\/wp\/v2\/users\/24"}],"replies":[{"embeddable":true,"href":"https:\/\/kapitalis.com\/tunisie\/wp-json\/wp\/v2\/comments?post=317393"}],"version-history":[{"count":0,"href":"https:\/\/kapitalis.com\/tunisie\/wp-json\/wp\/v2\/posts\/317393\/revisions"}],"wp:featuredmedia":[{"embeddable":true,"href":"https:\/\/kapitalis.com\/tunisie\/wp-json\/wp\/v2\/media\/317396"}],"wp:attachment":[{"href":"https:\/\/kapitalis.com\/tunisie\/wp-json\/wp\/v2\/media?parent=317393"}],"wp:term":[{"taxonomy":"category","embeddable":true,"href":"https:\/\/kapitalis.com\/tunisie\/wp-json\/wp\/v2\/categories?post=317393"},{"taxonomy":"post_tag","embeddable":true,"href":"https:\/\/kapitalis.com\/tunisie\/wp-json\/wp\/v2\/tags?post=317393"}],"curies":[{"name":"wp","href":"https:\/\/api.w.org\/{rel}","templated":true}]}}