{"id":317462,"date":"2020-09-22T17:55:33","date_gmt":"2020-09-22T16:55:33","guid":{"rendered":"http:\/\/kapitalis.com\/tunisie\/?p=317462"},"modified":"2020-09-23T06:51:46","modified_gmt":"2020-09-23T05:51:46","slug":"publication-des-noms-des-contamines-au-coronavirus-par-la-mairie-de-bennane-linstance-de-protection-des-donnees-personnelles-saisira-la-justice","status":"publish","type":"post","link":"https:\/\/kapitalis.com\/tunisie\/2020\/09\/22\/publication-des-noms-des-contamines-au-coronavirus-par-la-mairie-de-bennane-linstance-de-protection-des-donnees-personnelles-saisira-la-justice\/","title":{"rendered":"Publication des noms des contamin\u00e9s au coronavirus par la mairie de Bennane : L&rsquo;INPDP saisira la justice"},"content":{"rendered":"\n<figure class=\"wp-block-image size-large\"><img decoding=\"async\" src=\"http:\/\/kapitalis.com\/tunisie\/wp-content\/uploads\/2020\/09\/IPDP-mairie-Bennane.jpg\" alt=\"\" class=\"wp-image-317468\"\/><\/figure>\n\n\n\n<p><em><strong>L&rsquo;Instance nationale de protection des donn\u00e9es personnelles (INPDP) a d\u00e9nonc\u00e9 aujourd&rsquo;hui, mardi 22 septembre 2020, la publication de listes nominatives des personnes test\u00e9es positives au coronavirus par la commune de Bennane Bodheur, relevant du gouvernorat de Monastir, tout en affirmant qu&rsquo;elle saisira la justice.<\/strong><\/em><\/p>\n\n\n\n<!--more-->\n\n\n\n<p>\u00ab<em>Malgr\u00e9 la mise en garde que nous avions publi\u00e9e, dimanche dernier, en rappelant que la divulgation de l\u2019identit\u00e9 des personnes contamin\u00e9es est consid\u00e9r\u00e9e comme une violation de la loi, la municipalit\u00e9 de Bennane a publi\u00e9 aujourd&rsquo;hui, sur sa page Facebook, les noms des habitants test\u00e9s positifs au coronavirus<\/em>\u00bb, a d\u00e9plor\u00e9 l&rsquo;INPDP, en affirmant qu&rsquo;elle saisira la justice contre la municipalit\u00e9 et contre toute partie qui ne respectera pas la loi relative au respect des donn\u00e9es personnelles.<\/p>\n\n\n\n<div class=\"wp-block-image\"><figure class=\"aligncenter size-large is-resized\"><img decoding=\"async\" src=\"http:\/\/kapitalis.com\/tunisie\/wp-content\/uploads\/2020\/09\/benane.png\" alt=\"\" class=\"wp-image-317469\" width=\"500\"\/><\/figure><\/div>\n\n\n\n<p>De son c\u00f4t\u00e9, la mairie a assur\u00e9 qu&rsquo;elle \u00ab<em>n\u2019h\u00e9sitera pas \u00e0 mentionner les noms des contamin\u00e9s: pour les prot\u00e9ger et prot\u00e9ger les personnes qui ont \u00e9t\u00e9 en contact avec eux et s&rsquo;assurer qu&rsquo;ils respecteront la quarantaine qui leur est impos\u00e9e\u00bb.<\/em><\/p>\n\n\n\n<p>On notera aussi que des habitants de Bennane et autres villes ont de leur c\u00f4t\u00e9s pris la d\u00e9fense de la commune en affirmant que la publication des noms des personnes positives au coronavirus \u00ab<em>permettrait d&rsquo;\u00e9viter les abus relatifs au non respect du confinement<\/em>\u00bb, tout en assurant qu&rsquo;ils ne seraient pas, quant eux, d\u00e9rang\u00e9s si leur noms venaient \u00e0 \u00eatre publi\u00e9s&#8230;<\/p>\n\n\n\n<p class=\"has-text-align-right\"><strong>Y. N.<\/strong><\/p>\n","protected":false},"excerpt":{"rendered":"<p>L&rsquo;Instance nationale de protection des donn\u00e9es personnelles (INPDP) a d\u00e9nonc\u00e9 aujourd&rsquo;hui, mardi 22 septembre 2020, la publication de listes nominatives des personnes test\u00e9es positives au coronavirus par la commune de Bennane Bodheur, relevant du gouvernorat de Monastir, tout en affirmant qu&rsquo;elle saisira la justice.<\/p>\n","protected":false},"author":6,"featured_media":317468,"comment_status":"open","ping_status":"open","sticky":false,"template":"","format":"standard","meta":{"footnotes":""},"categories":[998,2433],"tags":[73060,76608,5618,64355,83008,83009,633,83007],"class_list":["post-317462","post","type-post","status-publish","format-standard","has-post-thumbnail","hentry","category-societe","category-tunisie","tag-coronavirus","tag-covid","tag-inpdp","tag-justice","tag-listes-nominatives","tag-mairie-bennane","tag-monastir","tag-protection-donnees-personnelles"],"yoast_head":"<!-- This site is optimized with the Yoast SEO plugin v26.6 - https:\/\/yoast.com\/wordpress\/plugins\/seo\/ -->\n<title>Publication des noms des contamin\u00e9s au coronavirus par la mairie de Bennane : L&#039;INPDP saisira la justice - Kapitalis<\/title>\n<meta name=\"robots\" content=\"index, follow, max-snippet:-1, max-image-preview:large, max-video-preview:-1\" \/>\n<link rel=\"canonical\" href=\"https:\/\/kapitalis.com\/tunisie\/2020\/09\/22\/publication-des-noms-des-contamines-au-coronavirus-par-la-mairie-de-bennane-linstance-de-protection-des-donnees-personnelles-saisira-la-justice\/\" \/>\n<meta property=\"og:locale\" content=\"fr_FR\" \/>\n<meta property=\"og:type\" content=\"article\" \/>\n<meta property=\"og:title\" content=\"Publication des noms des contamin\u00e9s au coronavirus par la mairie de Bennane : L&#039;INPDP saisira la justice - Kapitalis\" \/>\n<meta property=\"og:description\" content=\"L&rsquo;Instance nationale de protection des donn\u00e9es personnelles (INPDP) a d\u00e9nonc\u00e9 aujourd&rsquo;hui, mardi 22 septembre 2020, la publication de listes nominatives des personnes test\u00e9es positives au coronavirus par la commune de Bennane Bodheur, relevant du gouvernorat de Monastir, tout en affirmant qu&rsquo;elle saisira la justice.\" \/>\n<meta property=\"og:url\" content=\"https:\/\/kapitalis.com\/tunisie\/2020\/09\/22\/publication-des-noms-des-contamines-au-coronavirus-par-la-mairie-de-bennane-linstance-de-protection-des-donnees-personnelles-saisira-la-justice\/\" \/>\n<meta property=\"og:site_name\" content=\"Kapitalis\" \/>\n<meta property=\"article:publisher\" content=\"https:\/\/www.facebook.com\/KapitalisInfo\/\" \/>\n<meta property=\"article:published_time\" content=\"2020-09-22T16:55:33+00:00\" \/>\n<meta property=\"article:modified_time\" content=\"2020-09-23T05:51:46+00:00\" \/>\n<meta property=\"og:image\" content=\"https:\/\/kapitalis.com\/tunisie\/wp-content\/uploads\/2022\/05\/kapitalis-logo-fb.png\" \/>\n\t<meta property=\"og:image:width\" content=\"1200\" \/>\n\t<meta property=\"og:image:height\" content=\"630\" \/>\n\t<meta property=\"og:image:type\" content=\"image\/png\" \/>\n<meta name=\"author\" content=\"Yusra NY\" \/>\n<meta name=\"twitter:card\" content=\"summary_large_image\" \/>\n<meta name=\"twitter:creator\" content=\"@KapitalisInfo\" \/>\n<meta name=\"twitter:site\" content=\"@KapitalisInfo\" \/>\n<meta name=\"twitter:label1\" content=\"\u00c9crit par\" \/>\n\t<meta name=\"twitter:data1\" content=\"Yusra NY\" \/>\n\t<meta name=\"twitter:label2\" content=\"Dur\u00e9e de lecture estim\u00e9e\" \/>\n\t<meta name=\"twitter:data2\" content=\"1 minute\" \/>\n<script type=\"application\/ld+json\" class=\"yoast-schema-graph\">{\"@context\":\"https:\/\/schema.org\",\"@graph\":[{\"@type\":\"Article\",\"@id\":\"https:\/\/kapitalis.com\/tunisie\/2020\/09\/22\/publication-des-noms-des-contamines-au-coronavirus-par-la-mairie-de-bennane-linstance-de-protection-des-donnees-personnelles-saisira-la-justice\/#article\",\"isPartOf\":{\"@id\":\"https:\/\/kapitalis.com\/tunisie\/2020\/09\/22\/publication-des-noms-des-contamines-au-coronavirus-par-la-mairie-de-bennane-linstance-de-protection-des-donnees-personnelles-saisira-la-justice\/\"},\"author\":{\"name\":\"Yusra NY\",\"@id\":\"https:\/\/kapitalis.com\/tunisie\/#\/schema\/person\/74bbde0154d49d790a92aaeac5bc01d5\"},\"headline\":\"Publication des noms des contamin\u00e9s au coronavirus par la mairie de Bennane : L&rsquo;INPDP saisira la justice\",\"datePublished\":\"2020-09-22T16:55:33+00:00\",\"dateModified\":\"2020-09-23T05:51:46+00:00\",\"mainEntityOfPage\":{\"@id\":\"https:\/\/kapitalis.com\/tunisie\/2020\/09\/22\/publication-des-noms-des-contamines-au-coronavirus-par-la-mairie-de-bennane-linstance-de-protection-des-donnees-personnelles-saisira-la-justice\/\"},\"wordCount\":260,\"commentCount\":0,\"publisher\":{\"@id\":\"https:\/\/kapitalis.com\/tunisie\/#organization\"},\"image\":{\"@id\":\"https:\/\/kapitalis.com\/tunisie\/2020\/09\/22\/publication-des-noms-des-contamines-au-coronavirus-par-la-mairie-de-bennane-linstance-de-protection-des-donnees-personnelles-saisira-la-justice\/#primaryimage\"},\"thumbnailUrl\":\"\",\"keywords\":[\"Coronavirus\",\"Covid-\",\"INPDP\",\"justice\",\"listes nominatives\",\"mairie Bennane\",\"Monastir\",\"protection donn\u00e9es personnelles\"],\"articleSection\":[\"SOCIETE\",\"Tunisie\"],\"inLanguage\":\"fr-FR\",\"potentialAction\":[{\"@type\":\"CommentAction\",\"name\":\"Comment\",\"target\":[\"https:\/\/kapitalis.com\/tunisie\/2020\/09\/22\/publication-des-noms-des-contamines-au-coronavirus-par-la-mairie-de-bennane-linstance-de-protection-des-donnees-personnelles-saisira-la-justice\/#respond\"]}]},{\"@type\":\"WebPage\",\"@id\":\"https:\/\/kapitalis.com\/tunisie\/2020\/09\/22\/publication-des-noms-des-contamines-au-coronavirus-par-la-mairie-de-bennane-linstance-de-protection-des-donnees-personnelles-saisira-la-justice\/\",\"url\":\"https:\/\/kapitalis.com\/tunisie\/2020\/09\/22\/publication-des-noms-des-contamines-au-coronavirus-par-la-mairie-de-bennane-linstance-de-protection-des-donnees-personnelles-saisira-la-justice\/\",\"name\":\"Publication des noms des contamin\u00e9s au coronavirus par la mairie de Bennane : L'INPDP saisira la justice - Kapitalis\",\"isPartOf\":{\"@id\":\"https:\/\/kapitalis.com\/tunisie\/#website\"},\"primaryImageOfPage\":{\"@id\":\"https:\/\/kapitalis.com\/tunisie\/2020\/09\/22\/publication-des-noms-des-contamines-au-coronavirus-par-la-mairie-de-bennane-linstance-de-protection-des-donnees-personnelles-saisira-la-justice\/#primaryimage\"},\"image\":{\"@id\":\"https:\/\/kapitalis.com\/tunisie\/2020\/09\/22\/publication-des-noms-des-contamines-au-coronavirus-par-la-mairie-de-bennane-linstance-de-protection-des-donnees-personnelles-saisira-la-justice\/#primaryimage\"},\"thumbnailUrl\":\"\",\"datePublished\":\"2020-09-22T16:55:33+00:00\",\"dateModified\":\"2020-09-23T05:51:46+00:00\",\"breadcrumb\":{\"@id\":\"https:\/\/kapitalis.com\/tunisie\/2020\/09\/22\/publication-des-noms-des-contamines-au-coronavirus-par-la-mairie-de-bennane-linstance-de-protection-des-donnees-personnelles-saisira-la-justice\/#breadcrumb\"},\"inLanguage\":\"fr-FR\",\"potentialAction\":[{\"@type\":\"ReadAction\",\"target\":[\"https:\/\/kapitalis.com\/tunisie\/2020\/09\/22\/publication-des-noms-des-contamines-au-coronavirus-par-la-mairie-de-bennane-linstance-de-protection-des-donnees-personnelles-saisira-la-justice\/\"]}]},{\"@type\":\"ImageObject\",\"inLanguage\":\"fr-FR\",\"@id\":\"https:\/\/kapitalis.com\/tunisie\/2020\/09\/22\/publication-des-noms-des-contamines-au-coronavirus-par-la-mairie-de-bennane-linstance-de-protection-des-donnees-personnelles-saisira-la-justice\/#primaryimage\",\"url\":\"\",\"contentUrl\":\"\"},{\"@type\":\"BreadcrumbList\",\"@id\":\"https:\/\/kapitalis.com\/tunisie\/2020\/09\/22\/publication-des-noms-des-contamines-au-coronavirus-par-la-mairie-de-bennane-linstance-de-protection-des-donnees-personnelles-saisira-la-justice\/#breadcrumb\",\"itemListElement\":[{\"@type\":\"ListItem\",\"position\":1,\"name\":\"Accueil\",\"item\":\"https:\/\/kapitalis.com\/tunisie\/\"},{\"@type\":\"ListItem\",\"position\":2,\"name\":\"Publication des noms des contamin\u00e9s au coronavirus par la mairie de Bennane : L&rsquo;INPDP saisira la justice\"}]},{\"@type\":\"WebSite\",\"@id\":\"https:\/\/kapitalis.com\/tunisie\/#website\",\"url\":\"https:\/\/kapitalis.com\/tunisie\/\",\"name\":\"Kapitalis\",\"description\":\"L&#039;actualit\u00e9 en Tunisie et dans le monde\",\"publisher\":{\"@id\":\"https:\/\/kapitalis.com\/tunisie\/#organization\"},\"potentialAction\":[{\"@type\":\"SearchAction\",\"target\":{\"@type\":\"EntryPoint\",\"urlTemplate\":\"https:\/\/kapitalis.com\/tunisie\/?s={search_term_string}\"},\"query-input\":{\"@type\":\"PropertyValueSpecification\",\"valueRequired\":true,\"valueName\":\"search_term_string\"}}],\"inLanguage\":\"fr-FR\"},{\"@type\":\"Organization\",\"@id\":\"https:\/\/kapitalis.com\/tunisie\/#organization\",\"name\":\"Kapitalis\",\"url\":\"https:\/\/kapitalis.com\/tunisie\/\",\"logo\":{\"@type\":\"ImageObject\",\"inLanguage\":\"fr-FR\",\"@id\":\"https:\/\/kapitalis.com\/tunisie\/#\/schema\/logo\/image\/\",\"url\":\"https:\/\/kapitalis.com\/tunisie\/wp-content\/uploads\/2022\/05\/Kapitalis-big-size.png\",\"contentUrl\":\"https:\/\/kapitalis.com\/tunisie\/wp-content\/uploads\/2022\/05\/Kapitalis-big-size.png\",\"width\":5000,\"height\":1500,\"caption\":\"Kapitalis\"},\"image\":{\"@id\":\"https:\/\/kapitalis.com\/tunisie\/#\/schema\/logo\/image\/\"},\"sameAs\":[\"https:\/\/www.facebook.com\/KapitalisInfo\/\",\"https:\/\/x.com\/KapitalisInfo\",\"https:\/\/www.youtube.com\/channel\/UC-yDYrHyfFBWWZaOw3FPg9Q\"]},{\"@type\":\"Person\",\"@id\":\"https:\/\/kapitalis.com\/tunisie\/#\/schema\/person\/74bbde0154d49d790a92aaeac5bc01d5\",\"name\":\"Yusra NY\",\"url\":\"https:\/\/kapitalis.com\/tunisie\/author\/yuza_adam\/\"}]}<\/script>\n<!-- \/ Yoast SEO plugin. -->","yoast_head_json":{"title":"Publication des noms des contamin\u00e9s au coronavirus par la mairie de Bennane : L'INPDP saisira la justice - Kapitalis","robots":{"index":"index","follow":"follow","max-snippet":"max-snippet:-1","max-image-preview":"max-image-preview:large","max-video-preview":"max-video-preview:-1"},"canonical":"https:\/\/kapitalis.com\/tunisie\/2020\/09\/22\/publication-des-noms-des-contamines-au-coronavirus-par-la-mairie-de-bennane-linstance-de-protection-des-donnees-personnelles-saisira-la-justice\/","og_locale":"fr_FR","og_type":"article","og_title":"Publication des noms des contamin\u00e9s au coronavirus par la mairie de Bennane : L'INPDP saisira la justice - Kapitalis","og_description":"L&rsquo;Instance nationale de protection des donn\u00e9es personnelles (INPDP) a d\u00e9nonc\u00e9 aujourd&rsquo;hui, mardi 22 septembre 2020, la publication de listes nominatives des personnes test\u00e9es positives au coronavirus par la commune de Bennane Bodheur, relevant du gouvernorat de Monastir, tout en affirmant qu&rsquo;elle saisira la justice.","og_url":"https:\/\/kapitalis.com\/tunisie\/2020\/09\/22\/publication-des-noms-des-contamines-au-coronavirus-par-la-mairie-de-bennane-linstance-de-protection-des-donnees-personnelles-saisira-la-justice\/","og_site_name":"Kapitalis","article_publisher":"https:\/\/www.facebook.com\/KapitalisInfo\/","article_published_time":"2020-09-22T16:55:33+00:00","article_modified_time":"2020-09-23T05:51:46+00:00","og_image":[{"width":1200,"height":630,"url":"https:\/\/kapitalis.com\/tunisie\/wp-content\/uploads\/2022\/05\/kapitalis-logo-fb.png","type":"image\/png"}],"author":"Yusra NY","twitter_card":"summary_large_image","twitter_creator":"@KapitalisInfo","twitter_site":"@KapitalisInfo","twitter_misc":{"\u00c9crit par":"Yusra NY","Dur\u00e9e de lecture estim\u00e9e":"1 minute"},"schema":{"@context":"https:\/\/schema.org","@graph":[{"@type":"Article","@id":"https:\/\/kapitalis.com\/tunisie\/2020\/09\/22\/publication-des-noms-des-contamines-au-coronavirus-par-la-mairie-de-bennane-linstance-de-protection-des-donnees-personnelles-saisira-la-justice\/#article","isPartOf":{"@id":"https:\/\/kapitalis.com\/tunisie\/2020\/09\/22\/publication-des-noms-des-contamines-au-coronavirus-par-la-mairie-de-bennane-linstance-de-protection-des-donnees-personnelles-saisira-la-justice\/"},"author":{"name":"Yusra NY","@id":"https:\/\/kapitalis.com\/tunisie\/#\/schema\/person\/74bbde0154d49d790a92aaeac5bc01d5"},"headline":"Publication des noms des contamin\u00e9s au coronavirus par la mairie de Bennane : L&rsquo;INPDP saisira la justice","datePublished":"2020-09-22T16:55:33+00:00","dateModified":"2020-09-23T05:51:46+00:00","mainEntityOfPage":{"@id":"https:\/\/kapitalis.com\/tunisie\/2020\/09\/22\/publication-des-noms-des-contamines-au-coronavirus-par-la-mairie-de-bennane-linstance-de-protection-des-donnees-personnelles-saisira-la-justice\/"},"wordCount":260,"commentCount":0,"publisher":{"@id":"https:\/\/kapitalis.com\/tunisie\/#organization"},"image":{"@id":"https:\/\/kapitalis.com\/tunisie\/2020\/09\/22\/publication-des-noms-des-contamines-au-coronavirus-par-la-mairie-de-bennane-linstance-de-protection-des-donnees-personnelles-saisira-la-justice\/#primaryimage"},"thumbnailUrl":"","keywords":["Coronavirus","Covid-","INPDP","justice","listes nominatives","mairie Bennane","Monastir","protection donn\u00e9es personnelles"],"articleSection":["SOCIETE","Tunisie"],"inLanguage":"fr-FR","potentialAction":[{"@type":"CommentAction","name":"Comment","target":["https:\/\/kapitalis.com\/tunisie\/2020\/09\/22\/publication-des-noms-des-contamines-au-coronavirus-par-la-mairie-de-bennane-linstance-de-protection-des-donnees-personnelles-saisira-la-justice\/#respond"]}]},{"@type":"WebPage","@id":"https:\/\/kapitalis.com\/tunisie\/2020\/09\/22\/publication-des-noms-des-contamines-au-coronavirus-par-la-mairie-de-bennane-linstance-de-protection-des-donnees-personnelles-saisira-la-justice\/","url":"https:\/\/kapitalis.com\/tunisie\/2020\/09\/22\/publication-des-noms-des-contamines-au-coronavirus-par-la-mairie-de-bennane-linstance-de-protection-des-donnees-personnelles-saisira-la-justice\/","name":"Publication des noms des contamin\u00e9s au coronavirus par la mairie de Bennane : L'INPDP saisira la justice - Kapitalis","isPartOf":{"@id":"https:\/\/kapitalis.com\/tunisie\/#website"},"primaryImageOfPage":{"@id":"https:\/\/kapitalis.com\/tunisie\/2020\/09\/22\/publication-des-noms-des-contamines-au-coronavirus-par-la-mairie-de-bennane-linstance-de-protection-des-donnees-personnelles-saisira-la-justice\/#primaryimage"},"image":{"@id":"https:\/\/kapitalis.com\/tunisie\/2020\/09\/22\/publication-des-noms-des-contamines-au-coronavirus-par-la-mairie-de-bennane-linstance-de-protection-des-donnees-personnelles-saisira-la-justice\/#primaryimage"},"thumbnailUrl":"","datePublished":"2020-09-22T16:55:33+00:00","dateModified":"2020-09-23T05:51:46+00:00","breadcrumb":{"@id":"https:\/\/kapitalis.com\/tunisie\/2020\/09\/22\/publication-des-noms-des-contamines-au-coronavirus-par-la-mairie-de-bennane-linstance-de-protection-des-donnees-personnelles-saisira-la-justice\/#breadcrumb"},"inLanguage":"fr-FR","potentialAction":[{"@type":"ReadAction","target":["https:\/\/kapitalis.com\/tunisie\/2020\/09\/22\/publication-des-noms-des-contamines-au-coronavirus-par-la-mairie-de-bennane-linstance-de-protection-des-donnees-personnelles-saisira-la-justice\/"]}]},{"@type":"ImageObject","inLanguage":"fr-FR","@id":"https:\/\/kapitalis.com\/tunisie\/2020\/09\/22\/publication-des-noms-des-contamines-au-coronavirus-par-la-mairie-de-bennane-linstance-de-protection-des-donnees-personnelles-saisira-la-justice\/#primaryimage","url":"","contentUrl":""},{"@type":"BreadcrumbList","@id":"https:\/\/kapitalis.com\/tunisie\/2020\/09\/22\/publication-des-noms-des-contamines-au-coronavirus-par-la-mairie-de-bennane-linstance-de-protection-des-donnees-personnelles-saisira-la-justice\/#breadcrumb","itemListElement":[{"@type":"ListItem","position":1,"name":"Accueil","item":"https:\/\/kapitalis.com\/tunisie\/"},{"@type":"ListItem","position":2,"name":"Publication des noms des contamin\u00e9s au coronavirus par la mairie de Bennane : L&rsquo;INPDP saisira la justice"}]},{"@type":"WebSite","@id":"https:\/\/kapitalis.com\/tunisie\/#website","url":"https:\/\/kapitalis.com\/tunisie\/","name":"Kapitalis","description":"L&#039;actualit\u00e9 en Tunisie et dans le monde","publisher":{"@id":"https:\/\/kapitalis.com\/tunisie\/#organization"},"potentialAction":[{"@type":"SearchAction","target":{"@type":"EntryPoint","urlTemplate":"https:\/\/kapitalis.com\/tunisie\/?s={search_term_string}"},"query-input":{"@type":"PropertyValueSpecification","valueRequired":true,"valueName":"search_term_string"}}],"inLanguage":"fr-FR"},{"@type":"Organization","@id":"https:\/\/kapitalis.com\/tunisie\/#organization","name":"Kapitalis","url":"https:\/\/kapitalis.com\/tunisie\/","logo":{"@type":"ImageObject","inLanguage":"fr-FR","@id":"https:\/\/kapitalis.com\/tunisie\/#\/schema\/logo\/image\/","url":"https:\/\/kapitalis.com\/tunisie\/wp-content\/uploads\/2022\/05\/Kapitalis-big-size.png","contentUrl":"https:\/\/kapitalis.com\/tunisie\/wp-content\/uploads\/2022\/05\/Kapitalis-big-size.png","width":5000,"height":1500,"caption":"Kapitalis"},"image":{"@id":"https:\/\/kapitalis.com\/tunisie\/#\/schema\/logo\/image\/"},"sameAs":["https:\/\/www.facebook.com\/KapitalisInfo\/","https:\/\/x.com\/KapitalisInfo","https:\/\/www.youtube.com\/channel\/UC-yDYrHyfFBWWZaOw3FPg9Q"]},{"@type":"Person","@id":"https:\/\/kapitalis.com\/tunisie\/#\/schema\/person\/74bbde0154d49d790a92aaeac5bc01d5","name":"Yusra NY","url":"https:\/\/kapitalis.com\/tunisie\/author\/yuza_adam\/"}]}},"_links":{"self":[{"href":"https:\/\/kapitalis.com\/tunisie\/wp-json\/wp\/v2\/posts\/317462","targetHints":{"allow":["GET"]}}],"collection":[{"href":"https:\/\/kapitalis.com\/tunisie\/wp-json\/wp\/v2\/posts"}],"about":[{"href":"https:\/\/kapitalis.com\/tunisie\/wp-json\/wp\/v2\/types\/post"}],"author":[{"embeddable":true,"href":"https:\/\/kapitalis.com\/tunisie\/wp-json\/wp\/v2\/users\/6"}],"replies":[{"embeddable":true,"href":"https:\/\/kapitalis.com\/tunisie\/wp-json\/wp\/v2\/comments?post=317462"}],"version-history":[{"count":0,"href":"https:\/\/kapitalis.com\/tunisie\/wp-json\/wp\/v2\/posts\/317462\/revisions"}],"wp:featuredmedia":[{"embeddable":true,"href":"https:\/\/kapitalis.com\/tunisie\/wp-json\/wp\/v2\/media\/317468"}],"wp:attachment":[{"href":"https:\/\/kapitalis.com\/tunisie\/wp-json\/wp\/v2\/media?parent=317462"}],"wp:term":[{"taxonomy":"category","embeddable":true,"href":"https:\/\/kapitalis.com\/tunisie\/wp-json\/wp\/v2\/categories?post=317462"},{"taxonomy":"post_tag","embeddable":true,"href":"https:\/\/kapitalis.com\/tunisie\/wp-json\/wp\/v2\/tags?post=317462"}],"curies":[{"name":"wp","href":"https:\/\/api.w.org\/{rel}","templated":true}]}}