{"id":317583,"date":"2020-09-23T12:27:07","date_gmt":"2020-09-23T11:27:07","guid":{"rendered":"http:\/\/kapitalis.com\/tunisie\/?p=317583"},"modified":"2020-09-23T12:50:35","modified_gmt":"2020-09-23T11:50:35","slug":"jebel-jelloud-arrestation-de-lhomme-qui-a-terrorise-les-taxistes","status":"publish","type":"post","link":"https:\/\/kapitalis.com\/tunisie\/2020\/09\/23\/jebel-jelloud-arrestation-de-lhomme-qui-a-terrorise-les-taxistes\/","title":{"rendered":"Jebel Jelloud : Arrestation de l&rsquo;homme qui a terroris\u00e9 les taxistes"},"content":{"rendered":"\n<figure class=\"wp-block-image size-large\"><img decoding=\"async\" src=\"http:\/\/kapitalis.com\/tunisie\/wp-content\/uploads\/2020\/09\/taxi-de-linterieur.jpg\" alt=\"\" class=\"wp-image-317588\"\/><\/figure>\n\n\n\n<p><strong><em>La brigade de police judiciaire \u00e0 Jebel Jelloud (gouvernorat de Tunis) a r\u00e9ussi, ce d\u00e9but de semaine, \u00e0 arr\u00eater un homme originaire de la r\u00e9gion ayant, \u00e0 plusieurs reprises et durant deux ans, braqu\u00e9 des citoyens, principalement des chauffeurs de taxi, en utilisant une arme blanche.<\/em><\/strong><\/p>\n\n\n\n<!--more-->\n\n\n\n<p>C&rsquo;est ce qu&rsquo;a indiqu\u00e9 Wassim Mahmoudi, ce matin du mardi 23 septembre, lors de son intervention sur les ondes de Mosa\u00efque FM, pr\u00e9cisant que la strat\u00e9gie de l&rsquo;homme consiste \u00e0 gagner l&#8217;empathie des taxistes dans un premier temps, en pr\u00e9tendant qu&rsquo;il doit aller \u00e0 Jebel Jelloud pour secourir sa m\u00e8re malade, avant de leur prendre, sous la menace, leurs t\u00e9l\u00e9phones et leur argent.<\/p>\n\n\n\n<p>\u00ab<em>Il a m\u00eame vol\u00e9, une fois, une voiture de taxi<\/em>\u00bb, poursuit M. Mahmoudi.<\/p>\n\n\n\n<p>Apr\u00e8s avoir re\u00e7u de nombreuses plaintes \u00e0 ce sujet, la police a men\u00e9 son enqu\u00eate et a pu identifier l&rsquo;accus\u00e9 apr\u00e8s lui avoir tendu une embuscade, puis l&rsquo;a arr\u00eat\u00e9.<\/p>\n\n\n\n<p>Par la suite, en montrant l&rsquo;accus\u00e9 aux victimes, il a \u00e9t\u00e9 tr\u00e8s rapidement reconnu.<\/p>\n\n\n\n<p class=\"has-text-align-right\"><strong>C. B. Y.<\/strong><\/p>\n","protected":false},"excerpt":{"rendered":"<p>La brigade de police judiciaire \u00e0 Jebel Jelloud (gouvernorat de Tunis) a r\u00e9ussi, ce d\u00e9but de semaine, \u00e0 arr\u00eater un homme originaire de la r\u00e9gion ayant, \u00e0 plusieurs reprises et durant deux ans, braqu\u00e9 des citoyens, principalement des chauffeurs de taxi, en utilisant une arme blanche.<\/p>\n","protected":false},"author":24,"featured_media":317588,"comment_status":"open","ping_status":"open","sticky":false,"template":"","format":"standard","meta":{"footnotes":""},"categories":[998,2433],"tags":[24676,83027],"class_list":["post-317583","post","type-post","status-publish","format-standard","has-post-thumbnail","hentry","category-societe","category-tunisie","tag-jebel-jelloud","tag-wassim-mahmoudi"],"yoast_head":"<!-- This site is optimized with the Yoast SEO plugin v26.6 - https:\/\/yoast.com\/wordpress\/plugins\/seo\/ -->\n<title>Jebel Jelloud : Arrestation de l&#039;homme qui a terroris\u00e9 les taxistes - Kapitalis<\/title>\n<meta name=\"robots\" content=\"index, follow, max-snippet:-1, max-image-preview:large, max-video-preview:-1\" \/>\n<link rel=\"canonical\" href=\"https:\/\/kapitalis.com\/tunisie\/2020\/09\/23\/jebel-jelloud-arrestation-de-lhomme-qui-a-terrorise-les-taxistes\/\" \/>\n<meta property=\"og:locale\" content=\"fr_FR\" \/>\n<meta property=\"og:type\" content=\"article\" \/>\n<meta property=\"og:title\" content=\"Jebel Jelloud : Arrestation de l&#039;homme qui a terroris\u00e9 les taxistes - Kapitalis\" \/>\n<meta property=\"og:description\" content=\"La brigade de police judiciaire \u00e0 Jebel Jelloud (gouvernorat de Tunis) a r\u00e9ussi, ce d\u00e9but de semaine, \u00e0 arr\u00eater un homme originaire de la r\u00e9gion ayant, \u00e0 plusieurs reprises et durant deux ans, braqu\u00e9 des citoyens, principalement des chauffeurs de taxi, en utilisant une arme blanche.\" \/>\n<meta property=\"og:url\" content=\"https:\/\/kapitalis.com\/tunisie\/2020\/09\/23\/jebel-jelloud-arrestation-de-lhomme-qui-a-terrorise-les-taxistes\/\" \/>\n<meta property=\"og:site_name\" content=\"Kapitalis\" \/>\n<meta property=\"article:publisher\" content=\"https:\/\/www.facebook.com\/KapitalisInfo\/\" \/>\n<meta property=\"article:published_time\" content=\"2020-09-23T11:27:07+00:00\" \/>\n<meta property=\"article:modified_time\" content=\"2020-09-23T11:50:35+00:00\" \/>\n<meta property=\"og:image\" content=\"https:\/\/kapitalis.com\/tunisie\/wp-content\/uploads\/2022\/05\/kapitalis-logo-fb.png\" \/>\n\t<meta property=\"og:image:width\" content=\"1200\" \/>\n\t<meta property=\"og:image:height\" content=\"630\" \/>\n\t<meta property=\"og:image:type\" content=\"image\/png\" \/>\n<meta name=\"author\" content=\"Cherif Benyounes\" \/>\n<meta name=\"twitter:card\" content=\"summary_large_image\" \/>\n<meta name=\"twitter:creator\" content=\"@KapitalisInfo\" \/>\n<meta name=\"twitter:site\" content=\"@KapitalisInfo\" \/>\n<meta name=\"twitter:label1\" content=\"\u00c9crit par\" \/>\n\t<meta name=\"twitter:data1\" content=\"Cherif Benyounes\" \/>\n\t<meta name=\"twitter:label2\" content=\"Dur\u00e9e de lecture estim\u00e9e\" \/>\n\t<meta name=\"twitter:data2\" content=\"1 minute\" \/>\n<script type=\"application\/ld+json\" class=\"yoast-schema-graph\">{\"@context\":\"https:\/\/schema.org\",\"@graph\":[{\"@type\":\"Article\",\"@id\":\"https:\/\/kapitalis.com\/tunisie\/2020\/09\/23\/jebel-jelloud-arrestation-de-lhomme-qui-a-terrorise-les-taxistes\/#article\",\"isPartOf\":{\"@id\":\"https:\/\/kapitalis.com\/tunisie\/2020\/09\/23\/jebel-jelloud-arrestation-de-lhomme-qui-a-terrorise-les-taxistes\/\"},\"author\":{\"name\":\"Cherif Benyounes\",\"@id\":\"https:\/\/kapitalis.com\/tunisie\/#\/schema\/person\/b35b8d631961131107263178aeb8019e\"},\"headline\":\"Jebel Jelloud : Arrestation de l&rsquo;homme qui a terroris\u00e9 les taxistes\",\"datePublished\":\"2020-09-23T11:27:07+00:00\",\"dateModified\":\"2020-09-23T11:50:35+00:00\",\"mainEntityOfPage\":{\"@id\":\"https:\/\/kapitalis.com\/tunisie\/2020\/09\/23\/jebel-jelloud-arrestation-de-lhomme-qui-a-terrorise-les-taxistes\/\"},\"wordCount\":189,\"commentCount\":0,\"publisher\":{\"@id\":\"https:\/\/kapitalis.com\/tunisie\/#organization\"},\"image\":{\"@id\":\"https:\/\/kapitalis.com\/tunisie\/2020\/09\/23\/jebel-jelloud-arrestation-de-lhomme-qui-a-terrorise-les-taxistes\/#primaryimage\"},\"thumbnailUrl\":\"\",\"keywords\":[\"Jebel Jelloud\",\"Wassim Mahmoudi\"],\"articleSection\":[\"SOCIETE\",\"Tunisie\"],\"inLanguage\":\"fr-FR\",\"potentialAction\":[{\"@type\":\"CommentAction\",\"name\":\"Comment\",\"target\":[\"https:\/\/kapitalis.com\/tunisie\/2020\/09\/23\/jebel-jelloud-arrestation-de-lhomme-qui-a-terrorise-les-taxistes\/#respond\"]}]},{\"@type\":\"WebPage\",\"@id\":\"https:\/\/kapitalis.com\/tunisie\/2020\/09\/23\/jebel-jelloud-arrestation-de-lhomme-qui-a-terrorise-les-taxistes\/\",\"url\":\"https:\/\/kapitalis.com\/tunisie\/2020\/09\/23\/jebel-jelloud-arrestation-de-lhomme-qui-a-terrorise-les-taxistes\/\",\"name\":\"Jebel Jelloud : Arrestation de l'homme qui a terroris\u00e9 les taxistes - Kapitalis\",\"isPartOf\":{\"@id\":\"https:\/\/kapitalis.com\/tunisie\/#website\"},\"primaryImageOfPage\":{\"@id\":\"https:\/\/kapitalis.com\/tunisie\/2020\/09\/23\/jebel-jelloud-arrestation-de-lhomme-qui-a-terrorise-les-taxistes\/#primaryimage\"},\"image\":{\"@id\":\"https:\/\/kapitalis.com\/tunisie\/2020\/09\/23\/jebel-jelloud-arrestation-de-lhomme-qui-a-terrorise-les-taxistes\/#primaryimage\"},\"thumbnailUrl\":\"\",\"datePublished\":\"2020-09-23T11:27:07+00:00\",\"dateModified\":\"2020-09-23T11:50:35+00:00\",\"breadcrumb\":{\"@id\":\"https:\/\/kapitalis.com\/tunisie\/2020\/09\/23\/jebel-jelloud-arrestation-de-lhomme-qui-a-terrorise-les-taxistes\/#breadcrumb\"},\"inLanguage\":\"fr-FR\",\"potentialAction\":[{\"@type\":\"ReadAction\",\"target\":[\"https:\/\/kapitalis.com\/tunisie\/2020\/09\/23\/jebel-jelloud-arrestation-de-lhomme-qui-a-terrorise-les-taxistes\/\"]}]},{\"@type\":\"ImageObject\",\"inLanguage\":\"fr-FR\",\"@id\":\"https:\/\/kapitalis.com\/tunisie\/2020\/09\/23\/jebel-jelloud-arrestation-de-lhomme-qui-a-terrorise-les-taxistes\/#primaryimage\",\"url\":\"\",\"contentUrl\":\"\"},{\"@type\":\"BreadcrumbList\",\"@id\":\"https:\/\/kapitalis.com\/tunisie\/2020\/09\/23\/jebel-jelloud-arrestation-de-lhomme-qui-a-terrorise-les-taxistes\/#breadcrumb\",\"itemListElement\":[{\"@type\":\"ListItem\",\"position\":1,\"name\":\"Accueil\",\"item\":\"https:\/\/kapitalis.com\/tunisie\/\"},{\"@type\":\"ListItem\",\"position\":2,\"name\":\"Jebel Jelloud : Arrestation de l&rsquo;homme qui a terroris\u00e9 les taxistes\"}]},{\"@type\":\"WebSite\",\"@id\":\"https:\/\/kapitalis.com\/tunisie\/#website\",\"url\":\"https:\/\/kapitalis.com\/tunisie\/\",\"name\":\"Kapitalis\",\"description\":\"L&#039;actualit\u00e9 en Tunisie et dans le monde\",\"publisher\":{\"@id\":\"https:\/\/kapitalis.com\/tunisie\/#organization\"},\"potentialAction\":[{\"@type\":\"SearchAction\",\"target\":{\"@type\":\"EntryPoint\",\"urlTemplate\":\"https:\/\/kapitalis.com\/tunisie\/?s={search_term_string}\"},\"query-input\":{\"@type\":\"PropertyValueSpecification\",\"valueRequired\":true,\"valueName\":\"search_term_string\"}}],\"inLanguage\":\"fr-FR\"},{\"@type\":\"Organization\",\"@id\":\"https:\/\/kapitalis.com\/tunisie\/#organization\",\"name\":\"Kapitalis\",\"url\":\"https:\/\/kapitalis.com\/tunisie\/\",\"logo\":{\"@type\":\"ImageObject\",\"inLanguage\":\"fr-FR\",\"@id\":\"https:\/\/kapitalis.com\/tunisie\/#\/schema\/logo\/image\/\",\"url\":\"https:\/\/kapitalis.com\/tunisie\/wp-content\/uploads\/2022\/05\/Kapitalis-big-size.png\",\"contentUrl\":\"https:\/\/kapitalis.com\/tunisie\/wp-content\/uploads\/2022\/05\/Kapitalis-big-size.png\",\"width\":5000,\"height\":1500,\"caption\":\"Kapitalis\"},\"image\":{\"@id\":\"https:\/\/kapitalis.com\/tunisie\/#\/schema\/logo\/image\/\"},\"sameAs\":[\"https:\/\/www.facebook.com\/KapitalisInfo\/\",\"https:\/\/x.com\/KapitalisInfo\",\"https:\/\/www.youtube.com\/channel\/UC-yDYrHyfFBWWZaOw3FPg9Q\"]},{\"@type\":\"Person\",\"@id\":\"https:\/\/kapitalis.com\/tunisie\/#\/schema\/person\/b35b8d631961131107263178aeb8019e\",\"name\":\"Cherif Benyounes\",\"url\":\"https:\/\/kapitalis.com\/tunisie\/author\/cherif\/\"}]}<\/script>\n<!-- \/ Yoast SEO plugin. -->","yoast_head_json":{"title":"Jebel Jelloud : Arrestation de l'homme qui a terroris\u00e9 les taxistes - Kapitalis","robots":{"index":"index","follow":"follow","max-snippet":"max-snippet:-1","max-image-preview":"max-image-preview:large","max-video-preview":"max-video-preview:-1"},"canonical":"https:\/\/kapitalis.com\/tunisie\/2020\/09\/23\/jebel-jelloud-arrestation-de-lhomme-qui-a-terrorise-les-taxistes\/","og_locale":"fr_FR","og_type":"article","og_title":"Jebel Jelloud : Arrestation de l'homme qui a terroris\u00e9 les taxistes - Kapitalis","og_description":"La brigade de police judiciaire \u00e0 Jebel Jelloud (gouvernorat de Tunis) a r\u00e9ussi, ce d\u00e9but de semaine, \u00e0 arr\u00eater un homme originaire de la r\u00e9gion ayant, \u00e0 plusieurs reprises et durant deux ans, braqu\u00e9 des citoyens, principalement des chauffeurs de taxi, en utilisant une arme blanche.","og_url":"https:\/\/kapitalis.com\/tunisie\/2020\/09\/23\/jebel-jelloud-arrestation-de-lhomme-qui-a-terrorise-les-taxistes\/","og_site_name":"Kapitalis","article_publisher":"https:\/\/www.facebook.com\/KapitalisInfo\/","article_published_time":"2020-09-23T11:27:07+00:00","article_modified_time":"2020-09-23T11:50:35+00:00","og_image":[{"width":1200,"height":630,"url":"https:\/\/kapitalis.com\/tunisie\/wp-content\/uploads\/2022\/05\/kapitalis-logo-fb.png","type":"image\/png"}],"author":"Cherif Benyounes","twitter_card":"summary_large_image","twitter_creator":"@KapitalisInfo","twitter_site":"@KapitalisInfo","twitter_misc":{"\u00c9crit par":"Cherif Benyounes","Dur\u00e9e de lecture estim\u00e9e":"1 minute"},"schema":{"@context":"https:\/\/schema.org","@graph":[{"@type":"Article","@id":"https:\/\/kapitalis.com\/tunisie\/2020\/09\/23\/jebel-jelloud-arrestation-de-lhomme-qui-a-terrorise-les-taxistes\/#article","isPartOf":{"@id":"https:\/\/kapitalis.com\/tunisie\/2020\/09\/23\/jebel-jelloud-arrestation-de-lhomme-qui-a-terrorise-les-taxistes\/"},"author":{"name":"Cherif Benyounes","@id":"https:\/\/kapitalis.com\/tunisie\/#\/schema\/person\/b35b8d631961131107263178aeb8019e"},"headline":"Jebel Jelloud : Arrestation de l&rsquo;homme qui a terroris\u00e9 les taxistes","datePublished":"2020-09-23T11:27:07+00:00","dateModified":"2020-09-23T11:50:35+00:00","mainEntityOfPage":{"@id":"https:\/\/kapitalis.com\/tunisie\/2020\/09\/23\/jebel-jelloud-arrestation-de-lhomme-qui-a-terrorise-les-taxistes\/"},"wordCount":189,"commentCount":0,"publisher":{"@id":"https:\/\/kapitalis.com\/tunisie\/#organization"},"image":{"@id":"https:\/\/kapitalis.com\/tunisie\/2020\/09\/23\/jebel-jelloud-arrestation-de-lhomme-qui-a-terrorise-les-taxistes\/#primaryimage"},"thumbnailUrl":"","keywords":["Jebel Jelloud","Wassim Mahmoudi"],"articleSection":["SOCIETE","Tunisie"],"inLanguage":"fr-FR","potentialAction":[{"@type":"CommentAction","name":"Comment","target":["https:\/\/kapitalis.com\/tunisie\/2020\/09\/23\/jebel-jelloud-arrestation-de-lhomme-qui-a-terrorise-les-taxistes\/#respond"]}]},{"@type":"WebPage","@id":"https:\/\/kapitalis.com\/tunisie\/2020\/09\/23\/jebel-jelloud-arrestation-de-lhomme-qui-a-terrorise-les-taxistes\/","url":"https:\/\/kapitalis.com\/tunisie\/2020\/09\/23\/jebel-jelloud-arrestation-de-lhomme-qui-a-terrorise-les-taxistes\/","name":"Jebel Jelloud : Arrestation de l'homme qui a terroris\u00e9 les taxistes - Kapitalis","isPartOf":{"@id":"https:\/\/kapitalis.com\/tunisie\/#website"},"primaryImageOfPage":{"@id":"https:\/\/kapitalis.com\/tunisie\/2020\/09\/23\/jebel-jelloud-arrestation-de-lhomme-qui-a-terrorise-les-taxistes\/#primaryimage"},"image":{"@id":"https:\/\/kapitalis.com\/tunisie\/2020\/09\/23\/jebel-jelloud-arrestation-de-lhomme-qui-a-terrorise-les-taxistes\/#primaryimage"},"thumbnailUrl":"","datePublished":"2020-09-23T11:27:07+00:00","dateModified":"2020-09-23T11:50:35+00:00","breadcrumb":{"@id":"https:\/\/kapitalis.com\/tunisie\/2020\/09\/23\/jebel-jelloud-arrestation-de-lhomme-qui-a-terrorise-les-taxistes\/#breadcrumb"},"inLanguage":"fr-FR","potentialAction":[{"@type":"ReadAction","target":["https:\/\/kapitalis.com\/tunisie\/2020\/09\/23\/jebel-jelloud-arrestation-de-lhomme-qui-a-terrorise-les-taxistes\/"]}]},{"@type":"ImageObject","inLanguage":"fr-FR","@id":"https:\/\/kapitalis.com\/tunisie\/2020\/09\/23\/jebel-jelloud-arrestation-de-lhomme-qui-a-terrorise-les-taxistes\/#primaryimage","url":"","contentUrl":""},{"@type":"BreadcrumbList","@id":"https:\/\/kapitalis.com\/tunisie\/2020\/09\/23\/jebel-jelloud-arrestation-de-lhomme-qui-a-terrorise-les-taxistes\/#breadcrumb","itemListElement":[{"@type":"ListItem","position":1,"name":"Accueil","item":"https:\/\/kapitalis.com\/tunisie\/"},{"@type":"ListItem","position":2,"name":"Jebel Jelloud : Arrestation de l&rsquo;homme qui a terroris\u00e9 les taxistes"}]},{"@type":"WebSite","@id":"https:\/\/kapitalis.com\/tunisie\/#website","url":"https:\/\/kapitalis.com\/tunisie\/","name":"Kapitalis","description":"L&#039;actualit\u00e9 en Tunisie et dans le monde","publisher":{"@id":"https:\/\/kapitalis.com\/tunisie\/#organization"},"potentialAction":[{"@type":"SearchAction","target":{"@type":"EntryPoint","urlTemplate":"https:\/\/kapitalis.com\/tunisie\/?s={search_term_string}"},"query-input":{"@type":"PropertyValueSpecification","valueRequired":true,"valueName":"search_term_string"}}],"inLanguage":"fr-FR"},{"@type":"Organization","@id":"https:\/\/kapitalis.com\/tunisie\/#organization","name":"Kapitalis","url":"https:\/\/kapitalis.com\/tunisie\/","logo":{"@type":"ImageObject","inLanguage":"fr-FR","@id":"https:\/\/kapitalis.com\/tunisie\/#\/schema\/logo\/image\/","url":"https:\/\/kapitalis.com\/tunisie\/wp-content\/uploads\/2022\/05\/Kapitalis-big-size.png","contentUrl":"https:\/\/kapitalis.com\/tunisie\/wp-content\/uploads\/2022\/05\/Kapitalis-big-size.png","width":5000,"height":1500,"caption":"Kapitalis"},"image":{"@id":"https:\/\/kapitalis.com\/tunisie\/#\/schema\/logo\/image\/"},"sameAs":["https:\/\/www.facebook.com\/KapitalisInfo\/","https:\/\/x.com\/KapitalisInfo","https:\/\/www.youtube.com\/channel\/UC-yDYrHyfFBWWZaOw3FPg9Q"]},{"@type":"Person","@id":"https:\/\/kapitalis.com\/tunisie\/#\/schema\/person\/b35b8d631961131107263178aeb8019e","name":"Cherif Benyounes","url":"https:\/\/kapitalis.com\/tunisie\/author\/cherif\/"}]}},"_links":{"self":[{"href":"https:\/\/kapitalis.com\/tunisie\/wp-json\/wp\/v2\/posts\/317583","targetHints":{"allow":["GET"]}}],"collection":[{"href":"https:\/\/kapitalis.com\/tunisie\/wp-json\/wp\/v2\/posts"}],"about":[{"href":"https:\/\/kapitalis.com\/tunisie\/wp-json\/wp\/v2\/types\/post"}],"author":[{"embeddable":true,"href":"https:\/\/kapitalis.com\/tunisie\/wp-json\/wp\/v2\/users\/24"}],"replies":[{"embeddable":true,"href":"https:\/\/kapitalis.com\/tunisie\/wp-json\/wp\/v2\/comments?post=317583"}],"version-history":[{"count":0,"href":"https:\/\/kapitalis.com\/tunisie\/wp-json\/wp\/v2\/posts\/317583\/revisions"}],"wp:featuredmedia":[{"embeddable":true,"href":"https:\/\/kapitalis.com\/tunisie\/wp-json\/wp\/v2\/media\/317588"}],"wp:attachment":[{"href":"https:\/\/kapitalis.com\/tunisie\/wp-json\/wp\/v2\/media?parent=317583"}],"wp:term":[{"taxonomy":"category","embeddable":true,"href":"https:\/\/kapitalis.com\/tunisie\/wp-json\/wp\/v2\/categories?post=317583"},{"taxonomy":"post_tag","embeddable":true,"href":"https:\/\/kapitalis.com\/tunisie\/wp-json\/wp\/v2\/tags?post=317583"}],"curies":[{"name":"wp","href":"https:\/\/api.w.org\/{rel}","templated":true}]}}