{"id":317643,"date":"2020-09-23T16:56:28","date_gmt":"2020-09-23T15:56:28","guid":{"rendered":"http:\/\/kapitalis.com\/tunisie\/?p=317643"},"modified":"2020-09-23T16:56:31","modified_gmt":"2020-09-23T15:56:31","slug":"les-etudiants-tunisiens-en-russie-redoutent-le-spectre-dune-annee-blanche","status":"publish","type":"post","link":"https:\/\/kapitalis.com\/tunisie\/2020\/09\/23\/les-etudiants-tunisiens-en-russie-redoutent-le-spectre-dune-annee-blanche\/","title":{"rendered":"Les \u00e9tudiants tunisiens en Russie redoutent le spectre d\u2019une ann\u00e9e blanche"},"content":{"rendered":"\n<figure class=\"wp-block-image size-large\"><img decoding=\"async\" src=\"http:\/\/kapitalis.com\/tunisie\/wp-content\/uploads\/2020\/09\/Ambassade-de-Russie.jpg\" alt=\"\" class=\"wp-image-317644\"\/><\/figure>\n\n\n\n<p><strong><em>Alors que les demandes des \u00e9tudiants tunisiens dans la F\u00e9d\u00e9ration de Russie se font de plus en plus pressantes pour pouvoir regagner les universit\u00e9s dans lesquelles ils sont inscrits, le gouvernement russe reste inflexible et l\u2019octroi de visas d\u2019\u00e9tude demeure suspendu et ceci concerne tous les \u00e9tudiants \u00e9trangers pas seulement tunisiens.<\/em><\/strong><\/p>\n\n\n\n<!--more-->\n\n\n\n<p>L\u2019ambassade de la F\u00e9d\u00e9ration de Russie l\u2019a rappel\u00e9 dans un communiqu\u00e9 diffus\u00e9 cet apr\u00e8s-midi du mercredi 23 septembre 2020 sur sa page Facebook.<\/p>\n\n\n\n<p><em>\u00abSuite au nombre croissant des requ\u00eates de la part des \u00e9tudiants tunisiens faisant leurs \u00e9tudes en F\u00e9d\u00e9ration de Russie, l\u2019ambassade de Russie en Tunisie souhaite r\u00e9it\u00e9rer que conform\u00e9ment \u00e0 l\u2019ordonnance du gouvernement de la F\u00e9d\u00e9ration de Russie du 16 mars 2020 \u2116 635-r qui reste toujours en vigueur, les \u00e9tudiants ne font pas partie des cat\u00e9gories des \u00e9trangers qui peuvent entrer en F\u00e9d\u00e9ration de Russie pendant la p\u00e9riode du d\u00e9ploiement des mesures de restriction pour lutter contre la Covid-19. La d\u00e9livrance des visas d\u2019\u00e9tudes par la section consulaire de l\u2019ambassade est temporairement suspendue\u00bb,<\/em> pr\u00e9cise le communiqu\u00e9. Et ajoute : <em>\u00abDans le cas de la modification de ces proc\u00e9dures en ce qui concerne les \u00e9tudiants tunisiens, ces informations seront publi\u00e9es sur notre site  ainsi que sur nos pages <a aria-label=\"undefined (s\u2019ouvre dans un nouvel onglet)\" href=\"https:\/\/ru-ru.facebook.com\/AmbRusTun\/\" target=\"_blank\" rel=\"noreferrer noopener\">Facebook<\/a> et <a aria-label=\"undefined (s\u2019ouvre dans un nouvel onglet)\" href=\"https:\/\/twitter.com\/ambrustun\" target=\"_blank\" rel=\"noreferrer noopener\">Twitter<\/a>.\u00bb<\/em><\/p>\n","protected":false},"excerpt":{"rendered":"<p>Alors que les demandes des \u00e9tudiants tunisiens dans la F\u00e9d\u00e9ration de Russie se font de plus en plus pressantes pour pouvoir regagner les universit\u00e9s dans lesquelles ils sont inscrits, le gouvernement russe reste inflexible et l\u2019octroi de visas d\u2019\u00e9tude demeure suspendu et ceci concerne tous les \u00e9tudiants \u00e9trangers pas seulement tunisiens.<\/p>\n","protected":false},"author":8,"featured_media":317644,"comment_status":"open","ping_status":"open","sticky":false,"template":"","format":"standard","meta":{"footnotes":""},"categories":[998,2433],"tags":[42631,75291,15713,83059],"class_list":["post-317643","post","type-post","status-publish","format-standard","has-post-thumbnail","hentry","category-societe","category-tunisie","tag-annee-blanche","tag-covid-19","tag-etudiants-tunisiens","tag-federation-de-russie"],"yoast_head":"<!-- This site is optimized with the Yoast SEO plugin v26.6 - https:\/\/yoast.com\/wordpress\/plugins\/seo\/ -->\n<title>Les \u00e9tudiants tunisiens en Russie redoutent le spectre d\u2019une ann\u00e9e blanche - Kapitalis<\/title>\n<meta name=\"robots\" content=\"index, follow, max-snippet:-1, max-image-preview:large, max-video-preview:-1\" \/>\n<link rel=\"canonical\" href=\"https:\/\/kapitalis.com\/tunisie\/2020\/09\/23\/les-etudiants-tunisiens-en-russie-redoutent-le-spectre-dune-annee-blanche\/\" \/>\n<meta property=\"og:locale\" content=\"fr_FR\" \/>\n<meta property=\"og:type\" content=\"article\" \/>\n<meta property=\"og:title\" content=\"Les \u00e9tudiants tunisiens en Russie redoutent le spectre d\u2019une ann\u00e9e blanche - Kapitalis\" \/>\n<meta property=\"og:description\" content=\"Alors que les demandes des \u00e9tudiants tunisiens dans la F\u00e9d\u00e9ration de Russie se font de plus en plus pressantes pour pouvoir regagner les universit\u00e9s dans lesquelles ils sont inscrits, le gouvernement russe reste inflexible et l\u2019octroi de visas d\u2019\u00e9tude demeure suspendu et ceci concerne tous les \u00e9tudiants \u00e9trangers pas seulement tunisiens.\" \/>\n<meta property=\"og:url\" content=\"https:\/\/kapitalis.com\/tunisie\/2020\/09\/23\/les-etudiants-tunisiens-en-russie-redoutent-le-spectre-dune-annee-blanche\/\" \/>\n<meta property=\"og:site_name\" content=\"Kapitalis\" \/>\n<meta property=\"article:publisher\" content=\"https:\/\/www.facebook.com\/KapitalisInfo\/\" \/>\n<meta property=\"article:published_time\" content=\"2020-09-23T15:56:28+00:00\" \/>\n<meta property=\"article:modified_time\" content=\"2020-09-23T15:56:31+00:00\" \/>\n<meta property=\"og:image\" content=\"https:\/\/kapitalis.com\/tunisie\/wp-content\/uploads\/2022\/05\/kapitalis-logo-fb.png\" \/>\n\t<meta property=\"og:image:width\" content=\"1200\" \/>\n\t<meta property=\"og:image:height\" content=\"630\" \/>\n\t<meta property=\"og:image:type\" content=\"image\/png\" \/>\n<meta name=\"author\" content=\"webmaster kapitalis\" \/>\n<meta name=\"twitter:card\" content=\"summary_large_image\" \/>\n<meta name=\"twitter:creator\" content=\"@KapitalisInfo\" \/>\n<meta name=\"twitter:site\" content=\"@KapitalisInfo\" \/>\n<meta name=\"twitter:label1\" content=\"\u00c9crit par\" \/>\n\t<meta name=\"twitter:data1\" content=\"webmaster kapitalis\" \/>\n\t<meta name=\"twitter:label2\" content=\"Dur\u00e9e de lecture estim\u00e9e\" \/>\n\t<meta name=\"twitter:data2\" content=\"1 minute\" \/>\n<script type=\"application\/ld+json\" class=\"yoast-schema-graph\">{\"@context\":\"https:\/\/schema.org\",\"@graph\":[{\"@type\":\"Article\",\"@id\":\"https:\/\/kapitalis.com\/tunisie\/2020\/09\/23\/les-etudiants-tunisiens-en-russie-redoutent-le-spectre-dune-annee-blanche\/#article\",\"isPartOf\":{\"@id\":\"https:\/\/kapitalis.com\/tunisie\/2020\/09\/23\/les-etudiants-tunisiens-en-russie-redoutent-le-spectre-dune-annee-blanche\/\"},\"author\":{\"name\":\"webmaster kapitalis\",\"@id\":\"https:\/\/kapitalis.com\/tunisie\/#\/schema\/person\/d71f33a9ca44f7bad4698210b480c8e9\"},\"headline\":\"Les \u00e9tudiants tunisiens en Russie redoutent le spectre d\u2019une ann\u00e9e blanche\",\"datePublished\":\"2020-09-23T15:56:28+00:00\",\"dateModified\":\"2020-09-23T15:56:31+00:00\",\"mainEntityOfPage\":{\"@id\":\"https:\/\/kapitalis.com\/tunisie\/2020\/09\/23\/les-etudiants-tunisiens-en-russie-redoutent-le-spectre-dune-annee-blanche\/\"},\"wordCount\":241,\"commentCount\":0,\"publisher\":{\"@id\":\"https:\/\/kapitalis.com\/tunisie\/#organization\"},\"image\":{\"@id\":\"https:\/\/kapitalis.com\/tunisie\/2020\/09\/23\/les-etudiants-tunisiens-en-russie-redoutent-le-spectre-dune-annee-blanche\/#primaryimage\"},\"thumbnailUrl\":\"\",\"keywords\":[\"ann\u00e9e blanche\",\"Covid-19\",\"\u00e9tudiants tunisiens\",\"F\u00e9d\u00e9ration de Russie\"],\"articleSection\":[\"SOCIETE\",\"Tunisie\"],\"inLanguage\":\"fr-FR\",\"potentialAction\":[{\"@type\":\"CommentAction\",\"name\":\"Comment\",\"target\":[\"https:\/\/kapitalis.com\/tunisie\/2020\/09\/23\/les-etudiants-tunisiens-en-russie-redoutent-le-spectre-dune-annee-blanche\/#respond\"]}]},{\"@type\":\"WebPage\",\"@id\":\"https:\/\/kapitalis.com\/tunisie\/2020\/09\/23\/les-etudiants-tunisiens-en-russie-redoutent-le-spectre-dune-annee-blanche\/\",\"url\":\"https:\/\/kapitalis.com\/tunisie\/2020\/09\/23\/les-etudiants-tunisiens-en-russie-redoutent-le-spectre-dune-annee-blanche\/\",\"name\":\"Les \u00e9tudiants tunisiens en Russie redoutent le spectre d\u2019une ann\u00e9e blanche - Kapitalis\",\"isPartOf\":{\"@id\":\"https:\/\/kapitalis.com\/tunisie\/#website\"},\"primaryImageOfPage\":{\"@id\":\"https:\/\/kapitalis.com\/tunisie\/2020\/09\/23\/les-etudiants-tunisiens-en-russie-redoutent-le-spectre-dune-annee-blanche\/#primaryimage\"},\"image\":{\"@id\":\"https:\/\/kapitalis.com\/tunisie\/2020\/09\/23\/les-etudiants-tunisiens-en-russie-redoutent-le-spectre-dune-annee-blanche\/#primaryimage\"},\"thumbnailUrl\":\"\",\"datePublished\":\"2020-09-23T15:56:28+00:00\",\"dateModified\":\"2020-09-23T15:56:31+00:00\",\"breadcrumb\":{\"@id\":\"https:\/\/kapitalis.com\/tunisie\/2020\/09\/23\/les-etudiants-tunisiens-en-russie-redoutent-le-spectre-dune-annee-blanche\/#breadcrumb\"},\"inLanguage\":\"fr-FR\",\"potentialAction\":[{\"@type\":\"ReadAction\",\"target\":[\"https:\/\/kapitalis.com\/tunisie\/2020\/09\/23\/les-etudiants-tunisiens-en-russie-redoutent-le-spectre-dune-annee-blanche\/\"]}]},{\"@type\":\"ImageObject\",\"inLanguage\":\"fr-FR\",\"@id\":\"https:\/\/kapitalis.com\/tunisie\/2020\/09\/23\/les-etudiants-tunisiens-en-russie-redoutent-le-spectre-dune-annee-blanche\/#primaryimage\",\"url\":\"\",\"contentUrl\":\"\"},{\"@type\":\"BreadcrumbList\",\"@id\":\"https:\/\/kapitalis.com\/tunisie\/2020\/09\/23\/les-etudiants-tunisiens-en-russie-redoutent-le-spectre-dune-annee-blanche\/#breadcrumb\",\"itemListElement\":[{\"@type\":\"ListItem\",\"position\":1,\"name\":\"Accueil\",\"item\":\"https:\/\/kapitalis.com\/tunisie\/\"},{\"@type\":\"ListItem\",\"position\":2,\"name\":\"Les \u00e9tudiants tunisiens en Russie redoutent le spectre d\u2019une ann\u00e9e blanche\"}]},{\"@type\":\"WebSite\",\"@id\":\"https:\/\/kapitalis.com\/tunisie\/#website\",\"url\":\"https:\/\/kapitalis.com\/tunisie\/\",\"name\":\"Kapitalis\",\"description\":\"L&#039;actualit\u00e9 en Tunisie et dans le monde\",\"publisher\":{\"@id\":\"https:\/\/kapitalis.com\/tunisie\/#organization\"},\"potentialAction\":[{\"@type\":\"SearchAction\",\"target\":{\"@type\":\"EntryPoint\",\"urlTemplate\":\"https:\/\/kapitalis.com\/tunisie\/?s={search_term_string}\"},\"query-input\":{\"@type\":\"PropertyValueSpecification\",\"valueRequired\":true,\"valueName\":\"search_term_string\"}}],\"inLanguage\":\"fr-FR\"},{\"@type\":\"Organization\",\"@id\":\"https:\/\/kapitalis.com\/tunisie\/#organization\",\"name\":\"Kapitalis\",\"url\":\"https:\/\/kapitalis.com\/tunisie\/\",\"logo\":{\"@type\":\"ImageObject\",\"inLanguage\":\"fr-FR\",\"@id\":\"https:\/\/kapitalis.com\/tunisie\/#\/schema\/logo\/image\/\",\"url\":\"https:\/\/kapitalis.com\/tunisie\/wp-content\/uploads\/2022\/05\/Kapitalis-big-size.png\",\"contentUrl\":\"https:\/\/kapitalis.com\/tunisie\/wp-content\/uploads\/2022\/05\/Kapitalis-big-size.png\",\"width\":5000,\"height\":1500,\"caption\":\"Kapitalis\"},\"image\":{\"@id\":\"https:\/\/kapitalis.com\/tunisie\/#\/schema\/logo\/image\/\"},\"sameAs\":[\"https:\/\/www.facebook.com\/KapitalisInfo\/\",\"https:\/\/x.com\/KapitalisInfo\",\"https:\/\/www.youtube.com\/channel\/UC-yDYrHyfFBWWZaOw3FPg9Q\"]},{\"@type\":\"Person\",\"@id\":\"https:\/\/kapitalis.com\/tunisie\/#\/schema\/person\/d71f33a9ca44f7bad4698210b480c8e9\",\"name\":\"webmaster kapitalis\",\"url\":\"https:\/\/kapitalis.com\/tunisie\/author\/webmaster-kapitalis\/\"}]}<\/script>\n<!-- \/ Yoast SEO plugin. -->","yoast_head_json":{"title":"Les \u00e9tudiants tunisiens en Russie redoutent le spectre d\u2019une ann\u00e9e blanche - Kapitalis","robots":{"index":"index","follow":"follow","max-snippet":"max-snippet:-1","max-image-preview":"max-image-preview:large","max-video-preview":"max-video-preview:-1"},"canonical":"https:\/\/kapitalis.com\/tunisie\/2020\/09\/23\/les-etudiants-tunisiens-en-russie-redoutent-le-spectre-dune-annee-blanche\/","og_locale":"fr_FR","og_type":"article","og_title":"Les \u00e9tudiants tunisiens en Russie redoutent le spectre d\u2019une ann\u00e9e blanche - Kapitalis","og_description":"Alors que les demandes des \u00e9tudiants tunisiens dans la F\u00e9d\u00e9ration de Russie se font de plus en plus pressantes pour pouvoir regagner les universit\u00e9s dans lesquelles ils sont inscrits, le gouvernement russe reste inflexible et l\u2019octroi de visas d\u2019\u00e9tude demeure suspendu et ceci concerne tous les \u00e9tudiants \u00e9trangers pas seulement tunisiens.","og_url":"https:\/\/kapitalis.com\/tunisie\/2020\/09\/23\/les-etudiants-tunisiens-en-russie-redoutent-le-spectre-dune-annee-blanche\/","og_site_name":"Kapitalis","article_publisher":"https:\/\/www.facebook.com\/KapitalisInfo\/","article_published_time":"2020-09-23T15:56:28+00:00","article_modified_time":"2020-09-23T15:56:31+00:00","og_image":[{"width":1200,"height":630,"url":"https:\/\/kapitalis.com\/tunisie\/wp-content\/uploads\/2022\/05\/kapitalis-logo-fb.png","type":"image\/png"}],"author":"webmaster kapitalis","twitter_card":"summary_large_image","twitter_creator":"@KapitalisInfo","twitter_site":"@KapitalisInfo","twitter_misc":{"\u00c9crit par":"webmaster kapitalis","Dur\u00e9e de lecture estim\u00e9e":"1 minute"},"schema":{"@context":"https:\/\/schema.org","@graph":[{"@type":"Article","@id":"https:\/\/kapitalis.com\/tunisie\/2020\/09\/23\/les-etudiants-tunisiens-en-russie-redoutent-le-spectre-dune-annee-blanche\/#article","isPartOf":{"@id":"https:\/\/kapitalis.com\/tunisie\/2020\/09\/23\/les-etudiants-tunisiens-en-russie-redoutent-le-spectre-dune-annee-blanche\/"},"author":{"name":"webmaster kapitalis","@id":"https:\/\/kapitalis.com\/tunisie\/#\/schema\/person\/d71f33a9ca44f7bad4698210b480c8e9"},"headline":"Les \u00e9tudiants tunisiens en Russie redoutent le spectre d\u2019une ann\u00e9e blanche","datePublished":"2020-09-23T15:56:28+00:00","dateModified":"2020-09-23T15:56:31+00:00","mainEntityOfPage":{"@id":"https:\/\/kapitalis.com\/tunisie\/2020\/09\/23\/les-etudiants-tunisiens-en-russie-redoutent-le-spectre-dune-annee-blanche\/"},"wordCount":241,"commentCount":0,"publisher":{"@id":"https:\/\/kapitalis.com\/tunisie\/#organization"},"image":{"@id":"https:\/\/kapitalis.com\/tunisie\/2020\/09\/23\/les-etudiants-tunisiens-en-russie-redoutent-le-spectre-dune-annee-blanche\/#primaryimage"},"thumbnailUrl":"","keywords":["ann\u00e9e blanche","Covid-19","\u00e9tudiants tunisiens","F\u00e9d\u00e9ration de Russie"],"articleSection":["SOCIETE","Tunisie"],"inLanguage":"fr-FR","potentialAction":[{"@type":"CommentAction","name":"Comment","target":["https:\/\/kapitalis.com\/tunisie\/2020\/09\/23\/les-etudiants-tunisiens-en-russie-redoutent-le-spectre-dune-annee-blanche\/#respond"]}]},{"@type":"WebPage","@id":"https:\/\/kapitalis.com\/tunisie\/2020\/09\/23\/les-etudiants-tunisiens-en-russie-redoutent-le-spectre-dune-annee-blanche\/","url":"https:\/\/kapitalis.com\/tunisie\/2020\/09\/23\/les-etudiants-tunisiens-en-russie-redoutent-le-spectre-dune-annee-blanche\/","name":"Les \u00e9tudiants tunisiens en Russie redoutent le spectre d\u2019une ann\u00e9e blanche - Kapitalis","isPartOf":{"@id":"https:\/\/kapitalis.com\/tunisie\/#website"},"primaryImageOfPage":{"@id":"https:\/\/kapitalis.com\/tunisie\/2020\/09\/23\/les-etudiants-tunisiens-en-russie-redoutent-le-spectre-dune-annee-blanche\/#primaryimage"},"image":{"@id":"https:\/\/kapitalis.com\/tunisie\/2020\/09\/23\/les-etudiants-tunisiens-en-russie-redoutent-le-spectre-dune-annee-blanche\/#primaryimage"},"thumbnailUrl":"","datePublished":"2020-09-23T15:56:28+00:00","dateModified":"2020-09-23T15:56:31+00:00","breadcrumb":{"@id":"https:\/\/kapitalis.com\/tunisie\/2020\/09\/23\/les-etudiants-tunisiens-en-russie-redoutent-le-spectre-dune-annee-blanche\/#breadcrumb"},"inLanguage":"fr-FR","potentialAction":[{"@type":"ReadAction","target":["https:\/\/kapitalis.com\/tunisie\/2020\/09\/23\/les-etudiants-tunisiens-en-russie-redoutent-le-spectre-dune-annee-blanche\/"]}]},{"@type":"ImageObject","inLanguage":"fr-FR","@id":"https:\/\/kapitalis.com\/tunisie\/2020\/09\/23\/les-etudiants-tunisiens-en-russie-redoutent-le-spectre-dune-annee-blanche\/#primaryimage","url":"","contentUrl":""},{"@type":"BreadcrumbList","@id":"https:\/\/kapitalis.com\/tunisie\/2020\/09\/23\/les-etudiants-tunisiens-en-russie-redoutent-le-spectre-dune-annee-blanche\/#breadcrumb","itemListElement":[{"@type":"ListItem","position":1,"name":"Accueil","item":"https:\/\/kapitalis.com\/tunisie\/"},{"@type":"ListItem","position":2,"name":"Les \u00e9tudiants tunisiens en Russie redoutent le spectre d\u2019une ann\u00e9e blanche"}]},{"@type":"WebSite","@id":"https:\/\/kapitalis.com\/tunisie\/#website","url":"https:\/\/kapitalis.com\/tunisie\/","name":"Kapitalis","description":"L&#039;actualit\u00e9 en Tunisie et dans le monde","publisher":{"@id":"https:\/\/kapitalis.com\/tunisie\/#organization"},"potentialAction":[{"@type":"SearchAction","target":{"@type":"EntryPoint","urlTemplate":"https:\/\/kapitalis.com\/tunisie\/?s={search_term_string}"},"query-input":{"@type":"PropertyValueSpecification","valueRequired":true,"valueName":"search_term_string"}}],"inLanguage":"fr-FR"},{"@type":"Organization","@id":"https:\/\/kapitalis.com\/tunisie\/#organization","name":"Kapitalis","url":"https:\/\/kapitalis.com\/tunisie\/","logo":{"@type":"ImageObject","inLanguage":"fr-FR","@id":"https:\/\/kapitalis.com\/tunisie\/#\/schema\/logo\/image\/","url":"https:\/\/kapitalis.com\/tunisie\/wp-content\/uploads\/2022\/05\/Kapitalis-big-size.png","contentUrl":"https:\/\/kapitalis.com\/tunisie\/wp-content\/uploads\/2022\/05\/Kapitalis-big-size.png","width":5000,"height":1500,"caption":"Kapitalis"},"image":{"@id":"https:\/\/kapitalis.com\/tunisie\/#\/schema\/logo\/image\/"},"sameAs":["https:\/\/www.facebook.com\/KapitalisInfo\/","https:\/\/x.com\/KapitalisInfo","https:\/\/www.youtube.com\/channel\/UC-yDYrHyfFBWWZaOw3FPg9Q"]},{"@type":"Person","@id":"https:\/\/kapitalis.com\/tunisie\/#\/schema\/person\/d71f33a9ca44f7bad4698210b480c8e9","name":"webmaster kapitalis","url":"https:\/\/kapitalis.com\/tunisie\/author\/webmaster-kapitalis\/"}]}},"_links":{"self":[{"href":"https:\/\/kapitalis.com\/tunisie\/wp-json\/wp\/v2\/posts\/317643","targetHints":{"allow":["GET"]}}],"collection":[{"href":"https:\/\/kapitalis.com\/tunisie\/wp-json\/wp\/v2\/posts"}],"about":[{"href":"https:\/\/kapitalis.com\/tunisie\/wp-json\/wp\/v2\/types\/post"}],"author":[{"embeddable":true,"href":"https:\/\/kapitalis.com\/tunisie\/wp-json\/wp\/v2\/users\/8"}],"replies":[{"embeddable":true,"href":"https:\/\/kapitalis.com\/tunisie\/wp-json\/wp\/v2\/comments?post=317643"}],"version-history":[{"count":0,"href":"https:\/\/kapitalis.com\/tunisie\/wp-json\/wp\/v2\/posts\/317643\/revisions"}],"wp:featuredmedia":[{"embeddable":true,"href":"https:\/\/kapitalis.com\/tunisie\/wp-json\/wp\/v2\/media\/317644"}],"wp:attachment":[{"href":"https:\/\/kapitalis.com\/tunisie\/wp-json\/wp\/v2\/media?parent=317643"}],"wp:term":[{"taxonomy":"category","embeddable":true,"href":"https:\/\/kapitalis.com\/tunisie\/wp-json\/wp\/v2\/categories?post=317643"},{"taxonomy":"post_tag","embeddable":true,"href":"https:\/\/kapitalis.com\/tunisie\/wp-json\/wp\/v2\/tags?post=317643"}],"curies":[{"name":"wp","href":"https:\/\/api.w.org\/{rel}","templated":true}]}}