{"id":317718,"date":"2020-09-24T10:14:41","date_gmt":"2020-09-24T09:14:41","guid":{"rendered":"http:\/\/kapitalis.com\/tunisie\/?p=317718"},"modified":"2020-09-24T11:33:29","modified_gmt":"2020-09-24T10:33:29","slug":"yadh-elloumi-le-parlement-sest-empare-du-gouvernement-et-saied-refuse-de-laccepter","status":"publish","type":"post","link":"https:\/\/kapitalis.com\/tunisie\/2020\/09\/24\/yadh-elloumi-le-parlement-sest-empare-du-gouvernement-et-saied-refuse-de-laccepter\/","title":{"rendered":"Yadh Elloumi : \u00abLe Parlement s&rsquo;est empar\u00e9 du gouvernement et Sa\u00efed refuse de l&rsquo;accepter\u00bb"},"content":{"rendered":"\n<figure class=\"wp-block-image size-large\"><img decoding=\"async\" src=\"http:\/\/kapitalis.com\/tunisie\/wp-content\/uploads\/2020\/01\/sa\u00efed-iyadh-elloumi.jpg\" alt=\"\" class=\"wp-image-274892\"\/><\/figure>\n\n\n\n<p><strong><em>Le dirigeant et d\u00e9put\u00e9 de Qalb Tounes, Yadh Elloumi, est revenu ce matin du jeudi, 24 septembre 2020, sur les critiques adress\u00e9es, la veille, par le pr\u00e9sident de la r\u00e9publique, Ka\u00efs Sa\u00efed, au chef du gouvernement, Hichem Mechichi, concernant les derni\u00e8res nominations effectu\u00e9es par ce dernier.<\/em><\/strong><\/p>\n\n\n\n<!--more-->\n\n\n\n<p>Pour rappel, Sa\u00efed avait dit \u00e0 Mechichi, lors d&rsquo;une r\u00e9union tenue au palais pr\u00e9sidentiel de Carthage, qu&rsquo;il \u00e9tait, pour lui, inacceptable de nommer, en tant que conseillers, des personnes faisant l&rsquo;objet de poursuites judiciaires pour les d\u00e9passements qu&rsquo;ils ont commis lorsqu&rsquo;ils occupaient des postes dans l&rsquo;Etat \u00e0 l&rsquo;\u00e9poque de l&rsquo;ancien r\u00e9gime. Selon toute vraisemblance, il faisait allusion \u00e0 <a href=\"http:\/\/kapitalis.com\/tunisie\/2020\/09\/22\/hichem-mechichi-fait-appel-a-3-nouveaux-conseillers-tawfik-baccar-mongi-safra-et-slim-tissaoui\/\"><strong>Taoufik Baccar et Mongi Safra<\/strong><\/a>.<\/p>\n\n\n\n<p>\u00ab<em>Une position bizarre, pseudo-politique et populiste<\/em>\u00bb, fustige Yadh Elloumi, dont le parti est soup\u00e7onn\u00e9 d&rsquo;avoir recommand\u00e9 au chef du gouvernement ces nominations, \u00e9tant donn\u00e9 la proximit\u00e9 entre les deux anciens hommes de Ben Ali et le pr\u00e9sident de Qalb Tounes, Nabil Karoui.<\/p>\n\n\n\n<p>Pr\u00e9sent \u00e0 la matinale de Shems FM, Elloumi a quasiment consacr\u00e9 toute son intervention \u00e0 pratiquer son activit\u00e9 m\u00e9diatique pr\u00e9f\u00e9r\u00e9e depuis pr\u00e8s d&rsquo;un an, \u00e0 savoir traiter de tous les noms le chef de l&rsquo;Etat.<br>Cette fois, il a affirm\u00e9 que ce dernier \u00e9tait \u00ab<em>un faux perdant, qui veut montrer, \u00e0 tout prix, qu&rsquo;il est le ma\u00eetre \u00e0 bord<\/em>\u00bb. <\/p>\n\n\n\n<p>\u00ab<em>Il n&rsquo;a pas accept\u00e9 le fait que le gouvernement Mechichi est devenu politique. Le Parlement le lui a arrach\u00e9<\/em>\u00bb, a poursuivi Elloumi, qui, dans un sens, n&rsquo;a pas tout \u00e0 fait tort cette fois, car Ka\u00efs Sa\u00efed est clairement en train de titiller les limites de ses pr\u00e9rogatives en se m\u00ealant, de celles du chef du gouvernement, qui plus est devant la cam\u00e9ra et en usant d&rsquo;unton assez ferme.<\/p>\n\n\n\n<p>En m\u00eame temps, la position de Sa\u00efed peut se comprendre. Connu notamment pour sa droiture &#8211; du moins c&rsquo;est l&rsquo;image qu&rsquo;il tient absolument \u00e0 pr\u00e9senter de lui-m\u00eame &#8211; il estimait sans doute qu&rsquo;il \u00e9tait de son devoir de s&rsquo;opposer \u00e0 l&rsquo;int\u00e9gration de personnalit\u00e9s suspectes \u00e0 l&rsquo;Etat tunisien et d&rsquo;en tenir l&rsquo;opinion public au courant, ne serait-ce que pour \u00ab<em>s&rsquo;en laver les mains<\/em>\u00bb.<\/p>\n\n\n\n<p>Elloumi a par ailleurs mis en doute les principes du pr\u00e9sident, rappelant que ce dernier ne s&rsquo;\u00e9tait jamais oppos\u00e9 \u00e0 l&rsquo;ancien r\u00e9gime, et affirmant qu&rsquo;\u00e0 l&rsquo;\u00e9poque de Ben Ali \u00ab<em>il cassait les gr\u00e8ves<\/em>\u00bb. Il a m\u00eame, dans un \u00e9lan de fantasme politique, insinu\u00e9 que Sa\u00efed tient une alliance avec Abir Moussi (\u00ab<em>l&rsquo;alliance des courants populiste et fasciste<\/em>\u00bb, selon son expression), se basant pour avancer cette accusation sur le fait que la pr\u00e9sidente du PDL s&rsquo;\u00e9tait elle aussi oppos\u00e9e aux nominations de Baccar et Safra.<\/p>\n\n\n\n<p class=\"has-text-align-right\"><strong>Cherif Ben Youn\u00e8s<\/strong><\/p>\n\n\n\n<figure class=\"wp-block-embed-wordpress wp-block-embed is-type-wp-embed is-provider-kapitalis\"><div class=\"wp-block-embed__wrapper\">\n<blockquote class=\"wp-embedded-content\" data-secret=\"7e5eyRcFr3\"><a href=\"https:\/\/kapitalis.com\/tunisie\/2020\/09\/22\/hichem-mechichi-fait-appel-a-3-nouveaux-conseillers-tawfik-baccar-mongi-safra-et-slim-tissaoui\/\">Hichem Mechichi fait appel \u00e0 3 nouveaux conseillers : Taoufik Baccar, Mongi Safra et Slim Tissaoui<\/a><\/blockquote><iframe loading=\"lazy\" class=\"wp-embedded-content\" sandbox=\"allow-scripts\" security=\"restricted\" style=\"position: absolute; clip: rect(1px, 1px, 1px, 1px);\" title=\"\u00ab\u00a0Hichem Mechichi fait appel \u00e0 3 nouveaux conseillers : Taoufik Baccar, Mongi Safra et Slim Tissaoui\u00a0\u00bb &#8212; Kapitalis\" src=\"https:\/\/kapitalis.com\/tunisie\/2020\/09\/22\/hichem-mechichi-fait-appel-a-3-nouveaux-conseillers-tawfik-baccar-mongi-safra-et-slim-tissaoui\/embed\/#?secret=72mnk54eyF#?secret=7e5eyRcFr3\" data-secret=\"7e5eyRcFr3\" width=\"600\" height=\"338\" frameborder=\"0\" marginwidth=\"0\" marginheight=\"0\" scrolling=\"no\"><\/iframe>\n<\/div><\/figure>\n\n\n\n<figure class=\"wp-block-embed-wordpress wp-block-embed is-type-wp-embed is-provider-kapitalis\"><div class=\"wp-block-embed__wrapper\">\n<blockquote class=\"wp-embedded-content\" data-secret=\"L4z31Pf0St\"><a href=\"https:\/\/kapitalis.com\/tunisie\/2020\/09\/22\/appele-a-la-rescousse-par-le-chef-de-gouvernement-taoufik-baccar-en-mode-pompier\/\">Appel\u00e9 \u00e0 la rescousse par le chef de gouvernement : Taoufik Baccar en mode pompier<\/a><\/blockquote><iframe loading=\"lazy\" class=\"wp-embedded-content\" sandbox=\"allow-scripts\" security=\"restricted\" style=\"position: absolute; clip: rect(1px, 1px, 1px, 1px);\" title=\"\u00ab\u00a0Appel\u00e9 \u00e0 la rescousse par le chef de gouvernement : Taoufik Baccar en mode pompier\u00a0\u00bb &#8212; Kapitalis\" src=\"https:\/\/kapitalis.com\/tunisie\/2020\/09\/22\/appele-a-la-rescousse-par-le-chef-de-gouvernement-taoufik-baccar-en-mode-pompier\/embed\/#?secret=uD0Zxe8DO3#?secret=L4z31Pf0St\" data-secret=\"L4z31Pf0St\" width=\"600\" height=\"338\" frameborder=\"0\" marginwidth=\"0\" marginheight=\"0\" scrolling=\"no\"><\/iframe>\n<\/div><\/figure>\n","protected":false},"excerpt":{"rendered":"<p>Le dirigeant et d\u00e9put\u00e9 de Qalb Tounes, Yadh Elloumi, est revenu ce matin du jeudi, 24 septembre 2020, sur les critiques adress\u00e9es, la veille, par le pr\u00e9sident de la r\u00e9publique, Ka\u00efs Sa\u00efed, au chef du gouvernement, Hichem Mechichi, concernant les derni\u00e8res nominations effectu\u00e9es par ce dernier.<\/p>\n","protected":false},"author":24,"featured_media":0,"comment_status":"open","ping_status":"open","sticky":false,"template":"","format":"standard","meta":{"footnotes":""},"categories":[997,2433],"tags":[74899,76012,82989,651,61989,5826,72051],"class_list":["post-317718","post","type-post","status-publish","format-standard","hentry","category-politique","category-tunisie","tag-hichem-mechichi","tag-kais-saied-2","tag-mongi-safra","tag-nabil-karoui","tag-qalb-tounes","tag-taoufik-baccar","tag-yadh-elloumi"],"yoast_head":"<!-- This site is optimized with the Yoast SEO plugin v26.6 - https:\/\/yoast.com\/wordpress\/plugins\/seo\/ -->\n<title>Yadh Elloumi : \u00abLe Parlement s&#039;est empar\u00e9 du gouvernement et Sa\u00efed refuse de l&#039;accepter\u00bb - Kapitalis<\/title>\n<meta name=\"robots\" content=\"index, follow, max-snippet:-1, max-image-preview:large, max-video-preview:-1\" \/>\n<link rel=\"canonical\" href=\"https:\/\/kapitalis.com\/tunisie\/2020\/09\/24\/yadh-elloumi-le-parlement-sest-empare-du-gouvernement-et-saied-refuse-de-laccepter\/\" \/>\n<meta property=\"og:locale\" content=\"fr_FR\" \/>\n<meta property=\"og:type\" content=\"article\" \/>\n<meta property=\"og:title\" content=\"Yadh Elloumi : \u00abLe Parlement s&#039;est empar\u00e9 du gouvernement et Sa\u00efed refuse de l&#039;accepter\u00bb - Kapitalis\" \/>\n<meta property=\"og:description\" content=\"Le dirigeant et d\u00e9put\u00e9 de Qalb Tounes, Yadh Elloumi, est revenu ce matin du jeudi, 24 septembre 2020, sur les critiques adress\u00e9es, la veille, par le pr\u00e9sident de la r\u00e9publique, Ka\u00efs Sa\u00efed, au chef du gouvernement, Hichem Mechichi, concernant les derni\u00e8res nominations effectu\u00e9es par ce dernier.\" \/>\n<meta property=\"og:url\" content=\"https:\/\/kapitalis.com\/tunisie\/2020\/09\/24\/yadh-elloumi-le-parlement-sest-empare-du-gouvernement-et-saied-refuse-de-laccepter\/\" \/>\n<meta property=\"og:site_name\" content=\"Kapitalis\" \/>\n<meta property=\"article:publisher\" content=\"https:\/\/www.facebook.com\/KapitalisInfo\/\" \/>\n<meta property=\"article:published_time\" content=\"2020-09-24T09:14:41+00:00\" \/>\n<meta property=\"article:modified_time\" content=\"2020-09-24T10:33:29+00:00\" \/>\n<meta property=\"og:image\" content=\"https:\/\/kapitalis.com\/tunisie\/wp-content\/uploads\/2022\/05\/kapitalis-logo-fb.png\" \/>\n\t<meta property=\"og:image:width\" content=\"1200\" \/>\n\t<meta property=\"og:image:height\" content=\"630\" \/>\n\t<meta property=\"og:image:type\" content=\"image\/png\" \/>\n<meta name=\"author\" content=\"Cherif Benyounes\" \/>\n<meta name=\"twitter:card\" content=\"summary_large_image\" \/>\n<meta name=\"twitter:creator\" content=\"@KapitalisInfo\" \/>\n<meta name=\"twitter:site\" content=\"@KapitalisInfo\" \/>\n<meta name=\"twitter:label1\" content=\"\u00c9crit par\" \/>\n\t<meta name=\"twitter:data1\" content=\"Cherif Benyounes\" \/>\n\t<meta name=\"twitter:label2\" content=\"Dur\u00e9e de lecture estim\u00e9e\" \/>\n\t<meta name=\"twitter:data2\" content=\"2 minutes\" \/>\n<script type=\"application\/ld+json\" class=\"yoast-schema-graph\">{\"@context\":\"https:\/\/schema.org\",\"@graph\":[{\"@type\":\"Article\",\"@id\":\"https:\/\/kapitalis.com\/tunisie\/2020\/09\/24\/yadh-elloumi-le-parlement-sest-empare-du-gouvernement-et-saied-refuse-de-laccepter\/#article\",\"isPartOf\":{\"@id\":\"https:\/\/kapitalis.com\/tunisie\/2020\/09\/24\/yadh-elloumi-le-parlement-sest-empare-du-gouvernement-et-saied-refuse-de-laccepter\/\"},\"author\":{\"name\":\"Cherif Benyounes\",\"@id\":\"https:\/\/kapitalis.com\/tunisie\/#\/schema\/person\/b35b8d631961131107263178aeb8019e\"},\"headline\":\"Yadh Elloumi : \u00abLe Parlement s&rsquo;est empar\u00e9 du gouvernement et Sa\u00efed refuse de l&rsquo;accepter\u00bb\",\"datePublished\":\"2020-09-24T09:14:41+00:00\",\"dateModified\":\"2020-09-24T10:33:29+00:00\",\"mainEntityOfPage\":{\"@id\":\"https:\/\/kapitalis.com\/tunisie\/2020\/09\/24\/yadh-elloumi-le-parlement-sest-empare-du-gouvernement-et-saied-refuse-de-laccepter\/\"},\"wordCount\":483,\"commentCount\":1,\"publisher\":{\"@id\":\"https:\/\/kapitalis.com\/tunisie\/#organization\"},\"keywords\":[\"Hichem Mechichi\",\"Ka\u00efs Sa\u00efed\",\"Mongi Safra\",\"Nabil Karoui\",\"Qalb Tounes\",\"Taoufik Baccar\",\"Yadh Elloumi\"],\"articleSection\":[\"POLITIQUE\",\"Tunisie\"],\"inLanguage\":\"fr-FR\",\"potentialAction\":[{\"@type\":\"CommentAction\",\"name\":\"Comment\",\"target\":[\"https:\/\/kapitalis.com\/tunisie\/2020\/09\/24\/yadh-elloumi-le-parlement-sest-empare-du-gouvernement-et-saied-refuse-de-laccepter\/#respond\"]}]},{\"@type\":\"WebPage\",\"@id\":\"https:\/\/kapitalis.com\/tunisie\/2020\/09\/24\/yadh-elloumi-le-parlement-sest-empare-du-gouvernement-et-saied-refuse-de-laccepter\/\",\"url\":\"https:\/\/kapitalis.com\/tunisie\/2020\/09\/24\/yadh-elloumi-le-parlement-sest-empare-du-gouvernement-et-saied-refuse-de-laccepter\/\",\"name\":\"Yadh Elloumi : \u00abLe Parlement s'est empar\u00e9 du gouvernement et Sa\u00efed refuse de l'accepter\u00bb - Kapitalis\",\"isPartOf\":{\"@id\":\"https:\/\/kapitalis.com\/tunisie\/#website\"},\"datePublished\":\"2020-09-24T09:14:41+00:00\",\"dateModified\":\"2020-09-24T10:33:29+00:00\",\"breadcrumb\":{\"@id\":\"https:\/\/kapitalis.com\/tunisie\/2020\/09\/24\/yadh-elloumi-le-parlement-sest-empare-du-gouvernement-et-saied-refuse-de-laccepter\/#breadcrumb\"},\"inLanguage\":\"fr-FR\",\"potentialAction\":[{\"@type\":\"ReadAction\",\"target\":[\"https:\/\/kapitalis.com\/tunisie\/2020\/09\/24\/yadh-elloumi-le-parlement-sest-empare-du-gouvernement-et-saied-refuse-de-laccepter\/\"]}]},{\"@type\":\"BreadcrumbList\",\"@id\":\"https:\/\/kapitalis.com\/tunisie\/2020\/09\/24\/yadh-elloumi-le-parlement-sest-empare-du-gouvernement-et-saied-refuse-de-laccepter\/#breadcrumb\",\"itemListElement\":[{\"@type\":\"ListItem\",\"position\":1,\"name\":\"Accueil\",\"item\":\"https:\/\/kapitalis.com\/tunisie\/\"},{\"@type\":\"ListItem\",\"position\":2,\"name\":\"Yadh Elloumi : \u00abLe Parlement s&rsquo;est empar\u00e9 du gouvernement et Sa\u00efed refuse de l&rsquo;accepter\u00bb\"}]},{\"@type\":\"WebSite\",\"@id\":\"https:\/\/kapitalis.com\/tunisie\/#website\",\"url\":\"https:\/\/kapitalis.com\/tunisie\/\",\"name\":\"Kapitalis\",\"description\":\"L&#039;actualit\u00e9 en Tunisie et dans le monde\",\"publisher\":{\"@id\":\"https:\/\/kapitalis.com\/tunisie\/#organization\"},\"potentialAction\":[{\"@type\":\"SearchAction\",\"target\":{\"@type\":\"EntryPoint\",\"urlTemplate\":\"https:\/\/kapitalis.com\/tunisie\/?s={search_term_string}\"},\"query-input\":{\"@type\":\"PropertyValueSpecification\",\"valueRequired\":true,\"valueName\":\"search_term_string\"}}],\"inLanguage\":\"fr-FR\"},{\"@type\":\"Organization\",\"@id\":\"https:\/\/kapitalis.com\/tunisie\/#organization\",\"name\":\"Kapitalis\",\"url\":\"https:\/\/kapitalis.com\/tunisie\/\",\"logo\":{\"@type\":\"ImageObject\",\"inLanguage\":\"fr-FR\",\"@id\":\"https:\/\/kapitalis.com\/tunisie\/#\/schema\/logo\/image\/\",\"url\":\"https:\/\/kapitalis.com\/tunisie\/wp-content\/uploads\/2022\/05\/Kapitalis-big-size.png\",\"contentUrl\":\"https:\/\/kapitalis.com\/tunisie\/wp-content\/uploads\/2022\/05\/Kapitalis-big-size.png\",\"width\":5000,\"height\":1500,\"caption\":\"Kapitalis\"},\"image\":{\"@id\":\"https:\/\/kapitalis.com\/tunisie\/#\/schema\/logo\/image\/\"},\"sameAs\":[\"https:\/\/www.facebook.com\/KapitalisInfo\/\",\"https:\/\/x.com\/KapitalisInfo\",\"https:\/\/www.youtube.com\/channel\/UC-yDYrHyfFBWWZaOw3FPg9Q\"]},{\"@type\":\"Person\",\"@id\":\"https:\/\/kapitalis.com\/tunisie\/#\/schema\/person\/b35b8d631961131107263178aeb8019e\",\"name\":\"Cherif Benyounes\",\"url\":\"https:\/\/kapitalis.com\/tunisie\/author\/cherif\/\"}]}<\/script>\n<!-- \/ Yoast SEO plugin. -->","yoast_head_json":{"title":"Yadh Elloumi : \u00abLe Parlement s'est empar\u00e9 du gouvernement et Sa\u00efed refuse de l'accepter\u00bb - Kapitalis","robots":{"index":"index","follow":"follow","max-snippet":"max-snippet:-1","max-image-preview":"max-image-preview:large","max-video-preview":"max-video-preview:-1"},"canonical":"https:\/\/kapitalis.com\/tunisie\/2020\/09\/24\/yadh-elloumi-le-parlement-sest-empare-du-gouvernement-et-saied-refuse-de-laccepter\/","og_locale":"fr_FR","og_type":"article","og_title":"Yadh Elloumi : \u00abLe Parlement s'est empar\u00e9 du gouvernement et Sa\u00efed refuse de l'accepter\u00bb - Kapitalis","og_description":"Le dirigeant et d\u00e9put\u00e9 de Qalb Tounes, Yadh Elloumi, est revenu ce matin du jeudi, 24 septembre 2020, sur les critiques adress\u00e9es, la veille, par le pr\u00e9sident de la r\u00e9publique, Ka\u00efs Sa\u00efed, au chef du gouvernement, Hichem Mechichi, concernant les derni\u00e8res nominations effectu\u00e9es par ce dernier.","og_url":"https:\/\/kapitalis.com\/tunisie\/2020\/09\/24\/yadh-elloumi-le-parlement-sest-empare-du-gouvernement-et-saied-refuse-de-laccepter\/","og_site_name":"Kapitalis","article_publisher":"https:\/\/www.facebook.com\/KapitalisInfo\/","article_published_time":"2020-09-24T09:14:41+00:00","article_modified_time":"2020-09-24T10:33:29+00:00","og_image":[{"width":1200,"height":630,"url":"https:\/\/kapitalis.com\/tunisie\/wp-content\/uploads\/2022\/05\/kapitalis-logo-fb.png","type":"image\/png"}],"author":"Cherif Benyounes","twitter_card":"summary_large_image","twitter_creator":"@KapitalisInfo","twitter_site":"@KapitalisInfo","twitter_misc":{"\u00c9crit par":"Cherif Benyounes","Dur\u00e9e de lecture estim\u00e9e":"2 minutes"},"schema":{"@context":"https:\/\/schema.org","@graph":[{"@type":"Article","@id":"https:\/\/kapitalis.com\/tunisie\/2020\/09\/24\/yadh-elloumi-le-parlement-sest-empare-du-gouvernement-et-saied-refuse-de-laccepter\/#article","isPartOf":{"@id":"https:\/\/kapitalis.com\/tunisie\/2020\/09\/24\/yadh-elloumi-le-parlement-sest-empare-du-gouvernement-et-saied-refuse-de-laccepter\/"},"author":{"name":"Cherif Benyounes","@id":"https:\/\/kapitalis.com\/tunisie\/#\/schema\/person\/b35b8d631961131107263178aeb8019e"},"headline":"Yadh Elloumi : \u00abLe Parlement s&rsquo;est empar\u00e9 du gouvernement et Sa\u00efed refuse de l&rsquo;accepter\u00bb","datePublished":"2020-09-24T09:14:41+00:00","dateModified":"2020-09-24T10:33:29+00:00","mainEntityOfPage":{"@id":"https:\/\/kapitalis.com\/tunisie\/2020\/09\/24\/yadh-elloumi-le-parlement-sest-empare-du-gouvernement-et-saied-refuse-de-laccepter\/"},"wordCount":483,"commentCount":1,"publisher":{"@id":"https:\/\/kapitalis.com\/tunisie\/#organization"},"keywords":["Hichem Mechichi","Ka\u00efs Sa\u00efed","Mongi Safra","Nabil Karoui","Qalb Tounes","Taoufik Baccar","Yadh Elloumi"],"articleSection":["POLITIQUE","Tunisie"],"inLanguage":"fr-FR","potentialAction":[{"@type":"CommentAction","name":"Comment","target":["https:\/\/kapitalis.com\/tunisie\/2020\/09\/24\/yadh-elloumi-le-parlement-sest-empare-du-gouvernement-et-saied-refuse-de-laccepter\/#respond"]}]},{"@type":"WebPage","@id":"https:\/\/kapitalis.com\/tunisie\/2020\/09\/24\/yadh-elloumi-le-parlement-sest-empare-du-gouvernement-et-saied-refuse-de-laccepter\/","url":"https:\/\/kapitalis.com\/tunisie\/2020\/09\/24\/yadh-elloumi-le-parlement-sest-empare-du-gouvernement-et-saied-refuse-de-laccepter\/","name":"Yadh Elloumi : \u00abLe Parlement s'est empar\u00e9 du gouvernement et Sa\u00efed refuse de l'accepter\u00bb - Kapitalis","isPartOf":{"@id":"https:\/\/kapitalis.com\/tunisie\/#website"},"datePublished":"2020-09-24T09:14:41+00:00","dateModified":"2020-09-24T10:33:29+00:00","breadcrumb":{"@id":"https:\/\/kapitalis.com\/tunisie\/2020\/09\/24\/yadh-elloumi-le-parlement-sest-empare-du-gouvernement-et-saied-refuse-de-laccepter\/#breadcrumb"},"inLanguage":"fr-FR","potentialAction":[{"@type":"ReadAction","target":["https:\/\/kapitalis.com\/tunisie\/2020\/09\/24\/yadh-elloumi-le-parlement-sest-empare-du-gouvernement-et-saied-refuse-de-laccepter\/"]}]},{"@type":"BreadcrumbList","@id":"https:\/\/kapitalis.com\/tunisie\/2020\/09\/24\/yadh-elloumi-le-parlement-sest-empare-du-gouvernement-et-saied-refuse-de-laccepter\/#breadcrumb","itemListElement":[{"@type":"ListItem","position":1,"name":"Accueil","item":"https:\/\/kapitalis.com\/tunisie\/"},{"@type":"ListItem","position":2,"name":"Yadh Elloumi : \u00abLe Parlement s&rsquo;est empar\u00e9 du gouvernement et Sa\u00efed refuse de l&rsquo;accepter\u00bb"}]},{"@type":"WebSite","@id":"https:\/\/kapitalis.com\/tunisie\/#website","url":"https:\/\/kapitalis.com\/tunisie\/","name":"Kapitalis","description":"L&#039;actualit\u00e9 en Tunisie et dans le monde","publisher":{"@id":"https:\/\/kapitalis.com\/tunisie\/#organization"},"potentialAction":[{"@type":"SearchAction","target":{"@type":"EntryPoint","urlTemplate":"https:\/\/kapitalis.com\/tunisie\/?s={search_term_string}"},"query-input":{"@type":"PropertyValueSpecification","valueRequired":true,"valueName":"search_term_string"}}],"inLanguage":"fr-FR"},{"@type":"Organization","@id":"https:\/\/kapitalis.com\/tunisie\/#organization","name":"Kapitalis","url":"https:\/\/kapitalis.com\/tunisie\/","logo":{"@type":"ImageObject","inLanguage":"fr-FR","@id":"https:\/\/kapitalis.com\/tunisie\/#\/schema\/logo\/image\/","url":"https:\/\/kapitalis.com\/tunisie\/wp-content\/uploads\/2022\/05\/Kapitalis-big-size.png","contentUrl":"https:\/\/kapitalis.com\/tunisie\/wp-content\/uploads\/2022\/05\/Kapitalis-big-size.png","width":5000,"height":1500,"caption":"Kapitalis"},"image":{"@id":"https:\/\/kapitalis.com\/tunisie\/#\/schema\/logo\/image\/"},"sameAs":["https:\/\/www.facebook.com\/KapitalisInfo\/","https:\/\/x.com\/KapitalisInfo","https:\/\/www.youtube.com\/channel\/UC-yDYrHyfFBWWZaOw3FPg9Q"]},{"@type":"Person","@id":"https:\/\/kapitalis.com\/tunisie\/#\/schema\/person\/b35b8d631961131107263178aeb8019e","name":"Cherif Benyounes","url":"https:\/\/kapitalis.com\/tunisie\/author\/cherif\/"}]}},"_links":{"self":[{"href":"https:\/\/kapitalis.com\/tunisie\/wp-json\/wp\/v2\/posts\/317718","targetHints":{"allow":["GET"]}}],"collection":[{"href":"https:\/\/kapitalis.com\/tunisie\/wp-json\/wp\/v2\/posts"}],"about":[{"href":"https:\/\/kapitalis.com\/tunisie\/wp-json\/wp\/v2\/types\/post"}],"author":[{"embeddable":true,"href":"https:\/\/kapitalis.com\/tunisie\/wp-json\/wp\/v2\/users\/24"}],"replies":[{"embeddable":true,"href":"https:\/\/kapitalis.com\/tunisie\/wp-json\/wp\/v2\/comments?post=317718"}],"version-history":[{"count":0,"href":"https:\/\/kapitalis.com\/tunisie\/wp-json\/wp\/v2\/posts\/317718\/revisions"}],"wp:attachment":[{"href":"https:\/\/kapitalis.com\/tunisie\/wp-json\/wp\/v2\/media?parent=317718"}],"wp:term":[{"taxonomy":"category","embeddable":true,"href":"https:\/\/kapitalis.com\/tunisie\/wp-json\/wp\/v2\/categories?post=317718"},{"taxonomy":"post_tag","embeddable":true,"href":"https:\/\/kapitalis.com\/tunisie\/wp-json\/wp\/v2\/tags?post=317718"}],"curies":[{"name":"wp","href":"https:\/\/api.w.org\/{rel}","templated":true}]}}