{"id":317731,"date":"2020-09-24T10:13:31","date_gmt":"2020-09-24T09:13:31","guid":{"rendered":"http:\/\/kapitalis.com\/tunisie\/?p=317731"},"modified":"2020-09-24T10:40:06","modified_gmt":"2020-09-24T09:40:06","slug":"kais-saied-marque-un-point-contre-hichem-mechichi","status":"publish","type":"post","link":"https:\/\/kapitalis.com\/tunisie\/2020\/09\/24\/kais-saied-marque-un-point-contre-hichem-mechichi\/","title":{"rendered":"Kais Sa\u00efed marque un point contre Hichem Mechichi"},"content":{"rendered":"\n<figure class=\"wp-block-image size-large\"><img decoding=\"async\" src=\"http:\/\/kapitalis.com\/tunisie\/wp-content\/uploads\/2020\/09\/Kais-Saied-Hichem-Mechichi.jpg\" alt=\"\" class=\"wp-image-317732\"\/><figcaption><em>Ka\u00efs Sa\u00efed recadre Hichem Mechichi: le pouvoir ex\u00e9cutif en charpie. <\/em><\/figcaption><\/figure>\n\n\n\n<p><strong><em>En recevant le chef du gouvernement, Hichem Mechichi, hier, mercredi 23 septembre 2020, au Palais de Carthage, le pr\u00e9sident de la r\u00e9publique Ka\u00efs Sa\u00efed, lui a fait comprendre, et toujours de mani\u00e8re allusive, qu\u2019il n\u2019appr\u00e9cie pas, c\u2019est un euph\u00e9misme, certaines des derni\u00e8res nominations annonc\u00e9es.<\/em><\/strong> <strong><em>Hichem Jouaber propose son analyse de ce duel \u00e0 fleuret mouchet\u00e9&#8230;<\/em><\/strong><\/p>\n\n\n\n<!--more-->\n\n\n\n<p>Les nominations en question, et l\u00e0 le pr\u00e9sident \u00e9tait plus explicite, concernent certains experts \u00e9conomistes et financiers ayant des d\u00e9m\u00eal\u00e9es avec la justice dans des affaires de corruption. Il s\u2019agit, surtout, on l\u2019a compris, des deux anciens collaborateurs de Ben Ali, Mongi Safra et Taoufik Baccar, mais pas seulement. Il s\u2019agirait aussi d\u2019autres personnes dont les noms ont \u00e9t\u00e9 propos\u00e9s \u00e0 M. Mechichi par notamment les partis Ennahdha et Qalb Tounes et qui seraient elles aussi poursuivies par la justice.<\/p>\n\n\n\n<p>R\u00e9volutionnaire de la 25e heure, comme beaucoup de ses \u00e9lecteurs, qui n\u2019a pas brill\u00e9 par son opposition au r\u00e9gime de Ben Ali lorsque ce dernier \u00e9tait \u00e0 la m\u00eame place au Palais de Carthage et qui, aujourd\u2019hui, nous la joue champion de la r\u00e9volution, M. Sa\u00efed a cru ainsi devoir rappeler au chef de gouvernement la ligne soi-disant <em>\u00abr\u00e9volutionnaire\u00bb<\/em> devant \u00eatre la sienne, ayant \u00e9t\u00e9 choisi et \u00e9lev\u00e9 \u00e0 ce haut rang par le locataire du Palais de Carthage.<\/p>\n\n\n\n<p>Commentant cette s\u00e9quence, qui traduit les divergences traversant actuellement le pouvoir ex\u00e9cutif, et opposant \u00e9galement la pr\u00e9sidence de la r\u00e9publique \u00e0 celles de l\u2019assembl\u00e9e et du gouvernement, Hichem Jouaber, Managing Director chez Alix Partners (Paris, France) a post\u00e9 une analyse sur sa page Facebook qui m\u00e9rite d\u2019\u00eatre lue et m\u00e9dit\u00e9e.<\/p>\n\n\n\n<p><em>\u00abAvec cette s\u00e9quence humiliante, il ne reste au chef de gouvernement que trois options :<\/em><\/p>\n\n\n\n<p><em>1- ob\u00e9ir au pr\u00e9sident, annuler les nominations et passer \u00e0 autre chose mais il sera si affaibli qu\u2019il ne fera pas long feu tellement d\u00e9cr\u00e9dibilis\u00e9 il sera;<\/em><\/p>\n\n\n\n<p><em>2- insister sur les nominations et tenir bon et donc appara\u00eetre aux yeux des Tunisiens comme celui qui ob\u00e9it aux diktats des mafieux et des caciques de l\u2019ancien r\u00e9gime qui ont des d\u00e9m\u00eal\u00e9s avec la justice ; et l\u00e0 le pr\u00e9sident pourrait ne pas signer les d\u00e9crets de nomination et leur publication dans le Jort ce qui va l\u2019humilier encore davantage;<\/em><\/p>\n\n\n\n<p><em>3- d\u00e9missionner et jeter l\u2019\u00e9ponge en sortant par la porte de derri\u00e8re en catimini\u2026<\/em><\/p>\n\n\n\n<p><em>Dans les trois cas de figure, la carri\u00e8re politique de Hichem Mechichi est tr\u00e8s mal engag\u00e9e et Kais Sa\u00efed fait un grand coup politique, un coup de ma\u00eetre m\u00eame, pour se d\u00e9barrasser de celui dont il ne voulait plus et d\u2019une fa\u00e7on magistrale de surcro\u00eet.\u00bb<\/em><\/p>\n","protected":false},"excerpt":{"rendered":"<p>En recevant le chef du gouvernement, Hichem Mechichi, hier, mercredi 23 septembre 2020, au Palais de Carthage, le pr\u00e9sident de la r\u00e9publique Ka\u00efs Sa\u00efed, lui a fait comprendre, et toujours de mani\u00e8re allusive, qu\u2019il n\u2019appr\u00e9cie pas, c\u2019est un euph\u00e9misme, certaines des derni\u00e8res nominations annonc\u00e9es. Hichem Jouaber propose son analyse de ce duel \u00e0 fleuret mouchet\u00e9&#8230;<\/p>\n","protected":false},"author":8,"featured_media":317732,"comment_status":"open","ping_status":"open","sticky":false,"template":"","format":"standard","meta":{"footnotes":""},"categories":[997,2433],"tags":[49543,74899,76012,82989,61989,5826],"class_list":["post-317731","post","type-post","status-publish","format-standard","has-post-thumbnail","hentry","category-politique","category-tunisie","tag-ennahdha","tag-hichem-mechichi","tag-kais-saied-2","tag-mongi-safra","tag-qalb-tounes","tag-taoufik-baccar"],"yoast_head":"<!-- This site is optimized with the Yoast SEO plugin v26.6 - https:\/\/yoast.com\/wordpress\/plugins\/seo\/ -->\n<title>Kais Sa\u00efed marque un point contre Hichem Mechichi - Kapitalis<\/title>\n<meta name=\"robots\" content=\"index, follow, max-snippet:-1, max-image-preview:large, max-video-preview:-1\" \/>\n<link rel=\"canonical\" href=\"https:\/\/kapitalis.com\/tunisie\/2020\/09\/24\/kais-saied-marque-un-point-contre-hichem-mechichi\/\" \/>\n<meta property=\"og:locale\" content=\"fr_FR\" \/>\n<meta property=\"og:type\" content=\"article\" \/>\n<meta property=\"og:title\" content=\"Kais Sa\u00efed marque un point contre Hichem Mechichi - Kapitalis\" \/>\n<meta property=\"og:description\" content=\"En recevant le chef du gouvernement, Hichem Mechichi, hier, mercredi 23 septembre 2020, au Palais de Carthage, le pr\u00e9sident de la r\u00e9publique Ka\u00efs Sa\u00efed, lui a fait comprendre, et toujours de mani\u00e8re allusive, qu\u2019il n\u2019appr\u00e9cie pas, c\u2019est un euph\u00e9misme, certaines des derni\u00e8res nominations annonc\u00e9es. Hichem Jouaber propose son analyse de ce duel \u00e0 fleuret mouchet\u00e9&#8230;\" \/>\n<meta property=\"og:url\" content=\"https:\/\/kapitalis.com\/tunisie\/2020\/09\/24\/kais-saied-marque-un-point-contre-hichem-mechichi\/\" \/>\n<meta property=\"og:site_name\" content=\"Kapitalis\" \/>\n<meta property=\"article:publisher\" content=\"https:\/\/www.facebook.com\/KapitalisInfo\/\" \/>\n<meta property=\"article:published_time\" content=\"2020-09-24T09:13:31+00:00\" \/>\n<meta property=\"article:modified_time\" content=\"2020-09-24T09:40:06+00:00\" \/>\n<meta property=\"og:image\" content=\"https:\/\/kapitalis.com\/tunisie\/wp-content\/uploads\/2022\/05\/kapitalis-logo-fb.png\" \/>\n\t<meta property=\"og:image:width\" content=\"1200\" \/>\n\t<meta property=\"og:image:height\" content=\"630\" \/>\n\t<meta property=\"og:image:type\" content=\"image\/png\" \/>\n<meta name=\"author\" content=\"webmaster kapitalis\" \/>\n<meta name=\"twitter:card\" content=\"summary_large_image\" \/>\n<meta name=\"twitter:creator\" content=\"@KapitalisInfo\" \/>\n<meta name=\"twitter:site\" content=\"@KapitalisInfo\" \/>\n<meta name=\"twitter:label1\" content=\"\u00c9crit par\" \/>\n\t<meta name=\"twitter:data1\" content=\"webmaster kapitalis\" \/>\n\t<meta name=\"twitter:label2\" content=\"Dur\u00e9e de lecture estim\u00e9e\" \/>\n\t<meta name=\"twitter:data2\" content=\"2 minutes\" \/>\n<script type=\"application\/ld+json\" class=\"yoast-schema-graph\">{\"@context\":\"https:\/\/schema.org\",\"@graph\":[{\"@type\":\"Article\",\"@id\":\"https:\/\/kapitalis.com\/tunisie\/2020\/09\/24\/kais-saied-marque-un-point-contre-hichem-mechichi\/#article\",\"isPartOf\":{\"@id\":\"https:\/\/kapitalis.com\/tunisie\/2020\/09\/24\/kais-saied-marque-un-point-contre-hichem-mechichi\/\"},\"author\":{\"name\":\"webmaster kapitalis\",\"@id\":\"https:\/\/kapitalis.com\/tunisie\/#\/schema\/person\/d71f33a9ca44f7bad4698210b480c8e9\"},\"headline\":\"Kais Sa\u00efed marque un point contre Hichem Mechichi\",\"datePublished\":\"2020-09-24T09:13:31+00:00\",\"dateModified\":\"2020-09-24T09:40:06+00:00\",\"mainEntityOfPage\":{\"@id\":\"https:\/\/kapitalis.com\/tunisie\/2020\/09\/24\/kais-saied-marque-un-point-contre-hichem-mechichi\/\"},\"wordCount\":506,\"commentCount\":7,\"publisher\":{\"@id\":\"https:\/\/kapitalis.com\/tunisie\/#organization\"},\"image\":{\"@id\":\"https:\/\/kapitalis.com\/tunisie\/2020\/09\/24\/kais-saied-marque-un-point-contre-hichem-mechichi\/#primaryimage\"},\"thumbnailUrl\":\"\",\"keywords\":[\"Ennahdha\",\"Hichem Mechichi\",\"Ka\u00efs Sa\u00efed\",\"Mongi Safra\",\"Qalb Tounes\",\"Taoufik Baccar\"],\"articleSection\":[\"POLITIQUE\",\"Tunisie\"],\"inLanguage\":\"fr-FR\",\"potentialAction\":[{\"@type\":\"CommentAction\",\"name\":\"Comment\",\"target\":[\"https:\/\/kapitalis.com\/tunisie\/2020\/09\/24\/kais-saied-marque-un-point-contre-hichem-mechichi\/#respond\"]}]},{\"@type\":\"WebPage\",\"@id\":\"https:\/\/kapitalis.com\/tunisie\/2020\/09\/24\/kais-saied-marque-un-point-contre-hichem-mechichi\/\",\"url\":\"https:\/\/kapitalis.com\/tunisie\/2020\/09\/24\/kais-saied-marque-un-point-contre-hichem-mechichi\/\",\"name\":\"Kais Sa\u00efed marque un point contre Hichem Mechichi - Kapitalis\",\"isPartOf\":{\"@id\":\"https:\/\/kapitalis.com\/tunisie\/#website\"},\"primaryImageOfPage\":{\"@id\":\"https:\/\/kapitalis.com\/tunisie\/2020\/09\/24\/kais-saied-marque-un-point-contre-hichem-mechichi\/#primaryimage\"},\"image\":{\"@id\":\"https:\/\/kapitalis.com\/tunisie\/2020\/09\/24\/kais-saied-marque-un-point-contre-hichem-mechichi\/#primaryimage\"},\"thumbnailUrl\":\"\",\"datePublished\":\"2020-09-24T09:13:31+00:00\",\"dateModified\":\"2020-09-24T09:40:06+00:00\",\"breadcrumb\":{\"@id\":\"https:\/\/kapitalis.com\/tunisie\/2020\/09\/24\/kais-saied-marque-un-point-contre-hichem-mechichi\/#breadcrumb\"},\"inLanguage\":\"fr-FR\",\"potentialAction\":[{\"@type\":\"ReadAction\",\"target\":[\"https:\/\/kapitalis.com\/tunisie\/2020\/09\/24\/kais-saied-marque-un-point-contre-hichem-mechichi\/\"]}]},{\"@type\":\"ImageObject\",\"inLanguage\":\"fr-FR\",\"@id\":\"https:\/\/kapitalis.com\/tunisie\/2020\/09\/24\/kais-saied-marque-un-point-contre-hichem-mechichi\/#primaryimage\",\"url\":\"\",\"contentUrl\":\"\"},{\"@type\":\"BreadcrumbList\",\"@id\":\"https:\/\/kapitalis.com\/tunisie\/2020\/09\/24\/kais-saied-marque-un-point-contre-hichem-mechichi\/#breadcrumb\",\"itemListElement\":[{\"@type\":\"ListItem\",\"position\":1,\"name\":\"Accueil\",\"item\":\"https:\/\/kapitalis.com\/tunisie\/\"},{\"@type\":\"ListItem\",\"position\":2,\"name\":\"Kais Sa\u00efed marque un point contre Hichem Mechichi\"}]},{\"@type\":\"WebSite\",\"@id\":\"https:\/\/kapitalis.com\/tunisie\/#website\",\"url\":\"https:\/\/kapitalis.com\/tunisie\/\",\"name\":\"Kapitalis\",\"description\":\"L&#039;actualit\u00e9 en Tunisie et dans le monde\",\"publisher\":{\"@id\":\"https:\/\/kapitalis.com\/tunisie\/#organization\"},\"potentialAction\":[{\"@type\":\"SearchAction\",\"target\":{\"@type\":\"EntryPoint\",\"urlTemplate\":\"https:\/\/kapitalis.com\/tunisie\/?s={search_term_string}\"},\"query-input\":{\"@type\":\"PropertyValueSpecification\",\"valueRequired\":true,\"valueName\":\"search_term_string\"}}],\"inLanguage\":\"fr-FR\"},{\"@type\":\"Organization\",\"@id\":\"https:\/\/kapitalis.com\/tunisie\/#organization\",\"name\":\"Kapitalis\",\"url\":\"https:\/\/kapitalis.com\/tunisie\/\",\"logo\":{\"@type\":\"ImageObject\",\"inLanguage\":\"fr-FR\",\"@id\":\"https:\/\/kapitalis.com\/tunisie\/#\/schema\/logo\/image\/\",\"url\":\"https:\/\/kapitalis.com\/tunisie\/wp-content\/uploads\/2022\/05\/Kapitalis-big-size.png\",\"contentUrl\":\"https:\/\/kapitalis.com\/tunisie\/wp-content\/uploads\/2022\/05\/Kapitalis-big-size.png\",\"width\":5000,\"height\":1500,\"caption\":\"Kapitalis\"},\"image\":{\"@id\":\"https:\/\/kapitalis.com\/tunisie\/#\/schema\/logo\/image\/\"},\"sameAs\":[\"https:\/\/www.facebook.com\/KapitalisInfo\/\",\"https:\/\/x.com\/KapitalisInfo\",\"https:\/\/www.youtube.com\/channel\/UC-yDYrHyfFBWWZaOw3FPg9Q\"]},{\"@type\":\"Person\",\"@id\":\"https:\/\/kapitalis.com\/tunisie\/#\/schema\/person\/d71f33a9ca44f7bad4698210b480c8e9\",\"name\":\"webmaster kapitalis\",\"url\":\"https:\/\/kapitalis.com\/tunisie\/author\/webmaster-kapitalis\/\"}]}<\/script>\n<!-- \/ Yoast SEO plugin. -->","yoast_head_json":{"title":"Kais Sa\u00efed marque un point contre Hichem Mechichi - Kapitalis","robots":{"index":"index","follow":"follow","max-snippet":"max-snippet:-1","max-image-preview":"max-image-preview:large","max-video-preview":"max-video-preview:-1"},"canonical":"https:\/\/kapitalis.com\/tunisie\/2020\/09\/24\/kais-saied-marque-un-point-contre-hichem-mechichi\/","og_locale":"fr_FR","og_type":"article","og_title":"Kais Sa\u00efed marque un point contre Hichem Mechichi - Kapitalis","og_description":"En recevant le chef du gouvernement, Hichem Mechichi, hier, mercredi 23 septembre 2020, au Palais de Carthage, le pr\u00e9sident de la r\u00e9publique Ka\u00efs Sa\u00efed, lui a fait comprendre, et toujours de mani\u00e8re allusive, qu\u2019il n\u2019appr\u00e9cie pas, c\u2019est un euph\u00e9misme, certaines des derni\u00e8res nominations annonc\u00e9es. Hichem Jouaber propose son analyse de ce duel \u00e0 fleuret mouchet\u00e9&#8230;","og_url":"https:\/\/kapitalis.com\/tunisie\/2020\/09\/24\/kais-saied-marque-un-point-contre-hichem-mechichi\/","og_site_name":"Kapitalis","article_publisher":"https:\/\/www.facebook.com\/KapitalisInfo\/","article_published_time":"2020-09-24T09:13:31+00:00","article_modified_time":"2020-09-24T09:40:06+00:00","og_image":[{"width":1200,"height":630,"url":"https:\/\/kapitalis.com\/tunisie\/wp-content\/uploads\/2022\/05\/kapitalis-logo-fb.png","type":"image\/png"}],"author":"webmaster kapitalis","twitter_card":"summary_large_image","twitter_creator":"@KapitalisInfo","twitter_site":"@KapitalisInfo","twitter_misc":{"\u00c9crit par":"webmaster kapitalis","Dur\u00e9e de lecture estim\u00e9e":"2 minutes"},"schema":{"@context":"https:\/\/schema.org","@graph":[{"@type":"Article","@id":"https:\/\/kapitalis.com\/tunisie\/2020\/09\/24\/kais-saied-marque-un-point-contre-hichem-mechichi\/#article","isPartOf":{"@id":"https:\/\/kapitalis.com\/tunisie\/2020\/09\/24\/kais-saied-marque-un-point-contre-hichem-mechichi\/"},"author":{"name":"webmaster kapitalis","@id":"https:\/\/kapitalis.com\/tunisie\/#\/schema\/person\/d71f33a9ca44f7bad4698210b480c8e9"},"headline":"Kais Sa\u00efed marque un point contre Hichem Mechichi","datePublished":"2020-09-24T09:13:31+00:00","dateModified":"2020-09-24T09:40:06+00:00","mainEntityOfPage":{"@id":"https:\/\/kapitalis.com\/tunisie\/2020\/09\/24\/kais-saied-marque-un-point-contre-hichem-mechichi\/"},"wordCount":506,"commentCount":7,"publisher":{"@id":"https:\/\/kapitalis.com\/tunisie\/#organization"},"image":{"@id":"https:\/\/kapitalis.com\/tunisie\/2020\/09\/24\/kais-saied-marque-un-point-contre-hichem-mechichi\/#primaryimage"},"thumbnailUrl":"","keywords":["Ennahdha","Hichem Mechichi","Ka\u00efs Sa\u00efed","Mongi Safra","Qalb Tounes","Taoufik Baccar"],"articleSection":["POLITIQUE","Tunisie"],"inLanguage":"fr-FR","potentialAction":[{"@type":"CommentAction","name":"Comment","target":["https:\/\/kapitalis.com\/tunisie\/2020\/09\/24\/kais-saied-marque-un-point-contre-hichem-mechichi\/#respond"]}]},{"@type":"WebPage","@id":"https:\/\/kapitalis.com\/tunisie\/2020\/09\/24\/kais-saied-marque-un-point-contre-hichem-mechichi\/","url":"https:\/\/kapitalis.com\/tunisie\/2020\/09\/24\/kais-saied-marque-un-point-contre-hichem-mechichi\/","name":"Kais Sa\u00efed marque un point contre Hichem Mechichi - Kapitalis","isPartOf":{"@id":"https:\/\/kapitalis.com\/tunisie\/#website"},"primaryImageOfPage":{"@id":"https:\/\/kapitalis.com\/tunisie\/2020\/09\/24\/kais-saied-marque-un-point-contre-hichem-mechichi\/#primaryimage"},"image":{"@id":"https:\/\/kapitalis.com\/tunisie\/2020\/09\/24\/kais-saied-marque-un-point-contre-hichem-mechichi\/#primaryimage"},"thumbnailUrl":"","datePublished":"2020-09-24T09:13:31+00:00","dateModified":"2020-09-24T09:40:06+00:00","breadcrumb":{"@id":"https:\/\/kapitalis.com\/tunisie\/2020\/09\/24\/kais-saied-marque-un-point-contre-hichem-mechichi\/#breadcrumb"},"inLanguage":"fr-FR","potentialAction":[{"@type":"ReadAction","target":["https:\/\/kapitalis.com\/tunisie\/2020\/09\/24\/kais-saied-marque-un-point-contre-hichem-mechichi\/"]}]},{"@type":"ImageObject","inLanguage":"fr-FR","@id":"https:\/\/kapitalis.com\/tunisie\/2020\/09\/24\/kais-saied-marque-un-point-contre-hichem-mechichi\/#primaryimage","url":"","contentUrl":""},{"@type":"BreadcrumbList","@id":"https:\/\/kapitalis.com\/tunisie\/2020\/09\/24\/kais-saied-marque-un-point-contre-hichem-mechichi\/#breadcrumb","itemListElement":[{"@type":"ListItem","position":1,"name":"Accueil","item":"https:\/\/kapitalis.com\/tunisie\/"},{"@type":"ListItem","position":2,"name":"Kais Sa\u00efed marque un point contre Hichem Mechichi"}]},{"@type":"WebSite","@id":"https:\/\/kapitalis.com\/tunisie\/#website","url":"https:\/\/kapitalis.com\/tunisie\/","name":"Kapitalis","description":"L&#039;actualit\u00e9 en Tunisie et dans le monde","publisher":{"@id":"https:\/\/kapitalis.com\/tunisie\/#organization"},"potentialAction":[{"@type":"SearchAction","target":{"@type":"EntryPoint","urlTemplate":"https:\/\/kapitalis.com\/tunisie\/?s={search_term_string}"},"query-input":{"@type":"PropertyValueSpecification","valueRequired":true,"valueName":"search_term_string"}}],"inLanguage":"fr-FR"},{"@type":"Organization","@id":"https:\/\/kapitalis.com\/tunisie\/#organization","name":"Kapitalis","url":"https:\/\/kapitalis.com\/tunisie\/","logo":{"@type":"ImageObject","inLanguage":"fr-FR","@id":"https:\/\/kapitalis.com\/tunisie\/#\/schema\/logo\/image\/","url":"https:\/\/kapitalis.com\/tunisie\/wp-content\/uploads\/2022\/05\/Kapitalis-big-size.png","contentUrl":"https:\/\/kapitalis.com\/tunisie\/wp-content\/uploads\/2022\/05\/Kapitalis-big-size.png","width":5000,"height":1500,"caption":"Kapitalis"},"image":{"@id":"https:\/\/kapitalis.com\/tunisie\/#\/schema\/logo\/image\/"},"sameAs":["https:\/\/www.facebook.com\/KapitalisInfo\/","https:\/\/x.com\/KapitalisInfo","https:\/\/www.youtube.com\/channel\/UC-yDYrHyfFBWWZaOw3FPg9Q"]},{"@type":"Person","@id":"https:\/\/kapitalis.com\/tunisie\/#\/schema\/person\/d71f33a9ca44f7bad4698210b480c8e9","name":"webmaster kapitalis","url":"https:\/\/kapitalis.com\/tunisie\/author\/webmaster-kapitalis\/"}]}},"_links":{"self":[{"href":"https:\/\/kapitalis.com\/tunisie\/wp-json\/wp\/v2\/posts\/317731","targetHints":{"allow":["GET"]}}],"collection":[{"href":"https:\/\/kapitalis.com\/tunisie\/wp-json\/wp\/v2\/posts"}],"about":[{"href":"https:\/\/kapitalis.com\/tunisie\/wp-json\/wp\/v2\/types\/post"}],"author":[{"embeddable":true,"href":"https:\/\/kapitalis.com\/tunisie\/wp-json\/wp\/v2\/users\/8"}],"replies":[{"embeddable":true,"href":"https:\/\/kapitalis.com\/tunisie\/wp-json\/wp\/v2\/comments?post=317731"}],"version-history":[{"count":0,"href":"https:\/\/kapitalis.com\/tunisie\/wp-json\/wp\/v2\/posts\/317731\/revisions"}],"wp:featuredmedia":[{"embeddable":true,"href":"https:\/\/kapitalis.com\/tunisie\/wp-json\/wp\/v2\/media\/317732"}],"wp:attachment":[{"href":"https:\/\/kapitalis.com\/tunisie\/wp-json\/wp\/v2\/media?parent=317731"}],"wp:term":[{"taxonomy":"category","embeddable":true,"href":"https:\/\/kapitalis.com\/tunisie\/wp-json\/wp\/v2\/categories?post=317731"},{"taxonomy":"post_tag","embeddable":true,"href":"https:\/\/kapitalis.com\/tunisie\/wp-json\/wp\/v2\/tags?post=317731"}],"curies":[{"name":"wp","href":"https:\/\/api.w.org\/{rel}","templated":true}]}}