{"id":317738,"date":"2020-09-24T11:30:34","date_gmt":"2020-09-24T10:30:34","guid":{"rendered":"http:\/\/kapitalis.com\/tunisie\/?p=317738"},"modified":"2020-09-24T11:36:01","modified_gmt":"2020-09-24T10:36:01","slug":"mekki-taclant-ghannouchi-cest-aussi-levaluation-de-son-mandat-qui-motive-notre-demande-de-son-depart","status":"publish","type":"post","link":"https:\/\/kapitalis.com\/tunisie\/2020\/09\/24\/mekki-taclant-ghannouchi-cest-aussi-levaluation-de-son-mandat-qui-motive-notre-demande-de-son-depart\/","title":{"rendered":"Mekki taclant Ghannouchi : \u00abC&rsquo;est aussi l&rsquo;\u00e9valuation de son mandat qui motive notre demande de son d\u00e9part\u00bb"},"content":{"rendered":"\n<figure class=\"wp-block-image size-large\"><img decoding=\"async\" src=\"http:\/\/kapitalis.com\/tunisie\/wp-content\/uploads\/2020\/02\/abdellatif-mekki-rached-ghannouchi.jpg\" alt=\"\" class=\"wp-image-282378\"\/><\/figure>\n\n\n\n<p><strong><em>Si le mandat de Rached Ghanouchi \u00e0 la t\u00eate d&rsquo;Ennahdha ne doit pas \u00eatre prolong\u00e9, ce n&rsquo;est pas seulement pour des raisons juridiques, mais c&rsquo;est aussi le r\u00e9sultat de l&rsquo;\u00e9valuation de son mandat. C&rsquo;est ce qu&rsquo;affirme Abdellatif Mekki, dirigeant au sein du mouvement islamiste.<\/em><\/strong><\/p>\n\n\n\n<!--more-->\n\n\n\n<p>Intervenu ce matin du jeudi, 24 septembre 2020, \u00e0 la radio nationale, l&rsquo;ancien ministre de la Sant\u00e9 publique est revenu sur l&rsquo;\u00e9lection, en fin de cette ann\u00e9e, d&rsquo;un nouveau pr\u00e9sident au sein d&rsquo;Ennahdha et sur la pol\u00e9mique de \u00ab<em>la lettre des 100 dirigeants<\/em>\u00bb, dont il est l&rsquo;un des signataires et \u00e0 travers laquelle, plusieurs Nahdhaouis ont demand\u00e9 au leader islamiste de respecter le r\u00e8glement int\u00e9rieur de leur parti et de ne pas pr\u00e9senter sa candidature pour un 3e mandat cons\u00e9cutif.<\/p>\n\n\n\n<p>\u00ab<em>Le seul sc\u00e9nario o\u00f9 le risque de division, \u00e0 l&rsquo;int\u00e9rieur d&rsquo;Ennahdha, augmente est celui o\u00f9 Rached Ghannouci s&rsquo;obstine \u00e0 modifier le r\u00e8glement int\u00e9rieur<\/em>\u00bb, a-t-il lanc\u00e9, ajoutant que ladite lettre lui a \u00e9t\u00e9 adress\u00e9e personnellement car il \u00e9tait le seul \u00e0 voir \u00e9voqu\u00e9 le sujet de la prolongation de son mandat.<\/p>\n\n\n\n<p>Interrog\u00e9 sur la (mauvaise) gestion de certains dossiers internes, au sein d&rsquo;Ennahdha, ayant notamment abouti au retrait de certains de ses dirigeants historiques, \u00e0 l&rsquo;instar de Hamadi Jebali et Abdelfattah Mourou, et sur le non-respect de certains engagement \u00e9lectoraux du mouvement islamiste comme la promesse de ne jamais s&rsquo;allier \u00e0 Qalb Tounes, la r\u00e9ponse de Mekki a \u00e9t\u00e9 plut\u00f4t accusatrice \u00e0 l&rsquo;encontre de Rached Ghannouchi\u2026 <\/p>\n\n\n\n<p>\u00ab<em>Ce n&rsquo;est pas uniquement pour des raisons juridiques qu&rsquo;on a demand\u00e9 \u00e0 Rached Ghannouchi de ne pas pr\u00e9senter sa candidature<\/em>, <em>mais c&rsquo;est aussi le r\u00e9sultat d\u2019une \u00e9valuation du bilan de son mandat. Ce bilan a \u00e9t\u00e9 marqu\u00e9 par plusieurs probl\u00e8mes comme ceux que vous venez de citer<\/em>\u00bb, a-t-il regrett\u00e9, estimant qu&rsquo;il fallait faire preuve de plus de stabilit\u00e9 au niveau de \u00ab<em>la ligne politique<\/em>\u00bb du parti.<\/p>\n\n\n\n<p><em>\u00ab<\/em>N<em>otre but est de mettre en place un nouveau style permettant de r\u00e9aliser le d\u00e9veloppement et ancrer la culture nationale <\/em>[\u2026]<em> Il y a une diff\u00e9rence entre celui qui produit en ayant un esprit national et le looser qui n\u2019a pas des rep\u00e8res&nbsp;<\/em>\u00bb, a-t-il conclu.<\/p>\n\n\n\n<p class=\"has-text-align-right\"><strong>C. B. Y.<\/strong><\/p>\n","protected":false},"excerpt":{"rendered":"<p>Si le mandat de Rached Ghanouchi \u00e0 la t\u00eate d&rsquo;Ennahdha ne doit pas \u00eatre prolong\u00e9, ce n&rsquo;est pas seulement pour des raisons juridiques, mais c&rsquo;est aussi le r\u00e9sultat de l&rsquo;\u00e9valuation de son mandat. C&rsquo;est ce qu&rsquo;affirme Abdellatif Mekki, dirigeant au sein du mouvement islamiste.<\/p>\n","protected":false},"author":24,"featured_media":0,"comment_status":"open","ping_status":"open","sticky":false,"template":"","format":"standard","meta":{"footnotes":""},"categories":[997,2433],"tags":[17,49543,758],"class_list":["post-317738","post","type-post","status-publish","format-standard","hentry","category-politique","category-tunisie","tag-abdellatif-mekki","tag-ennahdha","tag-rached-ghannouchi"],"yoast_head":"<!-- This site is optimized with the Yoast SEO plugin v26.6 - https:\/\/yoast.com\/wordpress\/plugins\/seo\/ -->\n<title>Mekki taclant Ghannouchi : \u00abC&#039;est aussi l&#039;\u00e9valuation de son mandat qui motive notre demande de son d\u00e9part\u00bb - Kapitalis<\/title>\n<meta name=\"robots\" content=\"index, follow, max-snippet:-1, max-image-preview:large, max-video-preview:-1\" \/>\n<link rel=\"canonical\" href=\"https:\/\/kapitalis.com\/tunisie\/2020\/09\/24\/mekki-taclant-ghannouchi-cest-aussi-levaluation-de-son-mandat-qui-motive-notre-demande-de-son-depart\/\" \/>\n<meta property=\"og:locale\" content=\"fr_FR\" \/>\n<meta property=\"og:type\" content=\"article\" \/>\n<meta property=\"og:title\" content=\"Mekki taclant Ghannouchi : \u00abC&#039;est aussi l&#039;\u00e9valuation de son mandat qui motive notre demande de son d\u00e9part\u00bb - Kapitalis\" \/>\n<meta property=\"og:description\" content=\"Si le mandat de Rached Ghanouchi \u00e0 la t\u00eate d&rsquo;Ennahdha ne doit pas \u00eatre prolong\u00e9, ce n&rsquo;est pas seulement pour des raisons juridiques, mais c&rsquo;est aussi le r\u00e9sultat de l&rsquo;\u00e9valuation de son mandat. C&rsquo;est ce qu&rsquo;affirme Abdellatif Mekki, dirigeant au sein du mouvement islamiste.\" \/>\n<meta property=\"og:url\" content=\"https:\/\/kapitalis.com\/tunisie\/2020\/09\/24\/mekki-taclant-ghannouchi-cest-aussi-levaluation-de-son-mandat-qui-motive-notre-demande-de-son-depart\/\" \/>\n<meta property=\"og:site_name\" content=\"Kapitalis\" \/>\n<meta property=\"article:publisher\" content=\"https:\/\/www.facebook.com\/KapitalisInfo\/\" \/>\n<meta property=\"article:published_time\" content=\"2020-09-24T10:30:34+00:00\" \/>\n<meta property=\"article:modified_time\" content=\"2020-09-24T10:36:01+00:00\" \/>\n<meta property=\"og:image\" content=\"http:\/\/kapitalis.com\/tunisie\/wp-content\/uploads\/2020\/02\/abdellatif-mekki-rached-ghannouchi.jpg\" \/>\n<meta name=\"author\" content=\"Cherif Benyounes\" \/>\n<meta name=\"twitter:card\" content=\"summary_large_image\" \/>\n<meta name=\"twitter:creator\" content=\"@KapitalisInfo\" \/>\n<meta name=\"twitter:site\" content=\"@KapitalisInfo\" \/>\n<meta name=\"twitter:label1\" content=\"\u00c9crit par\" \/>\n\t<meta name=\"twitter:data1\" content=\"Cherif Benyounes\" \/>\n\t<meta name=\"twitter:label2\" content=\"Dur\u00e9e de lecture estim\u00e9e\" \/>\n\t<meta name=\"twitter:data2\" content=\"2 minutes\" \/>\n<script type=\"application\/ld+json\" class=\"yoast-schema-graph\">{\"@context\":\"https:\/\/schema.org\",\"@graph\":[{\"@type\":\"Article\",\"@id\":\"https:\/\/kapitalis.com\/tunisie\/2020\/09\/24\/mekki-taclant-ghannouchi-cest-aussi-levaluation-de-son-mandat-qui-motive-notre-demande-de-son-depart\/#article\",\"isPartOf\":{\"@id\":\"https:\/\/kapitalis.com\/tunisie\/2020\/09\/24\/mekki-taclant-ghannouchi-cest-aussi-levaluation-de-son-mandat-qui-motive-notre-demande-de-son-depart\/\"},\"author\":{\"name\":\"Cherif Benyounes\",\"@id\":\"https:\/\/kapitalis.com\/tunisie\/#\/schema\/person\/b35b8d631961131107263178aeb8019e\"},\"headline\":\"Mekki taclant Ghannouchi : \u00abC&rsquo;est aussi l&rsquo;\u00e9valuation de son mandat qui motive notre demande de son d\u00e9part\u00bb\",\"datePublished\":\"2020-09-24T10:30:34+00:00\",\"dateModified\":\"2020-09-24T10:36:01+00:00\",\"mainEntityOfPage\":{\"@id\":\"https:\/\/kapitalis.com\/tunisie\/2020\/09\/24\/mekki-taclant-ghannouchi-cest-aussi-levaluation-de-son-mandat-qui-motive-notre-demande-de-son-depart\/\"},\"wordCount\":385,\"commentCount\":2,\"publisher\":{\"@id\":\"https:\/\/kapitalis.com\/tunisie\/#organization\"},\"image\":{\"@id\":\"https:\/\/kapitalis.com\/tunisie\/2020\/09\/24\/mekki-taclant-ghannouchi-cest-aussi-levaluation-de-son-mandat-qui-motive-notre-demande-de-son-depart\/#primaryimage\"},\"thumbnailUrl\":\"http:\/\/kapitalis.com\/tunisie\/wp-content\/uploads\/2020\/02\/abdellatif-mekki-rached-ghannouchi.jpg\",\"keywords\":[\"Abdellatif Mekki\",\"Ennahdha\",\"Rached Ghannouchi\"],\"articleSection\":[\"POLITIQUE\",\"Tunisie\"],\"inLanguage\":\"fr-FR\",\"potentialAction\":[{\"@type\":\"CommentAction\",\"name\":\"Comment\",\"target\":[\"https:\/\/kapitalis.com\/tunisie\/2020\/09\/24\/mekki-taclant-ghannouchi-cest-aussi-levaluation-de-son-mandat-qui-motive-notre-demande-de-son-depart\/#respond\"]}]},{\"@type\":\"WebPage\",\"@id\":\"https:\/\/kapitalis.com\/tunisie\/2020\/09\/24\/mekki-taclant-ghannouchi-cest-aussi-levaluation-de-son-mandat-qui-motive-notre-demande-de-son-depart\/\",\"url\":\"https:\/\/kapitalis.com\/tunisie\/2020\/09\/24\/mekki-taclant-ghannouchi-cest-aussi-levaluation-de-son-mandat-qui-motive-notre-demande-de-son-depart\/\",\"name\":\"Mekki taclant Ghannouchi : \u00abC'est aussi l'\u00e9valuation de son mandat qui motive notre demande de son d\u00e9part\u00bb - Kapitalis\",\"isPartOf\":{\"@id\":\"https:\/\/kapitalis.com\/tunisie\/#website\"},\"primaryImageOfPage\":{\"@id\":\"https:\/\/kapitalis.com\/tunisie\/2020\/09\/24\/mekki-taclant-ghannouchi-cest-aussi-levaluation-de-son-mandat-qui-motive-notre-demande-de-son-depart\/#primaryimage\"},\"image\":{\"@id\":\"https:\/\/kapitalis.com\/tunisie\/2020\/09\/24\/mekki-taclant-ghannouchi-cest-aussi-levaluation-de-son-mandat-qui-motive-notre-demande-de-son-depart\/#primaryimage\"},\"thumbnailUrl\":\"http:\/\/kapitalis.com\/tunisie\/wp-content\/uploads\/2020\/02\/abdellatif-mekki-rached-ghannouchi.jpg\",\"datePublished\":\"2020-09-24T10:30:34+00:00\",\"dateModified\":\"2020-09-24T10:36:01+00:00\",\"breadcrumb\":{\"@id\":\"https:\/\/kapitalis.com\/tunisie\/2020\/09\/24\/mekki-taclant-ghannouchi-cest-aussi-levaluation-de-son-mandat-qui-motive-notre-demande-de-son-depart\/#breadcrumb\"},\"inLanguage\":\"fr-FR\",\"potentialAction\":[{\"@type\":\"ReadAction\",\"target\":[\"https:\/\/kapitalis.com\/tunisie\/2020\/09\/24\/mekki-taclant-ghannouchi-cest-aussi-levaluation-de-son-mandat-qui-motive-notre-demande-de-son-depart\/\"]}]},{\"@type\":\"ImageObject\",\"inLanguage\":\"fr-FR\",\"@id\":\"https:\/\/kapitalis.com\/tunisie\/2020\/09\/24\/mekki-taclant-ghannouchi-cest-aussi-levaluation-de-son-mandat-qui-motive-notre-demande-de-son-depart\/#primaryimage\",\"url\":\"\",\"contentUrl\":\"\"},{\"@type\":\"BreadcrumbList\",\"@id\":\"https:\/\/kapitalis.com\/tunisie\/2020\/09\/24\/mekki-taclant-ghannouchi-cest-aussi-levaluation-de-son-mandat-qui-motive-notre-demande-de-son-depart\/#breadcrumb\",\"itemListElement\":[{\"@type\":\"ListItem\",\"position\":1,\"name\":\"Accueil\",\"item\":\"https:\/\/kapitalis.com\/tunisie\/\"},{\"@type\":\"ListItem\",\"position\":2,\"name\":\"Mekki taclant Ghannouchi : \u00abC&rsquo;est aussi l&rsquo;\u00e9valuation de son mandat qui motive notre demande de son d\u00e9part\u00bb\"}]},{\"@type\":\"WebSite\",\"@id\":\"https:\/\/kapitalis.com\/tunisie\/#website\",\"url\":\"https:\/\/kapitalis.com\/tunisie\/\",\"name\":\"Kapitalis\",\"description\":\"L&#039;actualit\u00e9 en Tunisie et dans le monde\",\"publisher\":{\"@id\":\"https:\/\/kapitalis.com\/tunisie\/#organization\"},\"potentialAction\":[{\"@type\":\"SearchAction\",\"target\":{\"@type\":\"EntryPoint\",\"urlTemplate\":\"https:\/\/kapitalis.com\/tunisie\/?s={search_term_string}\"},\"query-input\":{\"@type\":\"PropertyValueSpecification\",\"valueRequired\":true,\"valueName\":\"search_term_string\"}}],\"inLanguage\":\"fr-FR\"},{\"@type\":\"Organization\",\"@id\":\"https:\/\/kapitalis.com\/tunisie\/#organization\",\"name\":\"Kapitalis\",\"url\":\"https:\/\/kapitalis.com\/tunisie\/\",\"logo\":{\"@type\":\"ImageObject\",\"inLanguage\":\"fr-FR\",\"@id\":\"https:\/\/kapitalis.com\/tunisie\/#\/schema\/logo\/image\/\",\"url\":\"https:\/\/kapitalis.com\/tunisie\/wp-content\/uploads\/2022\/05\/Kapitalis-big-size.png\",\"contentUrl\":\"https:\/\/kapitalis.com\/tunisie\/wp-content\/uploads\/2022\/05\/Kapitalis-big-size.png\",\"width\":5000,\"height\":1500,\"caption\":\"Kapitalis\"},\"image\":{\"@id\":\"https:\/\/kapitalis.com\/tunisie\/#\/schema\/logo\/image\/\"},\"sameAs\":[\"https:\/\/www.facebook.com\/KapitalisInfo\/\",\"https:\/\/x.com\/KapitalisInfo\",\"https:\/\/www.youtube.com\/channel\/UC-yDYrHyfFBWWZaOw3FPg9Q\"]},{\"@type\":\"Person\",\"@id\":\"https:\/\/kapitalis.com\/tunisie\/#\/schema\/person\/b35b8d631961131107263178aeb8019e\",\"name\":\"Cherif Benyounes\",\"url\":\"https:\/\/kapitalis.com\/tunisie\/author\/cherif\/\"}]}<\/script>\n<!-- \/ Yoast SEO plugin. -->","yoast_head_json":{"title":"Mekki taclant Ghannouchi : \u00abC'est aussi l'\u00e9valuation de son mandat qui motive notre demande de son d\u00e9part\u00bb - Kapitalis","robots":{"index":"index","follow":"follow","max-snippet":"max-snippet:-1","max-image-preview":"max-image-preview:large","max-video-preview":"max-video-preview:-1"},"canonical":"https:\/\/kapitalis.com\/tunisie\/2020\/09\/24\/mekki-taclant-ghannouchi-cest-aussi-levaluation-de-son-mandat-qui-motive-notre-demande-de-son-depart\/","og_locale":"fr_FR","og_type":"article","og_title":"Mekki taclant Ghannouchi : \u00abC'est aussi l'\u00e9valuation de son mandat qui motive notre demande de son d\u00e9part\u00bb - Kapitalis","og_description":"Si le mandat de Rached Ghanouchi \u00e0 la t\u00eate d&rsquo;Ennahdha ne doit pas \u00eatre prolong\u00e9, ce n&rsquo;est pas seulement pour des raisons juridiques, mais c&rsquo;est aussi le r\u00e9sultat de l&rsquo;\u00e9valuation de son mandat. C&rsquo;est ce qu&rsquo;affirme Abdellatif Mekki, dirigeant au sein du mouvement islamiste.","og_url":"https:\/\/kapitalis.com\/tunisie\/2020\/09\/24\/mekki-taclant-ghannouchi-cest-aussi-levaluation-de-son-mandat-qui-motive-notre-demande-de-son-depart\/","og_site_name":"Kapitalis","article_publisher":"https:\/\/www.facebook.com\/KapitalisInfo\/","article_published_time":"2020-09-24T10:30:34+00:00","article_modified_time":"2020-09-24T10:36:01+00:00","og_image":[{"url":"http:\/\/kapitalis.com\/tunisie\/wp-content\/uploads\/2020\/02\/abdellatif-mekki-rached-ghannouchi.jpg","type":"","width":"","height":""}],"author":"Cherif Benyounes","twitter_card":"summary_large_image","twitter_creator":"@KapitalisInfo","twitter_site":"@KapitalisInfo","twitter_misc":{"\u00c9crit par":"Cherif Benyounes","Dur\u00e9e de lecture estim\u00e9e":"2 minutes"},"schema":{"@context":"https:\/\/schema.org","@graph":[{"@type":"Article","@id":"https:\/\/kapitalis.com\/tunisie\/2020\/09\/24\/mekki-taclant-ghannouchi-cest-aussi-levaluation-de-son-mandat-qui-motive-notre-demande-de-son-depart\/#article","isPartOf":{"@id":"https:\/\/kapitalis.com\/tunisie\/2020\/09\/24\/mekki-taclant-ghannouchi-cest-aussi-levaluation-de-son-mandat-qui-motive-notre-demande-de-son-depart\/"},"author":{"name":"Cherif Benyounes","@id":"https:\/\/kapitalis.com\/tunisie\/#\/schema\/person\/b35b8d631961131107263178aeb8019e"},"headline":"Mekki taclant Ghannouchi : \u00abC&rsquo;est aussi l&rsquo;\u00e9valuation de son mandat qui motive notre demande de son d\u00e9part\u00bb","datePublished":"2020-09-24T10:30:34+00:00","dateModified":"2020-09-24T10:36:01+00:00","mainEntityOfPage":{"@id":"https:\/\/kapitalis.com\/tunisie\/2020\/09\/24\/mekki-taclant-ghannouchi-cest-aussi-levaluation-de-son-mandat-qui-motive-notre-demande-de-son-depart\/"},"wordCount":385,"commentCount":2,"publisher":{"@id":"https:\/\/kapitalis.com\/tunisie\/#organization"},"image":{"@id":"https:\/\/kapitalis.com\/tunisie\/2020\/09\/24\/mekki-taclant-ghannouchi-cest-aussi-levaluation-de-son-mandat-qui-motive-notre-demande-de-son-depart\/#primaryimage"},"thumbnailUrl":"http:\/\/kapitalis.com\/tunisie\/wp-content\/uploads\/2020\/02\/abdellatif-mekki-rached-ghannouchi.jpg","keywords":["Abdellatif Mekki","Ennahdha","Rached Ghannouchi"],"articleSection":["POLITIQUE","Tunisie"],"inLanguage":"fr-FR","potentialAction":[{"@type":"CommentAction","name":"Comment","target":["https:\/\/kapitalis.com\/tunisie\/2020\/09\/24\/mekki-taclant-ghannouchi-cest-aussi-levaluation-de-son-mandat-qui-motive-notre-demande-de-son-depart\/#respond"]}]},{"@type":"WebPage","@id":"https:\/\/kapitalis.com\/tunisie\/2020\/09\/24\/mekki-taclant-ghannouchi-cest-aussi-levaluation-de-son-mandat-qui-motive-notre-demande-de-son-depart\/","url":"https:\/\/kapitalis.com\/tunisie\/2020\/09\/24\/mekki-taclant-ghannouchi-cest-aussi-levaluation-de-son-mandat-qui-motive-notre-demande-de-son-depart\/","name":"Mekki taclant Ghannouchi : \u00abC'est aussi l'\u00e9valuation de son mandat qui motive notre demande de son d\u00e9part\u00bb - Kapitalis","isPartOf":{"@id":"https:\/\/kapitalis.com\/tunisie\/#website"},"primaryImageOfPage":{"@id":"https:\/\/kapitalis.com\/tunisie\/2020\/09\/24\/mekki-taclant-ghannouchi-cest-aussi-levaluation-de-son-mandat-qui-motive-notre-demande-de-son-depart\/#primaryimage"},"image":{"@id":"https:\/\/kapitalis.com\/tunisie\/2020\/09\/24\/mekki-taclant-ghannouchi-cest-aussi-levaluation-de-son-mandat-qui-motive-notre-demande-de-son-depart\/#primaryimage"},"thumbnailUrl":"http:\/\/kapitalis.com\/tunisie\/wp-content\/uploads\/2020\/02\/abdellatif-mekki-rached-ghannouchi.jpg","datePublished":"2020-09-24T10:30:34+00:00","dateModified":"2020-09-24T10:36:01+00:00","breadcrumb":{"@id":"https:\/\/kapitalis.com\/tunisie\/2020\/09\/24\/mekki-taclant-ghannouchi-cest-aussi-levaluation-de-son-mandat-qui-motive-notre-demande-de-son-depart\/#breadcrumb"},"inLanguage":"fr-FR","potentialAction":[{"@type":"ReadAction","target":["https:\/\/kapitalis.com\/tunisie\/2020\/09\/24\/mekki-taclant-ghannouchi-cest-aussi-levaluation-de-son-mandat-qui-motive-notre-demande-de-son-depart\/"]}]},{"@type":"ImageObject","inLanguage":"fr-FR","@id":"https:\/\/kapitalis.com\/tunisie\/2020\/09\/24\/mekki-taclant-ghannouchi-cest-aussi-levaluation-de-son-mandat-qui-motive-notre-demande-de-son-depart\/#primaryimage","url":"","contentUrl":""},{"@type":"BreadcrumbList","@id":"https:\/\/kapitalis.com\/tunisie\/2020\/09\/24\/mekki-taclant-ghannouchi-cest-aussi-levaluation-de-son-mandat-qui-motive-notre-demande-de-son-depart\/#breadcrumb","itemListElement":[{"@type":"ListItem","position":1,"name":"Accueil","item":"https:\/\/kapitalis.com\/tunisie\/"},{"@type":"ListItem","position":2,"name":"Mekki taclant Ghannouchi : \u00abC&rsquo;est aussi l&rsquo;\u00e9valuation de son mandat qui motive notre demande de son d\u00e9part\u00bb"}]},{"@type":"WebSite","@id":"https:\/\/kapitalis.com\/tunisie\/#website","url":"https:\/\/kapitalis.com\/tunisie\/","name":"Kapitalis","description":"L&#039;actualit\u00e9 en Tunisie et dans le monde","publisher":{"@id":"https:\/\/kapitalis.com\/tunisie\/#organization"},"potentialAction":[{"@type":"SearchAction","target":{"@type":"EntryPoint","urlTemplate":"https:\/\/kapitalis.com\/tunisie\/?s={search_term_string}"},"query-input":{"@type":"PropertyValueSpecification","valueRequired":true,"valueName":"search_term_string"}}],"inLanguage":"fr-FR"},{"@type":"Organization","@id":"https:\/\/kapitalis.com\/tunisie\/#organization","name":"Kapitalis","url":"https:\/\/kapitalis.com\/tunisie\/","logo":{"@type":"ImageObject","inLanguage":"fr-FR","@id":"https:\/\/kapitalis.com\/tunisie\/#\/schema\/logo\/image\/","url":"https:\/\/kapitalis.com\/tunisie\/wp-content\/uploads\/2022\/05\/Kapitalis-big-size.png","contentUrl":"https:\/\/kapitalis.com\/tunisie\/wp-content\/uploads\/2022\/05\/Kapitalis-big-size.png","width":5000,"height":1500,"caption":"Kapitalis"},"image":{"@id":"https:\/\/kapitalis.com\/tunisie\/#\/schema\/logo\/image\/"},"sameAs":["https:\/\/www.facebook.com\/KapitalisInfo\/","https:\/\/x.com\/KapitalisInfo","https:\/\/www.youtube.com\/channel\/UC-yDYrHyfFBWWZaOw3FPg9Q"]},{"@type":"Person","@id":"https:\/\/kapitalis.com\/tunisie\/#\/schema\/person\/b35b8d631961131107263178aeb8019e","name":"Cherif Benyounes","url":"https:\/\/kapitalis.com\/tunisie\/author\/cherif\/"}]}},"_links":{"self":[{"href":"https:\/\/kapitalis.com\/tunisie\/wp-json\/wp\/v2\/posts\/317738","targetHints":{"allow":["GET"]}}],"collection":[{"href":"https:\/\/kapitalis.com\/tunisie\/wp-json\/wp\/v2\/posts"}],"about":[{"href":"https:\/\/kapitalis.com\/tunisie\/wp-json\/wp\/v2\/types\/post"}],"author":[{"embeddable":true,"href":"https:\/\/kapitalis.com\/tunisie\/wp-json\/wp\/v2\/users\/24"}],"replies":[{"embeddable":true,"href":"https:\/\/kapitalis.com\/tunisie\/wp-json\/wp\/v2\/comments?post=317738"}],"version-history":[{"count":0,"href":"https:\/\/kapitalis.com\/tunisie\/wp-json\/wp\/v2\/posts\/317738\/revisions"}],"wp:attachment":[{"href":"https:\/\/kapitalis.com\/tunisie\/wp-json\/wp\/v2\/media?parent=317738"}],"wp:term":[{"taxonomy":"category","embeddable":true,"href":"https:\/\/kapitalis.com\/tunisie\/wp-json\/wp\/v2\/categories?post=317738"},{"taxonomy":"post_tag","embeddable":true,"href":"https:\/\/kapitalis.com\/tunisie\/wp-json\/wp\/v2\/tags?post=317738"}],"curies":[{"name":"wp","href":"https:\/\/api.w.org\/{rel}","templated":true}]}}