{"id":317761,"date":"2020-09-25T09:00:55","date_gmt":"2020-09-25T08:00:55","guid":{"rendered":"http:\/\/kapitalis.com\/tunisie\/?p=317761"},"modified":"2020-09-25T09:00:57","modified_gmt":"2020-09-25T08:00:57","slug":"hammamet-accueille-la-2e-edition-de-levenement-musical-cordes-mediterraneennes","status":"publish","type":"post","link":"https:\/\/kapitalis.com\/tunisie\/2020\/09\/25\/hammamet-accueille-la-2e-edition-de-levenement-musical-cordes-mediterraneennes\/","title":{"rendered":"Hammamet accueille la 2e \u00e9dition de l&rsquo;\u00e9v\u00e9nement musical \u00abCordes m\u00e9diterran\u00e9ennes\u00bb"},"content":{"rendered":"\n<div class=\"wp-block-image\"><figure class=\"aligncenter size-large\"><img decoding=\"async\" src=\"http:\/\/kapitalis.com\/tunisie\/wp-content\/uploads\/2020\/09\/Untitled-2-10.jpg\" alt=\"\" class=\"wp-image-317762\"\/><\/figure><\/div>\n\n\n\n<p><strong><em>La 2<sup>e<\/sup> \u00e9dition de la manifestation musicale \u00abCordes M\u00e9diterran\u00e9ennes\u00bb se tiendra du 24 au 31 octobre 2020 \u00e0 la Villa S\u00e9bastian \u00e0 Hammamet, o\u00f9 l\u2019instrument du violoncelle sera \u00e0 l\u2019honneur<\/em><\/strong>.<\/p>\n\n\n\n<!--more-->\n\n\n\n<p>Organis\u00e9es par le minist\u00e8re des Affaires culturelles et la Maison de la M\u00e9diterran\u00e9e pour la culture et les arts, ces nouvelles rencontres musicales sont d\u00e9di\u00e9es aux instruments \u00e0 cordes. Apr\u00e8s une premi\u00e8re \u00e9dition qui \u00e9tait consacr\u00e9e au Qanun, les Cordes m\u00e9diterran\u00e9ennes reviennent cette ann\u00e9e avec une nouvelle \u00e9dition qui mettra \u00e0 l\u2019honneur le violoncelle, instrument qui fut longtemps r\u00e9serv\u00e9 \u00e0 la musique occidentale classique, mais qui, au fil des si\u00e8cles s&rsquo;est \u00e9galement adapt\u00e9, entre-autres, \u00e0 la musique arabo-andalouse.<\/p>\n\n\n\n<p>S\u2019inscrivant dans le cadre du festival Octobre Musical et du programme Les Cit\u00e9s des Arts,&nbsp; cette manifestation a pour objectif d\u2019encadrer les jeunes musiciens et de promouvoir la cr\u00e9ation artistique et le partage entre professeurs et apprentis.<\/p>\n\n\n\n<p>Apr\u00e8s avoir accueilli l\u2019ann\u00e9e derni\u00e8re des r\u00e9citals assur\u00e9s par des artistes venus de diff\u00e9rents pays, Cordes M\u00e9diterran\u00e9ennes pr\u00e9voient cette ann\u00e9e, en plus des rencontres musicales, des ateliers, des stages et des r\u00e9sidences artistiques pour les violoncellistes \u00e2g\u00e9s entre 15 \u00e0 40 ans, qui seront accompagn\u00e9s par des sp\u00e9cialistes et des professionnels tunisiens et \u00e9trangers.<\/p>\n\n\n\n<p class=\"has-text-align-right\"><strong>Fawz Benali<\/strong><\/p>\n","protected":false},"excerpt":{"rendered":"<p>La 2e \u00e9dition de la manifestation musicale \u00abCordes M\u00e9diterran\u00e9ennes\u00bb se tiendra du 24 au 31 octobre 2020 \u00e0 la Villa S\u00e9bastian \u00e0 Hammamet, o\u00f9 l\u2019instrument du violoncelle sera \u00e0 l\u2019honneur.<\/p>\n","protected":false},"author":26,"featured_media":317762,"comment_status":"open","ping_status":"open","sticky":false,"template":"","format":"standard","meta":{"footnotes":""},"categories":[994,2433],"tags":[26524,83074,25617,83073],"class_list":["post-317761","post","type-post","status-publish","format-standard","has-post-thumbnail","hentry","category-culture","category-tunisie","tag-centre-culturel-international-de-hammamet","tag-cordes-mediterraneennes","tag-dar-sebastian","tag-violoncelle"],"yoast_head":"<!-- This site is optimized with the Yoast SEO plugin v26.6 - https:\/\/yoast.com\/wordpress\/plugins\/seo\/ -->\n<title>Hammamet accueille la 2e \u00e9dition de l&#039;\u00e9v\u00e9nement musical \u00abCordes m\u00e9diterran\u00e9ennes\u00bb - Kapitalis<\/title>\n<meta name=\"robots\" content=\"index, follow, max-snippet:-1, max-image-preview:large, max-video-preview:-1\" \/>\n<link rel=\"canonical\" href=\"https:\/\/kapitalis.com\/tunisie\/2020\/09\/25\/hammamet-accueille-la-2e-edition-de-levenement-musical-cordes-mediterraneennes\/\" \/>\n<meta property=\"og:locale\" content=\"fr_FR\" \/>\n<meta property=\"og:type\" content=\"article\" \/>\n<meta property=\"og:title\" content=\"Hammamet accueille la 2e \u00e9dition de l&#039;\u00e9v\u00e9nement musical \u00abCordes m\u00e9diterran\u00e9ennes\u00bb - Kapitalis\" \/>\n<meta property=\"og:description\" content=\"La 2e \u00e9dition de la manifestation musicale \u00abCordes M\u00e9diterran\u00e9ennes\u00bb se tiendra du 24 au 31 octobre 2020 \u00e0 la Villa S\u00e9bastian \u00e0 Hammamet, o\u00f9 l\u2019instrument du violoncelle sera \u00e0 l\u2019honneur.\" \/>\n<meta property=\"og:url\" content=\"https:\/\/kapitalis.com\/tunisie\/2020\/09\/25\/hammamet-accueille-la-2e-edition-de-levenement-musical-cordes-mediterraneennes\/\" \/>\n<meta property=\"og:site_name\" content=\"Kapitalis\" \/>\n<meta property=\"article:publisher\" content=\"https:\/\/www.facebook.com\/KapitalisInfo\/\" \/>\n<meta property=\"article:published_time\" content=\"2020-09-25T08:00:55+00:00\" \/>\n<meta property=\"article:modified_time\" content=\"2020-09-25T08:00:57+00:00\" \/>\n<meta property=\"og:image\" content=\"https:\/\/kapitalis.com\/tunisie\/wp-content\/uploads\/2022\/05\/kapitalis-logo-fb.png\" \/>\n\t<meta property=\"og:image:width\" content=\"1200\" \/>\n\t<meta property=\"og:image:height\" content=\"630\" \/>\n\t<meta property=\"og:image:type\" content=\"image\/png\" \/>\n<meta name=\"author\" content=\"Fawz BenAli\" \/>\n<meta name=\"twitter:card\" content=\"summary_large_image\" \/>\n<meta name=\"twitter:creator\" content=\"@KapitalisInfo\" \/>\n<meta name=\"twitter:site\" content=\"@KapitalisInfo\" \/>\n<meta name=\"twitter:label1\" content=\"\u00c9crit par\" \/>\n\t<meta name=\"twitter:data1\" content=\"Fawz BenAli\" \/>\n\t<meta name=\"twitter:label2\" content=\"Dur\u00e9e de lecture estim\u00e9e\" \/>\n\t<meta name=\"twitter:data2\" content=\"1 minute\" \/>\n<script type=\"application\/ld+json\" class=\"yoast-schema-graph\">{\"@context\":\"https:\/\/schema.org\",\"@graph\":[{\"@type\":\"Article\",\"@id\":\"https:\/\/kapitalis.com\/tunisie\/2020\/09\/25\/hammamet-accueille-la-2e-edition-de-levenement-musical-cordes-mediterraneennes\/#article\",\"isPartOf\":{\"@id\":\"https:\/\/kapitalis.com\/tunisie\/2020\/09\/25\/hammamet-accueille-la-2e-edition-de-levenement-musical-cordes-mediterraneennes\/\"},\"author\":{\"name\":\"Fawz BenAli\",\"@id\":\"https:\/\/kapitalis.com\/tunisie\/#\/schema\/person\/73a5ecc1f6ae540c6ed91342eadca948\"},\"headline\":\"Hammamet accueille la 2e \u00e9dition de l&rsquo;\u00e9v\u00e9nement musical \u00abCordes m\u00e9diterran\u00e9ennes\u00bb\",\"datePublished\":\"2020-09-25T08:00:55+00:00\",\"dateModified\":\"2020-09-25T08:00:57+00:00\",\"mainEntityOfPage\":{\"@id\":\"https:\/\/kapitalis.com\/tunisie\/2020\/09\/25\/hammamet-accueille-la-2e-edition-de-levenement-musical-cordes-mediterraneennes\/\"},\"wordCount\":242,\"commentCount\":0,\"publisher\":{\"@id\":\"https:\/\/kapitalis.com\/tunisie\/#organization\"},\"image\":{\"@id\":\"https:\/\/kapitalis.com\/tunisie\/2020\/09\/25\/hammamet-accueille-la-2e-edition-de-levenement-musical-cordes-mediterraneennes\/#primaryimage\"},\"thumbnailUrl\":\"\",\"keywords\":[\"Centre culturel international de Hammamet\",\"cordes m\u00e9diterran\u00e9ennes\",\"Dar Sebastian\",\"violoncelle\"],\"articleSection\":[\"CULTURE\",\"Tunisie\"],\"inLanguage\":\"fr-FR\",\"potentialAction\":[{\"@type\":\"CommentAction\",\"name\":\"Comment\",\"target\":[\"https:\/\/kapitalis.com\/tunisie\/2020\/09\/25\/hammamet-accueille-la-2e-edition-de-levenement-musical-cordes-mediterraneennes\/#respond\"]}]},{\"@type\":\"WebPage\",\"@id\":\"https:\/\/kapitalis.com\/tunisie\/2020\/09\/25\/hammamet-accueille-la-2e-edition-de-levenement-musical-cordes-mediterraneennes\/\",\"url\":\"https:\/\/kapitalis.com\/tunisie\/2020\/09\/25\/hammamet-accueille-la-2e-edition-de-levenement-musical-cordes-mediterraneennes\/\",\"name\":\"Hammamet accueille la 2e \u00e9dition de l'\u00e9v\u00e9nement musical \u00abCordes m\u00e9diterran\u00e9ennes\u00bb - Kapitalis\",\"isPartOf\":{\"@id\":\"https:\/\/kapitalis.com\/tunisie\/#website\"},\"primaryImageOfPage\":{\"@id\":\"https:\/\/kapitalis.com\/tunisie\/2020\/09\/25\/hammamet-accueille-la-2e-edition-de-levenement-musical-cordes-mediterraneennes\/#primaryimage\"},\"image\":{\"@id\":\"https:\/\/kapitalis.com\/tunisie\/2020\/09\/25\/hammamet-accueille-la-2e-edition-de-levenement-musical-cordes-mediterraneennes\/#primaryimage\"},\"thumbnailUrl\":\"\",\"datePublished\":\"2020-09-25T08:00:55+00:00\",\"dateModified\":\"2020-09-25T08:00:57+00:00\",\"breadcrumb\":{\"@id\":\"https:\/\/kapitalis.com\/tunisie\/2020\/09\/25\/hammamet-accueille-la-2e-edition-de-levenement-musical-cordes-mediterraneennes\/#breadcrumb\"},\"inLanguage\":\"fr-FR\",\"potentialAction\":[{\"@type\":\"ReadAction\",\"target\":[\"https:\/\/kapitalis.com\/tunisie\/2020\/09\/25\/hammamet-accueille-la-2e-edition-de-levenement-musical-cordes-mediterraneennes\/\"]}]},{\"@type\":\"ImageObject\",\"inLanguage\":\"fr-FR\",\"@id\":\"https:\/\/kapitalis.com\/tunisie\/2020\/09\/25\/hammamet-accueille-la-2e-edition-de-levenement-musical-cordes-mediterraneennes\/#primaryimage\",\"url\":\"\",\"contentUrl\":\"\"},{\"@type\":\"BreadcrumbList\",\"@id\":\"https:\/\/kapitalis.com\/tunisie\/2020\/09\/25\/hammamet-accueille-la-2e-edition-de-levenement-musical-cordes-mediterraneennes\/#breadcrumb\",\"itemListElement\":[{\"@type\":\"ListItem\",\"position\":1,\"name\":\"Accueil\",\"item\":\"https:\/\/kapitalis.com\/tunisie\/\"},{\"@type\":\"ListItem\",\"position\":2,\"name\":\"Hammamet accueille la 2e \u00e9dition de l&rsquo;\u00e9v\u00e9nement musical \u00abCordes m\u00e9diterran\u00e9ennes\u00bb\"}]},{\"@type\":\"WebSite\",\"@id\":\"https:\/\/kapitalis.com\/tunisie\/#website\",\"url\":\"https:\/\/kapitalis.com\/tunisie\/\",\"name\":\"Kapitalis\",\"description\":\"L&#039;actualit\u00e9 en Tunisie et dans le monde\",\"publisher\":{\"@id\":\"https:\/\/kapitalis.com\/tunisie\/#organization\"},\"potentialAction\":[{\"@type\":\"SearchAction\",\"target\":{\"@type\":\"EntryPoint\",\"urlTemplate\":\"https:\/\/kapitalis.com\/tunisie\/?s={search_term_string}\"},\"query-input\":{\"@type\":\"PropertyValueSpecification\",\"valueRequired\":true,\"valueName\":\"search_term_string\"}}],\"inLanguage\":\"fr-FR\"},{\"@type\":\"Organization\",\"@id\":\"https:\/\/kapitalis.com\/tunisie\/#organization\",\"name\":\"Kapitalis\",\"url\":\"https:\/\/kapitalis.com\/tunisie\/\",\"logo\":{\"@type\":\"ImageObject\",\"inLanguage\":\"fr-FR\",\"@id\":\"https:\/\/kapitalis.com\/tunisie\/#\/schema\/logo\/image\/\",\"url\":\"https:\/\/kapitalis.com\/tunisie\/wp-content\/uploads\/2022\/05\/Kapitalis-big-size.png\",\"contentUrl\":\"https:\/\/kapitalis.com\/tunisie\/wp-content\/uploads\/2022\/05\/Kapitalis-big-size.png\",\"width\":5000,\"height\":1500,\"caption\":\"Kapitalis\"},\"image\":{\"@id\":\"https:\/\/kapitalis.com\/tunisie\/#\/schema\/logo\/image\/\"},\"sameAs\":[\"https:\/\/www.facebook.com\/KapitalisInfo\/\",\"https:\/\/x.com\/KapitalisInfo\",\"https:\/\/www.youtube.com\/channel\/UC-yDYrHyfFBWWZaOw3FPg9Q\"]},{\"@type\":\"Person\",\"@id\":\"https:\/\/kapitalis.com\/tunisie\/#\/schema\/person\/73a5ecc1f6ae540c6ed91342eadca948\",\"name\":\"Fawz BenAli\",\"url\":\"https:\/\/kapitalis.com\/tunisie\/author\/fawz\/\"}]}<\/script>\n<!-- \/ Yoast SEO plugin. -->","yoast_head_json":{"title":"Hammamet accueille la 2e \u00e9dition de l'\u00e9v\u00e9nement musical \u00abCordes m\u00e9diterran\u00e9ennes\u00bb - Kapitalis","robots":{"index":"index","follow":"follow","max-snippet":"max-snippet:-1","max-image-preview":"max-image-preview:large","max-video-preview":"max-video-preview:-1"},"canonical":"https:\/\/kapitalis.com\/tunisie\/2020\/09\/25\/hammamet-accueille-la-2e-edition-de-levenement-musical-cordes-mediterraneennes\/","og_locale":"fr_FR","og_type":"article","og_title":"Hammamet accueille la 2e \u00e9dition de l'\u00e9v\u00e9nement musical \u00abCordes m\u00e9diterran\u00e9ennes\u00bb - Kapitalis","og_description":"La 2e \u00e9dition de la manifestation musicale \u00abCordes M\u00e9diterran\u00e9ennes\u00bb se tiendra du 24 au 31 octobre 2020 \u00e0 la Villa S\u00e9bastian \u00e0 Hammamet, o\u00f9 l\u2019instrument du violoncelle sera \u00e0 l\u2019honneur.","og_url":"https:\/\/kapitalis.com\/tunisie\/2020\/09\/25\/hammamet-accueille-la-2e-edition-de-levenement-musical-cordes-mediterraneennes\/","og_site_name":"Kapitalis","article_publisher":"https:\/\/www.facebook.com\/KapitalisInfo\/","article_published_time":"2020-09-25T08:00:55+00:00","article_modified_time":"2020-09-25T08:00:57+00:00","og_image":[{"width":1200,"height":630,"url":"https:\/\/kapitalis.com\/tunisie\/wp-content\/uploads\/2022\/05\/kapitalis-logo-fb.png","type":"image\/png"}],"author":"Fawz BenAli","twitter_card":"summary_large_image","twitter_creator":"@KapitalisInfo","twitter_site":"@KapitalisInfo","twitter_misc":{"\u00c9crit par":"Fawz BenAli","Dur\u00e9e de lecture estim\u00e9e":"1 minute"},"schema":{"@context":"https:\/\/schema.org","@graph":[{"@type":"Article","@id":"https:\/\/kapitalis.com\/tunisie\/2020\/09\/25\/hammamet-accueille-la-2e-edition-de-levenement-musical-cordes-mediterraneennes\/#article","isPartOf":{"@id":"https:\/\/kapitalis.com\/tunisie\/2020\/09\/25\/hammamet-accueille-la-2e-edition-de-levenement-musical-cordes-mediterraneennes\/"},"author":{"name":"Fawz BenAli","@id":"https:\/\/kapitalis.com\/tunisie\/#\/schema\/person\/73a5ecc1f6ae540c6ed91342eadca948"},"headline":"Hammamet accueille la 2e \u00e9dition de l&rsquo;\u00e9v\u00e9nement musical \u00abCordes m\u00e9diterran\u00e9ennes\u00bb","datePublished":"2020-09-25T08:00:55+00:00","dateModified":"2020-09-25T08:00:57+00:00","mainEntityOfPage":{"@id":"https:\/\/kapitalis.com\/tunisie\/2020\/09\/25\/hammamet-accueille-la-2e-edition-de-levenement-musical-cordes-mediterraneennes\/"},"wordCount":242,"commentCount":0,"publisher":{"@id":"https:\/\/kapitalis.com\/tunisie\/#organization"},"image":{"@id":"https:\/\/kapitalis.com\/tunisie\/2020\/09\/25\/hammamet-accueille-la-2e-edition-de-levenement-musical-cordes-mediterraneennes\/#primaryimage"},"thumbnailUrl":"","keywords":["Centre culturel international de Hammamet","cordes m\u00e9diterran\u00e9ennes","Dar Sebastian","violoncelle"],"articleSection":["CULTURE","Tunisie"],"inLanguage":"fr-FR","potentialAction":[{"@type":"CommentAction","name":"Comment","target":["https:\/\/kapitalis.com\/tunisie\/2020\/09\/25\/hammamet-accueille-la-2e-edition-de-levenement-musical-cordes-mediterraneennes\/#respond"]}]},{"@type":"WebPage","@id":"https:\/\/kapitalis.com\/tunisie\/2020\/09\/25\/hammamet-accueille-la-2e-edition-de-levenement-musical-cordes-mediterraneennes\/","url":"https:\/\/kapitalis.com\/tunisie\/2020\/09\/25\/hammamet-accueille-la-2e-edition-de-levenement-musical-cordes-mediterraneennes\/","name":"Hammamet accueille la 2e \u00e9dition de l'\u00e9v\u00e9nement musical \u00abCordes m\u00e9diterran\u00e9ennes\u00bb - Kapitalis","isPartOf":{"@id":"https:\/\/kapitalis.com\/tunisie\/#website"},"primaryImageOfPage":{"@id":"https:\/\/kapitalis.com\/tunisie\/2020\/09\/25\/hammamet-accueille-la-2e-edition-de-levenement-musical-cordes-mediterraneennes\/#primaryimage"},"image":{"@id":"https:\/\/kapitalis.com\/tunisie\/2020\/09\/25\/hammamet-accueille-la-2e-edition-de-levenement-musical-cordes-mediterraneennes\/#primaryimage"},"thumbnailUrl":"","datePublished":"2020-09-25T08:00:55+00:00","dateModified":"2020-09-25T08:00:57+00:00","breadcrumb":{"@id":"https:\/\/kapitalis.com\/tunisie\/2020\/09\/25\/hammamet-accueille-la-2e-edition-de-levenement-musical-cordes-mediterraneennes\/#breadcrumb"},"inLanguage":"fr-FR","potentialAction":[{"@type":"ReadAction","target":["https:\/\/kapitalis.com\/tunisie\/2020\/09\/25\/hammamet-accueille-la-2e-edition-de-levenement-musical-cordes-mediterraneennes\/"]}]},{"@type":"ImageObject","inLanguage":"fr-FR","@id":"https:\/\/kapitalis.com\/tunisie\/2020\/09\/25\/hammamet-accueille-la-2e-edition-de-levenement-musical-cordes-mediterraneennes\/#primaryimage","url":"","contentUrl":""},{"@type":"BreadcrumbList","@id":"https:\/\/kapitalis.com\/tunisie\/2020\/09\/25\/hammamet-accueille-la-2e-edition-de-levenement-musical-cordes-mediterraneennes\/#breadcrumb","itemListElement":[{"@type":"ListItem","position":1,"name":"Accueil","item":"https:\/\/kapitalis.com\/tunisie\/"},{"@type":"ListItem","position":2,"name":"Hammamet accueille la 2e \u00e9dition de l&rsquo;\u00e9v\u00e9nement musical \u00abCordes m\u00e9diterran\u00e9ennes\u00bb"}]},{"@type":"WebSite","@id":"https:\/\/kapitalis.com\/tunisie\/#website","url":"https:\/\/kapitalis.com\/tunisie\/","name":"Kapitalis","description":"L&#039;actualit\u00e9 en Tunisie et dans le monde","publisher":{"@id":"https:\/\/kapitalis.com\/tunisie\/#organization"},"potentialAction":[{"@type":"SearchAction","target":{"@type":"EntryPoint","urlTemplate":"https:\/\/kapitalis.com\/tunisie\/?s={search_term_string}"},"query-input":{"@type":"PropertyValueSpecification","valueRequired":true,"valueName":"search_term_string"}}],"inLanguage":"fr-FR"},{"@type":"Organization","@id":"https:\/\/kapitalis.com\/tunisie\/#organization","name":"Kapitalis","url":"https:\/\/kapitalis.com\/tunisie\/","logo":{"@type":"ImageObject","inLanguage":"fr-FR","@id":"https:\/\/kapitalis.com\/tunisie\/#\/schema\/logo\/image\/","url":"https:\/\/kapitalis.com\/tunisie\/wp-content\/uploads\/2022\/05\/Kapitalis-big-size.png","contentUrl":"https:\/\/kapitalis.com\/tunisie\/wp-content\/uploads\/2022\/05\/Kapitalis-big-size.png","width":5000,"height":1500,"caption":"Kapitalis"},"image":{"@id":"https:\/\/kapitalis.com\/tunisie\/#\/schema\/logo\/image\/"},"sameAs":["https:\/\/www.facebook.com\/KapitalisInfo\/","https:\/\/x.com\/KapitalisInfo","https:\/\/www.youtube.com\/channel\/UC-yDYrHyfFBWWZaOw3FPg9Q"]},{"@type":"Person","@id":"https:\/\/kapitalis.com\/tunisie\/#\/schema\/person\/73a5ecc1f6ae540c6ed91342eadca948","name":"Fawz BenAli","url":"https:\/\/kapitalis.com\/tunisie\/author\/fawz\/"}]}},"_links":{"self":[{"href":"https:\/\/kapitalis.com\/tunisie\/wp-json\/wp\/v2\/posts\/317761","targetHints":{"allow":["GET"]}}],"collection":[{"href":"https:\/\/kapitalis.com\/tunisie\/wp-json\/wp\/v2\/posts"}],"about":[{"href":"https:\/\/kapitalis.com\/tunisie\/wp-json\/wp\/v2\/types\/post"}],"author":[{"embeddable":true,"href":"https:\/\/kapitalis.com\/tunisie\/wp-json\/wp\/v2\/users\/26"}],"replies":[{"embeddable":true,"href":"https:\/\/kapitalis.com\/tunisie\/wp-json\/wp\/v2\/comments?post=317761"}],"version-history":[{"count":0,"href":"https:\/\/kapitalis.com\/tunisie\/wp-json\/wp\/v2\/posts\/317761\/revisions"}],"wp:featuredmedia":[{"embeddable":true,"href":"https:\/\/kapitalis.com\/tunisie\/wp-json\/wp\/v2\/media\/317762"}],"wp:attachment":[{"href":"https:\/\/kapitalis.com\/tunisie\/wp-json\/wp\/v2\/media?parent=317761"}],"wp:term":[{"taxonomy":"category","embeddable":true,"href":"https:\/\/kapitalis.com\/tunisie\/wp-json\/wp\/v2\/categories?post=317761"},{"taxonomy":"post_tag","embeddable":true,"href":"https:\/\/kapitalis.com\/tunisie\/wp-json\/wp\/v2\/tags?post=317761"}],"curies":[{"name":"wp","href":"https:\/\/api.w.org\/{rel}","templated":true}]}}