{"id":317795,"date":"2020-09-24T15:17:19","date_gmt":"2020-09-24T14:17:19","guid":{"rendered":"http:\/\/kapitalis.com\/tunisie\/?p=317795"},"modified":"2020-09-24T15:17:21","modified_gmt":"2020-09-24T14:17:21","slug":"hichem-mechichi-sur-une-voie-de-garage","status":"publish","type":"post","link":"https:\/\/kapitalis.com\/tunisie\/2020\/09\/24\/hichem-mechichi-sur-une-voie-de-garage\/","title":{"rendered":"Hichem Mechichi sur une voie de garage"},"content":{"rendered":"\n<figure class=\"wp-block-image size-large\"><img decoding=\"async\" src=\"http:\/\/kapitalis.com\/tunisie\/wp-content\/uploads\/2020\/09\/Hichem-Mechichi-Kais-Saied.jpg\" alt=\"\" class=\"wp-image-317796\"\/><\/figure>\n\n\n\n<p><strong><em>Pendant 42 ans de journalisme en France, je n&rsquo;ai jamais vu un Premier ministre humili\u00e9 en public par un pr\u00e9sident de la r\u00e9publique comme cela s\u2019est pass\u00e9 hier, mercredi 23 septembre 2020, entre le pr\u00e9sident Ka\u00efs Sa\u00efed et le chef de gouvernement Hichem Mechichi. Pourtant, les relations entre l\u2019Elys\u00e9e et Matignon \u00e9taient souvent peu cordiales, empreintes de suspicion r\u00e9ciproque voire heurt\u00e9es.<\/em><\/strong><\/p>\n\n\n\n<p>Par<strong> Helal Jelali<\/strong> *<\/p>\n\n\n\n<!--more-->\n\n\n\n<div class=\"wp-block-image\"><figure class=\"alignleft size-large\"><img decoding=\"async\" src=\"http:\/\/kapitalis.com\/tunisie\/wp-content\/uploads\/2020\/08\/Helal-Jelali.jpg\" alt=\"\" class=\"wp-image-311626\"\/><\/figure><\/div>\n\n\n\n<p>L\u2019ancien pr\u00e9sident Fran\u00e7ois Mitterrand a bien nomm\u00e9 et travaill\u00e9 avec 3 Premiers ministres qui \u00e9taient ses adversaires les plus acharn\u00e9s : Jacques Chirac de 1986 \u00e0 1988, la premi\u00e8re cohabitation du socialiste avec un gaulliste, ensuite, son rival historique au sein du Parti Socialiste, Michel Rocard de 1988 \u00e0 1990, et enfin \u00c9douard Balladur, encore un gaulliste de 1993 \u00e0 1995\u2026 La biens\u00e9ance et le <em>gentleman agreement <\/em>font aussi partie du prestige pr\u00e9sidentiel. L\u2019autorit\u00e9 ne se d\u00e9clame pas\u2026<\/p>\n\n\n\n<p>Mitterrand avait des silences <em>\u00abautoritaires\u00bb<\/em> confiait un jour un de ses conseillers\u2026 Sp\u00e9cialiste des phrases concises et pr\u00e9cises, il passait ses messages avec une froideur gla\u00e7ante\u2026<\/p>\n\n\n\n<p>De Gaulle, ancien officier, mais tr\u00e8s imbu d\u2019histoire, pr\u00e9f\u00e9rait les m\u00e9taphores, et les formules bien tourn\u00e9es\u2026 mais jamais en public, quand les dossiers politiques \u00e9taient<em> \u00ablourds\u00bb<\/em>\u2026<\/p>\n\n\n\n<p>L\u2019adresse de Saied, hier soir, \u00e0 Mechichi a beaucoup affaibli ce dernier devant ses amis et ses adversaires\u2026 Aujourd\u2019hui, ces derniers le consid\u00e8rent comme un homme seul, pour ne pas dire perdu\u2026 \u00c0 moins d\u2019accepter son sort, celui d&rsquo;un simple collaborateur du chef de l\u2019\u00c9tat ou d\u2019un haut fonctionnaire rattach\u00e9 \u00e0 la pr\u00e9sidence de la r\u00e9publique\u2026 Ce qu\u2019on ne lui souhaite pas.<\/p>\n\n\n\n<p>Mais dans ce cas, sa relation avec Saied n\u2019est plus politique, mais administrative. Et c\u2019est le chef de l\u2019\u00c9tat qui cumulerait les deux fonctions de pr\u00e9sident et de Premier ministre\u2026 Ce que la Constitution de 2014 et le syst\u00e8me politique b\u00e2tard auquel elle a donn\u00e9 naissance ont paradoxalement permis. Paradoxalement, car cette Constitution \u00e9tait cens\u00e9e limiter les pr\u00e9rogatives pr\u00e9sidentielles et emp\u00eacher le retour d\u2019un syst\u00e8me pr\u00e9sidentialiste propice aux d\u00e9rives autoritaires, comme on en a connu sous les r\u00e8gnes successifs de Bourguiba et Ben Ali.<\/p>\n\n\n\n<p><em>* Ancien journaliste \u00e0 Paris \u00e0 la retraite.<\/em><\/p>\n","protected":false},"excerpt":{"rendered":"<p>Pendant 42 ans de journalisme en France, je n&rsquo;ai jamais vu un Premier ministre humili\u00e9 en public par un pr\u00e9sident de la r\u00e9publique comme cela s\u2019est pass\u00e9 hier, mercredi 23 septembre 2020, entre le pr\u00e9sident Ka\u00efs Sa\u00efed et le chef de gouvernement Hichem Mechichi. Pourtant, les relations entre l\u2019Elys\u00e9e et Matignon \u00e9taient souvent peu cordiales,&#8230;<\/p>\n","protected":false},"author":8,"featured_media":317796,"comment_status":"open","ping_status":"open","sticky":false,"template":"","format":"standard","meta":{"footnotes":""},"categories":[992,997,1000,2433],"tags":[83088,83086,74899,65569,76012,83087],"class_list":["post-317795","post","type-post","status-publish","format-standard","has-post-thumbnail","hentry","category-a-la-une","category-politique","category-tribune","category-tunisie","tag-edouard-balladur","tag-francois-mitterrand","tag-hichem-mechichi","tag-jacques-chirac","tag-kais-saied-2","tag-michel-rocard"],"yoast_head":"<!-- This site is optimized with the Yoast SEO plugin v26.6 - https:\/\/yoast.com\/wordpress\/plugins\/seo\/ -->\n<title>Hichem Mechichi sur une voie de garage - Kapitalis<\/title>\n<meta name=\"robots\" content=\"index, follow, max-snippet:-1, max-image-preview:large, max-video-preview:-1\" \/>\n<link rel=\"canonical\" href=\"https:\/\/kapitalis.com\/tunisie\/2020\/09\/24\/hichem-mechichi-sur-une-voie-de-garage\/\" \/>\n<meta property=\"og:locale\" content=\"fr_FR\" \/>\n<meta property=\"og:type\" content=\"article\" \/>\n<meta property=\"og:title\" content=\"Hichem Mechichi sur une voie de garage - Kapitalis\" \/>\n<meta property=\"og:description\" content=\"Pendant 42 ans de journalisme en France, je n&rsquo;ai jamais vu un Premier ministre humili\u00e9 en public par un pr\u00e9sident de la r\u00e9publique comme cela s\u2019est pass\u00e9 hier, mercredi 23 septembre 2020, entre le pr\u00e9sident Ka\u00efs Sa\u00efed et le chef de gouvernement Hichem Mechichi. Pourtant, les relations entre l\u2019Elys\u00e9e et Matignon \u00e9taient souvent peu cordiales,...\" \/>\n<meta property=\"og:url\" content=\"https:\/\/kapitalis.com\/tunisie\/2020\/09\/24\/hichem-mechichi-sur-une-voie-de-garage\/\" \/>\n<meta property=\"og:site_name\" content=\"Kapitalis\" \/>\n<meta property=\"article:publisher\" content=\"https:\/\/www.facebook.com\/KapitalisInfo\/\" \/>\n<meta property=\"article:published_time\" content=\"2020-09-24T14:17:19+00:00\" \/>\n<meta property=\"article:modified_time\" content=\"2020-09-24T14:17:21+00:00\" \/>\n<meta property=\"og:image\" content=\"https:\/\/kapitalis.com\/tunisie\/wp-content\/uploads\/2022\/05\/kapitalis-logo-fb.png\" \/>\n\t<meta property=\"og:image:width\" content=\"1200\" \/>\n\t<meta property=\"og:image:height\" content=\"630\" \/>\n\t<meta property=\"og:image:type\" content=\"image\/png\" \/>\n<meta name=\"author\" content=\"webmaster kapitalis\" \/>\n<meta name=\"twitter:card\" content=\"summary_large_image\" \/>\n<meta name=\"twitter:creator\" content=\"@KapitalisInfo\" \/>\n<meta name=\"twitter:site\" content=\"@KapitalisInfo\" \/>\n<meta name=\"twitter:label1\" content=\"\u00c9crit par\" \/>\n\t<meta name=\"twitter:data1\" content=\"webmaster kapitalis\" \/>\n\t<meta name=\"twitter:label2\" content=\"Dur\u00e9e de lecture estim\u00e9e\" \/>\n\t<meta name=\"twitter:data2\" content=\"2 minutes\" \/>\n<script type=\"application\/ld+json\" class=\"yoast-schema-graph\">{\"@context\":\"https:\/\/schema.org\",\"@graph\":[{\"@type\":\"Article\",\"@id\":\"https:\/\/kapitalis.com\/tunisie\/2020\/09\/24\/hichem-mechichi-sur-une-voie-de-garage\/#article\",\"isPartOf\":{\"@id\":\"https:\/\/kapitalis.com\/tunisie\/2020\/09\/24\/hichem-mechichi-sur-une-voie-de-garage\/\"},\"author\":{\"name\":\"webmaster kapitalis\",\"@id\":\"https:\/\/kapitalis.com\/tunisie\/#\/schema\/person\/d71f33a9ca44f7bad4698210b480c8e9\"},\"headline\":\"Hichem Mechichi sur une voie de garage\",\"datePublished\":\"2020-09-24T14:17:19+00:00\",\"dateModified\":\"2020-09-24T14:17:21+00:00\",\"mainEntityOfPage\":{\"@id\":\"https:\/\/kapitalis.com\/tunisie\/2020\/09\/24\/hichem-mechichi-sur-une-voie-de-garage\/\"},\"wordCount\":386,\"commentCount\":14,\"publisher\":{\"@id\":\"https:\/\/kapitalis.com\/tunisie\/#organization\"},\"image\":{\"@id\":\"https:\/\/kapitalis.com\/tunisie\/2020\/09\/24\/hichem-mechichi-sur-une-voie-de-garage\/#primaryimage\"},\"thumbnailUrl\":\"\",\"keywords\":[\"\u00c9douard Balladur\",\"Fran\u00e7ois Mitterrand\",\"Hichem Mechichi\",\"Jacques Chirac\",\"Ka\u00efs Sa\u00efed\",\"Michel Rocard\"],\"articleSection\":[\"A LA UNE\",\"POLITIQUE\",\"TRIBUNE\",\"Tunisie\"],\"inLanguage\":\"fr-FR\",\"potentialAction\":[{\"@type\":\"CommentAction\",\"name\":\"Comment\",\"target\":[\"https:\/\/kapitalis.com\/tunisie\/2020\/09\/24\/hichem-mechichi-sur-une-voie-de-garage\/#respond\"]}]},{\"@type\":\"WebPage\",\"@id\":\"https:\/\/kapitalis.com\/tunisie\/2020\/09\/24\/hichem-mechichi-sur-une-voie-de-garage\/\",\"url\":\"https:\/\/kapitalis.com\/tunisie\/2020\/09\/24\/hichem-mechichi-sur-une-voie-de-garage\/\",\"name\":\"Hichem Mechichi sur une voie de garage - Kapitalis\",\"isPartOf\":{\"@id\":\"https:\/\/kapitalis.com\/tunisie\/#website\"},\"primaryImageOfPage\":{\"@id\":\"https:\/\/kapitalis.com\/tunisie\/2020\/09\/24\/hichem-mechichi-sur-une-voie-de-garage\/#primaryimage\"},\"image\":{\"@id\":\"https:\/\/kapitalis.com\/tunisie\/2020\/09\/24\/hichem-mechichi-sur-une-voie-de-garage\/#primaryimage\"},\"thumbnailUrl\":\"\",\"datePublished\":\"2020-09-24T14:17:19+00:00\",\"dateModified\":\"2020-09-24T14:17:21+00:00\",\"breadcrumb\":{\"@id\":\"https:\/\/kapitalis.com\/tunisie\/2020\/09\/24\/hichem-mechichi-sur-une-voie-de-garage\/#breadcrumb\"},\"inLanguage\":\"fr-FR\",\"potentialAction\":[{\"@type\":\"ReadAction\",\"target\":[\"https:\/\/kapitalis.com\/tunisie\/2020\/09\/24\/hichem-mechichi-sur-une-voie-de-garage\/\"]}]},{\"@type\":\"ImageObject\",\"inLanguage\":\"fr-FR\",\"@id\":\"https:\/\/kapitalis.com\/tunisie\/2020\/09\/24\/hichem-mechichi-sur-une-voie-de-garage\/#primaryimage\",\"url\":\"\",\"contentUrl\":\"\"},{\"@type\":\"BreadcrumbList\",\"@id\":\"https:\/\/kapitalis.com\/tunisie\/2020\/09\/24\/hichem-mechichi-sur-une-voie-de-garage\/#breadcrumb\",\"itemListElement\":[{\"@type\":\"ListItem\",\"position\":1,\"name\":\"Accueil\",\"item\":\"https:\/\/kapitalis.com\/tunisie\/\"},{\"@type\":\"ListItem\",\"position\":2,\"name\":\"Hichem Mechichi sur une voie de garage\"}]},{\"@type\":\"WebSite\",\"@id\":\"https:\/\/kapitalis.com\/tunisie\/#website\",\"url\":\"https:\/\/kapitalis.com\/tunisie\/\",\"name\":\"Kapitalis\",\"description\":\"L&#039;actualit\u00e9 en Tunisie et dans le monde\",\"publisher\":{\"@id\":\"https:\/\/kapitalis.com\/tunisie\/#organization\"},\"potentialAction\":[{\"@type\":\"SearchAction\",\"target\":{\"@type\":\"EntryPoint\",\"urlTemplate\":\"https:\/\/kapitalis.com\/tunisie\/?s={search_term_string}\"},\"query-input\":{\"@type\":\"PropertyValueSpecification\",\"valueRequired\":true,\"valueName\":\"search_term_string\"}}],\"inLanguage\":\"fr-FR\"},{\"@type\":\"Organization\",\"@id\":\"https:\/\/kapitalis.com\/tunisie\/#organization\",\"name\":\"Kapitalis\",\"url\":\"https:\/\/kapitalis.com\/tunisie\/\",\"logo\":{\"@type\":\"ImageObject\",\"inLanguage\":\"fr-FR\",\"@id\":\"https:\/\/kapitalis.com\/tunisie\/#\/schema\/logo\/image\/\",\"url\":\"https:\/\/kapitalis.com\/tunisie\/wp-content\/uploads\/2022\/05\/Kapitalis-big-size.png\",\"contentUrl\":\"https:\/\/kapitalis.com\/tunisie\/wp-content\/uploads\/2022\/05\/Kapitalis-big-size.png\",\"width\":5000,\"height\":1500,\"caption\":\"Kapitalis\"},\"image\":{\"@id\":\"https:\/\/kapitalis.com\/tunisie\/#\/schema\/logo\/image\/\"},\"sameAs\":[\"https:\/\/www.facebook.com\/KapitalisInfo\/\",\"https:\/\/x.com\/KapitalisInfo\",\"https:\/\/www.youtube.com\/channel\/UC-yDYrHyfFBWWZaOw3FPg9Q\"]},{\"@type\":\"Person\",\"@id\":\"https:\/\/kapitalis.com\/tunisie\/#\/schema\/person\/d71f33a9ca44f7bad4698210b480c8e9\",\"name\":\"webmaster kapitalis\",\"url\":\"https:\/\/kapitalis.com\/tunisie\/author\/webmaster-kapitalis\/\"}]}<\/script>\n<!-- \/ Yoast SEO plugin. -->","yoast_head_json":{"title":"Hichem Mechichi sur une voie de garage - Kapitalis","robots":{"index":"index","follow":"follow","max-snippet":"max-snippet:-1","max-image-preview":"max-image-preview:large","max-video-preview":"max-video-preview:-1"},"canonical":"https:\/\/kapitalis.com\/tunisie\/2020\/09\/24\/hichem-mechichi-sur-une-voie-de-garage\/","og_locale":"fr_FR","og_type":"article","og_title":"Hichem Mechichi sur une voie de garage - Kapitalis","og_description":"Pendant 42 ans de journalisme en France, je n&rsquo;ai jamais vu un Premier ministre humili\u00e9 en public par un pr\u00e9sident de la r\u00e9publique comme cela s\u2019est pass\u00e9 hier, mercredi 23 septembre 2020, entre le pr\u00e9sident Ka\u00efs Sa\u00efed et le chef de gouvernement Hichem Mechichi. Pourtant, les relations entre l\u2019Elys\u00e9e et Matignon \u00e9taient souvent peu cordiales,...","og_url":"https:\/\/kapitalis.com\/tunisie\/2020\/09\/24\/hichem-mechichi-sur-une-voie-de-garage\/","og_site_name":"Kapitalis","article_publisher":"https:\/\/www.facebook.com\/KapitalisInfo\/","article_published_time":"2020-09-24T14:17:19+00:00","article_modified_time":"2020-09-24T14:17:21+00:00","og_image":[{"width":1200,"height":630,"url":"https:\/\/kapitalis.com\/tunisie\/wp-content\/uploads\/2022\/05\/kapitalis-logo-fb.png","type":"image\/png"}],"author":"webmaster kapitalis","twitter_card":"summary_large_image","twitter_creator":"@KapitalisInfo","twitter_site":"@KapitalisInfo","twitter_misc":{"\u00c9crit par":"webmaster kapitalis","Dur\u00e9e de lecture estim\u00e9e":"2 minutes"},"schema":{"@context":"https:\/\/schema.org","@graph":[{"@type":"Article","@id":"https:\/\/kapitalis.com\/tunisie\/2020\/09\/24\/hichem-mechichi-sur-une-voie-de-garage\/#article","isPartOf":{"@id":"https:\/\/kapitalis.com\/tunisie\/2020\/09\/24\/hichem-mechichi-sur-une-voie-de-garage\/"},"author":{"name":"webmaster kapitalis","@id":"https:\/\/kapitalis.com\/tunisie\/#\/schema\/person\/d71f33a9ca44f7bad4698210b480c8e9"},"headline":"Hichem Mechichi sur une voie de garage","datePublished":"2020-09-24T14:17:19+00:00","dateModified":"2020-09-24T14:17:21+00:00","mainEntityOfPage":{"@id":"https:\/\/kapitalis.com\/tunisie\/2020\/09\/24\/hichem-mechichi-sur-une-voie-de-garage\/"},"wordCount":386,"commentCount":14,"publisher":{"@id":"https:\/\/kapitalis.com\/tunisie\/#organization"},"image":{"@id":"https:\/\/kapitalis.com\/tunisie\/2020\/09\/24\/hichem-mechichi-sur-une-voie-de-garage\/#primaryimage"},"thumbnailUrl":"","keywords":["\u00c9douard Balladur","Fran\u00e7ois Mitterrand","Hichem Mechichi","Jacques Chirac","Ka\u00efs Sa\u00efed","Michel Rocard"],"articleSection":["A LA UNE","POLITIQUE","TRIBUNE","Tunisie"],"inLanguage":"fr-FR","potentialAction":[{"@type":"CommentAction","name":"Comment","target":["https:\/\/kapitalis.com\/tunisie\/2020\/09\/24\/hichem-mechichi-sur-une-voie-de-garage\/#respond"]}]},{"@type":"WebPage","@id":"https:\/\/kapitalis.com\/tunisie\/2020\/09\/24\/hichem-mechichi-sur-une-voie-de-garage\/","url":"https:\/\/kapitalis.com\/tunisie\/2020\/09\/24\/hichem-mechichi-sur-une-voie-de-garage\/","name":"Hichem Mechichi sur une voie de garage - Kapitalis","isPartOf":{"@id":"https:\/\/kapitalis.com\/tunisie\/#website"},"primaryImageOfPage":{"@id":"https:\/\/kapitalis.com\/tunisie\/2020\/09\/24\/hichem-mechichi-sur-une-voie-de-garage\/#primaryimage"},"image":{"@id":"https:\/\/kapitalis.com\/tunisie\/2020\/09\/24\/hichem-mechichi-sur-une-voie-de-garage\/#primaryimage"},"thumbnailUrl":"","datePublished":"2020-09-24T14:17:19+00:00","dateModified":"2020-09-24T14:17:21+00:00","breadcrumb":{"@id":"https:\/\/kapitalis.com\/tunisie\/2020\/09\/24\/hichem-mechichi-sur-une-voie-de-garage\/#breadcrumb"},"inLanguage":"fr-FR","potentialAction":[{"@type":"ReadAction","target":["https:\/\/kapitalis.com\/tunisie\/2020\/09\/24\/hichem-mechichi-sur-une-voie-de-garage\/"]}]},{"@type":"ImageObject","inLanguage":"fr-FR","@id":"https:\/\/kapitalis.com\/tunisie\/2020\/09\/24\/hichem-mechichi-sur-une-voie-de-garage\/#primaryimage","url":"","contentUrl":""},{"@type":"BreadcrumbList","@id":"https:\/\/kapitalis.com\/tunisie\/2020\/09\/24\/hichem-mechichi-sur-une-voie-de-garage\/#breadcrumb","itemListElement":[{"@type":"ListItem","position":1,"name":"Accueil","item":"https:\/\/kapitalis.com\/tunisie\/"},{"@type":"ListItem","position":2,"name":"Hichem Mechichi sur une voie de garage"}]},{"@type":"WebSite","@id":"https:\/\/kapitalis.com\/tunisie\/#website","url":"https:\/\/kapitalis.com\/tunisie\/","name":"Kapitalis","description":"L&#039;actualit\u00e9 en Tunisie et dans le monde","publisher":{"@id":"https:\/\/kapitalis.com\/tunisie\/#organization"},"potentialAction":[{"@type":"SearchAction","target":{"@type":"EntryPoint","urlTemplate":"https:\/\/kapitalis.com\/tunisie\/?s={search_term_string}"},"query-input":{"@type":"PropertyValueSpecification","valueRequired":true,"valueName":"search_term_string"}}],"inLanguage":"fr-FR"},{"@type":"Organization","@id":"https:\/\/kapitalis.com\/tunisie\/#organization","name":"Kapitalis","url":"https:\/\/kapitalis.com\/tunisie\/","logo":{"@type":"ImageObject","inLanguage":"fr-FR","@id":"https:\/\/kapitalis.com\/tunisie\/#\/schema\/logo\/image\/","url":"https:\/\/kapitalis.com\/tunisie\/wp-content\/uploads\/2022\/05\/Kapitalis-big-size.png","contentUrl":"https:\/\/kapitalis.com\/tunisie\/wp-content\/uploads\/2022\/05\/Kapitalis-big-size.png","width":5000,"height":1500,"caption":"Kapitalis"},"image":{"@id":"https:\/\/kapitalis.com\/tunisie\/#\/schema\/logo\/image\/"},"sameAs":["https:\/\/www.facebook.com\/KapitalisInfo\/","https:\/\/x.com\/KapitalisInfo","https:\/\/www.youtube.com\/channel\/UC-yDYrHyfFBWWZaOw3FPg9Q"]},{"@type":"Person","@id":"https:\/\/kapitalis.com\/tunisie\/#\/schema\/person\/d71f33a9ca44f7bad4698210b480c8e9","name":"webmaster kapitalis","url":"https:\/\/kapitalis.com\/tunisie\/author\/webmaster-kapitalis\/"}]}},"_links":{"self":[{"href":"https:\/\/kapitalis.com\/tunisie\/wp-json\/wp\/v2\/posts\/317795","targetHints":{"allow":["GET"]}}],"collection":[{"href":"https:\/\/kapitalis.com\/tunisie\/wp-json\/wp\/v2\/posts"}],"about":[{"href":"https:\/\/kapitalis.com\/tunisie\/wp-json\/wp\/v2\/types\/post"}],"author":[{"embeddable":true,"href":"https:\/\/kapitalis.com\/tunisie\/wp-json\/wp\/v2\/users\/8"}],"replies":[{"embeddable":true,"href":"https:\/\/kapitalis.com\/tunisie\/wp-json\/wp\/v2\/comments?post=317795"}],"version-history":[{"count":0,"href":"https:\/\/kapitalis.com\/tunisie\/wp-json\/wp\/v2\/posts\/317795\/revisions"}],"wp:featuredmedia":[{"embeddable":true,"href":"https:\/\/kapitalis.com\/tunisie\/wp-json\/wp\/v2\/media\/317796"}],"wp:attachment":[{"href":"https:\/\/kapitalis.com\/tunisie\/wp-json\/wp\/v2\/media?parent=317795"}],"wp:term":[{"taxonomy":"category","embeddable":true,"href":"https:\/\/kapitalis.com\/tunisie\/wp-json\/wp\/v2\/categories?post=317795"},{"taxonomy":"post_tag","embeddable":true,"href":"https:\/\/kapitalis.com\/tunisie\/wp-json\/wp\/v2\/tags?post=317795"}],"curies":[{"name":"wp","href":"https:\/\/api.w.org\/{rel}","templated":true}]}}