{"id":318085,"date":"2020-09-26T14:09:13","date_gmt":"2020-09-26T13:09:13","guid":{"rendered":"http:\/\/kapitalis.com\/tunisie\/?p=318085"},"modified":"2020-09-27T07:07:01","modified_gmt":"2020-09-27T06:07:01","slug":"covid-19-le-blues-des-blouses-blanches-en-tunisie","status":"publish","type":"post","link":"https:\/\/kapitalis.com\/tunisie\/2020\/09\/26\/covid-19-le-blues-des-blouses-blanches-en-tunisie\/","title":{"rendered":"Covid-19 : Le blues des blouses blanches en Tunisie"},"content":{"rendered":"\n<figure class=\"wp-block-image size-large\"><img decoding=\"async\" src=\"http:\/\/kapitalis.com\/tunisie\/wp-content\/uploads\/2020\/08\/Gabes-coronavirus.jpg\" alt=\"\" class=\"wp-image-313134\"\/><\/figure>\n\n\n\n<p><strong><em>Etant sur la ligne de front en contact de patients clairement infect\u00e9s par la Covid-19 et d\u2019autres porteurs sains consultants, les professionnels de la sant\u00e9, en Tunisie, commencent \u00e0 \u00eatre infect\u00e9s eux-m\u00eames et en grand nombre. Malgr\u00e9 les moyens humains et mat\u00e9riels tr\u00e8s limit\u00e9s, ils font de leur mieux pour continuer \u00e0 soigner les malades. Ils ont seulement besoin d\u2019\u00eatre mieux consid\u00e9r\u00e9s et leurs efforts valoris\u00e9s.<\/em><\/strong><\/p>\n\n\n\n<p>Par <strong>Pr Faouzi Addad<\/strong><\/p>\n\n\n\n<!--more-->\n\n\n\n<div class=\"wp-block-image\"><figure class=\"alignleft size-large\"><img decoding=\"async\" src=\"http:\/\/kapitalis.com\/tunisie\/wp-content\/uploads\/2020\/05\/Faouzi-Addad-Portrait.jpg\" alt=\"\" class=\"wp-image-298580\"\/><\/figure><\/div>\n\n\n\n<p>Les blouses blanches font face \u00e0 la plus grande menace sanitaire des temps modernes en \u00e9tant \u00e0 la fois acteurs et victimes. Acteurs en \u00e9tant sur la ligne de front en contact de patients clairement malades et o\u00f9 la protection est bien d\u00e9finie avec un risque faible de contamination mais aussi face \u00e0 des porteurs sains consultants pour d\u2019autres probl\u00e8mes de sant\u00e9 et o\u00f9 la vigilance peut-\u00eatre plus faible et o\u00f9 le risque de contamination peut-\u00eatre plus \u00e9lev\u00e9. Mais ils sont aussi victimes d\u2019une ouverture des fronti\u00e8res mal pr\u00e9par\u00e9e avec un jeu de couleurs pour classer les pays de provenance des voyageurs qui fr\u00f4le le ridicule, car quelle serait la diff\u00e9rence entre une personne positive venant d\u2019une zone verte ou d\u2019une zone rouge ? Le plus pertinent est que toute personne positive ou suspect\u00e9e de l\u2019\u00eatre soit isol\u00e9e.<\/p>\n\n\n\n<p>Le r\u00e9sultat on le connait, tous les chiffres sont l\u00e0 pour prouver l\u2019erreur de strat\u00e9gie et pourtant on continue \u00e0 jouer avec les couleurs des pays comme si de rien n\u2019\u00e9tait.<\/p>\n\n\n\n<p>Le personnel m\u00e9dical et param\u00e9dical assumera bien \u00e9videmment son r\u00f4le malgr\u00e9 les d\u00e9faillances \u00e0 tous les niveaux, l&rsquo;absence de valorisation de tous ces sacrifices et les cons\u00e9quences psychologiques sur les membres de leurs familles.<\/p>\n\n\n\n<p>Les visites de terrain du minist\u00e8re de la Sant\u00e9 qui se multiplient permettent de prendre connaissance de l\u2019ampleur du m\u00e9contentement du personnel de sant\u00e9. Cela ne date pas d\u2019aujourd&rsquo;hui car nous n\u2019avons jamais \u00e9t\u00e9 \u00e9cout\u00e9s et notre conscience professionnelle fait que nous continuons \u00e0 prodiguer les meilleurs soins malgr\u00e9 les conditions qui sont de plus en plus difficiles.<\/p>\n\n\n\n<p>Les ressources humaines doivent \u00eatre augment\u00e9es car nous avons \u00e9t\u00e9 saign\u00e9s, au cours des dix derni\u00e8res ann\u00e9es, par le d\u00e9part de milliers de blouses blanches \u00e0 l\u2019\u00e9tranger. D\u2019un autre c\u00f4t\u00e9, il est temps que les professionnels de la sant\u00e9 sur le terrain soient consid\u00e9r\u00e9s \u00e0 leur juste valeur.<\/p>\n\n\n\n<p>En attendant, nous ne l\u00e2cherons rien malgr\u00e9 le sentiment d\u2019avoir \u00e9t\u00e9 l\u00e2ch\u00e9 car notre motivation c\u2019est de soigner les malades.<\/p>\n\n\n\n<p>Prompt r\u00e9tablissement \u00e0 tous le personnel soignant qui a \u00e9t\u00e9 atteint, nous finirons tous par l\u2019\u00eatre un jour, surtout prot\u00e9gez-vous bien et soyez aussi vigilants aussi bien \u00e0 l\u2019int\u00e9rieur qu\u2019\u00e0 l\u2019ext\u00e9rieur de l\u2019h\u00f4pital. Nous finirons par vaincre la pand\u00e9mie, j\u2019en suis certain, et notre syst\u00e8me de sant\u00e9 restera debout.<\/p>\n\n\n\n<p><em>* Professeur en cardiologie.<\/em> <\/p>\n","protected":false},"excerpt":{"rendered":"<p>Etant sur la ligne de front en contact de patients clairement infect\u00e9s par la Covid-19 et d\u2019autres porteurs sains consultants, les professionnels de la sant\u00e9, en Tunisie, commencent \u00e0 \u00eatre infect\u00e9s eux-m\u00eames et en grand nombre. Malgr\u00e9 les moyens humains et mat\u00e9riels tr\u00e8s limit\u00e9s, ils font de leur mieux pour continuer \u00e0 soigner les malades&#8230;.<\/p>\n","protected":false},"author":8,"featured_media":0,"comment_status":"open","ping_status":"open","sticky":false,"template":"","format":"standard","meta":{"footnotes":""},"categories":[992,998,1000,2433],"tags":[],"class_list":["post-318085","post","type-post","status-publish","format-standard","hentry","category-a-la-une","category-societe","category-tribune","category-tunisie"],"yoast_head":"<!-- This site is optimized with the Yoast SEO plugin v26.6 - https:\/\/yoast.com\/wordpress\/plugins\/seo\/ -->\n<title>Covid-19 : Le blues des blouses blanches en Tunisie - Kapitalis<\/title>\n<meta name=\"robots\" content=\"index, follow, max-snippet:-1, max-image-preview:large, max-video-preview:-1\" \/>\n<link rel=\"canonical\" href=\"https:\/\/kapitalis.com\/tunisie\/2020\/09\/26\/covid-19-le-blues-des-blouses-blanches-en-tunisie\/\" \/>\n<meta property=\"og:locale\" content=\"fr_FR\" \/>\n<meta property=\"og:type\" content=\"article\" \/>\n<meta property=\"og:title\" content=\"Covid-19 : Le blues des blouses blanches en Tunisie - Kapitalis\" \/>\n<meta property=\"og:description\" content=\"Etant sur la ligne de front en contact de patients clairement infect\u00e9s par la Covid-19 et d\u2019autres porteurs sains consultants, les professionnels de la sant\u00e9, en Tunisie, commencent \u00e0 \u00eatre infect\u00e9s eux-m\u00eames et en grand nombre. Malgr\u00e9 les moyens humains et mat\u00e9riels tr\u00e8s limit\u00e9s, ils font de leur mieux pour continuer \u00e0 soigner les malades....\" \/>\n<meta property=\"og:url\" content=\"https:\/\/kapitalis.com\/tunisie\/2020\/09\/26\/covid-19-le-blues-des-blouses-blanches-en-tunisie\/\" \/>\n<meta property=\"og:site_name\" content=\"Kapitalis\" \/>\n<meta property=\"article:publisher\" content=\"https:\/\/www.facebook.com\/KapitalisInfo\/\" \/>\n<meta property=\"article:published_time\" content=\"2020-09-26T13:09:13+00:00\" \/>\n<meta property=\"article:modified_time\" content=\"2020-09-27T06:07:01+00:00\" \/>\n<meta property=\"og:image\" content=\"http:\/\/kapitalis.com\/tunisie\/wp-content\/uploads\/2020\/08\/Gabes-coronavirus.jpg\" \/>\n<meta name=\"author\" content=\"webmaster kapitalis\" \/>\n<meta name=\"twitter:card\" content=\"summary_large_image\" \/>\n<meta name=\"twitter:creator\" content=\"@KapitalisInfo\" \/>\n<meta name=\"twitter:site\" content=\"@KapitalisInfo\" \/>\n<meta name=\"twitter:label1\" content=\"\u00c9crit par\" \/>\n\t<meta name=\"twitter:data1\" content=\"webmaster kapitalis\" \/>\n\t<meta name=\"twitter:label2\" content=\"Dur\u00e9e de lecture estim\u00e9e\" \/>\n\t<meta name=\"twitter:data2\" content=\"3 minutes\" \/>\n<script type=\"application\/ld+json\" class=\"yoast-schema-graph\">{\"@context\":\"https:\/\/schema.org\",\"@graph\":[{\"@type\":\"Article\",\"@id\":\"https:\/\/kapitalis.com\/tunisie\/2020\/09\/26\/covid-19-le-blues-des-blouses-blanches-en-tunisie\/#article\",\"isPartOf\":{\"@id\":\"https:\/\/kapitalis.com\/tunisie\/2020\/09\/26\/covid-19-le-blues-des-blouses-blanches-en-tunisie\/\"},\"author\":{\"name\":\"webmaster kapitalis\",\"@id\":\"https:\/\/kapitalis.com\/tunisie\/#\/schema\/person\/d71f33a9ca44f7bad4698210b480c8e9\"},\"headline\":\"Covid-19 : Le blues des blouses blanches en Tunisie\",\"datePublished\":\"2020-09-26T13:09:13+00:00\",\"dateModified\":\"2020-09-27T06:07:01+00:00\",\"mainEntityOfPage\":{\"@id\":\"https:\/\/kapitalis.com\/tunisie\/2020\/09\/26\/covid-19-le-blues-des-blouses-blanches-en-tunisie\/\"},\"wordCount\":514,\"commentCount\":0,\"publisher\":{\"@id\":\"https:\/\/kapitalis.com\/tunisie\/#organization\"},\"image\":{\"@id\":\"https:\/\/kapitalis.com\/tunisie\/2020\/09\/26\/covid-19-le-blues-des-blouses-blanches-en-tunisie\/#primaryimage\"},\"thumbnailUrl\":\"http:\/\/kapitalis.com\/tunisie\/wp-content\/uploads\/2020\/08\/Gabes-coronavirus.jpg\",\"articleSection\":[\"A LA UNE\",\"SOCIETE\",\"TRIBUNE\",\"Tunisie\"],\"inLanguage\":\"fr-FR\",\"potentialAction\":[{\"@type\":\"CommentAction\",\"name\":\"Comment\",\"target\":[\"https:\/\/kapitalis.com\/tunisie\/2020\/09\/26\/covid-19-le-blues-des-blouses-blanches-en-tunisie\/#respond\"]}]},{\"@type\":\"WebPage\",\"@id\":\"https:\/\/kapitalis.com\/tunisie\/2020\/09\/26\/covid-19-le-blues-des-blouses-blanches-en-tunisie\/\",\"url\":\"https:\/\/kapitalis.com\/tunisie\/2020\/09\/26\/covid-19-le-blues-des-blouses-blanches-en-tunisie\/\",\"name\":\"Covid-19 : Le blues des blouses blanches en Tunisie - Kapitalis\",\"isPartOf\":{\"@id\":\"https:\/\/kapitalis.com\/tunisie\/#website\"},\"primaryImageOfPage\":{\"@id\":\"https:\/\/kapitalis.com\/tunisie\/2020\/09\/26\/covid-19-le-blues-des-blouses-blanches-en-tunisie\/#primaryimage\"},\"image\":{\"@id\":\"https:\/\/kapitalis.com\/tunisie\/2020\/09\/26\/covid-19-le-blues-des-blouses-blanches-en-tunisie\/#primaryimage\"},\"thumbnailUrl\":\"http:\/\/kapitalis.com\/tunisie\/wp-content\/uploads\/2020\/08\/Gabes-coronavirus.jpg\",\"datePublished\":\"2020-09-26T13:09:13+00:00\",\"dateModified\":\"2020-09-27T06:07:01+00:00\",\"breadcrumb\":{\"@id\":\"https:\/\/kapitalis.com\/tunisie\/2020\/09\/26\/covid-19-le-blues-des-blouses-blanches-en-tunisie\/#breadcrumb\"},\"inLanguage\":\"fr-FR\",\"potentialAction\":[{\"@type\":\"ReadAction\",\"target\":[\"https:\/\/kapitalis.com\/tunisie\/2020\/09\/26\/covid-19-le-blues-des-blouses-blanches-en-tunisie\/\"]}]},{\"@type\":\"ImageObject\",\"inLanguage\":\"fr-FR\",\"@id\":\"https:\/\/kapitalis.com\/tunisie\/2020\/09\/26\/covid-19-le-blues-des-blouses-blanches-en-tunisie\/#primaryimage\",\"url\":\"\",\"contentUrl\":\"\"},{\"@type\":\"BreadcrumbList\",\"@id\":\"https:\/\/kapitalis.com\/tunisie\/2020\/09\/26\/covid-19-le-blues-des-blouses-blanches-en-tunisie\/#breadcrumb\",\"itemListElement\":[{\"@type\":\"ListItem\",\"position\":1,\"name\":\"Accueil\",\"item\":\"https:\/\/kapitalis.com\/tunisie\/\"},{\"@type\":\"ListItem\",\"position\":2,\"name\":\"Covid-19 : Le blues des blouses blanches en Tunisie\"}]},{\"@type\":\"WebSite\",\"@id\":\"https:\/\/kapitalis.com\/tunisie\/#website\",\"url\":\"https:\/\/kapitalis.com\/tunisie\/\",\"name\":\"Kapitalis\",\"description\":\"L&#039;actualit\u00e9 en Tunisie et dans le monde\",\"publisher\":{\"@id\":\"https:\/\/kapitalis.com\/tunisie\/#organization\"},\"potentialAction\":[{\"@type\":\"SearchAction\",\"target\":{\"@type\":\"EntryPoint\",\"urlTemplate\":\"https:\/\/kapitalis.com\/tunisie\/?s={search_term_string}\"},\"query-input\":{\"@type\":\"PropertyValueSpecification\",\"valueRequired\":true,\"valueName\":\"search_term_string\"}}],\"inLanguage\":\"fr-FR\"},{\"@type\":\"Organization\",\"@id\":\"https:\/\/kapitalis.com\/tunisie\/#organization\",\"name\":\"Kapitalis\",\"url\":\"https:\/\/kapitalis.com\/tunisie\/\",\"logo\":{\"@type\":\"ImageObject\",\"inLanguage\":\"fr-FR\",\"@id\":\"https:\/\/kapitalis.com\/tunisie\/#\/schema\/logo\/image\/\",\"url\":\"https:\/\/kapitalis.com\/tunisie\/wp-content\/uploads\/2022\/05\/Kapitalis-big-size.png\",\"contentUrl\":\"https:\/\/kapitalis.com\/tunisie\/wp-content\/uploads\/2022\/05\/Kapitalis-big-size.png\",\"width\":5000,\"height\":1500,\"caption\":\"Kapitalis\"},\"image\":{\"@id\":\"https:\/\/kapitalis.com\/tunisie\/#\/schema\/logo\/image\/\"},\"sameAs\":[\"https:\/\/www.facebook.com\/KapitalisInfo\/\",\"https:\/\/x.com\/KapitalisInfo\",\"https:\/\/www.youtube.com\/channel\/UC-yDYrHyfFBWWZaOw3FPg9Q\"]},{\"@type\":\"Person\",\"@id\":\"https:\/\/kapitalis.com\/tunisie\/#\/schema\/person\/d71f33a9ca44f7bad4698210b480c8e9\",\"name\":\"webmaster kapitalis\",\"url\":\"https:\/\/kapitalis.com\/tunisie\/author\/webmaster-kapitalis\/\"}]}<\/script>\n<!-- \/ Yoast SEO plugin. -->","yoast_head_json":{"title":"Covid-19 : Le blues des blouses blanches en Tunisie - Kapitalis","robots":{"index":"index","follow":"follow","max-snippet":"max-snippet:-1","max-image-preview":"max-image-preview:large","max-video-preview":"max-video-preview:-1"},"canonical":"https:\/\/kapitalis.com\/tunisie\/2020\/09\/26\/covid-19-le-blues-des-blouses-blanches-en-tunisie\/","og_locale":"fr_FR","og_type":"article","og_title":"Covid-19 : Le blues des blouses blanches en Tunisie - Kapitalis","og_description":"Etant sur la ligne de front en contact de patients clairement infect\u00e9s par la Covid-19 et d\u2019autres porteurs sains consultants, les professionnels de la sant\u00e9, en Tunisie, commencent \u00e0 \u00eatre infect\u00e9s eux-m\u00eames et en grand nombre. Malgr\u00e9 les moyens humains et mat\u00e9riels tr\u00e8s limit\u00e9s, ils font de leur mieux pour continuer \u00e0 soigner les malades....","og_url":"https:\/\/kapitalis.com\/tunisie\/2020\/09\/26\/covid-19-le-blues-des-blouses-blanches-en-tunisie\/","og_site_name":"Kapitalis","article_publisher":"https:\/\/www.facebook.com\/KapitalisInfo\/","article_published_time":"2020-09-26T13:09:13+00:00","article_modified_time":"2020-09-27T06:07:01+00:00","og_image":[{"url":"http:\/\/kapitalis.com\/tunisie\/wp-content\/uploads\/2020\/08\/Gabes-coronavirus.jpg","type":"","width":"","height":""}],"author":"webmaster kapitalis","twitter_card":"summary_large_image","twitter_creator":"@KapitalisInfo","twitter_site":"@KapitalisInfo","twitter_misc":{"\u00c9crit par":"webmaster kapitalis","Dur\u00e9e de lecture estim\u00e9e":"3 minutes"},"schema":{"@context":"https:\/\/schema.org","@graph":[{"@type":"Article","@id":"https:\/\/kapitalis.com\/tunisie\/2020\/09\/26\/covid-19-le-blues-des-blouses-blanches-en-tunisie\/#article","isPartOf":{"@id":"https:\/\/kapitalis.com\/tunisie\/2020\/09\/26\/covid-19-le-blues-des-blouses-blanches-en-tunisie\/"},"author":{"name":"webmaster kapitalis","@id":"https:\/\/kapitalis.com\/tunisie\/#\/schema\/person\/d71f33a9ca44f7bad4698210b480c8e9"},"headline":"Covid-19 : Le blues des blouses blanches en Tunisie","datePublished":"2020-09-26T13:09:13+00:00","dateModified":"2020-09-27T06:07:01+00:00","mainEntityOfPage":{"@id":"https:\/\/kapitalis.com\/tunisie\/2020\/09\/26\/covid-19-le-blues-des-blouses-blanches-en-tunisie\/"},"wordCount":514,"commentCount":0,"publisher":{"@id":"https:\/\/kapitalis.com\/tunisie\/#organization"},"image":{"@id":"https:\/\/kapitalis.com\/tunisie\/2020\/09\/26\/covid-19-le-blues-des-blouses-blanches-en-tunisie\/#primaryimage"},"thumbnailUrl":"http:\/\/kapitalis.com\/tunisie\/wp-content\/uploads\/2020\/08\/Gabes-coronavirus.jpg","articleSection":["A LA UNE","SOCIETE","TRIBUNE","Tunisie"],"inLanguage":"fr-FR","potentialAction":[{"@type":"CommentAction","name":"Comment","target":["https:\/\/kapitalis.com\/tunisie\/2020\/09\/26\/covid-19-le-blues-des-blouses-blanches-en-tunisie\/#respond"]}]},{"@type":"WebPage","@id":"https:\/\/kapitalis.com\/tunisie\/2020\/09\/26\/covid-19-le-blues-des-blouses-blanches-en-tunisie\/","url":"https:\/\/kapitalis.com\/tunisie\/2020\/09\/26\/covid-19-le-blues-des-blouses-blanches-en-tunisie\/","name":"Covid-19 : Le blues des blouses blanches en Tunisie - Kapitalis","isPartOf":{"@id":"https:\/\/kapitalis.com\/tunisie\/#website"},"primaryImageOfPage":{"@id":"https:\/\/kapitalis.com\/tunisie\/2020\/09\/26\/covid-19-le-blues-des-blouses-blanches-en-tunisie\/#primaryimage"},"image":{"@id":"https:\/\/kapitalis.com\/tunisie\/2020\/09\/26\/covid-19-le-blues-des-blouses-blanches-en-tunisie\/#primaryimage"},"thumbnailUrl":"http:\/\/kapitalis.com\/tunisie\/wp-content\/uploads\/2020\/08\/Gabes-coronavirus.jpg","datePublished":"2020-09-26T13:09:13+00:00","dateModified":"2020-09-27T06:07:01+00:00","breadcrumb":{"@id":"https:\/\/kapitalis.com\/tunisie\/2020\/09\/26\/covid-19-le-blues-des-blouses-blanches-en-tunisie\/#breadcrumb"},"inLanguage":"fr-FR","potentialAction":[{"@type":"ReadAction","target":["https:\/\/kapitalis.com\/tunisie\/2020\/09\/26\/covid-19-le-blues-des-blouses-blanches-en-tunisie\/"]}]},{"@type":"ImageObject","inLanguage":"fr-FR","@id":"https:\/\/kapitalis.com\/tunisie\/2020\/09\/26\/covid-19-le-blues-des-blouses-blanches-en-tunisie\/#primaryimage","url":"","contentUrl":""},{"@type":"BreadcrumbList","@id":"https:\/\/kapitalis.com\/tunisie\/2020\/09\/26\/covid-19-le-blues-des-blouses-blanches-en-tunisie\/#breadcrumb","itemListElement":[{"@type":"ListItem","position":1,"name":"Accueil","item":"https:\/\/kapitalis.com\/tunisie\/"},{"@type":"ListItem","position":2,"name":"Covid-19 : Le blues des blouses blanches en Tunisie"}]},{"@type":"WebSite","@id":"https:\/\/kapitalis.com\/tunisie\/#website","url":"https:\/\/kapitalis.com\/tunisie\/","name":"Kapitalis","description":"L&#039;actualit\u00e9 en Tunisie et dans le monde","publisher":{"@id":"https:\/\/kapitalis.com\/tunisie\/#organization"},"potentialAction":[{"@type":"SearchAction","target":{"@type":"EntryPoint","urlTemplate":"https:\/\/kapitalis.com\/tunisie\/?s={search_term_string}"},"query-input":{"@type":"PropertyValueSpecification","valueRequired":true,"valueName":"search_term_string"}}],"inLanguage":"fr-FR"},{"@type":"Organization","@id":"https:\/\/kapitalis.com\/tunisie\/#organization","name":"Kapitalis","url":"https:\/\/kapitalis.com\/tunisie\/","logo":{"@type":"ImageObject","inLanguage":"fr-FR","@id":"https:\/\/kapitalis.com\/tunisie\/#\/schema\/logo\/image\/","url":"https:\/\/kapitalis.com\/tunisie\/wp-content\/uploads\/2022\/05\/Kapitalis-big-size.png","contentUrl":"https:\/\/kapitalis.com\/tunisie\/wp-content\/uploads\/2022\/05\/Kapitalis-big-size.png","width":5000,"height":1500,"caption":"Kapitalis"},"image":{"@id":"https:\/\/kapitalis.com\/tunisie\/#\/schema\/logo\/image\/"},"sameAs":["https:\/\/www.facebook.com\/KapitalisInfo\/","https:\/\/x.com\/KapitalisInfo","https:\/\/www.youtube.com\/channel\/UC-yDYrHyfFBWWZaOw3FPg9Q"]},{"@type":"Person","@id":"https:\/\/kapitalis.com\/tunisie\/#\/schema\/person\/d71f33a9ca44f7bad4698210b480c8e9","name":"webmaster kapitalis","url":"https:\/\/kapitalis.com\/tunisie\/author\/webmaster-kapitalis\/"}]}},"_links":{"self":[{"href":"https:\/\/kapitalis.com\/tunisie\/wp-json\/wp\/v2\/posts\/318085","targetHints":{"allow":["GET"]}}],"collection":[{"href":"https:\/\/kapitalis.com\/tunisie\/wp-json\/wp\/v2\/posts"}],"about":[{"href":"https:\/\/kapitalis.com\/tunisie\/wp-json\/wp\/v2\/types\/post"}],"author":[{"embeddable":true,"href":"https:\/\/kapitalis.com\/tunisie\/wp-json\/wp\/v2\/users\/8"}],"replies":[{"embeddable":true,"href":"https:\/\/kapitalis.com\/tunisie\/wp-json\/wp\/v2\/comments?post=318085"}],"version-history":[{"count":0,"href":"https:\/\/kapitalis.com\/tunisie\/wp-json\/wp\/v2\/posts\/318085\/revisions"}],"wp:attachment":[{"href":"https:\/\/kapitalis.com\/tunisie\/wp-json\/wp\/v2\/media?parent=318085"}],"wp:term":[{"taxonomy":"category","embeddable":true,"href":"https:\/\/kapitalis.com\/tunisie\/wp-json\/wp\/v2\/categories?post=318085"},{"taxonomy":"post_tag","embeddable":true,"href":"https:\/\/kapitalis.com\/tunisie\/wp-json\/wp\/v2\/tags?post=318085"}],"curies":[{"name":"wp","href":"https:\/\/api.w.org\/{rel}","templated":true}]}}