{"id":318116,"date":"2020-09-27T00:54:35","date_gmt":"2020-09-26T23:54:35","guid":{"rendered":"http:\/\/kapitalis.com\/tunisie\/?p=318116"},"modified":"2020-09-27T07:43:05","modified_gmt":"2020-09-27T06:43:05","slug":"en-visite-a-jendouba-mechichi-annonce-son-soutien-pour-le-developpement-et-la-promotion-du-tourisme-rural","status":"publish","type":"post","link":"https:\/\/kapitalis.com\/tunisie\/2020\/09\/27\/en-visite-a-jendouba-mechichi-annonce-son-soutien-pour-le-developpement-et-la-promotion-du-tourisme-rural\/","title":{"rendered":"En visite \u00e0 Jendouba, Mechichi annonce son soutien pour le d\u00e9veloppement et la promotion du tourisme rural"},"content":{"rendered":"\n<figure class=\"wp-block-image size-large\"><img decoding=\"async\" src=\"http:\/\/kapitalis.com\/tunisie\/wp-content\/uploads\/2020\/09\/Jendouba-Mechichi-tourisme-rural.jpg\" alt=\"\" class=\"wp-image-318120\"\/><\/figure>\n\n\n\n<p><strong><em>Le chef du gouvernement Hichem Mechichi a annonc\u00e9 ce samedi 26 septembre 2020, lors de sa visite \u00e0 Jendouba, que la journ\u00e9e nationale du tourisme rural sera c\u00e9l\u00e9br\u00e9e le 26 septembre de chaque ann\u00e9e, tout en affirmant son soutien \u00e0 ce secteur et en valorisant son r\u00f4le dans le renforcement du d\u00e9veloppement r\u00e9gional durable.<\/em><\/strong><\/p>\n\n\n\n<!--more-->\n\n\n\n<p>Hichem Mechichi estime que les g\u00eetes ruraux pr\u00e9sents dans la r\u00e9gion peuvent cr\u00e9er une dynamique dans les zones rurales et contribuer \u00e0 cr\u00e9er de l\u2019emploi et \u00e0 relancer l\u2019artisanat et le tourisme, tout en affirmant que cette activit\u00e9 peut s\u2019\u00e9tendre sur toute l\u2019ann\u00e9e, l&rsquo;\u00e9cotourisme n&rsquo;\u00e9tant pas li\u00e9 \u00e0 une saison en particulier, et aussi contribuer \u00e0 la relance plusieurs secteurs \u00e9conomiques.<\/p>\n\n\n\n<p>A l&rsquo;occasion de cette visite, le chef du gouvernement s&rsquo;est rendu au Centre du tourisme m\u00e9dical et \u00e9cologique \u00e0 Beni Mtir, en affirmant que ce projet enrichira davantage la r\u00e9gion et mettra en valeur ses richesses naturelles et ses aspects environnementaux. <\/p>\n\n\n\n<figure class=\"wp-block-embed-facebook wp-block-embed is-type-video is-provider-facebook\"><div class=\"wp-block-embed__wrapper\">\nhttps:\/\/www.facebook.com\/Presidencedugouvernementtunisien\/videos\/706012276708010\/?tn=%2Cd%2CP-R&#038;eid=ARAKiyBbaN41v7uwabdB8z706apaHokFLWtHMRydyg035YnHaIUuVxd3N99RhgRu3LF9tflCr_q4n8dv\n<\/div><\/figure>\n\n\n\n<p>Il a \u00e9galement visit\u00e9 le g\u00eete rural Dar Al-Karma \u00e0 Tabarka (Jendouba), qui a ouvert ses portes le 16 juillet 2019 et a encourag\u00e9 le tourisme \u00e9cologique, qui valorise les r\u00e9serves naturelles et environnementales de la r\u00e9gion, a-t-il comment\u00e9.<\/p>\n\n\n\n<p>D&rsquo;autre part, M. Mechichi a fait savoir que le gouvernement allouera les fonds n\u00e9cessaires \u00e0 la cr\u00e9ation d&rsquo;une zone artisanale \u00e0 Tabarka et accompagnera les artisans et les femmes rurales pour les aider \u00e0 commercialiser leurs produits, tout en assurant que des d\u00e9cisions ont \u00e9t\u00e9 prises au profit du tourisme.<\/p>\n\n\n\n<p> \u00ab<em>Leur mise en place doit \u00eatre acc\u00e9l\u00e9r\u00e9e pour sauver la saison touristique, qui a \u00e9t\u00e9 lourdement impact\u00e9e par la situation \u00e9pid\u00e9miologique, caus\u00e9e par le coronavirus, en Tunisie et dans le monde<\/em>\u00bb, a-t-il dit.<\/p>\n\n\n\n<p class=\"has-text-align-right\"><strong>Y. N.<\/strong><\/p>\n","protected":false},"excerpt":{"rendered":"<p>Le chef du gouvernement Hichem Mechichi a annonc\u00e9 ce samedi 26 septembre 2020, lors de sa visite \u00e0 Jendouba, que la journ\u00e9e nationale du tourisme rural sera c\u00e9l\u00e9br\u00e9e le 26 septembre de chaque ann\u00e9e, tout en affirmant son soutien \u00e0 ce secteur et en valorisant son r\u00f4le dans le renforcement du d\u00e9veloppement r\u00e9gional durable.<\/p>\n","protected":false},"author":6,"featured_media":318120,"comment_status":"open","ping_status":"open","sticky":false,"template":"","format":"standard","meta":{"footnotes":""},"categories":[995,997,2433,4806],"tags":[1945,4770,276,83182,74899,515,3699,83183],"class_list":["post-318116","post","type-post","status-publish","format-standard","has-post-thumbnail","hentry","category-economie","category-politique","category-tunisie","category-videos","tag-beni-mtir","tag-chef-gouvernement","tag-developpement-regional","tag-gites","tag-hichem-mechichi","tag-jendouba","tag-tabarka","tag-tourisme-rural"],"yoast_head":"<!-- This site is optimized with the Yoast SEO plugin v26.6 - https:\/\/yoast.com\/wordpress\/plugins\/seo\/ -->\n<title>En visite \u00e0 Jendouba, Mechichi annonce son soutien pour le d\u00e9veloppement et la promotion du tourisme rural - Kapitalis<\/title>\n<meta name=\"robots\" content=\"index, follow, max-snippet:-1, max-image-preview:large, max-video-preview:-1\" \/>\n<link rel=\"canonical\" href=\"https:\/\/kapitalis.com\/tunisie\/2020\/09\/27\/en-visite-a-jendouba-mechichi-annonce-son-soutien-pour-le-developpement-et-la-promotion-du-tourisme-rural\/\" \/>\n<meta property=\"og:locale\" content=\"fr_FR\" \/>\n<meta property=\"og:type\" content=\"article\" \/>\n<meta property=\"og:title\" content=\"En visite \u00e0 Jendouba, Mechichi annonce son soutien pour le d\u00e9veloppement et la promotion du tourisme rural - Kapitalis\" \/>\n<meta property=\"og:description\" content=\"Le chef du gouvernement Hichem Mechichi a annonc\u00e9 ce samedi 26 septembre 2020, lors de sa visite \u00e0 Jendouba, que la journ\u00e9e nationale du tourisme rural sera c\u00e9l\u00e9br\u00e9e le 26 septembre de chaque ann\u00e9e, tout en affirmant son soutien \u00e0 ce secteur et en valorisant son r\u00f4le dans le renforcement du d\u00e9veloppement r\u00e9gional durable.\" \/>\n<meta property=\"og:url\" content=\"https:\/\/kapitalis.com\/tunisie\/2020\/09\/27\/en-visite-a-jendouba-mechichi-annonce-son-soutien-pour-le-developpement-et-la-promotion-du-tourisme-rural\/\" \/>\n<meta property=\"og:site_name\" content=\"Kapitalis\" \/>\n<meta property=\"article:publisher\" content=\"https:\/\/www.facebook.com\/KapitalisInfo\/\" \/>\n<meta property=\"article:published_time\" content=\"2020-09-26T23:54:35+00:00\" \/>\n<meta property=\"article:modified_time\" content=\"2020-09-27T06:43:05+00:00\" \/>\n<meta property=\"og:image\" content=\"https:\/\/kapitalis.com\/tunisie\/wp-content\/uploads\/2022\/05\/kapitalis-logo-fb.png\" \/>\n\t<meta property=\"og:image:width\" content=\"1200\" \/>\n\t<meta property=\"og:image:height\" content=\"630\" \/>\n\t<meta property=\"og:image:type\" content=\"image\/png\" \/>\n<meta name=\"author\" content=\"Yusra NY\" \/>\n<meta name=\"twitter:card\" content=\"summary_large_image\" \/>\n<meta name=\"twitter:creator\" content=\"@KapitalisInfo\" \/>\n<meta name=\"twitter:site\" content=\"@KapitalisInfo\" \/>\n<meta name=\"twitter:label1\" content=\"\u00c9crit par\" \/>\n\t<meta name=\"twitter:data1\" content=\"Yusra NY\" \/>\n\t<meta name=\"twitter:label2\" content=\"Dur\u00e9e de lecture estim\u00e9e\" \/>\n\t<meta name=\"twitter:data2\" content=\"2 minutes\" \/>\n<script type=\"application\/ld+json\" class=\"yoast-schema-graph\">{\"@context\":\"https:\/\/schema.org\",\"@graph\":[{\"@type\":\"Article\",\"@id\":\"https:\/\/kapitalis.com\/tunisie\/2020\/09\/27\/en-visite-a-jendouba-mechichi-annonce-son-soutien-pour-le-developpement-et-la-promotion-du-tourisme-rural\/#article\",\"isPartOf\":{\"@id\":\"https:\/\/kapitalis.com\/tunisie\/2020\/09\/27\/en-visite-a-jendouba-mechichi-annonce-son-soutien-pour-le-developpement-et-la-promotion-du-tourisme-rural\/\"},\"author\":{\"name\":\"Yusra NY\",\"@id\":\"https:\/\/kapitalis.com\/tunisie\/#\/schema\/person\/74bbde0154d49d790a92aaeac5bc01d5\"},\"headline\":\"En visite \u00e0 Jendouba, Mechichi annonce son soutien pour le d\u00e9veloppement et la promotion du tourisme rural\",\"datePublished\":\"2020-09-26T23:54:35+00:00\",\"dateModified\":\"2020-09-27T06:43:05+00:00\",\"mainEntityOfPage\":{\"@id\":\"https:\/\/kapitalis.com\/tunisie\/2020\/09\/27\/en-visite-a-jendouba-mechichi-annonce-son-soutien-pour-le-developpement-et-la-promotion-du-tourisme-rural\/\"},\"wordCount\":339,\"commentCount\":5,\"publisher\":{\"@id\":\"https:\/\/kapitalis.com\/tunisie\/#organization\"},\"image\":{\"@id\":\"https:\/\/kapitalis.com\/tunisie\/2020\/09\/27\/en-visite-a-jendouba-mechichi-annonce-son-soutien-pour-le-developpement-et-la-promotion-du-tourisme-rural\/#primaryimage\"},\"thumbnailUrl\":\"\",\"keywords\":[\"Beni Mtir\",\"chef gouvernement\",\"d\u00e9veloppement r\u00e9gional\",\"g\u00eetes\",\"Hichem Mechichi\",\"Jendouba\",\"Tabarka\",\"tourisme rural\"],\"articleSection\":[\"ECONOMIE\",\"POLITIQUE\",\"Tunisie\",\"VIDEOS\"],\"inLanguage\":\"fr-FR\",\"potentialAction\":[{\"@type\":\"CommentAction\",\"name\":\"Comment\",\"target\":[\"https:\/\/kapitalis.com\/tunisie\/2020\/09\/27\/en-visite-a-jendouba-mechichi-annonce-son-soutien-pour-le-developpement-et-la-promotion-du-tourisme-rural\/#respond\"]}]},{\"@type\":\"WebPage\",\"@id\":\"https:\/\/kapitalis.com\/tunisie\/2020\/09\/27\/en-visite-a-jendouba-mechichi-annonce-son-soutien-pour-le-developpement-et-la-promotion-du-tourisme-rural\/\",\"url\":\"https:\/\/kapitalis.com\/tunisie\/2020\/09\/27\/en-visite-a-jendouba-mechichi-annonce-son-soutien-pour-le-developpement-et-la-promotion-du-tourisme-rural\/\",\"name\":\"En visite \u00e0 Jendouba, Mechichi annonce son soutien pour le d\u00e9veloppement et la promotion du tourisme rural - Kapitalis\",\"isPartOf\":{\"@id\":\"https:\/\/kapitalis.com\/tunisie\/#website\"},\"primaryImageOfPage\":{\"@id\":\"https:\/\/kapitalis.com\/tunisie\/2020\/09\/27\/en-visite-a-jendouba-mechichi-annonce-son-soutien-pour-le-developpement-et-la-promotion-du-tourisme-rural\/#primaryimage\"},\"image\":{\"@id\":\"https:\/\/kapitalis.com\/tunisie\/2020\/09\/27\/en-visite-a-jendouba-mechichi-annonce-son-soutien-pour-le-developpement-et-la-promotion-du-tourisme-rural\/#primaryimage\"},\"thumbnailUrl\":\"\",\"datePublished\":\"2020-09-26T23:54:35+00:00\",\"dateModified\":\"2020-09-27T06:43:05+00:00\",\"breadcrumb\":{\"@id\":\"https:\/\/kapitalis.com\/tunisie\/2020\/09\/27\/en-visite-a-jendouba-mechichi-annonce-son-soutien-pour-le-developpement-et-la-promotion-du-tourisme-rural\/#breadcrumb\"},\"inLanguage\":\"fr-FR\",\"potentialAction\":[{\"@type\":\"ReadAction\",\"target\":[\"https:\/\/kapitalis.com\/tunisie\/2020\/09\/27\/en-visite-a-jendouba-mechichi-annonce-son-soutien-pour-le-developpement-et-la-promotion-du-tourisme-rural\/\"]}]},{\"@type\":\"ImageObject\",\"inLanguage\":\"fr-FR\",\"@id\":\"https:\/\/kapitalis.com\/tunisie\/2020\/09\/27\/en-visite-a-jendouba-mechichi-annonce-son-soutien-pour-le-developpement-et-la-promotion-du-tourisme-rural\/#primaryimage\",\"url\":\"\",\"contentUrl\":\"\"},{\"@type\":\"BreadcrumbList\",\"@id\":\"https:\/\/kapitalis.com\/tunisie\/2020\/09\/27\/en-visite-a-jendouba-mechichi-annonce-son-soutien-pour-le-developpement-et-la-promotion-du-tourisme-rural\/#breadcrumb\",\"itemListElement\":[{\"@type\":\"ListItem\",\"position\":1,\"name\":\"Accueil\",\"item\":\"https:\/\/kapitalis.com\/tunisie\/\"},{\"@type\":\"ListItem\",\"position\":2,\"name\":\"En visite \u00e0 Jendouba, Mechichi annonce son soutien pour le d\u00e9veloppement et la promotion du tourisme rural\"}]},{\"@type\":\"WebSite\",\"@id\":\"https:\/\/kapitalis.com\/tunisie\/#website\",\"url\":\"https:\/\/kapitalis.com\/tunisie\/\",\"name\":\"Kapitalis\",\"description\":\"L&#039;actualit\u00e9 en Tunisie et dans le monde\",\"publisher\":{\"@id\":\"https:\/\/kapitalis.com\/tunisie\/#organization\"},\"potentialAction\":[{\"@type\":\"SearchAction\",\"target\":{\"@type\":\"EntryPoint\",\"urlTemplate\":\"https:\/\/kapitalis.com\/tunisie\/?s={search_term_string}\"},\"query-input\":{\"@type\":\"PropertyValueSpecification\",\"valueRequired\":true,\"valueName\":\"search_term_string\"}}],\"inLanguage\":\"fr-FR\"},{\"@type\":\"Organization\",\"@id\":\"https:\/\/kapitalis.com\/tunisie\/#organization\",\"name\":\"Kapitalis\",\"url\":\"https:\/\/kapitalis.com\/tunisie\/\",\"logo\":{\"@type\":\"ImageObject\",\"inLanguage\":\"fr-FR\",\"@id\":\"https:\/\/kapitalis.com\/tunisie\/#\/schema\/logo\/image\/\",\"url\":\"https:\/\/kapitalis.com\/tunisie\/wp-content\/uploads\/2022\/05\/Kapitalis-big-size.png\",\"contentUrl\":\"https:\/\/kapitalis.com\/tunisie\/wp-content\/uploads\/2022\/05\/Kapitalis-big-size.png\",\"width\":5000,\"height\":1500,\"caption\":\"Kapitalis\"},\"image\":{\"@id\":\"https:\/\/kapitalis.com\/tunisie\/#\/schema\/logo\/image\/\"},\"sameAs\":[\"https:\/\/www.facebook.com\/KapitalisInfo\/\",\"https:\/\/x.com\/KapitalisInfo\",\"https:\/\/www.youtube.com\/channel\/UC-yDYrHyfFBWWZaOw3FPg9Q\"]},{\"@type\":\"Person\",\"@id\":\"https:\/\/kapitalis.com\/tunisie\/#\/schema\/person\/74bbde0154d49d790a92aaeac5bc01d5\",\"name\":\"Yusra NY\",\"url\":\"https:\/\/kapitalis.com\/tunisie\/author\/yuza_adam\/\"}]}<\/script>\n<!-- \/ Yoast SEO plugin. -->","yoast_head_json":{"title":"En visite \u00e0 Jendouba, Mechichi annonce son soutien pour le d\u00e9veloppement et la promotion du tourisme rural - Kapitalis","robots":{"index":"index","follow":"follow","max-snippet":"max-snippet:-1","max-image-preview":"max-image-preview:large","max-video-preview":"max-video-preview:-1"},"canonical":"https:\/\/kapitalis.com\/tunisie\/2020\/09\/27\/en-visite-a-jendouba-mechichi-annonce-son-soutien-pour-le-developpement-et-la-promotion-du-tourisme-rural\/","og_locale":"fr_FR","og_type":"article","og_title":"En visite \u00e0 Jendouba, Mechichi annonce son soutien pour le d\u00e9veloppement et la promotion du tourisme rural - Kapitalis","og_description":"Le chef du gouvernement Hichem Mechichi a annonc\u00e9 ce samedi 26 septembre 2020, lors de sa visite \u00e0 Jendouba, que la journ\u00e9e nationale du tourisme rural sera c\u00e9l\u00e9br\u00e9e le 26 septembre de chaque ann\u00e9e, tout en affirmant son soutien \u00e0 ce secteur et en valorisant son r\u00f4le dans le renforcement du d\u00e9veloppement r\u00e9gional durable.","og_url":"https:\/\/kapitalis.com\/tunisie\/2020\/09\/27\/en-visite-a-jendouba-mechichi-annonce-son-soutien-pour-le-developpement-et-la-promotion-du-tourisme-rural\/","og_site_name":"Kapitalis","article_publisher":"https:\/\/www.facebook.com\/KapitalisInfo\/","article_published_time":"2020-09-26T23:54:35+00:00","article_modified_time":"2020-09-27T06:43:05+00:00","og_image":[{"width":1200,"height":630,"url":"https:\/\/kapitalis.com\/tunisie\/wp-content\/uploads\/2022\/05\/kapitalis-logo-fb.png","type":"image\/png"}],"author":"Yusra NY","twitter_card":"summary_large_image","twitter_creator":"@KapitalisInfo","twitter_site":"@KapitalisInfo","twitter_misc":{"\u00c9crit par":"Yusra NY","Dur\u00e9e de lecture estim\u00e9e":"2 minutes"},"schema":{"@context":"https:\/\/schema.org","@graph":[{"@type":"Article","@id":"https:\/\/kapitalis.com\/tunisie\/2020\/09\/27\/en-visite-a-jendouba-mechichi-annonce-son-soutien-pour-le-developpement-et-la-promotion-du-tourisme-rural\/#article","isPartOf":{"@id":"https:\/\/kapitalis.com\/tunisie\/2020\/09\/27\/en-visite-a-jendouba-mechichi-annonce-son-soutien-pour-le-developpement-et-la-promotion-du-tourisme-rural\/"},"author":{"name":"Yusra NY","@id":"https:\/\/kapitalis.com\/tunisie\/#\/schema\/person\/74bbde0154d49d790a92aaeac5bc01d5"},"headline":"En visite \u00e0 Jendouba, Mechichi annonce son soutien pour le d\u00e9veloppement et la promotion du tourisme rural","datePublished":"2020-09-26T23:54:35+00:00","dateModified":"2020-09-27T06:43:05+00:00","mainEntityOfPage":{"@id":"https:\/\/kapitalis.com\/tunisie\/2020\/09\/27\/en-visite-a-jendouba-mechichi-annonce-son-soutien-pour-le-developpement-et-la-promotion-du-tourisme-rural\/"},"wordCount":339,"commentCount":5,"publisher":{"@id":"https:\/\/kapitalis.com\/tunisie\/#organization"},"image":{"@id":"https:\/\/kapitalis.com\/tunisie\/2020\/09\/27\/en-visite-a-jendouba-mechichi-annonce-son-soutien-pour-le-developpement-et-la-promotion-du-tourisme-rural\/#primaryimage"},"thumbnailUrl":"","keywords":["Beni Mtir","chef gouvernement","d\u00e9veloppement r\u00e9gional","g\u00eetes","Hichem Mechichi","Jendouba","Tabarka","tourisme rural"],"articleSection":["ECONOMIE","POLITIQUE","Tunisie","VIDEOS"],"inLanguage":"fr-FR","potentialAction":[{"@type":"CommentAction","name":"Comment","target":["https:\/\/kapitalis.com\/tunisie\/2020\/09\/27\/en-visite-a-jendouba-mechichi-annonce-son-soutien-pour-le-developpement-et-la-promotion-du-tourisme-rural\/#respond"]}]},{"@type":"WebPage","@id":"https:\/\/kapitalis.com\/tunisie\/2020\/09\/27\/en-visite-a-jendouba-mechichi-annonce-son-soutien-pour-le-developpement-et-la-promotion-du-tourisme-rural\/","url":"https:\/\/kapitalis.com\/tunisie\/2020\/09\/27\/en-visite-a-jendouba-mechichi-annonce-son-soutien-pour-le-developpement-et-la-promotion-du-tourisme-rural\/","name":"En visite \u00e0 Jendouba, Mechichi annonce son soutien pour le d\u00e9veloppement et la promotion du tourisme rural - Kapitalis","isPartOf":{"@id":"https:\/\/kapitalis.com\/tunisie\/#website"},"primaryImageOfPage":{"@id":"https:\/\/kapitalis.com\/tunisie\/2020\/09\/27\/en-visite-a-jendouba-mechichi-annonce-son-soutien-pour-le-developpement-et-la-promotion-du-tourisme-rural\/#primaryimage"},"image":{"@id":"https:\/\/kapitalis.com\/tunisie\/2020\/09\/27\/en-visite-a-jendouba-mechichi-annonce-son-soutien-pour-le-developpement-et-la-promotion-du-tourisme-rural\/#primaryimage"},"thumbnailUrl":"","datePublished":"2020-09-26T23:54:35+00:00","dateModified":"2020-09-27T06:43:05+00:00","breadcrumb":{"@id":"https:\/\/kapitalis.com\/tunisie\/2020\/09\/27\/en-visite-a-jendouba-mechichi-annonce-son-soutien-pour-le-developpement-et-la-promotion-du-tourisme-rural\/#breadcrumb"},"inLanguage":"fr-FR","potentialAction":[{"@type":"ReadAction","target":["https:\/\/kapitalis.com\/tunisie\/2020\/09\/27\/en-visite-a-jendouba-mechichi-annonce-son-soutien-pour-le-developpement-et-la-promotion-du-tourisme-rural\/"]}]},{"@type":"ImageObject","inLanguage":"fr-FR","@id":"https:\/\/kapitalis.com\/tunisie\/2020\/09\/27\/en-visite-a-jendouba-mechichi-annonce-son-soutien-pour-le-developpement-et-la-promotion-du-tourisme-rural\/#primaryimage","url":"","contentUrl":""},{"@type":"BreadcrumbList","@id":"https:\/\/kapitalis.com\/tunisie\/2020\/09\/27\/en-visite-a-jendouba-mechichi-annonce-son-soutien-pour-le-developpement-et-la-promotion-du-tourisme-rural\/#breadcrumb","itemListElement":[{"@type":"ListItem","position":1,"name":"Accueil","item":"https:\/\/kapitalis.com\/tunisie\/"},{"@type":"ListItem","position":2,"name":"En visite \u00e0 Jendouba, Mechichi annonce son soutien pour le d\u00e9veloppement et la promotion du tourisme rural"}]},{"@type":"WebSite","@id":"https:\/\/kapitalis.com\/tunisie\/#website","url":"https:\/\/kapitalis.com\/tunisie\/","name":"Kapitalis","description":"L&#039;actualit\u00e9 en Tunisie et dans le monde","publisher":{"@id":"https:\/\/kapitalis.com\/tunisie\/#organization"},"potentialAction":[{"@type":"SearchAction","target":{"@type":"EntryPoint","urlTemplate":"https:\/\/kapitalis.com\/tunisie\/?s={search_term_string}"},"query-input":{"@type":"PropertyValueSpecification","valueRequired":true,"valueName":"search_term_string"}}],"inLanguage":"fr-FR"},{"@type":"Organization","@id":"https:\/\/kapitalis.com\/tunisie\/#organization","name":"Kapitalis","url":"https:\/\/kapitalis.com\/tunisie\/","logo":{"@type":"ImageObject","inLanguage":"fr-FR","@id":"https:\/\/kapitalis.com\/tunisie\/#\/schema\/logo\/image\/","url":"https:\/\/kapitalis.com\/tunisie\/wp-content\/uploads\/2022\/05\/Kapitalis-big-size.png","contentUrl":"https:\/\/kapitalis.com\/tunisie\/wp-content\/uploads\/2022\/05\/Kapitalis-big-size.png","width":5000,"height":1500,"caption":"Kapitalis"},"image":{"@id":"https:\/\/kapitalis.com\/tunisie\/#\/schema\/logo\/image\/"},"sameAs":["https:\/\/www.facebook.com\/KapitalisInfo\/","https:\/\/x.com\/KapitalisInfo","https:\/\/www.youtube.com\/channel\/UC-yDYrHyfFBWWZaOw3FPg9Q"]},{"@type":"Person","@id":"https:\/\/kapitalis.com\/tunisie\/#\/schema\/person\/74bbde0154d49d790a92aaeac5bc01d5","name":"Yusra NY","url":"https:\/\/kapitalis.com\/tunisie\/author\/yuza_adam\/"}]}},"_links":{"self":[{"href":"https:\/\/kapitalis.com\/tunisie\/wp-json\/wp\/v2\/posts\/318116","targetHints":{"allow":["GET"]}}],"collection":[{"href":"https:\/\/kapitalis.com\/tunisie\/wp-json\/wp\/v2\/posts"}],"about":[{"href":"https:\/\/kapitalis.com\/tunisie\/wp-json\/wp\/v2\/types\/post"}],"author":[{"embeddable":true,"href":"https:\/\/kapitalis.com\/tunisie\/wp-json\/wp\/v2\/users\/6"}],"replies":[{"embeddable":true,"href":"https:\/\/kapitalis.com\/tunisie\/wp-json\/wp\/v2\/comments?post=318116"}],"version-history":[{"count":0,"href":"https:\/\/kapitalis.com\/tunisie\/wp-json\/wp\/v2\/posts\/318116\/revisions"}],"wp:featuredmedia":[{"embeddable":true,"href":"https:\/\/kapitalis.com\/tunisie\/wp-json\/wp\/v2\/media\/318120"}],"wp:attachment":[{"href":"https:\/\/kapitalis.com\/tunisie\/wp-json\/wp\/v2\/media?parent=318116"}],"wp:term":[{"taxonomy":"category","embeddable":true,"href":"https:\/\/kapitalis.com\/tunisie\/wp-json\/wp\/v2\/categories?post=318116"},{"taxonomy":"post_tag","embeddable":true,"href":"https:\/\/kapitalis.com\/tunisie\/wp-json\/wp\/v2\/tags?post=318116"}],"curies":[{"name":"wp","href":"https:\/\/api.w.org\/{rel}","templated":true}]}}