{"id":31827,"date":"2015-12-24T09:23:14","date_gmt":"2015-12-24T08:23:14","guid":{"rendered":"http:\/\/kapitalis.com\/tunisie\/?p=31827"},"modified":"2015-12-24T09:23:14","modified_gmt":"2015-12-24T08:23:14","slug":"les-medias-audiovisuels-en-tunisie-ou-limprobable-independance","status":"publish","type":"post","link":"https:\/\/kapitalis.com\/tunisie\/2015\/12\/24\/les-medias-audiovisuels-en-tunisie-ou-limprobable-independance\/","title":{"rendered":"Les m\u00e9dias audiovisuels en Tunisie ou l\u2019improbable ind\u00e9pendance"},"content":{"rendered":"<p><img loading=\"lazy\" decoding=\"async\" class=\"alignnone size-full wp-image-31828 aligncenter\" src=\"http:\/\/kapitalis.com\/tunisie\/wp-content\/uploads\/2015\/12\/Audiovisuel.jpg\" alt=\"Audiovisuel\" width=\"626\" height=\"380\" \/><\/p>\n<p><em><strong>Cinq ans apr\u00e8s la chute de la dictature, les m\u00e9dias audiovisuels en Tunisie tardent \u00e0 se conformer aux exigences d\u2019une gouvernance d\u00e9mocratique.<\/strong> <\/em><\/p>\n<p>Par <strong>Hamdi Hmaidi<\/strong><\/p>\n<p><!--more--><\/p>\n<p>Le changement intervenu en Tunisie en 2011 a eu un impact r\u00e9el sur le paysage audiovisuel national. La parution de nouveaux textes r\u00e8glementaires a permis d\u2019assurer une existence effective \u00e0 la libert\u00e9 d\u2019expression et a ainsi ouvert la voie \u00e0 l\u2019\u00e9mergence de nouvelles cha\u00eenes de t\u00e9l\u00e9vision et de nouvelles stations radio. C\u2019est ce qui a n\u00e9cessit\u00e9 la cr\u00e9ation d\u2019une instance de r\u00e9gulation ayant pour t\u00e2che essentielle de faire \u00e9viter les d\u00e9rapages de toutes sortes quelle qu\u2019en soit l\u2019origine dans une d\u00e9mocratie naissante.<\/p>\n<p><strong>Un premier pas insuffisant<\/strong><\/p>\n<p>Cette exp\u00e9rience de cinq ans a fait l\u2019objet d\u2019une \u00e9tude que vient de publier l\u2019Association tunisienne de gouvernance (ATG). L\u2019\u00e9valuation propos\u00e9e concerne aussi bien la Haute autorit\u00e9 ind\u00e9pendante de la communication audiovisuelle (Haica) que les m\u00e9dias audiovisuels publics et priv\u00e9s.<\/p>\n<p>Le rapport en question consid\u00e8re que le fait de confier la gestion du secteur des m\u00e9dias audiovisuels \u00e0 une instance r\u00e9gulatrice est en soi \u00ab<em>un premier pas vers l\u2019instauration d\u2019une r\u00e8gle de bonne gouvernance<\/em>\u00bb. Toutefois, il estime que l\u2019intervention de l\u2019ex\u00e9cutif et du\u00a0 l\u00e9gislatif \u00e0 travers les nominations faites par la pr\u00e9sidence de la r\u00e9publique et l\u2019Assembl\u00e9e des repr\u00e9sentants du peuple (ARP) fausse un peu le jeu, malgr\u00e9 l\u2019association du Syndicat national des journalistes tunisiens (SNJT) et du Syndicat tunisien des directeurs des m\u00e9dias (STDM) \u00e0 ce processus.<\/p>\n<p>Ce m\u00eame rapport d\u00e9plore le fait que la Haica ne b\u00e9n\u00e9ficie pas d\u2019une v\u00e9ritable ind\u00e9pendance financi\u00e8re et administrative, chose qui r\u00e9duit sa marge de man\u0153uvre et l\u2019emp\u00eache de b\u00e9n\u00e9ficier de l\u2019apport des meilleures comp\u00e9tences nationales dans son appareil ex\u00e9cutif.<\/p>\n<p>De plus, cette instance a, selon l\u2019ATG, fait usage dans sa pratique \u00abde l\u2019outil r\u00e9pressif au d\u00e9triment d\u2019une approche participative\u00bb quand il s\u2019agit de relever des d\u00e9rives. Des dysfonctionnements ont \u00e9t\u00e9 \u00e9galement soulign\u00e9s. Il s\u2019agit notamment du \u00abmanque de transparence quant \u00e0 la proc\u00e9dure d\u2019octroi de licences, puisque les crit\u00e8res de s\u00e9lection dans les cahiers de charges restent vagues donnant au r\u00e9gulateur un pouvoir discr\u00e9tionnaire important\u00bb.<\/p>\n<p><strong>M\u00e9dias publics et contr\u00f4le de l\u2019Etat<\/strong><\/p>\n<p>Ce qui est reproch\u00e9 aux m\u00e9dias audiovisuels publics, c\u2019est leur r\u00e9ticence \u00e0 suivre les changements intervenus. Ils sont, nous dit cette \u00e9tude, <em>\u00abtoujours au service des gouvernements successifs\u00bb<\/em> parce qu\u2019ils sont <em>\u00abencore sous le contr\u00f4le administratif et financier de l\u2019Etat et n\u2019arrivent pas \u00e0 avoir leur ind\u00e9pendance et autonomie\u00bb<\/em>. Cela se r\u00e9percute n\u00e9cessairement sur la programmation : <em>\u00ababsence de l\u2019identit\u00e9 \u00e9ditoriale de chaque cha\u00eene, t\u00e9l\u00e9 ou radio, du fait de l\u2019absence d\u2019un projet strat\u00e9gique\u00bb.<\/em><\/p>\n<p>C\u00f4t\u00e9 m\u00e9dias audiovisuels priv\u00e9s, les probl\u00e8mes de gouvernance sont l\u00e9gion. La qu\u00eate de l\u2019audience, bien que l\u00e9gitime en soi, s\u2019est faite <em>\u00abparfois au d\u00e9triment de la qualit\u00e9, des normes professionnelles et de l\u2019\u00e9thique du m\u00e9tier\u00bb<\/em>, les r\u00e8gles de la d\u00e9ontologie n\u2019ont pas \u00e9t\u00e9 respect\u00e9es, le but lucratif a rel\u00e9gu\u00e9 au second plan la question de l\u2019identit\u00e9 particuli\u00e8re que doit avoir chaque m\u00e9dia.<\/p>\n<p>Compte tenu de ces insuffisances qui emp\u00eachent aujourd\u2019hui le paysage m\u00e9diatique audiovisuel d\u2019\u00eatre au diapason de la transition qui est en train de s\u2019op\u00e9rer, l\u2019ATG\u00a0 recommande de \u00ab<em>pr\u00e9voir les m\u00e9canismes ad\u00e9quats pour la mise en place d\u2019une strat\u00e9gie globale de bonne gouvernance\u00bb.<\/em><\/p>\n","protected":false},"excerpt":{"rendered":"<p>Cinq ans apr\u00e8s la chute de la dictature, les m\u00e9dias audiovisuels en Tunisie tardent \u00e0 se conformer aux exigences d\u2019une gouvernance d\u00e9mocratique. Par Hamdi Hmaidi<\/p>\n","protected":false},"author":8,"featured_media":31828,"comment_status":"open","ping_status":"open","sticky":false,"template":"","format":"standard","meta":{"footnotes":""},"categories":[992,996,2433],"tags":[1843,838,11645],"class_list":["post-31827","post","type-post","status-publish","format-standard","has-post-thumbnail","hentry","category-a-la-une","category-media","category-tunisie","tag-haica","tag-snjt","tag-syndicat-des-journalistes"],"yoast_head":"<!-- This site is optimized with the Yoast SEO plugin v26.6 - https:\/\/yoast.com\/wordpress\/plugins\/seo\/ -->\n<title>Les m\u00e9dias audiovisuels en Tunisie ou l\u2019improbable ind\u00e9pendance - Kapitalis<\/title>\n<meta name=\"robots\" content=\"index, follow, max-snippet:-1, max-image-preview:large, max-video-preview:-1\" \/>\n<link rel=\"canonical\" href=\"https:\/\/kapitalis.com\/tunisie\/2015\/12\/24\/les-medias-audiovisuels-en-tunisie-ou-limprobable-independance\/\" \/>\n<meta property=\"og:locale\" content=\"fr_FR\" \/>\n<meta property=\"og:type\" content=\"article\" \/>\n<meta property=\"og:title\" content=\"Les m\u00e9dias audiovisuels en Tunisie ou l\u2019improbable ind\u00e9pendance - Kapitalis\" \/>\n<meta property=\"og:description\" content=\"Cinq ans apr\u00e8s la chute de la dictature, les m\u00e9dias audiovisuels en Tunisie tardent \u00e0 se conformer aux exigences d\u2019une gouvernance d\u00e9mocratique. Par Hamdi Hmaidi\" \/>\n<meta property=\"og:url\" content=\"https:\/\/kapitalis.com\/tunisie\/2015\/12\/24\/les-medias-audiovisuels-en-tunisie-ou-limprobable-independance\/\" \/>\n<meta property=\"og:site_name\" content=\"Kapitalis\" \/>\n<meta property=\"article:publisher\" content=\"https:\/\/www.facebook.com\/KapitalisInfo\/\" \/>\n<meta property=\"article:published_time\" content=\"2015-12-24T08:23:14+00:00\" \/>\n<meta property=\"og:image\" content=\"https:\/\/kapitalis.com\/tunisie\/wp-content\/uploads\/2022\/05\/kapitalis-logo-fb.png\" \/>\n\t<meta property=\"og:image:width\" content=\"1200\" \/>\n\t<meta property=\"og:image:height\" content=\"630\" \/>\n\t<meta property=\"og:image:type\" content=\"image\/png\" \/>\n<meta name=\"author\" content=\"webmaster kapitalis\" \/>\n<meta name=\"twitter:card\" content=\"summary_large_image\" \/>\n<meta name=\"twitter:creator\" content=\"@KapitalisInfo\" \/>\n<meta name=\"twitter:site\" content=\"@KapitalisInfo\" \/>\n<meta name=\"twitter:label1\" content=\"\u00c9crit par\" \/>\n\t<meta name=\"twitter:data1\" content=\"webmaster kapitalis\" \/>\n\t<meta name=\"twitter:label2\" content=\"Dur\u00e9e de lecture estim\u00e9e\" \/>\n\t<meta name=\"twitter:data2\" content=\"3 minutes\" \/>\n<script type=\"application\/ld+json\" class=\"yoast-schema-graph\">{\"@context\":\"https:\/\/schema.org\",\"@graph\":[{\"@type\":\"Article\",\"@id\":\"https:\/\/kapitalis.com\/tunisie\/2015\/12\/24\/les-medias-audiovisuels-en-tunisie-ou-limprobable-independance\/#article\",\"isPartOf\":{\"@id\":\"https:\/\/kapitalis.com\/tunisie\/2015\/12\/24\/les-medias-audiovisuels-en-tunisie-ou-limprobable-independance\/\"},\"author\":{\"name\":\"webmaster kapitalis\",\"@id\":\"https:\/\/kapitalis.com\/tunisie\/#\/schema\/person\/d71f33a9ca44f7bad4698210b480c8e9\"},\"headline\":\"Les m\u00e9dias audiovisuels en Tunisie ou l\u2019improbable ind\u00e9pendance\",\"datePublished\":\"2015-12-24T08:23:14+00:00\",\"mainEntityOfPage\":{\"@id\":\"https:\/\/kapitalis.com\/tunisie\/2015\/12\/24\/les-medias-audiovisuels-en-tunisie-ou-limprobable-independance\/\"},\"wordCount\":659,\"commentCount\":0,\"publisher\":{\"@id\":\"https:\/\/kapitalis.com\/tunisie\/#organization\"},\"image\":{\"@id\":\"https:\/\/kapitalis.com\/tunisie\/2015\/12\/24\/les-medias-audiovisuels-en-tunisie-ou-limprobable-independance\/#primaryimage\"},\"thumbnailUrl\":\"\",\"keywords\":[\"Haica\",\"SNJT\",\"syndicat des journalistes\"],\"articleSection\":[\"A LA UNE\",\"MEDIA\",\"Tunisie\"],\"inLanguage\":\"fr-FR\",\"potentialAction\":[{\"@type\":\"CommentAction\",\"name\":\"Comment\",\"target\":[\"https:\/\/kapitalis.com\/tunisie\/2015\/12\/24\/les-medias-audiovisuels-en-tunisie-ou-limprobable-independance\/#respond\"]}]},{\"@type\":\"WebPage\",\"@id\":\"https:\/\/kapitalis.com\/tunisie\/2015\/12\/24\/les-medias-audiovisuels-en-tunisie-ou-limprobable-independance\/\",\"url\":\"https:\/\/kapitalis.com\/tunisie\/2015\/12\/24\/les-medias-audiovisuels-en-tunisie-ou-limprobable-independance\/\",\"name\":\"Les m\u00e9dias audiovisuels en Tunisie ou l\u2019improbable ind\u00e9pendance - Kapitalis\",\"isPartOf\":{\"@id\":\"https:\/\/kapitalis.com\/tunisie\/#website\"},\"primaryImageOfPage\":{\"@id\":\"https:\/\/kapitalis.com\/tunisie\/2015\/12\/24\/les-medias-audiovisuels-en-tunisie-ou-limprobable-independance\/#primaryimage\"},\"image\":{\"@id\":\"https:\/\/kapitalis.com\/tunisie\/2015\/12\/24\/les-medias-audiovisuels-en-tunisie-ou-limprobable-independance\/#primaryimage\"},\"thumbnailUrl\":\"\",\"datePublished\":\"2015-12-24T08:23:14+00:00\",\"breadcrumb\":{\"@id\":\"https:\/\/kapitalis.com\/tunisie\/2015\/12\/24\/les-medias-audiovisuels-en-tunisie-ou-limprobable-independance\/#breadcrumb\"},\"inLanguage\":\"fr-FR\",\"potentialAction\":[{\"@type\":\"ReadAction\",\"target\":[\"https:\/\/kapitalis.com\/tunisie\/2015\/12\/24\/les-medias-audiovisuels-en-tunisie-ou-limprobable-independance\/\"]}]},{\"@type\":\"ImageObject\",\"inLanguage\":\"fr-FR\",\"@id\":\"https:\/\/kapitalis.com\/tunisie\/2015\/12\/24\/les-medias-audiovisuels-en-tunisie-ou-limprobable-independance\/#primaryimage\",\"url\":\"\",\"contentUrl\":\"\"},{\"@type\":\"BreadcrumbList\",\"@id\":\"https:\/\/kapitalis.com\/tunisie\/2015\/12\/24\/les-medias-audiovisuels-en-tunisie-ou-limprobable-independance\/#breadcrumb\",\"itemListElement\":[{\"@type\":\"ListItem\",\"position\":1,\"name\":\"Accueil\",\"item\":\"https:\/\/kapitalis.com\/tunisie\/\"},{\"@type\":\"ListItem\",\"position\":2,\"name\":\"Les m\u00e9dias audiovisuels en Tunisie ou l\u2019improbable ind\u00e9pendance\"}]},{\"@type\":\"WebSite\",\"@id\":\"https:\/\/kapitalis.com\/tunisie\/#website\",\"url\":\"https:\/\/kapitalis.com\/tunisie\/\",\"name\":\"Kapitalis\",\"description\":\"L&#039;actualit\u00e9 en Tunisie et dans le monde\",\"publisher\":{\"@id\":\"https:\/\/kapitalis.com\/tunisie\/#organization\"},\"potentialAction\":[{\"@type\":\"SearchAction\",\"target\":{\"@type\":\"EntryPoint\",\"urlTemplate\":\"https:\/\/kapitalis.com\/tunisie\/?s={search_term_string}\"},\"query-input\":{\"@type\":\"PropertyValueSpecification\",\"valueRequired\":true,\"valueName\":\"search_term_string\"}}],\"inLanguage\":\"fr-FR\"},{\"@type\":\"Organization\",\"@id\":\"https:\/\/kapitalis.com\/tunisie\/#organization\",\"name\":\"Kapitalis\",\"url\":\"https:\/\/kapitalis.com\/tunisie\/\",\"logo\":{\"@type\":\"ImageObject\",\"inLanguage\":\"fr-FR\",\"@id\":\"https:\/\/kapitalis.com\/tunisie\/#\/schema\/logo\/image\/\",\"url\":\"https:\/\/kapitalis.com\/tunisie\/wp-content\/uploads\/2022\/05\/Kapitalis-big-size.png\",\"contentUrl\":\"https:\/\/kapitalis.com\/tunisie\/wp-content\/uploads\/2022\/05\/Kapitalis-big-size.png\",\"width\":5000,\"height\":1500,\"caption\":\"Kapitalis\"},\"image\":{\"@id\":\"https:\/\/kapitalis.com\/tunisie\/#\/schema\/logo\/image\/\"},\"sameAs\":[\"https:\/\/www.facebook.com\/KapitalisInfo\/\",\"https:\/\/x.com\/KapitalisInfo\",\"https:\/\/www.youtube.com\/channel\/UC-yDYrHyfFBWWZaOw3FPg9Q\"]},{\"@type\":\"Person\",\"@id\":\"https:\/\/kapitalis.com\/tunisie\/#\/schema\/person\/d71f33a9ca44f7bad4698210b480c8e9\",\"name\":\"webmaster kapitalis\",\"url\":\"https:\/\/kapitalis.com\/tunisie\/author\/webmaster-kapitalis\/\"}]}<\/script>\n<!-- \/ Yoast SEO plugin. -->","yoast_head_json":{"title":"Les m\u00e9dias audiovisuels en Tunisie ou l\u2019improbable ind\u00e9pendance - Kapitalis","robots":{"index":"index","follow":"follow","max-snippet":"max-snippet:-1","max-image-preview":"max-image-preview:large","max-video-preview":"max-video-preview:-1"},"canonical":"https:\/\/kapitalis.com\/tunisie\/2015\/12\/24\/les-medias-audiovisuels-en-tunisie-ou-limprobable-independance\/","og_locale":"fr_FR","og_type":"article","og_title":"Les m\u00e9dias audiovisuels en Tunisie ou l\u2019improbable ind\u00e9pendance - Kapitalis","og_description":"Cinq ans apr\u00e8s la chute de la dictature, les m\u00e9dias audiovisuels en Tunisie tardent \u00e0 se conformer aux exigences d\u2019une gouvernance d\u00e9mocratique. Par Hamdi Hmaidi","og_url":"https:\/\/kapitalis.com\/tunisie\/2015\/12\/24\/les-medias-audiovisuels-en-tunisie-ou-limprobable-independance\/","og_site_name":"Kapitalis","article_publisher":"https:\/\/www.facebook.com\/KapitalisInfo\/","article_published_time":"2015-12-24T08:23:14+00:00","og_image":[{"width":1200,"height":630,"url":"https:\/\/kapitalis.com\/tunisie\/wp-content\/uploads\/2022\/05\/kapitalis-logo-fb.png","type":"image\/png"}],"author":"webmaster kapitalis","twitter_card":"summary_large_image","twitter_creator":"@KapitalisInfo","twitter_site":"@KapitalisInfo","twitter_misc":{"\u00c9crit par":"webmaster kapitalis","Dur\u00e9e de lecture estim\u00e9e":"3 minutes"},"schema":{"@context":"https:\/\/schema.org","@graph":[{"@type":"Article","@id":"https:\/\/kapitalis.com\/tunisie\/2015\/12\/24\/les-medias-audiovisuels-en-tunisie-ou-limprobable-independance\/#article","isPartOf":{"@id":"https:\/\/kapitalis.com\/tunisie\/2015\/12\/24\/les-medias-audiovisuels-en-tunisie-ou-limprobable-independance\/"},"author":{"name":"webmaster kapitalis","@id":"https:\/\/kapitalis.com\/tunisie\/#\/schema\/person\/d71f33a9ca44f7bad4698210b480c8e9"},"headline":"Les m\u00e9dias audiovisuels en Tunisie ou l\u2019improbable ind\u00e9pendance","datePublished":"2015-12-24T08:23:14+00:00","mainEntityOfPage":{"@id":"https:\/\/kapitalis.com\/tunisie\/2015\/12\/24\/les-medias-audiovisuels-en-tunisie-ou-limprobable-independance\/"},"wordCount":659,"commentCount":0,"publisher":{"@id":"https:\/\/kapitalis.com\/tunisie\/#organization"},"image":{"@id":"https:\/\/kapitalis.com\/tunisie\/2015\/12\/24\/les-medias-audiovisuels-en-tunisie-ou-limprobable-independance\/#primaryimage"},"thumbnailUrl":"","keywords":["Haica","SNJT","syndicat des journalistes"],"articleSection":["A LA UNE","MEDIA","Tunisie"],"inLanguage":"fr-FR","potentialAction":[{"@type":"CommentAction","name":"Comment","target":["https:\/\/kapitalis.com\/tunisie\/2015\/12\/24\/les-medias-audiovisuels-en-tunisie-ou-limprobable-independance\/#respond"]}]},{"@type":"WebPage","@id":"https:\/\/kapitalis.com\/tunisie\/2015\/12\/24\/les-medias-audiovisuels-en-tunisie-ou-limprobable-independance\/","url":"https:\/\/kapitalis.com\/tunisie\/2015\/12\/24\/les-medias-audiovisuels-en-tunisie-ou-limprobable-independance\/","name":"Les m\u00e9dias audiovisuels en Tunisie ou l\u2019improbable ind\u00e9pendance - Kapitalis","isPartOf":{"@id":"https:\/\/kapitalis.com\/tunisie\/#website"},"primaryImageOfPage":{"@id":"https:\/\/kapitalis.com\/tunisie\/2015\/12\/24\/les-medias-audiovisuels-en-tunisie-ou-limprobable-independance\/#primaryimage"},"image":{"@id":"https:\/\/kapitalis.com\/tunisie\/2015\/12\/24\/les-medias-audiovisuels-en-tunisie-ou-limprobable-independance\/#primaryimage"},"thumbnailUrl":"","datePublished":"2015-12-24T08:23:14+00:00","breadcrumb":{"@id":"https:\/\/kapitalis.com\/tunisie\/2015\/12\/24\/les-medias-audiovisuels-en-tunisie-ou-limprobable-independance\/#breadcrumb"},"inLanguage":"fr-FR","potentialAction":[{"@type":"ReadAction","target":["https:\/\/kapitalis.com\/tunisie\/2015\/12\/24\/les-medias-audiovisuels-en-tunisie-ou-limprobable-independance\/"]}]},{"@type":"ImageObject","inLanguage":"fr-FR","@id":"https:\/\/kapitalis.com\/tunisie\/2015\/12\/24\/les-medias-audiovisuels-en-tunisie-ou-limprobable-independance\/#primaryimage","url":"","contentUrl":""},{"@type":"BreadcrumbList","@id":"https:\/\/kapitalis.com\/tunisie\/2015\/12\/24\/les-medias-audiovisuels-en-tunisie-ou-limprobable-independance\/#breadcrumb","itemListElement":[{"@type":"ListItem","position":1,"name":"Accueil","item":"https:\/\/kapitalis.com\/tunisie\/"},{"@type":"ListItem","position":2,"name":"Les m\u00e9dias audiovisuels en Tunisie ou l\u2019improbable ind\u00e9pendance"}]},{"@type":"WebSite","@id":"https:\/\/kapitalis.com\/tunisie\/#website","url":"https:\/\/kapitalis.com\/tunisie\/","name":"Kapitalis","description":"L&#039;actualit\u00e9 en Tunisie et dans le monde","publisher":{"@id":"https:\/\/kapitalis.com\/tunisie\/#organization"},"potentialAction":[{"@type":"SearchAction","target":{"@type":"EntryPoint","urlTemplate":"https:\/\/kapitalis.com\/tunisie\/?s={search_term_string}"},"query-input":{"@type":"PropertyValueSpecification","valueRequired":true,"valueName":"search_term_string"}}],"inLanguage":"fr-FR"},{"@type":"Organization","@id":"https:\/\/kapitalis.com\/tunisie\/#organization","name":"Kapitalis","url":"https:\/\/kapitalis.com\/tunisie\/","logo":{"@type":"ImageObject","inLanguage":"fr-FR","@id":"https:\/\/kapitalis.com\/tunisie\/#\/schema\/logo\/image\/","url":"https:\/\/kapitalis.com\/tunisie\/wp-content\/uploads\/2022\/05\/Kapitalis-big-size.png","contentUrl":"https:\/\/kapitalis.com\/tunisie\/wp-content\/uploads\/2022\/05\/Kapitalis-big-size.png","width":5000,"height":1500,"caption":"Kapitalis"},"image":{"@id":"https:\/\/kapitalis.com\/tunisie\/#\/schema\/logo\/image\/"},"sameAs":["https:\/\/www.facebook.com\/KapitalisInfo\/","https:\/\/x.com\/KapitalisInfo","https:\/\/www.youtube.com\/channel\/UC-yDYrHyfFBWWZaOw3FPg9Q"]},{"@type":"Person","@id":"https:\/\/kapitalis.com\/tunisie\/#\/schema\/person\/d71f33a9ca44f7bad4698210b480c8e9","name":"webmaster kapitalis","url":"https:\/\/kapitalis.com\/tunisie\/author\/webmaster-kapitalis\/"}]}},"_links":{"self":[{"href":"https:\/\/kapitalis.com\/tunisie\/wp-json\/wp\/v2\/posts\/31827","targetHints":{"allow":["GET"]}}],"collection":[{"href":"https:\/\/kapitalis.com\/tunisie\/wp-json\/wp\/v2\/posts"}],"about":[{"href":"https:\/\/kapitalis.com\/tunisie\/wp-json\/wp\/v2\/types\/post"}],"author":[{"embeddable":true,"href":"https:\/\/kapitalis.com\/tunisie\/wp-json\/wp\/v2\/users\/8"}],"replies":[{"embeddable":true,"href":"https:\/\/kapitalis.com\/tunisie\/wp-json\/wp\/v2\/comments?post=31827"}],"version-history":[{"count":0,"href":"https:\/\/kapitalis.com\/tunisie\/wp-json\/wp\/v2\/posts\/31827\/revisions"}],"wp:featuredmedia":[{"embeddable":true,"href":"https:\/\/kapitalis.com\/tunisie\/wp-json\/wp\/v2\/media\/31828"}],"wp:attachment":[{"href":"https:\/\/kapitalis.com\/tunisie\/wp-json\/wp\/v2\/media?parent=31827"}],"wp:term":[{"taxonomy":"category","embeddable":true,"href":"https:\/\/kapitalis.com\/tunisie\/wp-json\/wp\/v2\/categories?post=31827"},{"taxonomy":"post_tag","embeddable":true,"href":"https:\/\/kapitalis.com\/tunisie\/wp-json\/wp\/v2\/tags?post=31827"}],"curies":[{"name":"wp","href":"https:\/\/api.w.org\/{rel}","templated":true}]}}