{"id":3186,"date":"2015-06-05T09:58:15","date_gmt":"2015-06-05T08:58:15","guid":{"rendered":"http:\/\/kapitalis.com\/tunisie\/?p=3186"},"modified":"2015-06-05T09:58:15","modified_gmt":"2015-06-05T08:58:15","slug":"safas-group-celebre-ses-10-ans-en-tunisie","status":"publish","type":"post","link":"https:\/\/kapitalis.com\/tunisie\/2015\/06\/05\/safas-group-celebre-ses-10-ans-en-tunisie\/","title":{"rendered":"Safas Group c\u00e9l\u00e8bre ses 10 ans en Tunisie"},"content":{"rendered":"<p><a href=\"http:\/\/kapitalis.com\/tunisie\/wp-content\/uploads\/2015\/06\/Safas-Group.jpg\"><img loading=\"lazy\" decoding=\"async\" class=\"aligncenter size-full wp-image-3187\" src=\"http:\/\/kapitalis.com\/tunisie\/wp-content\/uploads\/2015\/06\/Safas-Group.jpg\" alt=\"Safas-Group\" width=\"626\" height=\"380\" \/><\/a><em><strong>Safas Tunisie, la plus jeune filiale du groupe italien mondialement connu, vient de c\u00e9l\u00e9brer le 10e anniversaire de son implantation en Tunisie.<\/strong><\/em><\/p>\n<p>Par <strong>Wajdi Msaed<\/strong><\/p>\n<p><!--more--><\/p>\n<p>A cette occasion, les actionnaires et les clients du groupe, tunisiens et \u00e9trangers, ont \u00e9t\u00e9 invit\u00e9s \u00e0 c\u00e9l\u00e9brer l\u2019\u00e9v\u00e9nement avec une visite guid\u00e9e de l\u2019usine, jeudi 28 mai 2015, pour prendre connaissance de ses diff\u00e9rentes lignes de production.<\/p>\n<p>Toute une chaine de gros \u00e9quipements et de fours g\u00e9ants \u00e0 arc \u00e9lectrique ou \u00e0 induction ou encore \u00e0 traitement thermique pour produire, \u00e0 la demande du client, en Tunisie ou ailleurs, les pi\u00e8ces moul\u00e9es en acier coul\u00e9.<\/p>\n<p><strong>L\u2019esprit de groupe nous permet d\u2019avancer <\/strong><\/p>\n<p>On a pu ainsi visualiser la grande pr\u00e9cision du travail et le savoir-faire du personnel, dans l\u2019atelier de production des moules \u00e0 partir de pi\u00e8ces-type ou de cartes et de plans fournis par le client, comme dans la chaine de production de boulets, pi\u00e8ces ma\u00eetresses et indispensables pour le bon fonctionnement des usines \u00e0 ciment.<\/p>\n<p>Ce qui impressionne le plus, cependant, c\u2019est la confection de corps de vanne, pi\u00e8ces g\u00e9antes pouvant atteindre les 2.800 kg de poids utilis\u00e9s dans le secteur p\u00e9trolier.<\/p>\n<p style=\"text-align: center;\"><a href=\"http:\/\/kapitalis.com\/tunisie\/wp-content\/uploads\/2015\/06\/Safas-Group-2.jpg\"><img loading=\"lazy\" decoding=\"async\" class=\"aligncenter size-full wp-image-3188\" src=\"http:\/\/kapitalis.com\/tunisie\/wp-content\/uploads\/2015\/06\/Safas-Group-2.jpg\" alt=\"Safas-Group-2\" width=\"500\" height=\"300\" \/><\/a><em>La soci\u00e9t\u00e9 table sur un CA de\u00a0 20 MDT en 2015.<\/em><\/p>\n<p><em>\u00abLa qualit\u00e9, notre puissance\u00bb<\/em> dit un slogan qui orne les murs des ateliers et justifie, dans un sens, l\u2019optimisme affich\u00e9 par Matteo Pasqualotto, directeur g\u00e9n\u00e9ral de la soci\u00e9t\u00e9, qui a d\u00e9clar\u00e9, dans une interview \u00e0 Kapitalis: <em>\u00abMalgr\u00e9 les difficult\u00e9s rencontr\u00e9es au d\u00e9but, nous sommes tr\u00e8s satisfaits du s\u00e9rieux et de l\u2019abn\u00e9gation dont a fait preuve le personnel durant ces 10 ann\u00e9es, ce qui nous a permis de d\u00e9velopper notre chiffre d\u2019affaires, pass\u00e9 de 5 millions de dinars (MDT) en 2005\u00a0 \u00e0 18 MDT \u00e0 la fin 2014, et de tabler sur 20 MDT, \u00e0 la fin 2015, sachant que les effectifs ont diminu\u00e9, durant la m\u00eame p\u00e9riode, de 240 \u00e0 170 employ\u00e9s\u00bb<\/em>. Et le directeur g\u00e9n\u00e9ral d\u2019ajouter: <em>\u00abCe qui nous r\u00e9conforte le plus c\u2019est que nous sommes arriv\u00e9s \u00e0 incarner chez notre personnel le noble sentiment d\u2019appartenance \u00e0 l\u2019entreprise; c\u2019est l\u2019esprit de groupe qui nous permet d\u2019avancer\u00bb.<\/em><\/p>\n<p>La production de Safas Tunisie est destin\u00e9e, \u00e0 80%, \u00e0 l\u2019exportation vers l\u2019Europe et 2 pays maghr\u00e9bins, l\u2019Alg\u00e9rie et la Libye. Un effort est d\u00e9ploy\u00e9 pour atteindre prochainement le march\u00e9 marocain. <em>\u00abLa lenteur administrative nous g\u00eane beaucoup\u00bb<\/em>, a cependant d\u00e9plor\u00e9 M. Pasqualotto.<\/p>\n<p><strong>Un investisseur \u00e9tranger combl\u00e9 <\/strong><\/p>\n<p>Au cours de la soir\u00e9e, un diner-gala a \u00e9t\u00e9 organis\u00e9 en l\u2019honneur des invit\u00e9s qui, dans une ambiance conviviale, ont pu appr\u00e9cier un programme artistique compos\u00e9 essentiellement de musique et de danse typiquement tunisiens, avec un num\u00e9ro de danse orientale ex\u00e9cut\u00e9 par une danseuse venue de&#8230; l\u2019Europe de l\u2019Est.<\/p>\n<p style=\"text-align: center;\"><a href=\"http:\/\/kapitalis.com\/tunisie\/wp-content\/uploads\/2015\/06\/Safas-Group-3.jpg\"><img loading=\"lazy\" decoding=\"async\" class=\"aligncenter size-full wp-image-3189\" src=\"http:\/\/kapitalis.com\/tunisie\/wp-content\/uploads\/2015\/06\/Safas-Group-3.jpg\" alt=\"Safas-Group-3\" width=\"500\" height=\"300\" \/><\/a><em>Une ancienne filiale de la SNCFT rachet\u00e9e par le groupe italien Safas.<\/em><\/p>\n<p>Dans son allocution de bienvenue, le directeur g\u00e9n\u00e9ral de la soci\u00e9t\u00e9 a d\u00e9clar\u00e9: \u00ab<em>Dans ces m\u00eames lieux, il y a 10 ans, nous avons prix la d\u00e9cision d\u2019investir en Tunisie, ce pays que nous avons aim\u00e9 et qui nous encourage \u00e0 aller de l\u2019avant et augmenter notre enveloppe d\u2019investissement\u00bb.<\/em><\/p>\n<p>M. Pasqualotto a, par ailleurs, rendu hommage aux autorit\u00e9s tunisiennes pour leur soutien et leur sollicitude, en parlant surtout des <em>\u00abfonds accord\u00e9s dans le cadre du programme de mise-\u00e0-niveau qui a permis \u00e0 l\u2019usine de surmonter bon nombre de difficult\u00e9s\u00bb.<\/em><\/p>\n<p>Comme quoi, les investisseurs \u00e9trangers ne sont pas tous malheureux en Tunisie. Il en existe m\u00eame qui sont combl\u00e9s, \u00e0 l\u2019instar du patron de Safas Tunisie.<\/p>\n<p>L\u2019usine du groupe italien est situ\u00e9e sur la GP1, au sud de Tunis, pr\u00e8s des ateliers de Sidi Fathallah relevant de la Soci\u00e9t\u00e9 nationale des chemins de fer tunisiens (SNCFT). Il ne s\u2019agit pas d\u2019une nouvelle cr\u00e9ation, mais d\u2019une cession op\u00e9r\u00e9e, en 2004, par l\u2019Etat tunisien dans le cadre de sa politique de privatisation. Safas Tunisie a, en effet, h\u00e9rit\u00e9 de la Sofomeca, la 1\u00e8re fonderie cr\u00e9\u00e9e dans la Tunisie ind\u00e9pendante et la 1\u00e8re soci\u00e9t\u00e9 filiale de la SNCFT, cr\u00e9\u00e9e en 1964 , dans le but de subvenir \u00e0 ses besoins en pi\u00e8ces d\u00e9tach\u00e9es sp\u00e9cifiques au mat\u00e9riel ferroviaire.<\/p>\n","protected":false},"excerpt":{"rendered":"<p>Safas Tunisie, la plus jeune filiale du groupe italien mondialement connu, vient de c\u00e9l\u00e9brer le 10e anniversaire de son implantation en Tunisie. Par Wajdi Msaed<\/p>\n","protected":false},"author":5,"featured_media":3187,"comment_status":"open","ping_status":"open","sticky":false,"template":"","format":"standard","meta":{"footnotes":""},"categories":[992,995],"tags":[1521,837,1048],"class_list":["post-3186","post","type-post","status-publish","format-standard","has-post-thumbnail","hentry","category-a-la-une","category-economie","tag-anniversaire","tag-sncft","tag-usine"],"yoast_head":"<!-- This site is optimized with the Yoast SEO plugin v26.6 - https:\/\/yoast.com\/wordpress\/plugins\/seo\/ -->\n<title>Safas Group c\u00e9l\u00e8bre ses 10 ans en Tunisie - Kapitalis<\/title>\n<meta name=\"robots\" content=\"index, follow, max-snippet:-1, max-image-preview:large, max-video-preview:-1\" \/>\n<link rel=\"canonical\" href=\"https:\/\/kapitalis.com\/tunisie\/2015\/06\/05\/safas-group-celebre-ses-10-ans-en-tunisie\/\" \/>\n<meta property=\"og:locale\" content=\"fr_FR\" \/>\n<meta property=\"og:type\" content=\"article\" \/>\n<meta property=\"og:title\" content=\"Safas Group c\u00e9l\u00e8bre ses 10 ans en Tunisie - Kapitalis\" \/>\n<meta property=\"og:description\" content=\"Safas Tunisie, la plus jeune filiale du groupe italien mondialement connu, vient de c\u00e9l\u00e9brer le 10e anniversaire de son implantation en Tunisie. Par Wajdi Msaed\" \/>\n<meta property=\"og:url\" content=\"https:\/\/kapitalis.com\/tunisie\/2015\/06\/05\/safas-group-celebre-ses-10-ans-en-tunisie\/\" \/>\n<meta property=\"og:site_name\" content=\"Kapitalis\" \/>\n<meta property=\"article:publisher\" content=\"https:\/\/www.facebook.com\/KapitalisInfo\/\" \/>\n<meta property=\"article:published_time\" content=\"2015-06-05T08:58:15+00:00\" \/>\n<meta property=\"og:image\" content=\"https:\/\/kapitalis.com\/tunisie\/wp-content\/uploads\/2022\/05\/kapitalis-logo-fb.png\" \/>\n\t<meta property=\"og:image:width\" content=\"1200\" \/>\n\t<meta property=\"og:image:height\" content=\"630\" \/>\n\t<meta property=\"og:image:type\" content=\"image\/png\" \/>\n<meta name=\"author\" content=\"Ridha Elkefi\" \/>\n<meta name=\"twitter:card\" content=\"summary_large_image\" \/>\n<meta name=\"twitter:creator\" content=\"@KapitalisInfo\" \/>\n<meta name=\"twitter:site\" content=\"@KapitalisInfo\" \/>\n<meta name=\"twitter:label1\" content=\"\u00c9crit par\" \/>\n\t<meta name=\"twitter:data1\" content=\"Ridha Elkefi\" \/>\n\t<meta name=\"twitter:label2\" content=\"Dur\u00e9e de lecture estim\u00e9e\" \/>\n\t<meta name=\"twitter:data2\" content=\"4 minutes\" \/>\n<script type=\"application\/ld+json\" class=\"yoast-schema-graph\">{\"@context\":\"https:\/\/schema.org\",\"@graph\":[{\"@type\":\"Article\",\"@id\":\"https:\/\/kapitalis.com\/tunisie\/2015\/06\/05\/safas-group-celebre-ses-10-ans-en-tunisie\/#article\",\"isPartOf\":{\"@id\":\"https:\/\/kapitalis.com\/tunisie\/2015\/06\/05\/safas-group-celebre-ses-10-ans-en-tunisie\/\"},\"author\":{\"name\":\"Ridha Elkefi\",\"@id\":\"https:\/\/kapitalis.com\/tunisie\/#\/schema\/person\/16627fc9b2fc0116230e88af071eebab\"},\"headline\":\"Safas Group c\u00e9l\u00e8bre ses 10 ans en Tunisie\",\"datePublished\":\"2015-06-05T08:58:15+00:00\",\"mainEntityOfPage\":{\"@id\":\"https:\/\/kapitalis.com\/tunisie\/2015\/06\/05\/safas-group-celebre-ses-10-ans-en-tunisie\/\"},\"wordCount\":747,\"commentCount\":0,\"publisher\":{\"@id\":\"https:\/\/kapitalis.com\/tunisie\/#organization\"},\"image\":{\"@id\":\"https:\/\/kapitalis.com\/tunisie\/2015\/06\/05\/safas-group-celebre-ses-10-ans-en-tunisie\/#primaryimage\"},\"thumbnailUrl\":\"\",\"keywords\":[\"anniversaire\",\"SNCFT\",\"usine\"],\"articleSection\":[\"A LA UNE\",\"ECONOMIE\"],\"inLanguage\":\"fr-FR\",\"potentialAction\":[{\"@type\":\"CommentAction\",\"name\":\"Comment\",\"target\":[\"https:\/\/kapitalis.com\/tunisie\/2015\/06\/05\/safas-group-celebre-ses-10-ans-en-tunisie\/#respond\"]}]},{\"@type\":\"WebPage\",\"@id\":\"https:\/\/kapitalis.com\/tunisie\/2015\/06\/05\/safas-group-celebre-ses-10-ans-en-tunisie\/\",\"url\":\"https:\/\/kapitalis.com\/tunisie\/2015\/06\/05\/safas-group-celebre-ses-10-ans-en-tunisie\/\",\"name\":\"Safas Group c\u00e9l\u00e8bre ses 10 ans en Tunisie - Kapitalis\",\"isPartOf\":{\"@id\":\"https:\/\/kapitalis.com\/tunisie\/#website\"},\"primaryImageOfPage\":{\"@id\":\"https:\/\/kapitalis.com\/tunisie\/2015\/06\/05\/safas-group-celebre-ses-10-ans-en-tunisie\/#primaryimage\"},\"image\":{\"@id\":\"https:\/\/kapitalis.com\/tunisie\/2015\/06\/05\/safas-group-celebre-ses-10-ans-en-tunisie\/#primaryimage\"},\"thumbnailUrl\":\"\",\"datePublished\":\"2015-06-05T08:58:15+00:00\",\"breadcrumb\":{\"@id\":\"https:\/\/kapitalis.com\/tunisie\/2015\/06\/05\/safas-group-celebre-ses-10-ans-en-tunisie\/#breadcrumb\"},\"inLanguage\":\"fr-FR\",\"potentialAction\":[{\"@type\":\"ReadAction\",\"target\":[\"https:\/\/kapitalis.com\/tunisie\/2015\/06\/05\/safas-group-celebre-ses-10-ans-en-tunisie\/\"]}]},{\"@type\":\"ImageObject\",\"inLanguage\":\"fr-FR\",\"@id\":\"https:\/\/kapitalis.com\/tunisie\/2015\/06\/05\/safas-group-celebre-ses-10-ans-en-tunisie\/#primaryimage\",\"url\":\"\",\"contentUrl\":\"\"},{\"@type\":\"BreadcrumbList\",\"@id\":\"https:\/\/kapitalis.com\/tunisie\/2015\/06\/05\/safas-group-celebre-ses-10-ans-en-tunisie\/#breadcrumb\",\"itemListElement\":[{\"@type\":\"ListItem\",\"position\":1,\"name\":\"Accueil\",\"item\":\"https:\/\/kapitalis.com\/tunisie\/\"},{\"@type\":\"ListItem\",\"position\":2,\"name\":\"Safas Group c\u00e9l\u00e8bre ses 10 ans en Tunisie\"}]},{\"@type\":\"WebSite\",\"@id\":\"https:\/\/kapitalis.com\/tunisie\/#website\",\"url\":\"https:\/\/kapitalis.com\/tunisie\/\",\"name\":\"Kapitalis\",\"description\":\"L&#039;actualit\u00e9 en Tunisie et dans le monde\",\"publisher\":{\"@id\":\"https:\/\/kapitalis.com\/tunisie\/#organization\"},\"potentialAction\":[{\"@type\":\"SearchAction\",\"target\":{\"@type\":\"EntryPoint\",\"urlTemplate\":\"https:\/\/kapitalis.com\/tunisie\/?s={search_term_string}\"},\"query-input\":{\"@type\":\"PropertyValueSpecification\",\"valueRequired\":true,\"valueName\":\"search_term_string\"}}],\"inLanguage\":\"fr-FR\"},{\"@type\":\"Organization\",\"@id\":\"https:\/\/kapitalis.com\/tunisie\/#organization\",\"name\":\"Kapitalis\",\"url\":\"https:\/\/kapitalis.com\/tunisie\/\",\"logo\":{\"@type\":\"ImageObject\",\"inLanguage\":\"fr-FR\",\"@id\":\"https:\/\/kapitalis.com\/tunisie\/#\/schema\/logo\/image\/\",\"url\":\"https:\/\/kapitalis.com\/tunisie\/wp-content\/uploads\/2022\/05\/Kapitalis-big-size.png\",\"contentUrl\":\"https:\/\/kapitalis.com\/tunisie\/wp-content\/uploads\/2022\/05\/Kapitalis-big-size.png\",\"width\":5000,\"height\":1500,\"caption\":\"Kapitalis\"},\"image\":{\"@id\":\"https:\/\/kapitalis.com\/tunisie\/#\/schema\/logo\/image\/\"},\"sameAs\":[\"https:\/\/www.facebook.com\/KapitalisInfo\/\",\"https:\/\/x.com\/KapitalisInfo\",\"https:\/\/www.youtube.com\/channel\/UC-yDYrHyfFBWWZaOw3FPg9Q\"]},{\"@type\":\"Person\",\"@id\":\"https:\/\/kapitalis.com\/tunisie\/#\/schema\/person\/16627fc9b2fc0116230e88af071eebab\",\"name\":\"Ridha Elkefi\",\"url\":\"https:\/\/kapitalis.com\/tunisie\/author\/ridha-kefi\/\"}]}<\/script>\n<!-- \/ Yoast SEO plugin. -->","yoast_head_json":{"title":"Safas Group c\u00e9l\u00e8bre ses 10 ans en Tunisie - Kapitalis","robots":{"index":"index","follow":"follow","max-snippet":"max-snippet:-1","max-image-preview":"max-image-preview:large","max-video-preview":"max-video-preview:-1"},"canonical":"https:\/\/kapitalis.com\/tunisie\/2015\/06\/05\/safas-group-celebre-ses-10-ans-en-tunisie\/","og_locale":"fr_FR","og_type":"article","og_title":"Safas Group c\u00e9l\u00e8bre ses 10 ans en Tunisie - Kapitalis","og_description":"Safas Tunisie, la plus jeune filiale du groupe italien mondialement connu, vient de c\u00e9l\u00e9brer le 10e anniversaire de son implantation en Tunisie. Par Wajdi Msaed","og_url":"https:\/\/kapitalis.com\/tunisie\/2015\/06\/05\/safas-group-celebre-ses-10-ans-en-tunisie\/","og_site_name":"Kapitalis","article_publisher":"https:\/\/www.facebook.com\/KapitalisInfo\/","article_published_time":"2015-06-05T08:58:15+00:00","og_image":[{"width":1200,"height":630,"url":"https:\/\/kapitalis.com\/tunisie\/wp-content\/uploads\/2022\/05\/kapitalis-logo-fb.png","type":"image\/png"}],"author":"Ridha Elkefi","twitter_card":"summary_large_image","twitter_creator":"@KapitalisInfo","twitter_site":"@KapitalisInfo","twitter_misc":{"\u00c9crit par":"Ridha Elkefi","Dur\u00e9e de lecture estim\u00e9e":"4 minutes"},"schema":{"@context":"https:\/\/schema.org","@graph":[{"@type":"Article","@id":"https:\/\/kapitalis.com\/tunisie\/2015\/06\/05\/safas-group-celebre-ses-10-ans-en-tunisie\/#article","isPartOf":{"@id":"https:\/\/kapitalis.com\/tunisie\/2015\/06\/05\/safas-group-celebre-ses-10-ans-en-tunisie\/"},"author":{"name":"Ridha Elkefi","@id":"https:\/\/kapitalis.com\/tunisie\/#\/schema\/person\/16627fc9b2fc0116230e88af071eebab"},"headline":"Safas Group c\u00e9l\u00e8bre ses 10 ans en Tunisie","datePublished":"2015-06-05T08:58:15+00:00","mainEntityOfPage":{"@id":"https:\/\/kapitalis.com\/tunisie\/2015\/06\/05\/safas-group-celebre-ses-10-ans-en-tunisie\/"},"wordCount":747,"commentCount":0,"publisher":{"@id":"https:\/\/kapitalis.com\/tunisie\/#organization"},"image":{"@id":"https:\/\/kapitalis.com\/tunisie\/2015\/06\/05\/safas-group-celebre-ses-10-ans-en-tunisie\/#primaryimage"},"thumbnailUrl":"","keywords":["anniversaire","SNCFT","usine"],"articleSection":["A LA UNE","ECONOMIE"],"inLanguage":"fr-FR","potentialAction":[{"@type":"CommentAction","name":"Comment","target":["https:\/\/kapitalis.com\/tunisie\/2015\/06\/05\/safas-group-celebre-ses-10-ans-en-tunisie\/#respond"]}]},{"@type":"WebPage","@id":"https:\/\/kapitalis.com\/tunisie\/2015\/06\/05\/safas-group-celebre-ses-10-ans-en-tunisie\/","url":"https:\/\/kapitalis.com\/tunisie\/2015\/06\/05\/safas-group-celebre-ses-10-ans-en-tunisie\/","name":"Safas Group c\u00e9l\u00e8bre ses 10 ans en Tunisie - Kapitalis","isPartOf":{"@id":"https:\/\/kapitalis.com\/tunisie\/#website"},"primaryImageOfPage":{"@id":"https:\/\/kapitalis.com\/tunisie\/2015\/06\/05\/safas-group-celebre-ses-10-ans-en-tunisie\/#primaryimage"},"image":{"@id":"https:\/\/kapitalis.com\/tunisie\/2015\/06\/05\/safas-group-celebre-ses-10-ans-en-tunisie\/#primaryimage"},"thumbnailUrl":"","datePublished":"2015-06-05T08:58:15+00:00","breadcrumb":{"@id":"https:\/\/kapitalis.com\/tunisie\/2015\/06\/05\/safas-group-celebre-ses-10-ans-en-tunisie\/#breadcrumb"},"inLanguage":"fr-FR","potentialAction":[{"@type":"ReadAction","target":["https:\/\/kapitalis.com\/tunisie\/2015\/06\/05\/safas-group-celebre-ses-10-ans-en-tunisie\/"]}]},{"@type":"ImageObject","inLanguage":"fr-FR","@id":"https:\/\/kapitalis.com\/tunisie\/2015\/06\/05\/safas-group-celebre-ses-10-ans-en-tunisie\/#primaryimage","url":"","contentUrl":""},{"@type":"BreadcrumbList","@id":"https:\/\/kapitalis.com\/tunisie\/2015\/06\/05\/safas-group-celebre-ses-10-ans-en-tunisie\/#breadcrumb","itemListElement":[{"@type":"ListItem","position":1,"name":"Accueil","item":"https:\/\/kapitalis.com\/tunisie\/"},{"@type":"ListItem","position":2,"name":"Safas Group c\u00e9l\u00e8bre ses 10 ans en Tunisie"}]},{"@type":"WebSite","@id":"https:\/\/kapitalis.com\/tunisie\/#website","url":"https:\/\/kapitalis.com\/tunisie\/","name":"Kapitalis","description":"L&#039;actualit\u00e9 en Tunisie et dans le monde","publisher":{"@id":"https:\/\/kapitalis.com\/tunisie\/#organization"},"potentialAction":[{"@type":"SearchAction","target":{"@type":"EntryPoint","urlTemplate":"https:\/\/kapitalis.com\/tunisie\/?s={search_term_string}"},"query-input":{"@type":"PropertyValueSpecification","valueRequired":true,"valueName":"search_term_string"}}],"inLanguage":"fr-FR"},{"@type":"Organization","@id":"https:\/\/kapitalis.com\/tunisie\/#organization","name":"Kapitalis","url":"https:\/\/kapitalis.com\/tunisie\/","logo":{"@type":"ImageObject","inLanguage":"fr-FR","@id":"https:\/\/kapitalis.com\/tunisie\/#\/schema\/logo\/image\/","url":"https:\/\/kapitalis.com\/tunisie\/wp-content\/uploads\/2022\/05\/Kapitalis-big-size.png","contentUrl":"https:\/\/kapitalis.com\/tunisie\/wp-content\/uploads\/2022\/05\/Kapitalis-big-size.png","width":5000,"height":1500,"caption":"Kapitalis"},"image":{"@id":"https:\/\/kapitalis.com\/tunisie\/#\/schema\/logo\/image\/"},"sameAs":["https:\/\/www.facebook.com\/KapitalisInfo\/","https:\/\/x.com\/KapitalisInfo","https:\/\/www.youtube.com\/channel\/UC-yDYrHyfFBWWZaOw3FPg9Q"]},{"@type":"Person","@id":"https:\/\/kapitalis.com\/tunisie\/#\/schema\/person\/16627fc9b2fc0116230e88af071eebab","name":"Ridha Elkefi","url":"https:\/\/kapitalis.com\/tunisie\/author\/ridha-kefi\/"}]}},"_links":{"self":[{"href":"https:\/\/kapitalis.com\/tunisie\/wp-json\/wp\/v2\/posts\/3186","targetHints":{"allow":["GET"]}}],"collection":[{"href":"https:\/\/kapitalis.com\/tunisie\/wp-json\/wp\/v2\/posts"}],"about":[{"href":"https:\/\/kapitalis.com\/tunisie\/wp-json\/wp\/v2\/types\/post"}],"author":[{"embeddable":true,"href":"https:\/\/kapitalis.com\/tunisie\/wp-json\/wp\/v2\/users\/5"}],"replies":[{"embeddable":true,"href":"https:\/\/kapitalis.com\/tunisie\/wp-json\/wp\/v2\/comments?post=3186"}],"version-history":[{"count":0,"href":"https:\/\/kapitalis.com\/tunisie\/wp-json\/wp\/v2\/posts\/3186\/revisions"}],"wp:featuredmedia":[{"embeddable":true,"href":"https:\/\/kapitalis.com\/tunisie\/wp-json\/wp\/v2\/media\/3187"}],"wp:attachment":[{"href":"https:\/\/kapitalis.com\/tunisie\/wp-json\/wp\/v2\/media?parent=3186"}],"wp:term":[{"taxonomy":"category","embeddable":true,"href":"https:\/\/kapitalis.com\/tunisie\/wp-json\/wp\/v2\/categories?post=3186"},{"taxonomy":"post_tag","embeddable":true,"href":"https:\/\/kapitalis.com\/tunisie\/wp-json\/wp\/v2\/tags?post=3186"}],"curies":[{"name":"wp","href":"https:\/\/api.w.org\/{rel}","templated":true}]}}