{"id":318845,"date":"2020-10-01T22:02:56","date_gmt":"2020-10-01T21:02:56","guid":{"rendered":"http:\/\/kapitalis.com\/tunisie\/?p=318845"},"modified":"2020-10-02T07:51:29","modified_gmt":"2020-10-02T06:51:29","slug":"assemblee-quatre-deputes-rejoignent-qalb-tounes-dont-le-contrebandier-repenti-mohamed-salah-ltifi","status":"publish","type":"post","link":"https:\/\/kapitalis.com\/tunisie\/2020\/10\/01\/assemblee-quatre-deputes-rejoignent-qalb-tounes-dont-le-contrebandier-repenti-mohamed-salah-ltifi\/","title":{"rendered":"Assembl\u00e9e : Quatre d\u00e9put\u00e9s rejoignent Qalb Tounes, dont le \u00abcontrebandier repenti\u00bb Mohamed Salah Ltifi"},"content":{"rendered":"\n<figure class=\"wp-block-image size-large\"><img decoding=\"async\" src=\"http:\/\/kapitalis.com\/tunisie\/wp-content\/uploads\/2019\/12\/qalb-tounes-arp.jpg\" alt=\"\" class=\"wp-image-261358\"\/><\/figure>\n\n\n\n<p><strong><em>Oussama Khlifi a annonc\u00e9, ce jeudi 1er octobre 2020, que quatre d\u00e9put\u00e9s ont officiellement rejoint le bloc parlementaire <strong><em>Qalb Tounes<\/em><\/strong>, qu&rsquo;il pr\u00e9side<\/em><\/strong>.<\/p>\n\n\n\n<!--more-->\n\n\n\n<p>Il s&rsquo;agit, selon le post qu&rsquo;il a publi\u00e9 sur son compte Facebook, de Mabrouk Khachnaoui (\u00e9lu sur la liste ind\u00e9pendante Wafa Bil Ahd avant de rejoindre le Bloc Al Mostakbel), Mohamed Zaabi (liste ind\u00e9pendante Al Imtiaz\/Al Mostakbel), Jamali Boudhouafi (Union populaire r\u00e9publicaine), et Mohamed Salah Ltifi (Parti communiste destourien).<\/p>\n\n\n\n<p>Ce dernier, rappelons-le, est surnomm\u00e9 \u00ab<em>Stayech<\/em>\u00bb \u00e0 Kasserine, o\u00f9 il a \u00e9t\u00e9 \u00e9lu et o\u00f9 il \u00e9tait surtout connu pour ses activit\u00e9s de contrebande mais qu&rsquo;il dit avoir pratiqu\u00e9e lorsqu&rsquo;il \u00e9tait jeune. Mohamed Salah Ltifi, qui se pr\u00e9sente comme un homme d\u2019affaires (dans son cas, le mot affairiste aurait sans doute mieux convenu), avait affirm\u00e9, dans une d\u00e9claration aux m\u00e9dias, que depuis, il s&rsquo;est tourn\u00e9 vers l&rsquo;agriculture et autres commerces l\u00e9gaux.<\/p>\n\n\n\n<p>Parmi les nouvelles recrues de Qalb Tounes, il y a aussi Mabrouk Khachanoui, le fameux d\u00e9put\u00e9 qui \u00e9tait pr\u00e9sent \u00e0 la table du d\u00e9jeuner ayant r\u00e9uni, il y a exactement un mois, Hichem Mechichi, Rached Ghannouchi (Ennahdha), Seifeddine Makhlouf (Al-Karama) et Nabil Karoui (Qalb Tounes), le jour du vote de confiance au gouvernement.<\/p>\n\n\n\n<p>Rappelons par ailleurs, que lorsque une dizaine de d\u00e9put\u00e9s avaient d\u00e9missionn\u00e9 de Qalb Tounes, Nabil Karoui et Oussama Khlifi \u00e9taient les premiers \u00e0 d\u00e9noncer le \u00ab<em>tourisme partisan et parlementaire<\/em>\u00bb.<\/p>\n\n\n\n<p>Oussama Khlifi, en sa qualit\u00e9 de membre du bureau de l&rsquo;Assembl\u00e9e, avait m\u00eame vot\u00e9 en faveur du projet de loi, soumis par la commission parlementaire du r\u00e8glement int\u00e9rieur, pour interdire cette pratique et faire perdre son si\u00e8ge \u00e0 tout d\u00e9put\u00e9 qui d\u00e9missionnerait du parti sous lequel il avait pr\u00e9sent\u00e9 sa candidature aux l\u00e9gislatives&#8230; <\/p>\n\n\n\n<p>Mais \u00e7a, c&rsquo;\u00e9tait avant, aujourd&rsquo;hui, il dit surtout qu&rsquo;il se r\u00e9jouit du renforcement de son bloc parlementaire et de la <em>\u00abfamille Qalb Tounes<\/em>\u00bb par lesdits d\u00e9put\u00e9s et qui compte d\u00e9sormais 30 membres&#8230;<\/p>\n\n\n\n<p>Bref, des gens sans foi ni loi, qui sont la plaie b\u00e9ante de la Tunisie.  <\/p>\n\n\n\n<p class=\"has-text-align-right\"><strong>Y. N.<\/strong><\/p>\n\n\n\n<figure class=\"wp-block-embed-wordpress wp-block-embed is-type-wp-embed is-provider-kapitalis\"><div class=\"wp-block-embed__wrapper\">\n<blockquote class=\"wp-embedded-content\" data-secret=\"AuW1GMA2In\"><a href=\"https:\/\/kapitalis.com\/tunisie\/2019\/10\/09\/tunisie-stayech-un-baron-de-la-contrebande-devient-membre-de-lassemblee\/\">Tunisie : \u00abStayech\u00bb, un baron de la contrebande, devient membre de l&rsquo;Assembl\u00e9e (vid\u00e9o)<\/a><\/blockquote><iframe loading=\"lazy\" class=\"wp-embedded-content\" sandbox=\"allow-scripts\" security=\"restricted\" style=\"position: absolute; clip: rect(1px, 1px, 1px, 1px);\" title=\"\u00ab\u00a0Tunisie : \u00abStayech\u00bb, un baron de la contrebande, devient membre de l&rsquo;Assembl\u00e9e (vid\u00e9o)\u00a0\u00bb &#8212; Kapitalis\" src=\"https:\/\/kapitalis.com\/tunisie\/2019\/10\/09\/tunisie-stayech-un-baron-de-la-contrebande-devient-membre-de-lassemblee\/embed\/#?secret=QlKjNLCmUB#?secret=AuW1GMA2In\" data-secret=\"AuW1GMA2In\" width=\"600\" height=\"338\" frameborder=\"0\" marginwidth=\"0\" marginheight=\"0\" scrolling=\"no\"><\/iframe>\n<\/div><\/figure>\n\n\n\n<figure class=\"wp-block-embed-wordpress wp-block-embed is-type-wp-embed is-provider-kapitalis\"><div class=\"wp-block-embed__wrapper\">\n<blockquote class=\"wp-embedded-content\" data-secret=\"VViSZCGwGH\"><a href=\"https:\/\/kapitalis.com\/tunisie\/2020\/05\/06\/assemblee-la-commission-du-reglement-interieur-adopte-lamendement-de-larticle-45-visant-a-lutter-contre-le-tourisme-parlementaire\/\">Assembl\u00e9e : La commission du r\u00e8glement int\u00e9rieur adopte l&rsquo;amendement de l\u2019article 45, visant \u00e0 lutter contre le \u00abtourisme parlementaire\u00bb<\/a><\/blockquote><iframe loading=\"lazy\" class=\"wp-embedded-content\" sandbox=\"allow-scripts\" security=\"restricted\" style=\"position: absolute; clip: rect(1px, 1px, 1px, 1px);\" title=\"\u00ab\u00a0Assembl\u00e9e : La commission du r\u00e8glement int\u00e9rieur adopte l&rsquo;amendement de l\u2019article 45, visant \u00e0 lutter contre le \u00abtourisme parlementaire\u00bb\u00a0\u00bb &#8212; Kapitalis\" src=\"https:\/\/kapitalis.com\/tunisie\/2020\/05\/06\/assemblee-la-commission-du-reglement-interieur-adopte-lamendement-de-larticle-45-visant-a-lutter-contre-le-tourisme-parlementaire\/embed\/#?secret=KZVPecRVLs#?secret=VViSZCGwGH\" data-secret=\"VViSZCGwGH\" width=\"600\" height=\"338\" frameborder=\"0\" marginwidth=\"0\" marginheight=\"0\" scrolling=\"no\"><\/iframe>\n<\/div><\/figure>\n","protected":false},"excerpt":{"rendered":"<p>Oussama Khlifi a annonc\u00e9, ce jeudi 1er octobre 2020, que quatre d\u00e9put\u00e9s ont officiellement rejoint le bloc parlementaire Qalb Tounes, qu&rsquo;il pr\u00e9side.<\/p>\n","protected":false},"author":6,"featured_media":0,"comment_status":"open","ping_status":"open","sticky":false,"template":"","format":"standard","meta":{"footnotes":""},"categories":[998,2433],"tags":[7908,3668,83355,651,68981,83356],"class_list":["post-318845","post","type-post","status-publish","format-standard","hentry","category-societe","category-tunisie","tag-bloc-parlementaire","tag-deputes","tag-mohamed-salah-ltifi","tag-nabil-karoui","tag-oussama-khlifi","tag-qalbtounes"],"yoast_head":"<!-- This site is optimized with the Yoast SEO plugin v26.6 - https:\/\/yoast.com\/wordpress\/plugins\/seo\/ -->\n<title>Assembl\u00e9e : Quatre d\u00e9put\u00e9s rejoignent Qalb Tounes, dont le \u00abcontrebandier repenti\u00bb Mohamed Salah Ltifi - Kapitalis<\/title>\n<meta name=\"robots\" content=\"index, follow, max-snippet:-1, max-image-preview:large, max-video-preview:-1\" \/>\n<link rel=\"canonical\" href=\"https:\/\/kapitalis.com\/tunisie\/2020\/10\/01\/assemblee-quatre-deputes-rejoignent-qalb-tounes-dont-le-contrebandier-repenti-mohamed-salah-ltifi\/\" \/>\n<meta property=\"og:locale\" content=\"fr_FR\" \/>\n<meta property=\"og:type\" content=\"article\" \/>\n<meta property=\"og:title\" content=\"Assembl\u00e9e : Quatre d\u00e9put\u00e9s rejoignent Qalb Tounes, dont le \u00abcontrebandier repenti\u00bb Mohamed Salah Ltifi - Kapitalis\" \/>\n<meta property=\"og:description\" content=\"Oussama Khlifi a annonc\u00e9, ce jeudi 1er octobre 2020, que quatre d\u00e9put\u00e9s ont officiellement rejoint le bloc parlementaire Qalb Tounes, qu&rsquo;il pr\u00e9side.\" \/>\n<meta property=\"og:url\" content=\"https:\/\/kapitalis.com\/tunisie\/2020\/10\/01\/assemblee-quatre-deputes-rejoignent-qalb-tounes-dont-le-contrebandier-repenti-mohamed-salah-ltifi\/\" \/>\n<meta property=\"og:site_name\" content=\"Kapitalis\" \/>\n<meta property=\"article:publisher\" content=\"https:\/\/www.facebook.com\/KapitalisInfo\/\" \/>\n<meta property=\"article:published_time\" content=\"2020-10-01T21:02:56+00:00\" \/>\n<meta property=\"article:modified_time\" content=\"2020-10-02T06:51:29+00:00\" \/>\n<meta property=\"og:image\" content=\"http:\/\/kapitalis.com\/tunisie\/wp-content\/uploads\/2019\/12\/qalb-tounes-arp.jpg\" \/>\n<meta name=\"author\" content=\"Yusra NY\" \/>\n<meta name=\"twitter:card\" content=\"summary_large_image\" \/>\n<meta name=\"twitter:creator\" content=\"@KapitalisInfo\" \/>\n<meta name=\"twitter:site\" content=\"@KapitalisInfo\" \/>\n<meta name=\"twitter:label1\" content=\"\u00c9crit par\" \/>\n\t<meta name=\"twitter:data1\" content=\"Yusra NY\" \/>\n\t<meta name=\"twitter:label2\" content=\"Dur\u00e9e de lecture estim\u00e9e\" \/>\n\t<meta name=\"twitter:data2\" content=\"2 minutes\" \/>\n<script type=\"application\/ld+json\" class=\"yoast-schema-graph\">{\"@context\":\"https:\/\/schema.org\",\"@graph\":[{\"@type\":\"Article\",\"@id\":\"https:\/\/kapitalis.com\/tunisie\/2020\/10\/01\/assemblee-quatre-deputes-rejoignent-qalb-tounes-dont-le-contrebandier-repenti-mohamed-salah-ltifi\/#article\",\"isPartOf\":{\"@id\":\"https:\/\/kapitalis.com\/tunisie\/2020\/10\/01\/assemblee-quatre-deputes-rejoignent-qalb-tounes-dont-le-contrebandier-repenti-mohamed-salah-ltifi\/\"},\"author\":{\"name\":\"Yusra NY\",\"@id\":\"https:\/\/kapitalis.com\/tunisie\/#\/schema\/person\/74bbde0154d49d790a92aaeac5bc01d5\"},\"headline\":\"Assembl\u00e9e : Quatre d\u00e9put\u00e9s rejoignent Qalb Tounes, dont le \u00abcontrebandier repenti\u00bb Mohamed Salah Ltifi\",\"datePublished\":\"2020-10-01T21:02:56+00:00\",\"dateModified\":\"2020-10-02T06:51:29+00:00\",\"mainEntityOfPage\":{\"@id\":\"https:\/\/kapitalis.com\/tunisie\/2020\/10\/01\/assemblee-quatre-deputes-rejoignent-qalb-tounes-dont-le-contrebandier-repenti-mohamed-salah-ltifi\/\"},\"wordCount\":384,\"commentCount\":4,\"publisher\":{\"@id\":\"https:\/\/kapitalis.com\/tunisie\/#organization\"},\"image\":{\"@id\":\"https:\/\/kapitalis.com\/tunisie\/2020\/10\/01\/assemblee-quatre-deputes-rejoignent-qalb-tounes-dont-le-contrebandier-repenti-mohamed-salah-ltifi\/#primaryimage\"},\"thumbnailUrl\":\"http:\/\/kapitalis.com\/tunisie\/wp-content\/uploads\/2019\/12\/qalb-tounes-arp.jpg\",\"keywords\":[\"bloc parlementaire\",\"d\u00e9put\u00e9s\",\"Mohamed Salah Ltifi\",\"Nabil Karoui\",\"Oussama Khlifi\",\"QalbTounes\"],\"articleSection\":[\"SOCIETE\",\"Tunisie\"],\"inLanguage\":\"fr-FR\",\"potentialAction\":[{\"@type\":\"CommentAction\",\"name\":\"Comment\",\"target\":[\"https:\/\/kapitalis.com\/tunisie\/2020\/10\/01\/assemblee-quatre-deputes-rejoignent-qalb-tounes-dont-le-contrebandier-repenti-mohamed-salah-ltifi\/#respond\"]}]},{\"@type\":\"WebPage\",\"@id\":\"https:\/\/kapitalis.com\/tunisie\/2020\/10\/01\/assemblee-quatre-deputes-rejoignent-qalb-tounes-dont-le-contrebandier-repenti-mohamed-salah-ltifi\/\",\"url\":\"https:\/\/kapitalis.com\/tunisie\/2020\/10\/01\/assemblee-quatre-deputes-rejoignent-qalb-tounes-dont-le-contrebandier-repenti-mohamed-salah-ltifi\/\",\"name\":\"Assembl\u00e9e : Quatre d\u00e9put\u00e9s rejoignent Qalb Tounes, dont le \u00abcontrebandier repenti\u00bb Mohamed Salah Ltifi - Kapitalis\",\"isPartOf\":{\"@id\":\"https:\/\/kapitalis.com\/tunisie\/#website\"},\"primaryImageOfPage\":{\"@id\":\"https:\/\/kapitalis.com\/tunisie\/2020\/10\/01\/assemblee-quatre-deputes-rejoignent-qalb-tounes-dont-le-contrebandier-repenti-mohamed-salah-ltifi\/#primaryimage\"},\"image\":{\"@id\":\"https:\/\/kapitalis.com\/tunisie\/2020\/10\/01\/assemblee-quatre-deputes-rejoignent-qalb-tounes-dont-le-contrebandier-repenti-mohamed-salah-ltifi\/#primaryimage\"},\"thumbnailUrl\":\"http:\/\/kapitalis.com\/tunisie\/wp-content\/uploads\/2019\/12\/qalb-tounes-arp.jpg\",\"datePublished\":\"2020-10-01T21:02:56+00:00\",\"dateModified\":\"2020-10-02T06:51:29+00:00\",\"breadcrumb\":{\"@id\":\"https:\/\/kapitalis.com\/tunisie\/2020\/10\/01\/assemblee-quatre-deputes-rejoignent-qalb-tounes-dont-le-contrebandier-repenti-mohamed-salah-ltifi\/#breadcrumb\"},\"inLanguage\":\"fr-FR\",\"potentialAction\":[{\"@type\":\"ReadAction\",\"target\":[\"https:\/\/kapitalis.com\/tunisie\/2020\/10\/01\/assemblee-quatre-deputes-rejoignent-qalb-tounes-dont-le-contrebandier-repenti-mohamed-salah-ltifi\/\"]}]},{\"@type\":\"ImageObject\",\"inLanguage\":\"fr-FR\",\"@id\":\"https:\/\/kapitalis.com\/tunisie\/2020\/10\/01\/assemblee-quatre-deputes-rejoignent-qalb-tounes-dont-le-contrebandier-repenti-mohamed-salah-ltifi\/#primaryimage\",\"url\":\"\",\"contentUrl\":\"\"},{\"@type\":\"BreadcrumbList\",\"@id\":\"https:\/\/kapitalis.com\/tunisie\/2020\/10\/01\/assemblee-quatre-deputes-rejoignent-qalb-tounes-dont-le-contrebandier-repenti-mohamed-salah-ltifi\/#breadcrumb\",\"itemListElement\":[{\"@type\":\"ListItem\",\"position\":1,\"name\":\"Accueil\",\"item\":\"https:\/\/kapitalis.com\/tunisie\/\"},{\"@type\":\"ListItem\",\"position\":2,\"name\":\"Assembl\u00e9e : Quatre d\u00e9put\u00e9s rejoignent Qalb Tounes, dont le \u00abcontrebandier repenti\u00bb Mohamed Salah Ltifi\"}]},{\"@type\":\"WebSite\",\"@id\":\"https:\/\/kapitalis.com\/tunisie\/#website\",\"url\":\"https:\/\/kapitalis.com\/tunisie\/\",\"name\":\"Kapitalis\",\"description\":\"L&#039;actualit\u00e9 en Tunisie et dans le monde\",\"publisher\":{\"@id\":\"https:\/\/kapitalis.com\/tunisie\/#organization\"},\"potentialAction\":[{\"@type\":\"SearchAction\",\"target\":{\"@type\":\"EntryPoint\",\"urlTemplate\":\"https:\/\/kapitalis.com\/tunisie\/?s={search_term_string}\"},\"query-input\":{\"@type\":\"PropertyValueSpecification\",\"valueRequired\":true,\"valueName\":\"search_term_string\"}}],\"inLanguage\":\"fr-FR\"},{\"@type\":\"Organization\",\"@id\":\"https:\/\/kapitalis.com\/tunisie\/#organization\",\"name\":\"Kapitalis\",\"url\":\"https:\/\/kapitalis.com\/tunisie\/\",\"logo\":{\"@type\":\"ImageObject\",\"inLanguage\":\"fr-FR\",\"@id\":\"https:\/\/kapitalis.com\/tunisie\/#\/schema\/logo\/image\/\",\"url\":\"https:\/\/kapitalis.com\/tunisie\/wp-content\/uploads\/2022\/05\/Kapitalis-big-size.png\",\"contentUrl\":\"https:\/\/kapitalis.com\/tunisie\/wp-content\/uploads\/2022\/05\/Kapitalis-big-size.png\",\"width\":5000,\"height\":1500,\"caption\":\"Kapitalis\"},\"image\":{\"@id\":\"https:\/\/kapitalis.com\/tunisie\/#\/schema\/logo\/image\/\"},\"sameAs\":[\"https:\/\/www.facebook.com\/KapitalisInfo\/\",\"https:\/\/x.com\/KapitalisInfo\",\"https:\/\/www.youtube.com\/channel\/UC-yDYrHyfFBWWZaOw3FPg9Q\"]},{\"@type\":\"Person\",\"@id\":\"https:\/\/kapitalis.com\/tunisie\/#\/schema\/person\/74bbde0154d49d790a92aaeac5bc01d5\",\"name\":\"Yusra NY\",\"url\":\"https:\/\/kapitalis.com\/tunisie\/author\/yuza_adam\/\"}]}<\/script>\n<!-- \/ Yoast SEO plugin. -->","yoast_head_json":{"title":"Assembl\u00e9e : Quatre d\u00e9put\u00e9s rejoignent Qalb Tounes, dont le \u00abcontrebandier repenti\u00bb Mohamed Salah Ltifi - Kapitalis","robots":{"index":"index","follow":"follow","max-snippet":"max-snippet:-1","max-image-preview":"max-image-preview:large","max-video-preview":"max-video-preview:-1"},"canonical":"https:\/\/kapitalis.com\/tunisie\/2020\/10\/01\/assemblee-quatre-deputes-rejoignent-qalb-tounes-dont-le-contrebandier-repenti-mohamed-salah-ltifi\/","og_locale":"fr_FR","og_type":"article","og_title":"Assembl\u00e9e : Quatre d\u00e9put\u00e9s rejoignent Qalb Tounes, dont le \u00abcontrebandier repenti\u00bb Mohamed Salah Ltifi - Kapitalis","og_description":"Oussama Khlifi a annonc\u00e9, ce jeudi 1er octobre 2020, que quatre d\u00e9put\u00e9s ont officiellement rejoint le bloc parlementaire Qalb Tounes, qu&rsquo;il pr\u00e9side.","og_url":"https:\/\/kapitalis.com\/tunisie\/2020\/10\/01\/assemblee-quatre-deputes-rejoignent-qalb-tounes-dont-le-contrebandier-repenti-mohamed-salah-ltifi\/","og_site_name":"Kapitalis","article_publisher":"https:\/\/www.facebook.com\/KapitalisInfo\/","article_published_time":"2020-10-01T21:02:56+00:00","article_modified_time":"2020-10-02T06:51:29+00:00","og_image":[{"url":"http:\/\/kapitalis.com\/tunisie\/wp-content\/uploads\/2019\/12\/qalb-tounes-arp.jpg","type":"","width":"","height":""}],"author":"Yusra NY","twitter_card":"summary_large_image","twitter_creator":"@KapitalisInfo","twitter_site":"@KapitalisInfo","twitter_misc":{"\u00c9crit par":"Yusra NY","Dur\u00e9e de lecture estim\u00e9e":"2 minutes"},"schema":{"@context":"https:\/\/schema.org","@graph":[{"@type":"Article","@id":"https:\/\/kapitalis.com\/tunisie\/2020\/10\/01\/assemblee-quatre-deputes-rejoignent-qalb-tounes-dont-le-contrebandier-repenti-mohamed-salah-ltifi\/#article","isPartOf":{"@id":"https:\/\/kapitalis.com\/tunisie\/2020\/10\/01\/assemblee-quatre-deputes-rejoignent-qalb-tounes-dont-le-contrebandier-repenti-mohamed-salah-ltifi\/"},"author":{"name":"Yusra NY","@id":"https:\/\/kapitalis.com\/tunisie\/#\/schema\/person\/74bbde0154d49d790a92aaeac5bc01d5"},"headline":"Assembl\u00e9e : Quatre d\u00e9put\u00e9s rejoignent Qalb Tounes, dont le \u00abcontrebandier repenti\u00bb Mohamed Salah Ltifi","datePublished":"2020-10-01T21:02:56+00:00","dateModified":"2020-10-02T06:51:29+00:00","mainEntityOfPage":{"@id":"https:\/\/kapitalis.com\/tunisie\/2020\/10\/01\/assemblee-quatre-deputes-rejoignent-qalb-tounes-dont-le-contrebandier-repenti-mohamed-salah-ltifi\/"},"wordCount":384,"commentCount":4,"publisher":{"@id":"https:\/\/kapitalis.com\/tunisie\/#organization"},"image":{"@id":"https:\/\/kapitalis.com\/tunisie\/2020\/10\/01\/assemblee-quatre-deputes-rejoignent-qalb-tounes-dont-le-contrebandier-repenti-mohamed-salah-ltifi\/#primaryimage"},"thumbnailUrl":"http:\/\/kapitalis.com\/tunisie\/wp-content\/uploads\/2019\/12\/qalb-tounes-arp.jpg","keywords":["bloc parlementaire","d\u00e9put\u00e9s","Mohamed Salah Ltifi","Nabil Karoui","Oussama Khlifi","QalbTounes"],"articleSection":["SOCIETE","Tunisie"],"inLanguage":"fr-FR","potentialAction":[{"@type":"CommentAction","name":"Comment","target":["https:\/\/kapitalis.com\/tunisie\/2020\/10\/01\/assemblee-quatre-deputes-rejoignent-qalb-tounes-dont-le-contrebandier-repenti-mohamed-salah-ltifi\/#respond"]}]},{"@type":"WebPage","@id":"https:\/\/kapitalis.com\/tunisie\/2020\/10\/01\/assemblee-quatre-deputes-rejoignent-qalb-tounes-dont-le-contrebandier-repenti-mohamed-salah-ltifi\/","url":"https:\/\/kapitalis.com\/tunisie\/2020\/10\/01\/assemblee-quatre-deputes-rejoignent-qalb-tounes-dont-le-contrebandier-repenti-mohamed-salah-ltifi\/","name":"Assembl\u00e9e : Quatre d\u00e9put\u00e9s rejoignent Qalb Tounes, dont le \u00abcontrebandier repenti\u00bb Mohamed Salah Ltifi - Kapitalis","isPartOf":{"@id":"https:\/\/kapitalis.com\/tunisie\/#website"},"primaryImageOfPage":{"@id":"https:\/\/kapitalis.com\/tunisie\/2020\/10\/01\/assemblee-quatre-deputes-rejoignent-qalb-tounes-dont-le-contrebandier-repenti-mohamed-salah-ltifi\/#primaryimage"},"image":{"@id":"https:\/\/kapitalis.com\/tunisie\/2020\/10\/01\/assemblee-quatre-deputes-rejoignent-qalb-tounes-dont-le-contrebandier-repenti-mohamed-salah-ltifi\/#primaryimage"},"thumbnailUrl":"http:\/\/kapitalis.com\/tunisie\/wp-content\/uploads\/2019\/12\/qalb-tounes-arp.jpg","datePublished":"2020-10-01T21:02:56+00:00","dateModified":"2020-10-02T06:51:29+00:00","breadcrumb":{"@id":"https:\/\/kapitalis.com\/tunisie\/2020\/10\/01\/assemblee-quatre-deputes-rejoignent-qalb-tounes-dont-le-contrebandier-repenti-mohamed-salah-ltifi\/#breadcrumb"},"inLanguage":"fr-FR","potentialAction":[{"@type":"ReadAction","target":["https:\/\/kapitalis.com\/tunisie\/2020\/10\/01\/assemblee-quatre-deputes-rejoignent-qalb-tounes-dont-le-contrebandier-repenti-mohamed-salah-ltifi\/"]}]},{"@type":"ImageObject","inLanguage":"fr-FR","@id":"https:\/\/kapitalis.com\/tunisie\/2020\/10\/01\/assemblee-quatre-deputes-rejoignent-qalb-tounes-dont-le-contrebandier-repenti-mohamed-salah-ltifi\/#primaryimage","url":"","contentUrl":""},{"@type":"BreadcrumbList","@id":"https:\/\/kapitalis.com\/tunisie\/2020\/10\/01\/assemblee-quatre-deputes-rejoignent-qalb-tounes-dont-le-contrebandier-repenti-mohamed-salah-ltifi\/#breadcrumb","itemListElement":[{"@type":"ListItem","position":1,"name":"Accueil","item":"https:\/\/kapitalis.com\/tunisie\/"},{"@type":"ListItem","position":2,"name":"Assembl\u00e9e : Quatre d\u00e9put\u00e9s rejoignent Qalb Tounes, dont le \u00abcontrebandier repenti\u00bb Mohamed Salah Ltifi"}]},{"@type":"WebSite","@id":"https:\/\/kapitalis.com\/tunisie\/#website","url":"https:\/\/kapitalis.com\/tunisie\/","name":"Kapitalis","description":"L&#039;actualit\u00e9 en Tunisie et dans le monde","publisher":{"@id":"https:\/\/kapitalis.com\/tunisie\/#organization"},"potentialAction":[{"@type":"SearchAction","target":{"@type":"EntryPoint","urlTemplate":"https:\/\/kapitalis.com\/tunisie\/?s={search_term_string}"},"query-input":{"@type":"PropertyValueSpecification","valueRequired":true,"valueName":"search_term_string"}}],"inLanguage":"fr-FR"},{"@type":"Organization","@id":"https:\/\/kapitalis.com\/tunisie\/#organization","name":"Kapitalis","url":"https:\/\/kapitalis.com\/tunisie\/","logo":{"@type":"ImageObject","inLanguage":"fr-FR","@id":"https:\/\/kapitalis.com\/tunisie\/#\/schema\/logo\/image\/","url":"https:\/\/kapitalis.com\/tunisie\/wp-content\/uploads\/2022\/05\/Kapitalis-big-size.png","contentUrl":"https:\/\/kapitalis.com\/tunisie\/wp-content\/uploads\/2022\/05\/Kapitalis-big-size.png","width":5000,"height":1500,"caption":"Kapitalis"},"image":{"@id":"https:\/\/kapitalis.com\/tunisie\/#\/schema\/logo\/image\/"},"sameAs":["https:\/\/www.facebook.com\/KapitalisInfo\/","https:\/\/x.com\/KapitalisInfo","https:\/\/www.youtube.com\/channel\/UC-yDYrHyfFBWWZaOw3FPg9Q"]},{"@type":"Person","@id":"https:\/\/kapitalis.com\/tunisie\/#\/schema\/person\/74bbde0154d49d790a92aaeac5bc01d5","name":"Yusra NY","url":"https:\/\/kapitalis.com\/tunisie\/author\/yuza_adam\/"}]}},"_links":{"self":[{"href":"https:\/\/kapitalis.com\/tunisie\/wp-json\/wp\/v2\/posts\/318845","targetHints":{"allow":["GET"]}}],"collection":[{"href":"https:\/\/kapitalis.com\/tunisie\/wp-json\/wp\/v2\/posts"}],"about":[{"href":"https:\/\/kapitalis.com\/tunisie\/wp-json\/wp\/v2\/types\/post"}],"author":[{"embeddable":true,"href":"https:\/\/kapitalis.com\/tunisie\/wp-json\/wp\/v2\/users\/6"}],"replies":[{"embeddable":true,"href":"https:\/\/kapitalis.com\/tunisie\/wp-json\/wp\/v2\/comments?post=318845"}],"version-history":[{"count":0,"href":"https:\/\/kapitalis.com\/tunisie\/wp-json\/wp\/v2\/posts\/318845\/revisions"}],"wp:attachment":[{"href":"https:\/\/kapitalis.com\/tunisie\/wp-json\/wp\/v2\/media?parent=318845"}],"wp:term":[{"taxonomy":"category","embeddable":true,"href":"https:\/\/kapitalis.com\/tunisie\/wp-json\/wp\/v2\/categories?post=318845"},{"taxonomy":"post_tag","embeddable":true,"href":"https:\/\/kapitalis.com\/tunisie\/wp-json\/wp\/v2\/tags?post=318845"}],"curies":[{"name":"wp","href":"https:\/\/api.w.org\/{rel}","templated":true}]}}