{"id":319427,"date":"2020-10-06T10:14:23","date_gmt":"2020-10-06T09:14:23","guid":{"rendered":"http:\/\/kapitalis.com\/tunisie\/?p=319427"},"modified":"2020-10-06T11:11:53","modified_gmt":"2020-10-06T10:11:53","slug":"walid-zidi-un-depart-sans-rancune-dun-profil-trop-atypique-pour-le-poste-de-ministre","status":"publish","type":"post","link":"https:\/\/kapitalis.com\/tunisie\/2020\/10\/06\/walid-zidi-un-depart-sans-rancune-dun-profil-trop-atypique-pour-le-poste-de-ministre\/","title":{"rendered":"Walid Zidi : Un d\u00e9part sans rancune d&rsquo;un profil trop atypique pour le poste de ministre"},"content":{"rendered":"\n<figure class=\"wp-block-image size-large\"><img decoding=\"async\" src=\"http:\/\/kapitalis.com\/tunisie\/wp-content\/uploads\/2020\/08\/Walid-Zidi.jpg\" alt=\"\" class=\"wp-image-313421\"\/><\/figure>\n\n\n\n<p><strong><em>Au lendemain de son limogeage de son poste de ministre des Affaires culturelles, Walid Zidi a d\u00e9clar\u00e9 ce matin, du 6 octobre 2020, qu&rsquo;il \u00e9tait encore convaincu par les d\u00e9clarations qui lui ont valu cette d\u00e9cision. Une d\u00e9cision qu&rsquo;il accepte visiblement avec s\u00e9r\u00e9nit\u00e9\u2026 voire soulagement.<\/em><\/strong><\/p>\n\n\n\n<p>Par <strong>Cherif Ben Youn\u00e8s<\/strong><\/p>\n\n\n\n<!--more-->\n\n\n\n<p>Intervenu sur les ondes de Shems FM, Walid Zidi, qui s&rsquo;\u00e9tait publiquement oppos\u00e9 hier \u00e0 la d\u00e9cision du chef du gouvernement, Hichem Mechichi, d&rsquo;annuler les manifestations culturelles pendant 2 semaines, dans le cadre de la lutte contre le coronavirus, a assur\u00e9 aujourd&rsquo;hui qu&rsquo;il ne regrettait pas ses d\u00e9clarations. <\/p>\n\n\n\n<p>Il a notamment dit, pour rappel, dans une vid\u00e9o qui a fait le tour des r\u00e9seaux sociaux : \u00ab<em>Le minist\u00e8re des Affaires culturelles n&rsquo;est pas celui de l&rsquo;application des communiqu\u00e9s du gouvernement<\/em>\u00bb.<\/p>\n\n\n\n<p>\u00ab<em>Les communiqu\u00e9s ne s&rsquo;appliquent pas, et ce, contrairement aux ordres et aux d\u00e9cisions<\/em>\u00bb, a-t-il affirm\u00e9 ce matin, affichant une certaine nonchalance plut\u00f4t \u00e9trange, car il est \u00e9vident qu&rsquo;il ne s&rsquo;agissait pas seulement d&rsquo;une affaire de choix de mots.<\/p>\n\n\n\n<p>\u00ab<em>Dire que les \u00e9v\u00e9nements culturels sont interdits signifie que les performances et les exercices sont perdus. Il fallait dire qu&rsquo;ils ont \u00e9t\u00e9 report\u00e9s. Cela aurait signifi\u00e9 que le moment viendra o\u00f9 les manifestations culturelles auront lieu<\/em>\u00bb, a-t-il d\u00e9velopp\u00e9 en se focalisant toujours, quasi exclusivement, sur l&rsquo;aspect linguistique.<\/p>\n\n\n\n<p>Par ailleurs, Walid Zidi a estim\u00e9 qu&rsquo;il n&rsquo;avait pas fait preuve de r\u00e9bellion. Pour lui, le limogeage n&rsquo;est pas surprenant car toute personne occupant un poste de ministre doit s&rsquo;y attendre d\u00e8s le premier jour. <\/p>\n\n\n\n<p>Il a \u00e9galement balay\u00e9 l&rsquo;hypoth\u00e8se selon laquelle Hichem Mechichi avait une dent contre lui depuis la fausse-annonce de sa mise \u00e0 l&rsquo;\u00e9cart (annul\u00e9e apr\u00e8s l&rsquo;intervention du pr\u00e9sident de la r\u00e9publique), assurant que le chef du gouvernement s&rsquo;\u00e9tait m\u00eame f\u00e9licit\u00e9, par la suite, de l&rsquo;avoir gard\u00e9.<\/p>\n\n\n\n<p>Finalement, Walid Zidi a montr\u00e9, dans ses sorties m\u00e9diatiques, qu&rsquo;il avait un profil un peu trop atypique pour le poste de ministre. Sa d\u00e9signation, recommand\u00e9e vraisemblablement avec insistance par Ka\u00efs Sa\u00efed, \u00e9tait, d\u00e8s le d\u00e9part, une erreur, d&rsquo;autant plus que le concern\u00e9 lui-m\u00eame l&rsquo;avait accueillie avec beaucoup d&rsquo;h\u00e9sitation.<\/p>\n\n\n\n<p>Aujourd&rsquo;hui, le jeune homme de 34 ans a plut\u00f4t l&rsquo;air d&rsquo;\u00eatre soulag\u00e9 suite \u00e0 son limogeage. <\/p>\n\n\n\n<p>Pourvu que ce qui s&rsquo;est pass\u00e9 avec lui sert de le\u00e7on \u00e0 Hichem Mechichi pour qu&rsquo;il ne commette plus les m\u00eames erreurs, notamment de communication, avec les prochaines personnes avec lesquelles il collaborera au sein du gouvernement.<\/p>\n\n\n\n<p class=\"has-text-align-right\"><\/p>\n\n\n\n<figure class=\"wp-block-embed-wordpress wp-block-embed is-type-wp-embed is-provider-kapitalis\"><div class=\"wp-block-embed__wrapper\">\n<blockquote class=\"wp-embedded-content\" data-secret=\"xfUI1wCOM5\"><a href=\"https:\/\/kapitalis.com\/tunisie\/2020\/10\/05\/hichem-mechichi-limoge-walid-zidi-ministre-des-affaires-culturelles\/\">Hichem Mechichi limoge Walid Zidi, ministre des Affaires culturelles<\/a><\/blockquote><iframe loading=\"lazy\" class=\"wp-embedded-content\" sandbox=\"allow-scripts\" security=\"restricted\" style=\"position: absolute; clip: rect(1px, 1px, 1px, 1px);\" title=\"\u00ab\u00a0Hichem Mechichi limoge Walid Zidi, ministre des Affaires culturelles\u00a0\u00bb &#8212; Kapitalis\" src=\"https:\/\/kapitalis.com\/tunisie\/2020\/10\/05\/hichem-mechichi-limoge-walid-zidi-ministre-des-affaires-culturelles\/embed\/#?secret=zSavCdMBzJ#?secret=xfUI1wCOM5\" data-secret=\"xfUI1wCOM5\" width=\"600\" height=\"338\" frameborder=\"0\" marginwidth=\"0\" marginheight=\"0\" scrolling=\"no\"><\/iframe>\n<\/div><\/figure>\n","protected":false},"excerpt":{"rendered":"<p>Au lendemain de son limogeage de son poste de ministre des Affaires culturelles, Walid Zidi a d\u00e9clar\u00e9 ce matin, du 6 octobre 2020, qu&rsquo;il \u00e9tait encore convaincu par les d\u00e9clarations qui lui ont valu cette d\u00e9cision. Une d\u00e9cision qu&rsquo;il accepte visiblement avec s\u00e9r\u00e9nit\u00e9\u2026 voire soulagement. Par Cherif Ben Youn\u00e8s<\/p>\n","protected":false},"author":24,"featured_media":0,"comment_status":"open","ping_status":"open","sticky":false,"template":"","format":"standard","meta":{"footnotes":""},"categories":[992,994,997,2433],"tags":[73060,74899,76012,82124],"class_list":["post-319427","post","type-post","status-publish","format-standard","hentry","category-a-la-une","category-culture","category-politique","category-tunisie","tag-coronavirus","tag-hichem-mechichi","tag-kais-saied-2","tag-walid-zidi"],"yoast_head":"<!-- This site is optimized with the Yoast SEO plugin v26.6 - https:\/\/yoast.com\/wordpress\/plugins\/seo\/ -->\n<title>Walid Zidi : Un d\u00e9part sans rancune d&#039;un profil trop atypique pour le poste de ministre - Kapitalis<\/title>\n<meta name=\"robots\" content=\"index, follow, max-snippet:-1, max-image-preview:large, max-video-preview:-1\" \/>\n<link rel=\"canonical\" href=\"https:\/\/kapitalis.com\/tunisie\/2020\/10\/06\/walid-zidi-un-depart-sans-rancune-dun-profil-trop-atypique-pour-le-poste-de-ministre\/\" \/>\n<meta property=\"og:locale\" content=\"fr_FR\" \/>\n<meta property=\"og:type\" content=\"article\" \/>\n<meta property=\"og:title\" content=\"Walid Zidi : Un d\u00e9part sans rancune d&#039;un profil trop atypique pour le poste de ministre - Kapitalis\" \/>\n<meta property=\"og:description\" content=\"Au lendemain de son limogeage de son poste de ministre des Affaires culturelles, Walid Zidi a d\u00e9clar\u00e9 ce matin, du 6 octobre 2020, qu&rsquo;il \u00e9tait encore convaincu par les d\u00e9clarations qui lui ont valu cette d\u00e9cision. Une d\u00e9cision qu&rsquo;il accepte visiblement avec s\u00e9r\u00e9nit\u00e9\u2026 voire soulagement. Par Cherif Ben Youn\u00e8s\" \/>\n<meta property=\"og:url\" content=\"https:\/\/kapitalis.com\/tunisie\/2020\/10\/06\/walid-zidi-un-depart-sans-rancune-dun-profil-trop-atypique-pour-le-poste-de-ministre\/\" \/>\n<meta property=\"og:site_name\" content=\"Kapitalis\" \/>\n<meta property=\"article:publisher\" content=\"https:\/\/www.facebook.com\/KapitalisInfo\/\" \/>\n<meta property=\"article:published_time\" content=\"2020-10-06T09:14:23+00:00\" \/>\n<meta property=\"article:modified_time\" content=\"2020-10-06T10:11:53+00:00\" \/>\n<meta property=\"og:image\" content=\"http:\/\/kapitalis.com\/tunisie\/wp-content\/uploads\/2020\/08\/Walid-Zidi.jpg\" \/>\n<meta name=\"author\" content=\"Cherif Benyounes\" \/>\n<meta name=\"twitter:card\" content=\"summary_large_image\" \/>\n<meta name=\"twitter:creator\" content=\"@KapitalisInfo\" \/>\n<meta name=\"twitter:site\" content=\"@KapitalisInfo\" \/>\n<meta name=\"twitter:label1\" content=\"\u00c9crit par\" \/>\n\t<meta name=\"twitter:data1\" content=\"Cherif Benyounes\" \/>\n\t<meta name=\"twitter:label2\" content=\"Dur\u00e9e de lecture estim\u00e9e\" \/>\n\t<meta name=\"twitter:data2\" content=\"2 minutes\" \/>\n<script type=\"application\/ld+json\" class=\"yoast-schema-graph\">{\"@context\":\"https:\/\/schema.org\",\"@graph\":[{\"@type\":\"Article\",\"@id\":\"https:\/\/kapitalis.com\/tunisie\/2020\/10\/06\/walid-zidi-un-depart-sans-rancune-dun-profil-trop-atypique-pour-le-poste-de-ministre\/#article\",\"isPartOf\":{\"@id\":\"https:\/\/kapitalis.com\/tunisie\/2020\/10\/06\/walid-zidi-un-depart-sans-rancune-dun-profil-trop-atypique-pour-le-poste-de-ministre\/\"},\"author\":{\"name\":\"Cherif Benyounes\",\"@id\":\"https:\/\/kapitalis.com\/tunisie\/#\/schema\/person\/b35b8d631961131107263178aeb8019e\"},\"headline\":\"Walid Zidi : Un d\u00e9part sans rancune d&rsquo;un profil trop atypique pour le poste de ministre\",\"datePublished\":\"2020-10-06T09:14:23+00:00\",\"dateModified\":\"2020-10-06T10:11:53+00:00\",\"mainEntityOfPage\":{\"@id\":\"https:\/\/kapitalis.com\/tunisie\/2020\/10\/06\/walid-zidi-un-depart-sans-rancune-dun-profil-trop-atypique-pour-le-poste-de-ministre\/\"},\"wordCount\":451,\"commentCount\":7,\"publisher\":{\"@id\":\"https:\/\/kapitalis.com\/tunisie\/#organization\"},\"image\":{\"@id\":\"https:\/\/kapitalis.com\/tunisie\/2020\/10\/06\/walid-zidi-un-depart-sans-rancune-dun-profil-trop-atypique-pour-le-poste-de-ministre\/#primaryimage\"},\"thumbnailUrl\":\"http:\/\/kapitalis.com\/tunisie\/wp-content\/uploads\/2020\/08\/Walid-Zidi.jpg\",\"keywords\":[\"Coronavirus\",\"Hichem Mechichi\",\"Ka\u00efs Sa\u00efed\",\"Walid Zidi\"],\"articleSection\":[\"A LA UNE\",\"CULTURE\",\"POLITIQUE\",\"Tunisie\"],\"inLanguage\":\"fr-FR\",\"potentialAction\":[{\"@type\":\"CommentAction\",\"name\":\"Comment\",\"target\":[\"https:\/\/kapitalis.com\/tunisie\/2020\/10\/06\/walid-zidi-un-depart-sans-rancune-dun-profil-trop-atypique-pour-le-poste-de-ministre\/#respond\"]}]},{\"@type\":\"WebPage\",\"@id\":\"https:\/\/kapitalis.com\/tunisie\/2020\/10\/06\/walid-zidi-un-depart-sans-rancune-dun-profil-trop-atypique-pour-le-poste-de-ministre\/\",\"url\":\"https:\/\/kapitalis.com\/tunisie\/2020\/10\/06\/walid-zidi-un-depart-sans-rancune-dun-profil-trop-atypique-pour-le-poste-de-ministre\/\",\"name\":\"Walid Zidi : Un d\u00e9part sans rancune d'un profil trop atypique pour le poste de ministre - Kapitalis\",\"isPartOf\":{\"@id\":\"https:\/\/kapitalis.com\/tunisie\/#website\"},\"primaryImageOfPage\":{\"@id\":\"https:\/\/kapitalis.com\/tunisie\/2020\/10\/06\/walid-zidi-un-depart-sans-rancune-dun-profil-trop-atypique-pour-le-poste-de-ministre\/#primaryimage\"},\"image\":{\"@id\":\"https:\/\/kapitalis.com\/tunisie\/2020\/10\/06\/walid-zidi-un-depart-sans-rancune-dun-profil-trop-atypique-pour-le-poste-de-ministre\/#primaryimage\"},\"thumbnailUrl\":\"http:\/\/kapitalis.com\/tunisie\/wp-content\/uploads\/2020\/08\/Walid-Zidi.jpg\",\"datePublished\":\"2020-10-06T09:14:23+00:00\",\"dateModified\":\"2020-10-06T10:11:53+00:00\",\"breadcrumb\":{\"@id\":\"https:\/\/kapitalis.com\/tunisie\/2020\/10\/06\/walid-zidi-un-depart-sans-rancune-dun-profil-trop-atypique-pour-le-poste-de-ministre\/#breadcrumb\"},\"inLanguage\":\"fr-FR\",\"potentialAction\":[{\"@type\":\"ReadAction\",\"target\":[\"https:\/\/kapitalis.com\/tunisie\/2020\/10\/06\/walid-zidi-un-depart-sans-rancune-dun-profil-trop-atypique-pour-le-poste-de-ministre\/\"]}]},{\"@type\":\"ImageObject\",\"inLanguage\":\"fr-FR\",\"@id\":\"https:\/\/kapitalis.com\/tunisie\/2020\/10\/06\/walid-zidi-un-depart-sans-rancune-dun-profil-trop-atypique-pour-le-poste-de-ministre\/#primaryimage\",\"url\":\"\",\"contentUrl\":\"\"},{\"@type\":\"BreadcrumbList\",\"@id\":\"https:\/\/kapitalis.com\/tunisie\/2020\/10\/06\/walid-zidi-un-depart-sans-rancune-dun-profil-trop-atypique-pour-le-poste-de-ministre\/#breadcrumb\",\"itemListElement\":[{\"@type\":\"ListItem\",\"position\":1,\"name\":\"Accueil\",\"item\":\"https:\/\/kapitalis.com\/tunisie\/\"},{\"@type\":\"ListItem\",\"position\":2,\"name\":\"Walid Zidi : Un d\u00e9part sans rancune d&rsquo;un profil trop atypique pour le poste de ministre\"}]},{\"@type\":\"WebSite\",\"@id\":\"https:\/\/kapitalis.com\/tunisie\/#website\",\"url\":\"https:\/\/kapitalis.com\/tunisie\/\",\"name\":\"Kapitalis\",\"description\":\"L&#039;actualit\u00e9 en Tunisie et dans le monde\",\"publisher\":{\"@id\":\"https:\/\/kapitalis.com\/tunisie\/#organization\"},\"potentialAction\":[{\"@type\":\"SearchAction\",\"target\":{\"@type\":\"EntryPoint\",\"urlTemplate\":\"https:\/\/kapitalis.com\/tunisie\/?s={search_term_string}\"},\"query-input\":{\"@type\":\"PropertyValueSpecification\",\"valueRequired\":true,\"valueName\":\"search_term_string\"}}],\"inLanguage\":\"fr-FR\"},{\"@type\":\"Organization\",\"@id\":\"https:\/\/kapitalis.com\/tunisie\/#organization\",\"name\":\"Kapitalis\",\"url\":\"https:\/\/kapitalis.com\/tunisie\/\",\"logo\":{\"@type\":\"ImageObject\",\"inLanguage\":\"fr-FR\",\"@id\":\"https:\/\/kapitalis.com\/tunisie\/#\/schema\/logo\/image\/\",\"url\":\"https:\/\/kapitalis.com\/tunisie\/wp-content\/uploads\/2022\/05\/Kapitalis-big-size.png\",\"contentUrl\":\"https:\/\/kapitalis.com\/tunisie\/wp-content\/uploads\/2022\/05\/Kapitalis-big-size.png\",\"width\":5000,\"height\":1500,\"caption\":\"Kapitalis\"},\"image\":{\"@id\":\"https:\/\/kapitalis.com\/tunisie\/#\/schema\/logo\/image\/\"},\"sameAs\":[\"https:\/\/www.facebook.com\/KapitalisInfo\/\",\"https:\/\/x.com\/KapitalisInfo\",\"https:\/\/www.youtube.com\/channel\/UC-yDYrHyfFBWWZaOw3FPg9Q\"]},{\"@type\":\"Person\",\"@id\":\"https:\/\/kapitalis.com\/tunisie\/#\/schema\/person\/b35b8d631961131107263178aeb8019e\",\"name\":\"Cherif Benyounes\",\"url\":\"https:\/\/kapitalis.com\/tunisie\/author\/cherif\/\"}]}<\/script>\n<!-- \/ Yoast SEO plugin. -->","yoast_head_json":{"title":"Walid Zidi : Un d\u00e9part sans rancune d'un profil trop atypique pour le poste de ministre - Kapitalis","robots":{"index":"index","follow":"follow","max-snippet":"max-snippet:-1","max-image-preview":"max-image-preview:large","max-video-preview":"max-video-preview:-1"},"canonical":"https:\/\/kapitalis.com\/tunisie\/2020\/10\/06\/walid-zidi-un-depart-sans-rancune-dun-profil-trop-atypique-pour-le-poste-de-ministre\/","og_locale":"fr_FR","og_type":"article","og_title":"Walid Zidi : Un d\u00e9part sans rancune d'un profil trop atypique pour le poste de ministre - Kapitalis","og_description":"Au lendemain de son limogeage de son poste de ministre des Affaires culturelles, Walid Zidi a d\u00e9clar\u00e9 ce matin, du 6 octobre 2020, qu&rsquo;il \u00e9tait encore convaincu par les d\u00e9clarations qui lui ont valu cette d\u00e9cision. Une d\u00e9cision qu&rsquo;il accepte visiblement avec s\u00e9r\u00e9nit\u00e9\u2026 voire soulagement. Par Cherif Ben Youn\u00e8s","og_url":"https:\/\/kapitalis.com\/tunisie\/2020\/10\/06\/walid-zidi-un-depart-sans-rancune-dun-profil-trop-atypique-pour-le-poste-de-ministre\/","og_site_name":"Kapitalis","article_publisher":"https:\/\/www.facebook.com\/KapitalisInfo\/","article_published_time":"2020-10-06T09:14:23+00:00","article_modified_time":"2020-10-06T10:11:53+00:00","og_image":[{"url":"http:\/\/kapitalis.com\/tunisie\/wp-content\/uploads\/2020\/08\/Walid-Zidi.jpg","type":"","width":"","height":""}],"author":"Cherif Benyounes","twitter_card":"summary_large_image","twitter_creator":"@KapitalisInfo","twitter_site":"@KapitalisInfo","twitter_misc":{"\u00c9crit par":"Cherif Benyounes","Dur\u00e9e de lecture estim\u00e9e":"2 minutes"},"schema":{"@context":"https:\/\/schema.org","@graph":[{"@type":"Article","@id":"https:\/\/kapitalis.com\/tunisie\/2020\/10\/06\/walid-zidi-un-depart-sans-rancune-dun-profil-trop-atypique-pour-le-poste-de-ministre\/#article","isPartOf":{"@id":"https:\/\/kapitalis.com\/tunisie\/2020\/10\/06\/walid-zidi-un-depart-sans-rancune-dun-profil-trop-atypique-pour-le-poste-de-ministre\/"},"author":{"name":"Cherif Benyounes","@id":"https:\/\/kapitalis.com\/tunisie\/#\/schema\/person\/b35b8d631961131107263178aeb8019e"},"headline":"Walid Zidi : Un d\u00e9part sans rancune d&rsquo;un profil trop atypique pour le poste de ministre","datePublished":"2020-10-06T09:14:23+00:00","dateModified":"2020-10-06T10:11:53+00:00","mainEntityOfPage":{"@id":"https:\/\/kapitalis.com\/tunisie\/2020\/10\/06\/walid-zidi-un-depart-sans-rancune-dun-profil-trop-atypique-pour-le-poste-de-ministre\/"},"wordCount":451,"commentCount":7,"publisher":{"@id":"https:\/\/kapitalis.com\/tunisie\/#organization"},"image":{"@id":"https:\/\/kapitalis.com\/tunisie\/2020\/10\/06\/walid-zidi-un-depart-sans-rancune-dun-profil-trop-atypique-pour-le-poste-de-ministre\/#primaryimage"},"thumbnailUrl":"http:\/\/kapitalis.com\/tunisie\/wp-content\/uploads\/2020\/08\/Walid-Zidi.jpg","keywords":["Coronavirus","Hichem Mechichi","Ka\u00efs Sa\u00efed","Walid Zidi"],"articleSection":["A LA UNE","CULTURE","POLITIQUE","Tunisie"],"inLanguage":"fr-FR","potentialAction":[{"@type":"CommentAction","name":"Comment","target":["https:\/\/kapitalis.com\/tunisie\/2020\/10\/06\/walid-zidi-un-depart-sans-rancune-dun-profil-trop-atypique-pour-le-poste-de-ministre\/#respond"]}]},{"@type":"WebPage","@id":"https:\/\/kapitalis.com\/tunisie\/2020\/10\/06\/walid-zidi-un-depart-sans-rancune-dun-profil-trop-atypique-pour-le-poste-de-ministre\/","url":"https:\/\/kapitalis.com\/tunisie\/2020\/10\/06\/walid-zidi-un-depart-sans-rancune-dun-profil-trop-atypique-pour-le-poste-de-ministre\/","name":"Walid Zidi : Un d\u00e9part sans rancune d'un profil trop atypique pour le poste de ministre - Kapitalis","isPartOf":{"@id":"https:\/\/kapitalis.com\/tunisie\/#website"},"primaryImageOfPage":{"@id":"https:\/\/kapitalis.com\/tunisie\/2020\/10\/06\/walid-zidi-un-depart-sans-rancune-dun-profil-trop-atypique-pour-le-poste-de-ministre\/#primaryimage"},"image":{"@id":"https:\/\/kapitalis.com\/tunisie\/2020\/10\/06\/walid-zidi-un-depart-sans-rancune-dun-profil-trop-atypique-pour-le-poste-de-ministre\/#primaryimage"},"thumbnailUrl":"http:\/\/kapitalis.com\/tunisie\/wp-content\/uploads\/2020\/08\/Walid-Zidi.jpg","datePublished":"2020-10-06T09:14:23+00:00","dateModified":"2020-10-06T10:11:53+00:00","breadcrumb":{"@id":"https:\/\/kapitalis.com\/tunisie\/2020\/10\/06\/walid-zidi-un-depart-sans-rancune-dun-profil-trop-atypique-pour-le-poste-de-ministre\/#breadcrumb"},"inLanguage":"fr-FR","potentialAction":[{"@type":"ReadAction","target":["https:\/\/kapitalis.com\/tunisie\/2020\/10\/06\/walid-zidi-un-depart-sans-rancune-dun-profil-trop-atypique-pour-le-poste-de-ministre\/"]}]},{"@type":"ImageObject","inLanguage":"fr-FR","@id":"https:\/\/kapitalis.com\/tunisie\/2020\/10\/06\/walid-zidi-un-depart-sans-rancune-dun-profil-trop-atypique-pour-le-poste-de-ministre\/#primaryimage","url":"","contentUrl":""},{"@type":"BreadcrumbList","@id":"https:\/\/kapitalis.com\/tunisie\/2020\/10\/06\/walid-zidi-un-depart-sans-rancune-dun-profil-trop-atypique-pour-le-poste-de-ministre\/#breadcrumb","itemListElement":[{"@type":"ListItem","position":1,"name":"Accueil","item":"https:\/\/kapitalis.com\/tunisie\/"},{"@type":"ListItem","position":2,"name":"Walid Zidi : Un d\u00e9part sans rancune d&rsquo;un profil trop atypique pour le poste de ministre"}]},{"@type":"WebSite","@id":"https:\/\/kapitalis.com\/tunisie\/#website","url":"https:\/\/kapitalis.com\/tunisie\/","name":"Kapitalis","description":"L&#039;actualit\u00e9 en Tunisie et dans le monde","publisher":{"@id":"https:\/\/kapitalis.com\/tunisie\/#organization"},"potentialAction":[{"@type":"SearchAction","target":{"@type":"EntryPoint","urlTemplate":"https:\/\/kapitalis.com\/tunisie\/?s={search_term_string}"},"query-input":{"@type":"PropertyValueSpecification","valueRequired":true,"valueName":"search_term_string"}}],"inLanguage":"fr-FR"},{"@type":"Organization","@id":"https:\/\/kapitalis.com\/tunisie\/#organization","name":"Kapitalis","url":"https:\/\/kapitalis.com\/tunisie\/","logo":{"@type":"ImageObject","inLanguage":"fr-FR","@id":"https:\/\/kapitalis.com\/tunisie\/#\/schema\/logo\/image\/","url":"https:\/\/kapitalis.com\/tunisie\/wp-content\/uploads\/2022\/05\/Kapitalis-big-size.png","contentUrl":"https:\/\/kapitalis.com\/tunisie\/wp-content\/uploads\/2022\/05\/Kapitalis-big-size.png","width":5000,"height":1500,"caption":"Kapitalis"},"image":{"@id":"https:\/\/kapitalis.com\/tunisie\/#\/schema\/logo\/image\/"},"sameAs":["https:\/\/www.facebook.com\/KapitalisInfo\/","https:\/\/x.com\/KapitalisInfo","https:\/\/www.youtube.com\/channel\/UC-yDYrHyfFBWWZaOw3FPg9Q"]},{"@type":"Person","@id":"https:\/\/kapitalis.com\/tunisie\/#\/schema\/person\/b35b8d631961131107263178aeb8019e","name":"Cherif Benyounes","url":"https:\/\/kapitalis.com\/tunisie\/author\/cherif\/"}]}},"_links":{"self":[{"href":"https:\/\/kapitalis.com\/tunisie\/wp-json\/wp\/v2\/posts\/319427","targetHints":{"allow":["GET"]}}],"collection":[{"href":"https:\/\/kapitalis.com\/tunisie\/wp-json\/wp\/v2\/posts"}],"about":[{"href":"https:\/\/kapitalis.com\/tunisie\/wp-json\/wp\/v2\/types\/post"}],"author":[{"embeddable":true,"href":"https:\/\/kapitalis.com\/tunisie\/wp-json\/wp\/v2\/users\/24"}],"replies":[{"embeddable":true,"href":"https:\/\/kapitalis.com\/tunisie\/wp-json\/wp\/v2\/comments?post=319427"}],"version-history":[{"count":0,"href":"https:\/\/kapitalis.com\/tunisie\/wp-json\/wp\/v2\/posts\/319427\/revisions"}],"wp:attachment":[{"href":"https:\/\/kapitalis.com\/tunisie\/wp-json\/wp\/v2\/media?parent=319427"}],"wp:term":[{"taxonomy":"category","embeddable":true,"href":"https:\/\/kapitalis.com\/tunisie\/wp-json\/wp\/v2\/categories?post=319427"},{"taxonomy":"post_tag","embeddable":true,"href":"https:\/\/kapitalis.com\/tunisie\/wp-json\/wp\/v2\/tags?post=319427"}],"curies":[{"name":"wp","href":"https:\/\/api.w.org\/{rel}","templated":true}]}}