{"id":319495,"date":"2020-10-06T16:42:25","date_gmt":"2020-10-06T15:42:25","guid":{"rendered":"http:\/\/kapitalis.com\/tunisie\/?p=319495"},"modified":"2020-10-06T16:42:31","modified_gmt":"2020-10-06T15:42:31","slug":"egalite-des-genres-et-commerce-inclusif-la-tunisie-peut-mieux-faire","status":"publish","type":"post","link":"https:\/\/kapitalis.com\/tunisie\/2020\/10\/06\/egalite-des-genres-et-commerce-inclusif-la-tunisie-peut-mieux-faire\/","title":{"rendered":"Egalit\u00e9 des genres et commerce inclusif : La Tunisie peut mieux faire"},"content":{"rendered":"\n<figure class=\"wp-block-image size-large\"><img decoding=\"async\" src=\"http:\/\/kapitalis.com\/tunisie\/wp-content\/uploads\/2020\/10\/Egalite-des-genres-UNDP.jpg\" alt=\"\" class=\"wp-image-319496\"\/><\/figure>\n\n\n\n<p><strong><em>Le Programme des Nations unies pour le d\u00e9veloppement (PNUD) organise un webinaire interactif sur \u00abl\u2019\u00e9galit\u00e9 des genres et les commerces inclusifs\u00bb en Tunisie ce mercredi 7 octobre 2020, de 10h00 \u00e0 12h00, via la plateforme Zoom.<\/em><\/strong><\/p>\n\n\n\n<!--more-->\n\n\n\n<p>Le th\u00e8me de ce webinaire, organis\u00e9 en partenariat avec Business Call To Action (BCTA) et Oxfam, est d\u2019une grande actualit\u00e9 en Tunisie, o\u00f9 la contribution des femmes \u00e0 la vie active reste assez faible, malgr\u00e9 l\u2019\u00e9volution des l\u00e9gislations favorable aux femmes. Le poids des charges domestique et familiales emp\u00eachant beaucoup de femmes d\u2019envisager une activit\u00e9 hors du foyer.<\/p>\n\n\n\n<p>L\u2019entreprise peut soutenir les femmes \u00e0 faire face aux nombreux d\u00e9fis auxquels elles sont confront\u00e9es, notamment dans les op\u00e9rations et les cha\u00eenes d&rsquo;approvisionnement, en les aidant \u00e0 trouver l\u2019\u00e9quilibre entre leur emploi r\u00e9mun\u00e9r\u00e9 et leurs responsabilit\u00e9s en termes de soins et travaux domestiques non r\u00e9mun\u00e9r\u00e9s. Un tel soutien peut am\u00e9liorer la productivit\u00e9 et r\u00e9duire les taux d\u2019absent\u00e9isme et la rotation du personnel.<\/p>\n\n\n\n<p>L\u2019objectif de ce webinaire est de discuter les principaux d\u00e9fis et opportunit\u00e9s en mati\u00e8re d\u2019\u00e9galit\u00e9 des genres au sein des entreprises tunisiennes et l\u2019int\u00e9r\u00eat pour celles-ci d\u2019avoir une optique, une vision et une approche genre.<\/p>\n\n\n\n<p>Le partenariat PNUD et BCTA en Tunisie repose sur trois axes d\u2019intervention principaux : sensibiliser et outiller le secteur priv\u00e9 pour leur contribution au d\u00e9veloppement durable gr\u00e2ce aux entreprises inclusives ; faciliter le dialogue public-priv\u00e9 et les relations entre les entreprises et partenaires du d\u00e9veloppement durable; et appuyer techniquement et strat\u00e9giquement les commerces inclusifs existants et futurs pour un impact collectif, mesurable et durable.<\/p>\n\n\n\n<p>Ces trois partenaires continueront \u00e0 lancer une s\u00e9rie de webinaires visant \u00e0 mettre en avant les pratiques, connaissances et moyens pour soutenir le secteur priv\u00e9 dans sa contribution au d\u00e9veloppement durable \u00e0 travers des commerces inclusifs.<\/p>\n\n\n\n<p>Un second webinaire aura lieu le 14 octobre courant sur<em> \u00abl\u2019inclusion des femmes \u00e0 faibles revenus dans la cha\u00eene d\u2019approvisionnement\u00bb.<\/em><\/p>\n\n\n\n<p><strong><em><a href=\"https:\/\/www.eventbrite.co.uk\/e\/webinar-interactif-sur-legalite-des-genres-et-commerces-inclusifs-tickets-122966595397\" target=\"_blank\" aria-label=\"undefined (s\u2019ouvre dans un nouvel onglet)\" rel=\"noreferrer noopener\">Lien du webinaire.<\/a><\/em><\/strong><br><\/p>\n","protected":false},"excerpt":{"rendered":"<p>Le Programme des Nations unies pour le d\u00e9veloppement (PNUD) organise un webinaire interactif sur \u00abl\u2019\u00e9galit\u00e9 des genres et les commerces inclusifs\u00bb en Tunisie ce mercredi 7 octobre 2020, de 10h00 \u00e0 12h00, via la plateforme Zoom.<\/p>\n","protected":false},"author":8,"featured_media":319496,"comment_status":"open","ping_status":"open","sticky":false,"template":"","format":"standard","meta":{"footnotes":""},"categories":[995,998,2433],"tags":[83499,83501,1684,83500,65001,725],"class_list":["post-319495","post","type-post","status-publish","format-standard","has-post-thumbnail","hentry","category-economie","category-societe","category-tunisie","tag-business-call-to-action","tag-commerces-inclusifs","tag-developpement-durable","tag-egalite-des-genres","tag-oxfam","tag-pnud"],"yoast_head":"<!-- This site is optimized with the Yoast SEO plugin v26.6 - https:\/\/yoast.com\/wordpress\/plugins\/seo\/ -->\n<title>Egalit\u00e9 des genres et commerce inclusif : La Tunisie peut mieux faire - Kapitalis<\/title>\n<meta name=\"robots\" content=\"index, follow, max-snippet:-1, max-image-preview:large, max-video-preview:-1\" \/>\n<link rel=\"canonical\" href=\"https:\/\/kapitalis.com\/tunisie\/2020\/10\/06\/egalite-des-genres-et-commerce-inclusif-la-tunisie-peut-mieux-faire\/\" \/>\n<meta property=\"og:locale\" content=\"fr_FR\" \/>\n<meta property=\"og:type\" content=\"article\" \/>\n<meta property=\"og:title\" content=\"Egalit\u00e9 des genres et commerce inclusif : La Tunisie peut mieux faire - Kapitalis\" \/>\n<meta property=\"og:description\" content=\"Le Programme des Nations unies pour le d\u00e9veloppement (PNUD) organise un webinaire interactif sur \u00abl\u2019\u00e9galit\u00e9 des genres et les commerces inclusifs\u00bb en Tunisie ce mercredi 7 octobre 2020, de 10h00 \u00e0 12h00, via la plateforme Zoom.\" \/>\n<meta property=\"og:url\" content=\"https:\/\/kapitalis.com\/tunisie\/2020\/10\/06\/egalite-des-genres-et-commerce-inclusif-la-tunisie-peut-mieux-faire\/\" \/>\n<meta property=\"og:site_name\" content=\"Kapitalis\" \/>\n<meta property=\"article:publisher\" content=\"https:\/\/www.facebook.com\/KapitalisInfo\/\" \/>\n<meta property=\"article:published_time\" content=\"2020-10-06T15:42:25+00:00\" \/>\n<meta property=\"article:modified_time\" content=\"2020-10-06T15:42:31+00:00\" \/>\n<meta property=\"og:image\" content=\"https:\/\/kapitalis.com\/tunisie\/wp-content\/uploads\/2022\/05\/kapitalis-logo-fb.png\" \/>\n\t<meta property=\"og:image:width\" content=\"1200\" \/>\n\t<meta property=\"og:image:height\" content=\"630\" \/>\n\t<meta property=\"og:image:type\" content=\"image\/png\" \/>\n<meta name=\"author\" content=\"webmaster kapitalis\" \/>\n<meta name=\"twitter:card\" content=\"summary_large_image\" \/>\n<meta name=\"twitter:creator\" content=\"@KapitalisInfo\" \/>\n<meta name=\"twitter:site\" content=\"@KapitalisInfo\" \/>\n<meta name=\"twitter:label1\" content=\"\u00c9crit par\" \/>\n\t<meta name=\"twitter:data1\" content=\"webmaster kapitalis\" \/>\n\t<meta name=\"twitter:label2\" content=\"Dur\u00e9e de lecture estim\u00e9e\" \/>\n\t<meta name=\"twitter:data2\" content=\"2 minutes\" \/>\n<script type=\"application\/ld+json\" class=\"yoast-schema-graph\">{\"@context\":\"https:\/\/schema.org\",\"@graph\":[{\"@type\":\"Article\",\"@id\":\"https:\/\/kapitalis.com\/tunisie\/2020\/10\/06\/egalite-des-genres-et-commerce-inclusif-la-tunisie-peut-mieux-faire\/#article\",\"isPartOf\":{\"@id\":\"https:\/\/kapitalis.com\/tunisie\/2020\/10\/06\/egalite-des-genres-et-commerce-inclusif-la-tunisie-peut-mieux-faire\/\"},\"author\":{\"name\":\"webmaster kapitalis\",\"@id\":\"https:\/\/kapitalis.com\/tunisie\/#\/schema\/person\/d71f33a9ca44f7bad4698210b480c8e9\"},\"headline\":\"Egalit\u00e9 des genres et commerce inclusif : La Tunisie peut mieux faire\",\"datePublished\":\"2020-10-06T15:42:25+00:00\",\"dateModified\":\"2020-10-06T15:42:31+00:00\",\"mainEntityOfPage\":{\"@id\":\"https:\/\/kapitalis.com\/tunisie\/2020\/10\/06\/egalite-des-genres-et-commerce-inclusif-la-tunisie-peut-mieux-faire\/\"},\"wordCount\":355,\"commentCount\":2,\"publisher\":{\"@id\":\"https:\/\/kapitalis.com\/tunisie\/#organization\"},\"image\":{\"@id\":\"https:\/\/kapitalis.com\/tunisie\/2020\/10\/06\/egalite-des-genres-et-commerce-inclusif-la-tunisie-peut-mieux-faire\/#primaryimage\"},\"thumbnailUrl\":\"\",\"keywords\":[\"Business Call To Action\",\"commerces inclusifs\",\"d\u00e9veloppement durable\",\"\u00e9galit\u00e9 des genres\",\"oxfam\",\"Pnud\"],\"articleSection\":[\"ECONOMIE\",\"SOCIETE\",\"Tunisie\"],\"inLanguage\":\"fr-FR\",\"potentialAction\":[{\"@type\":\"CommentAction\",\"name\":\"Comment\",\"target\":[\"https:\/\/kapitalis.com\/tunisie\/2020\/10\/06\/egalite-des-genres-et-commerce-inclusif-la-tunisie-peut-mieux-faire\/#respond\"]}]},{\"@type\":\"WebPage\",\"@id\":\"https:\/\/kapitalis.com\/tunisie\/2020\/10\/06\/egalite-des-genres-et-commerce-inclusif-la-tunisie-peut-mieux-faire\/\",\"url\":\"https:\/\/kapitalis.com\/tunisie\/2020\/10\/06\/egalite-des-genres-et-commerce-inclusif-la-tunisie-peut-mieux-faire\/\",\"name\":\"Egalit\u00e9 des genres et commerce inclusif : La Tunisie peut mieux faire - Kapitalis\",\"isPartOf\":{\"@id\":\"https:\/\/kapitalis.com\/tunisie\/#website\"},\"primaryImageOfPage\":{\"@id\":\"https:\/\/kapitalis.com\/tunisie\/2020\/10\/06\/egalite-des-genres-et-commerce-inclusif-la-tunisie-peut-mieux-faire\/#primaryimage\"},\"image\":{\"@id\":\"https:\/\/kapitalis.com\/tunisie\/2020\/10\/06\/egalite-des-genres-et-commerce-inclusif-la-tunisie-peut-mieux-faire\/#primaryimage\"},\"thumbnailUrl\":\"\",\"datePublished\":\"2020-10-06T15:42:25+00:00\",\"dateModified\":\"2020-10-06T15:42:31+00:00\",\"breadcrumb\":{\"@id\":\"https:\/\/kapitalis.com\/tunisie\/2020\/10\/06\/egalite-des-genres-et-commerce-inclusif-la-tunisie-peut-mieux-faire\/#breadcrumb\"},\"inLanguage\":\"fr-FR\",\"potentialAction\":[{\"@type\":\"ReadAction\",\"target\":[\"https:\/\/kapitalis.com\/tunisie\/2020\/10\/06\/egalite-des-genres-et-commerce-inclusif-la-tunisie-peut-mieux-faire\/\"]}]},{\"@type\":\"ImageObject\",\"inLanguage\":\"fr-FR\",\"@id\":\"https:\/\/kapitalis.com\/tunisie\/2020\/10\/06\/egalite-des-genres-et-commerce-inclusif-la-tunisie-peut-mieux-faire\/#primaryimage\",\"url\":\"\",\"contentUrl\":\"\"},{\"@type\":\"BreadcrumbList\",\"@id\":\"https:\/\/kapitalis.com\/tunisie\/2020\/10\/06\/egalite-des-genres-et-commerce-inclusif-la-tunisie-peut-mieux-faire\/#breadcrumb\",\"itemListElement\":[{\"@type\":\"ListItem\",\"position\":1,\"name\":\"Accueil\",\"item\":\"https:\/\/kapitalis.com\/tunisie\/\"},{\"@type\":\"ListItem\",\"position\":2,\"name\":\"Egalit\u00e9 des genres et commerce inclusif : La Tunisie peut mieux faire\"}]},{\"@type\":\"WebSite\",\"@id\":\"https:\/\/kapitalis.com\/tunisie\/#website\",\"url\":\"https:\/\/kapitalis.com\/tunisie\/\",\"name\":\"Kapitalis\",\"description\":\"L&#039;actualit\u00e9 en Tunisie et dans le monde\",\"publisher\":{\"@id\":\"https:\/\/kapitalis.com\/tunisie\/#organization\"},\"potentialAction\":[{\"@type\":\"SearchAction\",\"target\":{\"@type\":\"EntryPoint\",\"urlTemplate\":\"https:\/\/kapitalis.com\/tunisie\/?s={search_term_string}\"},\"query-input\":{\"@type\":\"PropertyValueSpecification\",\"valueRequired\":true,\"valueName\":\"search_term_string\"}}],\"inLanguage\":\"fr-FR\"},{\"@type\":\"Organization\",\"@id\":\"https:\/\/kapitalis.com\/tunisie\/#organization\",\"name\":\"Kapitalis\",\"url\":\"https:\/\/kapitalis.com\/tunisie\/\",\"logo\":{\"@type\":\"ImageObject\",\"inLanguage\":\"fr-FR\",\"@id\":\"https:\/\/kapitalis.com\/tunisie\/#\/schema\/logo\/image\/\",\"url\":\"https:\/\/kapitalis.com\/tunisie\/wp-content\/uploads\/2022\/05\/Kapitalis-big-size.png\",\"contentUrl\":\"https:\/\/kapitalis.com\/tunisie\/wp-content\/uploads\/2022\/05\/Kapitalis-big-size.png\",\"width\":5000,\"height\":1500,\"caption\":\"Kapitalis\"},\"image\":{\"@id\":\"https:\/\/kapitalis.com\/tunisie\/#\/schema\/logo\/image\/\"},\"sameAs\":[\"https:\/\/www.facebook.com\/KapitalisInfo\/\",\"https:\/\/x.com\/KapitalisInfo\",\"https:\/\/www.youtube.com\/channel\/UC-yDYrHyfFBWWZaOw3FPg9Q\"]},{\"@type\":\"Person\",\"@id\":\"https:\/\/kapitalis.com\/tunisie\/#\/schema\/person\/d71f33a9ca44f7bad4698210b480c8e9\",\"name\":\"webmaster kapitalis\",\"url\":\"https:\/\/kapitalis.com\/tunisie\/author\/webmaster-kapitalis\/\"}]}<\/script>\n<!-- \/ Yoast SEO plugin. -->","yoast_head_json":{"title":"Egalit\u00e9 des genres et commerce inclusif : La Tunisie peut mieux faire - Kapitalis","robots":{"index":"index","follow":"follow","max-snippet":"max-snippet:-1","max-image-preview":"max-image-preview:large","max-video-preview":"max-video-preview:-1"},"canonical":"https:\/\/kapitalis.com\/tunisie\/2020\/10\/06\/egalite-des-genres-et-commerce-inclusif-la-tunisie-peut-mieux-faire\/","og_locale":"fr_FR","og_type":"article","og_title":"Egalit\u00e9 des genres et commerce inclusif : La Tunisie peut mieux faire - Kapitalis","og_description":"Le Programme des Nations unies pour le d\u00e9veloppement (PNUD) organise un webinaire interactif sur \u00abl\u2019\u00e9galit\u00e9 des genres et les commerces inclusifs\u00bb en Tunisie ce mercredi 7 octobre 2020, de 10h00 \u00e0 12h00, via la plateforme Zoom.","og_url":"https:\/\/kapitalis.com\/tunisie\/2020\/10\/06\/egalite-des-genres-et-commerce-inclusif-la-tunisie-peut-mieux-faire\/","og_site_name":"Kapitalis","article_publisher":"https:\/\/www.facebook.com\/KapitalisInfo\/","article_published_time":"2020-10-06T15:42:25+00:00","article_modified_time":"2020-10-06T15:42:31+00:00","og_image":[{"width":1200,"height":630,"url":"https:\/\/kapitalis.com\/tunisie\/wp-content\/uploads\/2022\/05\/kapitalis-logo-fb.png","type":"image\/png"}],"author":"webmaster kapitalis","twitter_card":"summary_large_image","twitter_creator":"@KapitalisInfo","twitter_site":"@KapitalisInfo","twitter_misc":{"\u00c9crit par":"webmaster kapitalis","Dur\u00e9e de lecture estim\u00e9e":"2 minutes"},"schema":{"@context":"https:\/\/schema.org","@graph":[{"@type":"Article","@id":"https:\/\/kapitalis.com\/tunisie\/2020\/10\/06\/egalite-des-genres-et-commerce-inclusif-la-tunisie-peut-mieux-faire\/#article","isPartOf":{"@id":"https:\/\/kapitalis.com\/tunisie\/2020\/10\/06\/egalite-des-genres-et-commerce-inclusif-la-tunisie-peut-mieux-faire\/"},"author":{"name":"webmaster kapitalis","@id":"https:\/\/kapitalis.com\/tunisie\/#\/schema\/person\/d71f33a9ca44f7bad4698210b480c8e9"},"headline":"Egalit\u00e9 des genres et commerce inclusif : La Tunisie peut mieux faire","datePublished":"2020-10-06T15:42:25+00:00","dateModified":"2020-10-06T15:42:31+00:00","mainEntityOfPage":{"@id":"https:\/\/kapitalis.com\/tunisie\/2020\/10\/06\/egalite-des-genres-et-commerce-inclusif-la-tunisie-peut-mieux-faire\/"},"wordCount":355,"commentCount":2,"publisher":{"@id":"https:\/\/kapitalis.com\/tunisie\/#organization"},"image":{"@id":"https:\/\/kapitalis.com\/tunisie\/2020\/10\/06\/egalite-des-genres-et-commerce-inclusif-la-tunisie-peut-mieux-faire\/#primaryimage"},"thumbnailUrl":"","keywords":["Business Call To Action","commerces inclusifs","d\u00e9veloppement durable","\u00e9galit\u00e9 des genres","oxfam","Pnud"],"articleSection":["ECONOMIE","SOCIETE","Tunisie"],"inLanguage":"fr-FR","potentialAction":[{"@type":"CommentAction","name":"Comment","target":["https:\/\/kapitalis.com\/tunisie\/2020\/10\/06\/egalite-des-genres-et-commerce-inclusif-la-tunisie-peut-mieux-faire\/#respond"]}]},{"@type":"WebPage","@id":"https:\/\/kapitalis.com\/tunisie\/2020\/10\/06\/egalite-des-genres-et-commerce-inclusif-la-tunisie-peut-mieux-faire\/","url":"https:\/\/kapitalis.com\/tunisie\/2020\/10\/06\/egalite-des-genres-et-commerce-inclusif-la-tunisie-peut-mieux-faire\/","name":"Egalit\u00e9 des genres et commerce inclusif : La Tunisie peut mieux faire - Kapitalis","isPartOf":{"@id":"https:\/\/kapitalis.com\/tunisie\/#website"},"primaryImageOfPage":{"@id":"https:\/\/kapitalis.com\/tunisie\/2020\/10\/06\/egalite-des-genres-et-commerce-inclusif-la-tunisie-peut-mieux-faire\/#primaryimage"},"image":{"@id":"https:\/\/kapitalis.com\/tunisie\/2020\/10\/06\/egalite-des-genres-et-commerce-inclusif-la-tunisie-peut-mieux-faire\/#primaryimage"},"thumbnailUrl":"","datePublished":"2020-10-06T15:42:25+00:00","dateModified":"2020-10-06T15:42:31+00:00","breadcrumb":{"@id":"https:\/\/kapitalis.com\/tunisie\/2020\/10\/06\/egalite-des-genres-et-commerce-inclusif-la-tunisie-peut-mieux-faire\/#breadcrumb"},"inLanguage":"fr-FR","potentialAction":[{"@type":"ReadAction","target":["https:\/\/kapitalis.com\/tunisie\/2020\/10\/06\/egalite-des-genres-et-commerce-inclusif-la-tunisie-peut-mieux-faire\/"]}]},{"@type":"ImageObject","inLanguage":"fr-FR","@id":"https:\/\/kapitalis.com\/tunisie\/2020\/10\/06\/egalite-des-genres-et-commerce-inclusif-la-tunisie-peut-mieux-faire\/#primaryimage","url":"","contentUrl":""},{"@type":"BreadcrumbList","@id":"https:\/\/kapitalis.com\/tunisie\/2020\/10\/06\/egalite-des-genres-et-commerce-inclusif-la-tunisie-peut-mieux-faire\/#breadcrumb","itemListElement":[{"@type":"ListItem","position":1,"name":"Accueil","item":"https:\/\/kapitalis.com\/tunisie\/"},{"@type":"ListItem","position":2,"name":"Egalit\u00e9 des genres et commerce inclusif : La Tunisie peut mieux faire"}]},{"@type":"WebSite","@id":"https:\/\/kapitalis.com\/tunisie\/#website","url":"https:\/\/kapitalis.com\/tunisie\/","name":"Kapitalis","description":"L&#039;actualit\u00e9 en Tunisie et dans le monde","publisher":{"@id":"https:\/\/kapitalis.com\/tunisie\/#organization"},"potentialAction":[{"@type":"SearchAction","target":{"@type":"EntryPoint","urlTemplate":"https:\/\/kapitalis.com\/tunisie\/?s={search_term_string}"},"query-input":{"@type":"PropertyValueSpecification","valueRequired":true,"valueName":"search_term_string"}}],"inLanguage":"fr-FR"},{"@type":"Organization","@id":"https:\/\/kapitalis.com\/tunisie\/#organization","name":"Kapitalis","url":"https:\/\/kapitalis.com\/tunisie\/","logo":{"@type":"ImageObject","inLanguage":"fr-FR","@id":"https:\/\/kapitalis.com\/tunisie\/#\/schema\/logo\/image\/","url":"https:\/\/kapitalis.com\/tunisie\/wp-content\/uploads\/2022\/05\/Kapitalis-big-size.png","contentUrl":"https:\/\/kapitalis.com\/tunisie\/wp-content\/uploads\/2022\/05\/Kapitalis-big-size.png","width":5000,"height":1500,"caption":"Kapitalis"},"image":{"@id":"https:\/\/kapitalis.com\/tunisie\/#\/schema\/logo\/image\/"},"sameAs":["https:\/\/www.facebook.com\/KapitalisInfo\/","https:\/\/x.com\/KapitalisInfo","https:\/\/www.youtube.com\/channel\/UC-yDYrHyfFBWWZaOw3FPg9Q"]},{"@type":"Person","@id":"https:\/\/kapitalis.com\/tunisie\/#\/schema\/person\/d71f33a9ca44f7bad4698210b480c8e9","name":"webmaster kapitalis","url":"https:\/\/kapitalis.com\/tunisie\/author\/webmaster-kapitalis\/"}]}},"_links":{"self":[{"href":"https:\/\/kapitalis.com\/tunisie\/wp-json\/wp\/v2\/posts\/319495","targetHints":{"allow":["GET"]}}],"collection":[{"href":"https:\/\/kapitalis.com\/tunisie\/wp-json\/wp\/v2\/posts"}],"about":[{"href":"https:\/\/kapitalis.com\/tunisie\/wp-json\/wp\/v2\/types\/post"}],"author":[{"embeddable":true,"href":"https:\/\/kapitalis.com\/tunisie\/wp-json\/wp\/v2\/users\/8"}],"replies":[{"embeddable":true,"href":"https:\/\/kapitalis.com\/tunisie\/wp-json\/wp\/v2\/comments?post=319495"}],"version-history":[{"count":0,"href":"https:\/\/kapitalis.com\/tunisie\/wp-json\/wp\/v2\/posts\/319495\/revisions"}],"wp:featuredmedia":[{"embeddable":true,"href":"https:\/\/kapitalis.com\/tunisie\/wp-json\/wp\/v2\/media\/319496"}],"wp:attachment":[{"href":"https:\/\/kapitalis.com\/tunisie\/wp-json\/wp\/v2\/media?parent=319495"}],"wp:term":[{"taxonomy":"category","embeddable":true,"href":"https:\/\/kapitalis.com\/tunisie\/wp-json\/wp\/v2\/categories?post=319495"},{"taxonomy":"post_tag","embeddable":true,"href":"https:\/\/kapitalis.com\/tunisie\/wp-json\/wp\/v2\/tags?post=319495"}],"curies":[{"name":"wp","href":"https:\/\/api.w.org\/{rel}","templated":true}]}}